{"id":33546,"date":"2022-04-25T19:57:05","date_gmt":"2022-04-25T17:57:05","guid":{"rendered":"https:\/\/www.atletikaolomouc.cz\/?p=33546"},"modified":"2022-04-25T19:57:05","modified_gmt":"2022-04-25T17:57:05","slug":"56-rocnik-olomoucke-dvacitky-v-chuzi-foto","status":"publish","type":"post","link":"https:\/\/old.atletikaolomouc.cz\/?p=33546","title":{"rendered":"56. ro\u010dn\u00edk Olomouck\u00e9 dvac\u00edtky v ch\u016fzi &#8211; foto"},"content":{"rendered":"<p style=\"text-align: justify;\"><a href=\"https:\/\/www.atletikaolomouc.cz\/wp-content\/uploads\/2022\/04\/DSC_9382-56.-Olom.-20-start-MZ-na-10-km-x.jpg\"><img decoding=\"async\" loading=\"lazy\" class=\"alignleft size-thumbnail wp-image-33482\" src=\"https:\/\/www.atletikaolomouc.cz\/wp-content\/uploads\/2022\/04\/DSC_9382-56.-Olom.-20-start-MZ-na-10-km-x-150x150.jpg\" alt=\"\" width=\"150\" height=\"150\" srcset=\"https:\/\/old.atletikaolomouc.cz\/wp-content\/uploads\/2022\/04\/DSC_9382-56.-Olom.-20-start-MZ-na-10-km-x-150x150.jpg 150w, https:\/\/old.atletikaolomouc.cz\/wp-content\/uploads\/2022\/04\/DSC_9382-56.-Olom.-20-start-MZ-na-10-km-x-144x144.jpg 144w\" sizes=\"(max-width: 150px) 100vw, 150px\" \/><\/a>V p\u00e1tek 15.4.2022 se konal ji\u017e 56. ro\u010dn\u00edk Olomouck\u00e9 dvac\u00edtky v ch\u016fzi. Zde je p\u00e1r fotek z t\u00e9to akce.&nbsp;<\/p>\n<p>&nbsp;<\/p>\n<p>&nbsp;<\/p>\n<p><!--more--><\/p>\n<!-- default-view.php -->\n<div\n\tclass=\"ngg-galleryoverview default-view \"\n\tid=\"ngg-gallery-7e2c0ca3004426f42a192d2c77cde8aa-1\">\n\n\t\t<!-- Thumbnails -->\n\t\t\t\t<div id=\"ngg-image-0\" class=\"ngg-gallery-thumbnail-box \" >\n\t\t\t\t        <div class=\"ngg-gallery-thumbnail\">\n            <a href=\"https:\/\/old.atletikaolomouc.cz\/wp-content\/gallery\/2022-olomoucka-dvacitka\/DSC_9379-56.-roc.-Olom.-20-2022-pred-hromadnym-startem-na-10-km-x.jpg\"\n               title=\"\"\n               data-src=\"https:\/\/old.atletikaolomouc.cz\/wp-content\/gallery\/2022-olomoucka-dvacitka\/DSC_9379-56.-roc.-Olom.-20-2022-pred-hromadnym-startem-na-10-km-x.jpg\"\n               data-thumbnail=\"https:\/\/old.atletikaolomouc.cz\/wp-content\/gallery\/2022-olomoucka-dvacitka\/thumbs\/thumbs_DSC_9379-56.-roc.-Olom.-20-2022-pred-hromadnym-startem-na-10-km-x.jpg\"\n               data-image-id=\"16911\"\n               data-title=\"DSC_9379-56.-roc.-Olom.-20-2022-pred-hromadnym-startem-na-10-km-x\"\n               data-description=\"\"\n               data-image-slug=\"dsc_9379-56-roc-olom-20-2022-pred-hromadnym-startem-na-10-km-x\"\n               class=\"ngg-simplelightbox\" rel=\"7e2c0ca3004426f42a192d2c77cde8aa\">\n                <img\n                    title=\"DSC_9379-56.-roc.-Olom.-20-2022-pred-hromadnym-startem-na-10-km-x\"\n                    alt=\"DSC_9379-56.-roc.-Olom.-20-2022-pred-hromadnym-startem-na-10-km-x\"\n                    src=\"https:\/\/old.atletikaolomouc.cz\/wp-content\/gallery\/2022-olomoucka-dvacitka\/thumbs\/thumbs_DSC_9379-56.-roc.-Olom.-20-2022-pred-hromadnym-startem-na-10-km-x.jpg\"\n                    width=\"240\"\n                    height=\"160\"\n                    style=\"max-width:100%;\"\n                \/>\n            <\/a>\n        <\/div>\n\t\t\t\t\t\t\t<\/div> \n\t\t\t\n\t\t\t\t<div id=\"ngg-image-1\" class=\"ngg-gallery-thumbnail-box \" >\n\t\t\t\t        <div class=\"ngg-gallery-thumbnail\">\n            <a href=\"https:\/\/old.atletikaolomouc.cz\/wp-content\/gallery\/2022-olomoucka-dvacitka\/DSC_9379-56.-roc.-Olom.-20-2022-pred-hromadnym-startem-na-10-km.jpg\"\n               title=\"\"\n               data-src=\"https:\/\/old.atletikaolomouc.cz\/wp-content\/gallery\/2022-olomoucka-dvacitka\/DSC_9379-56.-roc.-Olom.-20-2022-pred-hromadnym-startem-na-10-km.jpg\"\n               data-thumbnail=\"https:\/\/old.atletikaolomouc.cz\/wp-content\/gallery\/2022-olomoucka-dvacitka\/thumbs\/thumbs_DSC_9379-56.-roc.-Olom.-20-2022-pred-hromadnym-startem-na-10-km.jpg\"\n               data-image-id=\"16912\"\n               data-title=\"DSC_9379-56.-roc.-Olom.-20-2022-pred-hromadnym-startem-na-10-km\"\n               data-description=\"\"\n               data-image-slug=\"dsc_9379-56-roc-olom-20-2022-pred-hromadnym-startem-na-10-km\"\n               class=\"ngg-simplelightbox\" rel=\"7e2c0ca3004426f42a192d2c77cde8aa\">\n                <img\n                    title=\"DSC_9379-56.-roc.-Olom.-20-2022-pred-hromadnym-startem-na-10-km\"\n                    alt=\"DSC_9379-56.-roc.-Olom.-20-2022-pred-hromadnym-startem-na-10-km\"\n                    src=\"https:\/\/old.atletikaolomouc.cz\/wp-content\/gallery\/2022-olomoucka-dvacitka\/thumbs\/thumbs_DSC_9379-56.-roc.-Olom.-20-2022-pred-hromadnym-startem-na-10-km.jpg\"\n                    width=\"240\"\n                    height=\"160\"\n                    style=\"max-width:100%;\"\n                \/>\n            <\/a>\n        <\/div>\n\t\t\t\t\t\t\t<\/div> \n\t\t\t\n\t\t\t\t<div id=\"ngg-image-2\" class=\"ngg-gallery-thumbnail-box \" >\n\t\t\t\t        <div class=\"ngg-gallery-thumbnail\">\n            <a href=\"https:\/\/old.atletikaolomouc.cz\/wp-content\/gallery\/2022-olomoucka-dvacitka\/DSC_9382-56.-Olom.-20-start-MZ-na-10-km-x.jpg\"\n               title=\"\"\n               data-src=\"https:\/\/old.atletikaolomouc.cz\/wp-content\/gallery\/2022-olomoucka-dvacitka\/DSC_9382-56.-Olom.-20-start-MZ-na-10-km-x.jpg\"\n               data-thumbnail=\"https:\/\/old.atletikaolomouc.cz\/wp-content\/gallery\/2022-olomoucka-dvacitka\/thumbs\/thumbs_DSC_9382-56.-Olom.-20-start-MZ-na-10-km-x.jpg\"\n               data-image-id=\"16913\"\n               data-title=\"DSC_9382-56.-Olom.-20-start-MZ-na-10-km-x\"\n               data-description=\"\"\n               data-image-slug=\"dsc_9382-56-olom-20-start-mz-na-10-km-x\"\n               class=\"ngg-simplelightbox\" rel=\"7e2c0ca3004426f42a192d2c77cde8aa\">\n                <img\n                    title=\"DSC_9382-56.-Olom.-20-start-MZ-na-10-km-x\"\n                    alt=\"DSC_9382-56.-Olom.-20-start-MZ-na-10-km-x\"\n                    src=\"https:\/\/old.atletikaolomouc.cz\/wp-content\/gallery\/2022-olomoucka-dvacitka\/thumbs\/thumbs_DSC_9382-56.-Olom.-20-start-MZ-na-10-km-x.jpg\"\n                    width=\"240\"\n                    height=\"160\"\n                    style=\"max-width:100%;\"\n                \/>\n            <\/a>\n        <\/div>\n\t\t\t\t\t\t\t<\/div> \n\t\t\t\n\t\t\t\t<div id=\"ngg-image-3\" class=\"ngg-gallery-thumbnail-box \" >\n\t\t\t\t        <div class=\"ngg-gallery-thumbnail\">\n            <a href=\"https:\/\/old.atletikaolomouc.cz\/wp-content\/gallery\/2022-olomoucka-dvacitka\/DSC_9383-56.-roc.-Olom.-20-2020-celo-zavodu-Hlavac-Gdula-Zajicek-a-Moravek.jpg\"\n               title=\"\"\n               data-src=\"https:\/\/old.atletikaolomouc.cz\/wp-content\/gallery\/2022-olomoucka-dvacitka\/DSC_9383-56.-roc.-Olom.-20-2020-celo-zavodu-Hlavac-Gdula-Zajicek-a-Moravek.jpg\"\n               data-thumbnail=\"https:\/\/old.atletikaolomouc.cz\/wp-content\/gallery\/2022-olomoucka-dvacitka\/thumbs\/thumbs_DSC_9383-56.-roc.-Olom.-20-2020-celo-zavodu-Hlavac-Gdula-Zajicek-a-Moravek.jpg\"\n               data-image-id=\"16914\"\n               data-title=\"DSC_9383-56.-roc.-Olom.-20-2020-celo-zavodu-Hlavac-Gdula-Zajicek-a-Moravek\"\n               data-description=\"\"\n               data-image-slug=\"dsc_9383-56-roc-olom-20-2020-celo-zavodu-hlavac-gdula-zajicek-a-moravek\"\n               class=\"ngg-simplelightbox\" rel=\"7e2c0ca3004426f42a192d2c77cde8aa\">\n                <img\n                    title=\"DSC_9383-56.-roc.-Olom.-20-2020-celo-zavodu-Hlavac-Gdula-Zajicek-a-Moravek\"\n                    alt=\"DSC_9383-56.-roc.-Olom.-20-2020-celo-zavodu-Hlavac-Gdula-Zajicek-a-Moravek\"\n                    src=\"https:\/\/old.atletikaolomouc.cz\/wp-content\/gallery\/2022-olomoucka-dvacitka\/thumbs\/thumbs_DSC_9383-56.-roc.-Olom.-20-2020-celo-zavodu-Hlavac-Gdula-Zajicek-a-Moravek.jpg\"\n                    width=\"240\"\n                    height=\"160\"\n                    style=\"max-width:100%;\"\n                \/>\n            <\/a>\n        <\/div>\n\t\t\t\t\t\t\t<\/div> \n\t\t\t\n\t\t\t\t<div id=\"ngg-image-4\" class=\"ngg-gallery-thumbnail-box \" >\n\t\t\t\t        <div class=\"ngg-gallery-thumbnail\">\n            <a href=\"https:\/\/old.atletikaolomouc.cz\/wp-content\/gallery\/2022-olomoucka-dvacitka\/DSC_9384-56.-roc.-Olom.-20-2022-brnensky-Rizek-c.-100-vybojoval-bronz.jpg\"\n               title=\"\"\n               data-src=\"https:\/\/old.atletikaolomouc.cz\/wp-content\/gallery\/2022-olomoucka-dvacitka\/DSC_9384-56.-roc.-Olom.-20-2022-brnensky-Rizek-c.-100-vybojoval-bronz.jpg\"\n               data-thumbnail=\"https:\/\/old.atletikaolomouc.cz\/wp-content\/gallery\/2022-olomoucka-dvacitka\/thumbs\/thumbs_DSC_9384-56.-roc.-Olom.-20-2022-brnensky-Rizek-c.-100-vybojoval-bronz.jpg\"\n               data-image-id=\"16915\"\n               data-title=\"DSC_9384-56.-roc.-Olom.-20-2022-brnensky-Rizek-c.-100-vybojoval-bronz\"\n               data-description=\"\"\n               data-image-slug=\"dsc_9384-56-roc-olom-20-2022-brnensky-rizek-c-100-vybojoval-bronz\"\n               class=\"ngg-simplelightbox\" rel=\"7e2c0ca3004426f42a192d2c77cde8aa\">\n                <img\n                    title=\"DSC_9384-56.-roc.-Olom.-20-2022-brnensky-Rizek-c.-100-vybojoval-bronz\"\n                    alt=\"DSC_9384-56.-roc.-Olom.-20-2022-brnensky-Rizek-c.-100-vybojoval-bronz\"\n                    src=\"https:\/\/old.atletikaolomouc.cz\/wp-content\/gallery\/2022-olomoucka-dvacitka\/thumbs\/thumbs_DSC_9384-56.-roc.-Olom.-20-2022-brnensky-Rizek-c.-100-vybojoval-bronz.jpg\"\n                    width=\"240\"\n                    height=\"160\"\n                    style=\"max-width:100%;\"\n                \/>\n            <\/a>\n        <\/div>\n\t\t\t\t\t\t\t<\/div> \n\t\t\t\n\t\t\t\t<div id=\"ngg-image-5\" class=\"ngg-gallery-thumbnail-box \" >\n\t\t\t\t        <div class=\"ngg-gallery-thumbnail\">\n            <a href=\"https:\/\/old.atletikaolomouc.cz\/wp-content\/gallery\/2022-olomoucka-dvacitka\/DSC_9385-56.-roc.-Olom.-20-2022-v-cele-zavodu-zen-na-10-km-Martincova-c.-8-a-Durdiakovac.-c.-7x.jpg\"\n               title=\"\"\n               data-src=\"https:\/\/old.atletikaolomouc.cz\/wp-content\/gallery\/2022-olomoucka-dvacitka\/DSC_9385-56.-roc.-Olom.-20-2022-v-cele-zavodu-zen-na-10-km-Martincova-c.-8-a-Durdiakovac.-c.-7x.jpg\"\n               data-thumbnail=\"https:\/\/old.atletikaolomouc.cz\/wp-content\/gallery\/2022-olomoucka-dvacitka\/thumbs\/thumbs_DSC_9385-56.-roc.-Olom.-20-2022-v-cele-zavodu-zen-na-10-km-Martincova-c.-8-a-Durdiakovac.-c.-7x.jpg\"\n               data-image-id=\"16916\"\n               data-title=\"DSC_9385-56.-roc.-Olom.-20-2022-v-cele-zavodu-zen-na-10-km-Martincova-c.-8-a-Durdiakovac.-c.-7x\"\n               data-description=\"\"\n               data-image-slug=\"dsc_9385-56-roc-olom-20-2022-v-cele-zavodu-zen-na-10-km-martincova-c-8-a-durdiakovac-c-7x\"\n               class=\"ngg-simplelightbox\" rel=\"7e2c0ca3004426f42a192d2c77cde8aa\">\n                <img\n                    title=\"DSC_9385-56.-roc.-Olom.-20-2022-v-cele-zavodu-zen-na-10-km-Martincova-c.-8-a-Durdiakovac.-c.-7x\"\n                    alt=\"DSC_9385-56.-roc.-Olom.-20-2022-v-cele-zavodu-zen-na-10-km-Martincova-c.-8-a-Durdiakovac.-c.-7x\"\n                    src=\"https:\/\/old.atletikaolomouc.cz\/wp-content\/gallery\/2022-olomoucka-dvacitka\/thumbs\/thumbs_DSC_9385-56.-roc.-Olom.-20-2022-v-cele-zavodu-zen-na-10-km-Martincova-c.-8-a-Durdiakovac.-c.-7x.jpg\"\n                    width=\"240\"\n                    height=\"160\"\n                    style=\"max-width:100%;\"\n                \/>\n            <\/a>\n        <\/div>\n\t\t\t\t\t\t\t<\/div> \n\t\t\t\n\t\t\t\t<div id=\"ngg-image-6\" class=\"ngg-gallery-thumbnail-box \" >\n\t\t\t\t        <div class=\"ngg-gallery-thumbnail\">\n            <a href=\"https:\/\/old.atletikaolomouc.cz\/wp-content\/gallery\/2022-olomoucka-dvacitka\/DSC_9401-56.-Olom.-20-2022-vedouci-zavodnice-Eliska-Martinkova-c.8.jpg\"\n               title=\"\"\n               data-src=\"https:\/\/old.atletikaolomouc.cz\/wp-content\/gallery\/2022-olomoucka-dvacitka\/DSC_9401-56.-Olom.-20-2022-vedouci-zavodnice-Eliska-Martinkova-c.8.jpg\"\n               data-thumbnail=\"https:\/\/old.atletikaolomouc.cz\/wp-content\/gallery\/2022-olomoucka-dvacitka\/thumbs\/thumbs_DSC_9401-56.-Olom.-20-2022-vedouci-zavodnice-Eliska-Martinkova-c.8.jpg\"\n               data-image-id=\"16917\"\n               data-title=\"DSC_9401-56.-Olom.-20-2022-vedouci-zavodnice-Eliska-Martinkova-c.8\"\n               data-description=\"\"\n               data-image-slug=\"dsc_9401-56-olom-20-2022-vedouci-zavodnice-eliska-martinkova-c-8\"\n               class=\"ngg-simplelightbox\" rel=\"7e2c0ca3004426f42a192d2c77cde8aa\">\n                <img\n                    title=\"DSC_9401-56.-Olom.-20-2022-vedouci-zavodnice-Eliska-Martinkova-c.8\"\n                    alt=\"DSC_9401-56.-Olom.-20-2022-vedouci-zavodnice-Eliska-Martinkova-c.8\"\n                    src=\"https:\/\/old.atletikaolomouc.cz\/wp-content\/gallery\/2022-olomoucka-dvacitka\/thumbs\/thumbs_DSC_9401-56.-Olom.-20-2022-vedouci-zavodnice-Eliska-Martinkova-c.8.jpg\"\n                    width=\"240\"\n                    height=\"160\"\n                    style=\"max-width:100%;\"\n                \/>\n            <\/a>\n        <\/div>\n\t\t\t\t\t\t\t<\/div> \n\t\t\t\n\t\t\t\t<div id=\"ngg-image-7\" class=\"ngg-gallery-thumbnail-box \" >\n\t\t\t\t        <div class=\"ngg-gallery-thumbnail\">\n            <a href=\"https:\/\/old.atletikaolomouc.cz\/wp-content\/gallery\/2022-olomoucka-dvacitka\/DSC_9411-56.-roc.-Olom.-20-2022-Vit-Hlavac-vizezi-na-trati-10-km.jpg\"\n               title=\"\"\n               data-src=\"https:\/\/old.atletikaolomouc.cz\/wp-content\/gallery\/2022-olomoucka-dvacitka\/DSC_9411-56.-roc.-Olom.-20-2022-Vit-Hlavac-vizezi-na-trati-10-km.jpg\"\n               data-thumbnail=\"https:\/\/old.atletikaolomouc.cz\/wp-content\/gallery\/2022-olomoucka-dvacitka\/thumbs\/thumbs_DSC_9411-56.-roc.-Olom.-20-2022-Vit-Hlavac-vizezi-na-trati-10-km.jpg\"\n               data-image-id=\"16918\"\n               data-title=\"DSC_9411-56.-roc.-Olom.-20-2022-Vit-Hlavac-vizezi-na-trati-10-km\"\n               data-description=\"\"\n               data-image-slug=\"dsc_9411-56-roc-olom-20-2022-vit-hlavac-vizezi-na-trati-10-km\"\n               class=\"ngg-simplelightbox\" rel=\"7e2c0ca3004426f42a192d2c77cde8aa\">\n                <img\n                    title=\"DSC_9411-56.-roc.-Olom.-20-2022-Vit-Hlavac-vizezi-na-trati-10-km\"\n                    alt=\"DSC_9411-56.-roc.-Olom.-20-2022-Vit-Hlavac-vizezi-na-trati-10-km\"\n                    src=\"https:\/\/old.atletikaolomouc.cz\/wp-content\/gallery\/2022-olomoucka-dvacitka\/thumbs\/thumbs_DSC_9411-56.-roc.-Olom.-20-2022-Vit-Hlavac-vizezi-na-trati-10-km.jpg\"\n                    width=\"240\"\n                    height=\"160\"\n                    style=\"max-width:100%;\"\n                \/>\n            <\/a>\n        <\/div>\n\t\t\t\t\t\t\t<\/div> \n\t\t\t\n\t\t\t\t<div id=\"ngg-image-8\" class=\"ngg-gallery-thumbnail-box \" >\n\t\t\t\t        <div class=\"ngg-gallery-thumbnail\">\n            <a href=\"https:\/\/old.atletikaolomouc.cz\/wp-content\/gallery\/2022-olomoucka-dvacitka\/DSC_9413-56.-roc.-Olom.-20-2022-vitez-10-km-zavodu-Vit-Hlavac.jpg\"\n               title=\"\"\n               data-src=\"https:\/\/old.atletikaolomouc.cz\/wp-content\/gallery\/2022-olomoucka-dvacitka\/DSC_9413-56.-roc.-Olom.-20-2022-vitez-10-km-zavodu-Vit-Hlavac.jpg\"\n               data-thumbnail=\"https:\/\/old.atletikaolomouc.cz\/wp-content\/gallery\/2022-olomoucka-dvacitka\/thumbs\/thumbs_DSC_9413-56.-roc.-Olom.-20-2022-vitez-10-km-zavodu-Vit-Hlavac.jpg\"\n               data-image-id=\"16919\"\n               data-title=\"DSC_9413-56.-roc.-Olom.-20-2022-vitez-10-km-zavodu-Vit-Hlavac\"\n               data-description=\"\"\n               data-image-slug=\"dsc_9413-56-roc-olom-20-2022-vitez-10-km-zavodu-vit-hlavac\"\n               class=\"ngg-simplelightbox\" rel=\"7e2c0ca3004426f42a192d2c77cde8aa\">\n                <img\n                    title=\"DSC_9413-56.-roc.-Olom.-20-2022-vitez-10-km-zavodu-Vit-Hlavac\"\n                    alt=\"DSC_9413-56.-roc.-Olom.-20-2022-vitez-10-km-zavodu-Vit-Hlavac\"\n                    src=\"https:\/\/old.atletikaolomouc.cz\/wp-content\/gallery\/2022-olomoucka-dvacitka\/thumbs\/thumbs_DSC_9413-56.-roc.-Olom.-20-2022-vitez-10-km-zavodu-Vit-Hlavac.jpg\"\n                    width=\"240\"\n                    height=\"160\"\n                    style=\"max-width:100%;\"\n                \/>\n            <\/a>\n        <\/div>\n\t\t\t\t\t\t\t<\/div> \n\t\t\t\n\t\t\t\t<div id=\"ngg-image-9\" class=\"ngg-gallery-thumbnail-box \" >\n\t\t\t\t        <div class=\"ngg-gallery-thumbnail\">\n            <a href=\"https:\/\/old.atletikaolomouc.cz\/wp-content\/gallery\/2022-olomoucka-dvacitka\/DSC_9414-56.-roc.-Olom.-20-2022-Eliska-Martinkova-je-vitezkou-na-chodecke-10-km-trati.jpg\"\n               title=\"\"\n               data-src=\"https:\/\/old.atletikaolomouc.cz\/wp-content\/gallery\/2022-olomoucka-dvacitka\/DSC_9414-56.-roc.-Olom.-20-2022-Eliska-Martinkova-je-vitezkou-na-chodecke-10-km-trati.jpg\"\n               data-thumbnail=\"https:\/\/old.atletikaolomouc.cz\/wp-content\/gallery\/2022-olomoucka-dvacitka\/thumbs\/thumbs_DSC_9414-56.-roc.-Olom.-20-2022-Eliska-Martinkova-je-vitezkou-na-chodecke-10-km-trati.jpg\"\n               data-image-id=\"16920\"\n               data-title=\"DSC_9414-56.-roc.-Olom.-20-2022-Eliska-Martinkova-je-vitezkou-na-chodecke-10-km-trati\"\n               data-description=\"\"\n               data-image-slug=\"dsc_9414-56-roc-olom-20-2022-eliska-martinkova-je-vitezkou-na-chodecke-10-km-trati\"\n               class=\"ngg-simplelightbox\" rel=\"7e2c0ca3004426f42a192d2c77cde8aa\">\n                <img\n                    title=\"DSC_9414-56.-roc.-Olom.-20-2022-Eliska-Martinkova-je-vitezkou-na-chodecke-10-km-trati\"\n                    alt=\"DSC_9414-56.-roc.-Olom.-20-2022-Eliska-Martinkova-je-vitezkou-na-chodecke-10-km-trati\"\n                    src=\"https:\/\/old.atletikaolomouc.cz\/wp-content\/gallery\/2022-olomoucka-dvacitka\/thumbs\/thumbs_DSC_9414-56.-roc.-Olom.-20-2022-Eliska-Martinkova-je-vitezkou-na-chodecke-10-km-trati.jpg\"\n                    width=\"240\"\n                    height=\"160\"\n                    style=\"max-width:100%;\"\n                \/>\n            <\/a>\n        <\/div>\n\t\t\t\t\t\t\t<\/div> \n\t\t\t\n\t\t\t\t<div id=\"ngg-image-10\" class=\"ngg-gallery-thumbnail-box \" >\n\t\t\t\t        <div class=\"ngg-gallery-thumbnail\">\n            <a href=\"https:\/\/old.atletikaolomouc.cz\/wp-content\/gallery\/2022-olomoucka-dvacitka\/DSC_9417-56.-roc.-Olom.-20-2022-Tereza-Durdiakova-dosla-na-druhem-miste-v-chuzi-na-10-km.jpg\"\n               title=\"\"\n               data-src=\"https:\/\/old.atletikaolomouc.cz\/wp-content\/gallery\/2022-olomoucka-dvacitka\/DSC_9417-56.-roc.-Olom.-20-2022-Tereza-Durdiakova-dosla-na-druhem-miste-v-chuzi-na-10-km.jpg\"\n               data-thumbnail=\"https:\/\/old.atletikaolomouc.cz\/wp-content\/gallery\/2022-olomoucka-dvacitka\/thumbs\/thumbs_DSC_9417-56.-roc.-Olom.-20-2022-Tereza-Durdiakova-dosla-na-druhem-miste-v-chuzi-na-10-km.jpg\"\n               data-image-id=\"16921\"\n               data-title=\"DSC_9417-56.-roc.-Olom.-20-2022-Tereza-Durdiakova-dosla-na-druhem-miste-v-chuzi-na-10-km\"\n               data-description=\"\"\n               data-image-slug=\"dsc_9417-56-roc-olom-20-2022-tereza-durdiakova-dosla-na-druhem-miste-v-chuzi-na-10-km\"\n               class=\"ngg-simplelightbox\" rel=\"7e2c0ca3004426f42a192d2c77cde8aa\">\n                <img\n                    title=\"DSC_9417-56.-roc.-Olom.-20-2022-Tereza-Durdiakova-dosla-na-druhem-miste-v-chuzi-na-10-km\"\n                    alt=\"DSC_9417-56.-roc.-Olom.-20-2022-Tereza-Durdiakova-dosla-na-druhem-miste-v-chuzi-na-10-km\"\n                    src=\"https:\/\/old.atletikaolomouc.cz\/wp-content\/gallery\/2022-olomoucka-dvacitka\/thumbs\/thumbs_DSC_9417-56.-roc.-Olom.-20-2022-Tereza-Durdiakova-dosla-na-druhem-miste-v-chuzi-na-10-km.jpg\"\n                    width=\"240\"\n                    height=\"160\"\n                    style=\"max-width:100%;\"\n                \/>\n            <\/a>\n        <\/div>\n\t\t\t\t\t\t\t<\/div> \n\t\t\t\n\t\t\t\t<div id=\"ngg-image-11\" class=\"ngg-gallery-thumbnail-box \" >\n\t\t\t\t        <div class=\"ngg-gallery-thumbnail\">\n            <a href=\"https:\/\/old.atletikaolomouc.cz\/wp-content\/gallery\/2022-olomoucka-dvacitka\/DSC_9426-56.-Olom.-20-2022-na-stupnich-vitezu-muzu-na-10-km-trati.jpg\"\n               title=\"\"\n               data-src=\"https:\/\/old.atletikaolomouc.cz\/wp-content\/gallery\/2022-olomoucka-dvacitka\/DSC_9426-56.-Olom.-20-2022-na-stupnich-vitezu-muzu-na-10-km-trati.jpg\"\n               data-thumbnail=\"https:\/\/old.atletikaolomouc.cz\/wp-content\/gallery\/2022-olomoucka-dvacitka\/thumbs\/thumbs_DSC_9426-56.-Olom.-20-2022-na-stupnich-vitezu-muzu-na-10-km-trati.jpg\"\n               data-image-id=\"16922\"\n               data-title=\"DSC_9426-56.-Olom.-20-2022-na-stupnich-vitezu-muzu-na-10-km-trati\"\n               data-description=\"\"\n               data-image-slug=\"dsc_9426-56-olom-20-2022-na-stupnich-vitezu-muzu-na-10-km-trati\"\n               class=\"ngg-simplelightbox\" rel=\"7e2c0ca3004426f42a192d2c77cde8aa\">\n                <img\n                    title=\"DSC_9426-56.-Olom.-20-2022-na-stupnich-vitezu-muzu-na-10-km-trati\"\n                    alt=\"DSC_9426-56.-Olom.-20-2022-na-stupnich-vitezu-muzu-na-10-km-trati\"\n                    src=\"https:\/\/old.atletikaolomouc.cz\/wp-content\/gallery\/2022-olomoucka-dvacitka\/thumbs\/thumbs_DSC_9426-56.-Olom.-20-2022-na-stupnich-vitezu-muzu-na-10-km-trati.jpg\"\n                    width=\"240\"\n                    height=\"160\"\n                    style=\"max-width:100%;\"\n                \/>\n            <\/a>\n        <\/div>\n\t\t\t\t\t\t\t<\/div> \n\t\t\t\n\t\t\t\t<div id=\"ngg-image-12\" class=\"ngg-gallery-thumbnail-box \" >\n\t\t\t\t        <div class=\"ngg-gallery-thumbnail\">\n            <a href=\"https:\/\/old.atletikaolomouc.cz\/wp-content\/gallery\/2022-olomoucka-dvacitka\/DSC_9428-56.-roc.-Olom.-20-2022-vyhlaseni-nejlepsich-zen-v-chuzi-na-10-km.jpg\"\n               title=\"\"\n               data-src=\"https:\/\/old.atletikaolomouc.cz\/wp-content\/gallery\/2022-olomoucka-dvacitka\/DSC_9428-56.-roc.-Olom.-20-2022-vyhlaseni-nejlepsich-zen-v-chuzi-na-10-km.jpg\"\n               data-thumbnail=\"https:\/\/old.atletikaolomouc.cz\/wp-content\/gallery\/2022-olomoucka-dvacitka\/thumbs\/thumbs_DSC_9428-56.-roc.-Olom.-20-2022-vyhlaseni-nejlepsich-zen-v-chuzi-na-10-km.jpg\"\n               data-image-id=\"16923\"\n               data-title=\"DSC_9428-56.-roc.-Olom.-20-2022-vyhlaseni-nejlepsich-zen-v-chuzi-na-10-km\"\n               data-description=\"\"\n               data-image-slug=\"dsc_9428-56-roc-olom-20-2022-vyhlaseni-nejlepsich-zen-v-chuzi-na-10-km\"\n               class=\"ngg-simplelightbox\" rel=\"7e2c0ca3004426f42a192d2c77cde8aa\">\n                <img\n                    title=\"DSC_9428-56.-roc.-Olom.-20-2022-vyhlaseni-nejlepsich-zen-v-chuzi-na-10-km\"\n                    alt=\"DSC_9428-56.-roc.-Olom.-20-2022-vyhlaseni-nejlepsich-zen-v-chuzi-na-10-km\"\n                    src=\"https:\/\/old.atletikaolomouc.cz\/wp-content\/gallery\/2022-olomoucka-dvacitka\/thumbs\/thumbs_DSC_9428-56.-roc.-Olom.-20-2022-vyhlaseni-nejlepsich-zen-v-chuzi-na-10-km.jpg\"\n                    width=\"240\"\n                    height=\"160\"\n                    style=\"max-width:100%;\"\n                \/>\n            <\/a>\n        <\/div>\n\t\t\t\t\t\t\t<\/div> \n\t\t\t\n\t\t\t\t<div id=\"ngg-image-13\" class=\"ngg-gallery-thumbnail-box \" >\n\t\t\t\t        <div class=\"ngg-gallery-thumbnail\">\n            <a href=\"https:\/\/old.atletikaolomouc.cz\/wp-content\/gallery\/2022-olomoucka-dvacitka\/DSC_9429-56.-roc.-Olom.-20-2022-nejlepsi-zeny-na-stupnich-vitezu-v-chuzi-na-10-km.jpg\"\n               title=\"\"\n               data-src=\"https:\/\/old.atletikaolomouc.cz\/wp-content\/gallery\/2022-olomoucka-dvacitka\/DSC_9429-56.-roc.-Olom.-20-2022-nejlepsi-zeny-na-stupnich-vitezu-v-chuzi-na-10-km.jpg\"\n               data-thumbnail=\"https:\/\/old.atletikaolomouc.cz\/wp-content\/gallery\/2022-olomoucka-dvacitka\/thumbs\/thumbs_DSC_9429-56.-roc.-Olom.-20-2022-nejlepsi-zeny-na-stupnich-vitezu-v-chuzi-na-10-km.jpg\"\n               data-image-id=\"16924\"\n               data-title=\"DSC_9429-56.-roc.-Olom.-20-2022-nejlepsi-zeny-na-stupnich-vitezu-v-chuzi-na-10-km\"\n               data-description=\"\"\n               data-image-slug=\"dsc_9429-56-roc-olom-20-2022-nejlepsi-zeny-na-stupnich-vitezu-v-chuzi-na-10-km\"\n               class=\"ngg-simplelightbox\" rel=\"7e2c0ca3004426f42a192d2c77cde8aa\">\n                <img\n                    title=\"DSC_9429-56.-roc.-Olom.-20-2022-nejlepsi-zeny-na-stupnich-vitezu-v-chuzi-na-10-km\"\n                    alt=\"DSC_9429-56.-roc.-Olom.-20-2022-nejlepsi-zeny-na-stupnich-vitezu-v-chuzi-na-10-km\"\n                    src=\"https:\/\/old.atletikaolomouc.cz\/wp-content\/gallery\/2022-olomoucka-dvacitka\/thumbs\/thumbs_DSC_9429-56.-roc.-Olom.-20-2022-nejlepsi-zeny-na-stupnich-vitezu-v-chuzi-na-10-km.jpg\"\n                    width=\"240\"\n                    height=\"160\"\n                    style=\"max-width:100%;\"\n                \/>\n            <\/a>\n        <\/div>\n\t\t\t\t\t\t\t<\/div> \n\t\t\t\n\t\t\t\t<div id=\"ngg-image-14\" class=\"ngg-gallery-thumbnail-box \" >\n\t\t\t\t        <div class=\"ngg-gallery-thumbnail\">\n            <a href=\"https:\/\/old.atletikaolomouc.cz\/wp-content\/gallery\/2022-olomoucka-dvacitka\/DSC_9430-56.-roc.-Olom.-20-2022-vyhlaseni-nejlepsich-chodcu-na-trati-10-km-Dockal.jpg\"\n               title=\"\"\n               data-src=\"https:\/\/old.atletikaolomouc.cz\/wp-content\/gallery\/2022-olomoucka-dvacitka\/DSC_9430-56.-roc.-Olom.-20-2022-vyhlaseni-nejlepsich-chodcu-na-trati-10-km-Dockal.jpg\"\n               data-thumbnail=\"https:\/\/old.atletikaolomouc.cz\/wp-content\/gallery\/2022-olomoucka-dvacitka\/thumbs\/thumbs_DSC_9430-56.-roc.-Olom.-20-2022-vyhlaseni-nejlepsich-chodcu-na-trati-10-km-Dockal.jpg\"\n               data-image-id=\"16925\"\n               data-title=\"DSC_9430-56.-roc.-Olom.-20-2022-vyhlaseni-nejlepsich-chodcu-na-trati-10-km-Dockal\"\n               data-description=\"\"\n               data-image-slug=\"dsc_9430-56-roc-olom-20-2022-vyhlaseni-nejlepsich-chodcu-na-trati-10-km-dockal\"\n               class=\"ngg-simplelightbox\" rel=\"7e2c0ca3004426f42a192d2c77cde8aa\">\n                <img\n                    title=\"DSC_9430-56.-roc.-Olom.-20-2022-vyhlaseni-nejlepsich-chodcu-na-trati-10-km-Dockal\"\n                    alt=\"DSC_9430-56.-roc.-Olom.-20-2022-vyhlaseni-nejlepsich-chodcu-na-trati-10-km-Dockal\"\n                    src=\"https:\/\/old.atletikaolomouc.cz\/wp-content\/gallery\/2022-olomoucka-dvacitka\/thumbs\/thumbs_DSC_9430-56.-roc.-Olom.-20-2022-vyhlaseni-nejlepsich-chodcu-na-trati-10-km-Dockal.jpg\"\n                    width=\"240\"\n                    height=\"160\"\n                    style=\"max-width:100%;\"\n                \/>\n            <\/a>\n        <\/div>\n\t\t\t\t\t\t\t<\/div> \n\t\t\t\n\t\t\t\t<div id=\"ngg-image-15\" class=\"ngg-gallery-thumbnail-box \" >\n\t\t\t\t        <div class=\"ngg-gallery-thumbnail\">\n            <a href=\"https:\/\/old.atletikaolomouc.cz\/wp-content\/gallery\/2022-olomoucka-dvacitka\/1_DSC_9344-56.-Olom.-20-2022-v-cili-1.000-m.jpg\"\n               title=\"\"\n               data-src=\"https:\/\/old.atletikaolomouc.cz\/wp-content\/gallery\/2022-olomoucka-dvacitka\/1_DSC_9344-56.-Olom.-20-2022-v-cili-1.000-m.jpg\"\n               data-thumbnail=\"https:\/\/old.atletikaolomouc.cz\/wp-content\/gallery\/2022-olomoucka-dvacitka\/thumbs\/thumbs_1_DSC_9344-56.-Olom.-20-2022-v-cili-1.000-m.jpg\"\n               data-image-id=\"16926\"\n               data-title=\"1_DSC_9344-56.-Olom.-20-2022-v-cili-1.000-m\"\n               data-description=\"\"\n               data-image-slug=\"1_dsc_9344-56-olom-20-2022-v-cili-1-000-m\"\n               class=\"ngg-simplelightbox\" rel=\"7e2c0ca3004426f42a192d2c77cde8aa\">\n                <img\n                    title=\"1_DSC_9344-56.-Olom.-20-2022-v-cili-1.000-m\"\n                    alt=\"1_DSC_9344-56.-Olom.-20-2022-v-cili-1.000-m\"\n                    src=\"https:\/\/old.atletikaolomouc.cz\/wp-content\/gallery\/2022-olomoucka-dvacitka\/thumbs\/thumbs_1_DSC_9344-56.-Olom.-20-2022-v-cili-1.000-m.jpg\"\n                    width=\"240\"\n                    height=\"160\"\n                    style=\"max-width:100%;\"\n                \/>\n            <\/a>\n        <\/div>\n\t\t\t\t\t\t\t<\/div> \n\t\t\t\n\t\t\t\t<div id=\"ngg-image-16\" class=\"ngg-gallery-thumbnail-box \" >\n\t\t\t\t        <div class=\"ngg-gallery-thumbnail\">\n            <a href=\"https:\/\/old.atletikaolomouc.cz\/wp-content\/gallery\/2022-olomoucka-dvacitka\/DSC_9338-56.-Olom.-20-2022-start-na-1.000-m.jpg\"\n               title=\"\"\n               data-src=\"https:\/\/old.atletikaolomouc.cz\/wp-content\/gallery\/2022-olomoucka-dvacitka\/DSC_9338-56.-Olom.-20-2022-start-na-1.000-m.jpg\"\n               data-thumbnail=\"https:\/\/old.atletikaolomouc.cz\/wp-content\/gallery\/2022-olomoucka-dvacitka\/thumbs\/thumbs_DSC_9338-56.-Olom.-20-2022-start-na-1.000-m.jpg\"\n               data-image-id=\"16927\"\n               data-title=\"DSC_9338-56.-Olom.-20-2022-start-na-1.000-m\"\n               data-description=\"\"\n               data-image-slug=\"dsc_9338-56-olom-20-2022-start-na-1-000-m\"\n               class=\"ngg-simplelightbox\" rel=\"7e2c0ca3004426f42a192d2c77cde8aa\">\n                <img\n                    title=\"DSC_9338-56.-Olom.-20-2022-start-na-1.000-m\"\n                    alt=\"DSC_9338-56.-Olom.-20-2022-start-na-1.000-m\"\n                    src=\"https:\/\/old.atletikaolomouc.cz\/wp-content\/gallery\/2022-olomoucka-dvacitka\/thumbs\/thumbs_DSC_9338-56.-Olom.-20-2022-start-na-1.000-m.jpg\"\n                    width=\"240\"\n                    height=\"160\"\n                    style=\"max-width:100%;\"\n                \/>\n            <\/a>\n        <\/div>\n\t\t\t\t\t\t\t<\/div> \n\t\t\t\n\t\t\t\t<div id=\"ngg-image-17\" class=\"ngg-gallery-thumbnail-box \" >\n\t\t\t\t        <div class=\"ngg-gallery-thumbnail\">\n            <a href=\"https:\/\/old.atletikaolomouc.cz\/wp-content\/gallery\/2022-olomoucka-dvacitka\/DSC_9339-56.-Olom.-20-2022-po-startu-na-1.000-m.jpg\"\n               title=\"\"\n               data-src=\"https:\/\/old.atletikaolomouc.cz\/wp-content\/gallery\/2022-olomoucka-dvacitka\/DSC_9339-56.-Olom.-20-2022-po-startu-na-1.000-m.jpg\"\n               data-thumbnail=\"https:\/\/old.atletikaolomouc.cz\/wp-content\/gallery\/2022-olomoucka-dvacitka\/thumbs\/thumbs_DSC_9339-56.-Olom.-20-2022-po-startu-na-1.000-m.jpg\"\n               data-image-id=\"16928\"\n               data-title=\"DSC_9339-56.-Olom.-20-2022-po-startu-na-1.000-m\"\n               data-description=\"\"\n               data-image-slug=\"dsc_9339-56-olom-20-2022-po-startu-na-1-000-m\"\n               class=\"ngg-simplelightbox\" rel=\"7e2c0ca3004426f42a192d2c77cde8aa\">\n                <img\n                    title=\"DSC_9339-56.-Olom.-20-2022-po-startu-na-1.000-m\"\n                    alt=\"DSC_9339-56.-Olom.-20-2022-po-startu-na-1.000-m\"\n                    src=\"https:\/\/old.atletikaolomouc.cz\/wp-content\/gallery\/2022-olomoucka-dvacitka\/thumbs\/thumbs_DSC_9339-56.-Olom.-20-2022-po-startu-na-1.000-m.jpg\"\n                    width=\"240\"\n                    height=\"160\"\n                    style=\"max-width:100%;\"\n                \/>\n            <\/a>\n        <\/div>\n\t\t\t\t\t\t\t<\/div> \n\t\t\t\n\t\t\t\t<div id=\"ngg-image-18\" class=\"ngg-gallery-thumbnail-box \" >\n\t\t\t\t        <div class=\"ngg-gallery-thumbnail\">\n            <a href=\"https:\/\/old.atletikaolomouc.cz\/wp-content\/gallery\/2022-olomoucka-dvacitka\/DSC_9340-56.-Olom.-20-2022-cil-1.000-m.jpg\"\n               title=\"\"\n               data-src=\"https:\/\/old.atletikaolomouc.cz\/wp-content\/gallery\/2022-olomoucka-dvacitka\/DSC_9340-56.-Olom.-20-2022-cil-1.000-m.jpg\"\n               data-thumbnail=\"https:\/\/old.atletikaolomouc.cz\/wp-content\/gallery\/2022-olomoucka-dvacitka\/thumbs\/thumbs_DSC_9340-56.-Olom.-20-2022-cil-1.000-m.jpg\"\n               data-image-id=\"16929\"\n               data-title=\"DSC_9340-56.-Olom.-20-2022-cil-1.000-m\"\n               data-description=\"\"\n               data-image-slug=\"dsc_9340-56-olom-20-2022-cil-1-000-m\"\n               class=\"ngg-simplelightbox\" rel=\"7e2c0ca3004426f42a192d2c77cde8aa\">\n                <img\n                    title=\"DSC_9340-56.-Olom.-20-2022-cil-1.000-m\"\n                    alt=\"DSC_9340-56.-Olom.-20-2022-cil-1.000-m\"\n                    src=\"https:\/\/old.atletikaolomouc.cz\/wp-content\/gallery\/2022-olomoucka-dvacitka\/thumbs\/thumbs_DSC_9340-56.-Olom.-20-2022-cil-1.000-m.jpg\"\n                    width=\"240\"\n                    height=\"160\"\n                    style=\"max-width:100%;\"\n                \/>\n            <\/a>\n        <\/div>\n\t\t\t\t\t\t\t<\/div> \n\t\t\t\n\t\t\t\t<div id=\"ngg-image-19\" class=\"ngg-gallery-thumbnail-box \" >\n\t\t\t\t        <div class=\"ngg-gallery-thumbnail\">\n            <a href=\"https:\/\/old.atletikaolomouc.cz\/wp-content\/gallery\/2022-olomoucka-dvacitka\/DSC_9341-56.-Olom.-20-2022-cil-1.000-m.jpg\"\n               title=\"\"\n               data-src=\"https:\/\/old.atletikaolomouc.cz\/wp-content\/gallery\/2022-olomoucka-dvacitka\/DSC_9341-56.-Olom.-20-2022-cil-1.000-m.jpg\"\n               data-thumbnail=\"https:\/\/old.atletikaolomouc.cz\/wp-content\/gallery\/2022-olomoucka-dvacitka\/thumbs\/thumbs_DSC_9341-56.-Olom.-20-2022-cil-1.000-m.jpg\"\n               data-image-id=\"16930\"\n               data-title=\"DSC_9341-56.-Olom.-20-2022-cil-1.000-m\"\n               data-description=\"\"\n               data-image-slug=\"dsc_9341-56-olom-20-2022-cil-1-000-m\"\n               class=\"ngg-simplelightbox\" rel=\"7e2c0ca3004426f42a192d2c77cde8aa\">\n                <img\n                    title=\"DSC_9341-56.-Olom.-20-2022-cil-1.000-m\"\n                    alt=\"DSC_9341-56.-Olom.-20-2022-cil-1.000-m\"\n                    src=\"https:\/\/old.atletikaolomouc.cz\/wp-content\/gallery\/2022-olomoucka-dvacitka\/thumbs\/thumbs_DSC_9341-56.-Olom.-20-2022-cil-1.000-m.jpg\"\n                    width=\"240\"\n                    height=\"160\"\n                    style=\"max-width:100%;\"\n                \/>\n            <\/a>\n        <\/div>\n\t\t\t\t\t\t\t<\/div> \n\t\t\t\n\t\t\t\t<div id=\"ngg-image-20\" class=\"ngg-gallery-thumbnail-box \" >\n\t\t\t\t        <div class=\"ngg-gallery-thumbnail\">\n            <a href=\"https:\/\/old.atletikaolomouc.cz\/wp-content\/gallery\/2022-olomoucka-dvacitka\/DSC_9342-56.-Olom.-20-2022-cil-1.000-m.jpg\"\n               title=\"\"\n               data-src=\"https:\/\/old.atletikaolomouc.cz\/wp-content\/gallery\/2022-olomoucka-dvacitka\/DSC_9342-56.-Olom.-20-2022-cil-1.000-m.jpg\"\n               data-thumbnail=\"https:\/\/old.atletikaolomouc.cz\/wp-content\/gallery\/2022-olomoucka-dvacitka\/thumbs\/thumbs_DSC_9342-56.-Olom.-20-2022-cil-1.000-m.jpg\"\n               data-image-id=\"16931\"\n               data-title=\"DSC_9342-56.-Olom.-20-2022-cil-1.000-m\"\n               data-description=\"\"\n               data-image-slug=\"dsc_9342-56-olom-20-2022-cil-1-000-m\"\n               class=\"ngg-simplelightbox\" rel=\"7e2c0ca3004426f42a192d2c77cde8aa\">\n                <img\n                    title=\"DSC_9342-56.-Olom.-20-2022-cil-1.000-m\"\n                    alt=\"DSC_9342-56.-Olom.-20-2022-cil-1.000-m\"\n                    src=\"https:\/\/old.atletikaolomouc.cz\/wp-content\/gallery\/2022-olomoucka-dvacitka\/thumbs\/thumbs_DSC_9342-56.-Olom.-20-2022-cil-1.000-m.jpg\"\n                    width=\"240\"\n                    height=\"160\"\n                    style=\"max-width:100%;\"\n                \/>\n            <\/a>\n        <\/div>\n\t\t\t\t\t\t\t<\/div> \n\t\t\t\n\t\t\t\t<div id=\"ngg-image-21\" class=\"ngg-gallery-thumbnail-box \" >\n\t\t\t\t        <div class=\"ngg-gallery-thumbnail\">\n            <a href=\"https:\/\/old.atletikaolomouc.cz\/wp-content\/gallery\/2022-olomoucka-dvacitka\/DSC_9343-56.-Olom.-20-2022-v-cili-1.000-m.jpg\"\n               title=\"\"\n               data-src=\"https:\/\/old.atletikaolomouc.cz\/wp-content\/gallery\/2022-olomoucka-dvacitka\/DSC_9343-56.-Olom.-20-2022-v-cili-1.000-m.jpg\"\n               data-thumbnail=\"https:\/\/old.atletikaolomouc.cz\/wp-content\/gallery\/2022-olomoucka-dvacitka\/thumbs\/thumbs_DSC_9343-56.-Olom.-20-2022-v-cili-1.000-m.jpg\"\n               data-image-id=\"16932\"\n               data-title=\"DSC_9343-56.-Olom.-20-2022-v-cili-1.000-m\"\n               data-description=\"\"\n               data-image-slug=\"dsc_9343-56-olom-20-2022-v-cili-1-000-m\"\n               class=\"ngg-simplelightbox\" rel=\"7e2c0ca3004426f42a192d2c77cde8aa\">\n                <img\n                    title=\"DSC_9343-56.-Olom.-20-2022-v-cili-1.000-m\"\n                    alt=\"DSC_9343-56.-Olom.-20-2022-v-cili-1.000-m\"\n                    src=\"https:\/\/old.atletikaolomouc.cz\/wp-content\/gallery\/2022-olomoucka-dvacitka\/thumbs\/thumbs_DSC_9343-56.-Olom.-20-2022-v-cili-1.000-m.jpg\"\n                    width=\"240\"\n                    height=\"160\"\n                    style=\"max-width:100%;\"\n                \/>\n            <\/a>\n        <\/div>\n\t\t\t\t\t\t\t<\/div> \n\t\t\t\n\t\t\t\t<div id=\"ngg-image-22\" class=\"ngg-gallery-thumbnail-box \" >\n\t\t\t\t        <div class=\"ngg-gallery-thumbnail\">\n            <a href=\"https:\/\/old.atletikaolomouc.cz\/wp-content\/gallery\/2022-olomoucka-dvacitka\/DSC_9344-56.-Olom.-20-2022-v-cili-1.000-m.jpg\"\n               title=\"\"\n               data-src=\"https:\/\/old.atletikaolomouc.cz\/wp-content\/gallery\/2022-olomoucka-dvacitka\/DSC_9344-56.-Olom.-20-2022-v-cili-1.000-m.jpg\"\n               data-thumbnail=\"https:\/\/old.atletikaolomouc.cz\/wp-content\/gallery\/2022-olomoucka-dvacitka\/thumbs\/thumbs_DSC_9344-56.-Olom.-20-2022-v-cili-1.000-m.jpg\"\n               data-image-id=\"16933\"\n               data-title=\"DSC_9344-56.-Olom.-20-2022-v-cili-1.000-m\"\n               data-description=\"\"\n               data-image-slug=\"dsc_9344-56-olom-20-2022-v-cili-1-000-m\"\n               class=\"ngg-simplelightbox\" rel=\"7e2c0ca3004426f42a192d2c77cde8aa\">\n                <img\n                    title=\"DSC_9344-56.-Olom.-20-2022-v-cili-1.000-m\"\n                    alt=\"DSC_9344-56.-Olom.-20-2022-v-cili-1.000-m\"\n                    src=\"https:\/\/old.atletikaolomouc.cz\/wp-content\/gallery\/2022-olomoucka-dvacitka\/thumbs\/thumbs_DSC_9344-56.-Olom.-20-2022-v-cili-1.000-m.jpg\"\n                    width=\"240\"\n                    height=\"160\"\n                    style=\"max-width:100%;\"\n                \/>\n            <\/a>\n        <\/div>\n\t\t\t\t\t\t\t<\/div> \n\t\t\t\n\t\t\t\t<div id=\"ngg-image-23\" class=\"ngg-gallery-thumbnail-box \" >\n\t\t\t\t        <div class=\"ngg-gallery-thumbnail\">\n            <a href=\"https:\/\/old.atletikaolomouc.cz\/wp-content\/gallery\/2022-olomoucka-dvacitka\/DSC_9345-56.-Olom.-20-2022-v-cili-1.000-m.jpg\"\n               title=\"\"\n               data-src=\"https:\/\/old.atletikaolomouc.cz\/wp-content\/gallery\/2022-olomoucka-dvacitka\/DSC_9345-56.-Olom.-20-2022-v-cili-1.000-m.jpg\"\n               data-thumbnail=\"https:\/\/old.atletikaolomouc.cz\/wp-content\/gallery\/2022-olomoucka-dvacitka\/thumbs\/thumbs_DSC_9345-56.-Olom.-20-2022-v-cili-1.000-m.jpg\"\n               data-image-id=\"16934\"\n               data-title=\"DSC_9345-56.-Olom.-20-2022-v-cili-1.000-m\"\n               data-description=\"\"\n               data-image-slug=\"dsc_9345-56-olom-20-2022-v-cili-1-000-m\"\n               class=\"ngg-simplelightbox\" rel=\"7e2c0ca3004426f42a192d2c77cde8aa\">\n                <img\n                    title=\"DSC_9345-56.-Olom.-20-2022-v-cili-1.000-m\"\n                    alt=\"DSC_9345-56.-Olom.-20-2022-v-cili-1.000-m\"\n                    src=\"https:\/\/old.atletikaolomouc.cz\/wp-content\/gallery\/2022-olomoucka-dvacitka\/thumbs\/thumbs_DSC_9345-56.-Olom.-20-2022-v-cili-1.000-m.jpg\"\n                    width=\"240\"\n                    height=\"160\"\n                    style=\"max-width:100%;\"\n                \/>\n            <\/a>\n        <\/div>\n\t\t\t\t\t\t\t<\/div> \n\t\t\t\n\t\n\t<br style=\"clear: both\" \/>\n\n\t\n\t\t<!-- Pagination -->\n\t<div class='ngg-navigation'><span class='current'>1<\/span>\n<a class='page-numbers' data-pageid='2' href='https:\/\/old.atletikaolomouc.cz\/index.php\/nggallery\/page\/2?p=33546'>2<\/a>\n<a class='page-numbers' data-pageid='3' href='https:\/\/old.atletikaolomouc.cz\/index.php\/nggallery\/page\/3?p=33546'>3<\/a>\n<a class='prev' href='https:\/\/old.atletikaolomouc.cz\/index.php\/nggallery\/page\/2?p=33546' data-pageid=2>&#9658;<\/a><\/div>\t<\/div>\n\n","protected":false},"excerpt":{"rendered":"<p>V p\u00e1tek 15.4.2022 se konal ji\u017e 56. ro\u010dn\u00edk Olomouck\u00e9 dvac\u00edtky v ch\u016fzi. Zde je p\u00e1r fotek z t\u00e9to akce.&nbsp; &nbsp; &nbsp;<\/p>\n","protected":false},"author":4,"featured_media":0,"comment_status":"closed","ping_status":"closed","sticky":false,"template":"","format":"standard","meta":{"ngg_post_thumbnail":0},"categories":[5,66],"tags":[],"_links":{"self":[{"href":"https:\/\/old.atletikaolomouc.cz\/index.php?rest_route=\/wp\/v2\/posts\/33546"}],"collection":[{"href":"https:\/\/old.atletikaolomouc.cz\/index.php?rest_route=\/wp\/v2\/posts"}],"about":[{"href":"https:\/\/old.atletikaolomouc.cz\/index.php?rest_route=\/wp\/v2\/types\/post"}],"author":[{"embeddable":true,"href":"https:\/\/old.atletikaolomouc.cz\/index.php?rest_route=\/wp\/v2\/users\/4"}],"replies":[{"embeddable":true,"href":"https:\/\/old.atletikaolomouc.cz\/index.php?rest_route=%2Fwp%2Fv2%2Fcomments&post=33546"}],"version-history":[{"count":1,"href":"https:\/\/old.atletikaolomouc.cz\/index.php?rest_route=\/wp\/v2\/posts\/33546\/revisions"}],"predecessor-version":[{"id":33547,"href":"https:\/\/old.atletikaolomouc.cz\/index.php?rest_route=\/wp\/v2\/posts\/33546\/revisions\/33547"}],"wp:attachment":[{"href":"https:\/\/old.atletikaolomouc.cz\/index.php?rest_route=%2Fwp%2Fv2%2Fmedia&parent=33546"}],"wp:term":[{"taxonomy":"category","embeddable":true,"href":"https:\/\/old.atletikaolomouc.cz\/index.php?rest_route=%2Fwp%2Fv2%2Fcategories&post=33546"},{"taxonomy":"post_tag","embeddable":true,"href":"https:\/\/old.atletikaolomouc.cz\/index.php?rest_route=%2Fwp%2Fv2%2Ftags&post=33546"}],"curies":[{"name":"wp","href":"https:\/\/api.w.org\/{rel}","templated":true}]}}