{"id":33615,"date":"2022-04-26T11:51:38","date_gmt":"2022-04-26T09:51:38","guid":{"rendered":"https:\/\/www.atletikaolomouc.cz\/?p=33615"},"modified":"2022-04-26T11:51:38","modified_gmt":"2022-04-26T09:51:38","slug":"20-rocnik-hanackeho-pulmaratonu-foto","status":"publish","type":"post","link":"https:\/\/old.atletikaolomouc.cz\/?p=33615","title":{"rendered":"20. ro\u010dn\u00edk Han\u00e1ck\u00e9ho p\u016flmaratonu &#8211; Foto"},"content":{"rendered":"<p><a href=\"https:\/\/www.atletikaolomouc.cz\/wp-content\/uploads\/2022\/04\/DSC_9474-VC-Pulmaraton-2022.jpg\"><img decoding=\"async\" loading=\"lazy\" class=\"alignleft size-thumbnail wp-image-33616\" src=\"https:\/\/www.atletikaolomouc.cz\/wp-content\/uploads\/2022\/04\/DSC_9474-VC-Pulmaraton-2022-150x150.jpg\" alt=\"\" width=\"150\" height=\"150\" srcset=\"https:\/\/old.atletikaolomouc.cz\/wp-content\/uploads\/2022\/04\/DSC_9474-VC-Pulmaraton-2022-150x150.jpg 150w, https:\/\/old.atletikaolomouc.cz\/wp-content\/uploads\/2022\/04\/DSC_9474-VC-Pulmaraton-2022-144x144.jpg 144w\" sizes=\"(max-width: 150px) 100vw, 150px\" \/><\/a>V sobotu 23.4.2022 se v Olomouci konal 20. ro\u010dn\u00edk Han\u00e1ck\u00e9ho p\u016flmaratonu.&nbsp;<\/p>\n<p>&nbsp;<\/p>\n<p>&nbsp;<\/p>\n<p><!--more--><\/p>\n<!-- default-view.php -->\n<div\n\tclass=\"ngg-galleryoverview default-view \"\n\tid=\"ngg-gallery-31b25f12fad47cfba3786c22a900bbc0-1\">\n\n\t\t<!-- Thumbnails -->\n\t\t\t\t<div id=\"ngg-image-0\" class=\"ngg-gallery-thumbnail-box \" >\n\t\t\t\t        <div class=\"ngg-gallery-thumbnail\">\n            <a href=\"https:\/\/old.atletikaolomouc.cz\/wp-content\/gallery\/2022-20-rocnik-hanackeho-pulmaratonu\/DSC_9442-VC-Pulmaraton-2022-pred-starten-vyklad-trate.jpg\"\n               title=\"\"\n               data-src=\"https:\/\/old.atletikaolomouc.cz\/wp-content\/gallery\/2022-20-rocnik-hanackeho-pulmaratonu\/DSC_9442-VC-Pulmaraton-2022-pred-starten-vyklad-trate.jpg\"\n               data-thumbnail=\"https:\/\/old.atletikaolomouc.cz\/wp-content\/gallery\/2022-20-rocnik-hanackeho-pulmaratonu\/thumbs\/thumbs_DSC_9442-VC-Pulmaraton-2022-pred-starten-vyklad-trate.jpg\"\n               data-image-id=\"16962\"\n               data-title=\"DSC_9442-VC-Pulmaraton-2022-pred-starten-vyklad-trate\"\n               data-description=\"\"\n               data-image-slug=\"dsc_9442-vc-pulmaraton-2022-pred-starten-vyklad-trate\"\n               class=\"ngg-simplelightbox\" rel=\"31b25f12fad47cfba3786c22a900bbc0\">\n                <img\n                    title=\"DSC_9442-VC-Pulmaraton-2022-pred-starten-vyklad-trate\"\n                    alt=\"DSC_9442-VC-Pulmaraton-2022-pred-starten-vyklad-trate\"\n                    src=\"https:\/\/old.atletikaolomouc.cz\/wp-content\/gallery\/2022-20-rocnik-hanackeho-pulmaratonu\/thumbs\/thumbs_DSC_9442-VC-Pulmaraton-2022-pred-starten-vyklad-trate.jpg\"\n                    width=\"240\"\n                    height=\"160\"\n                    style=\"max-width:100%;\"\n                \/>\n            <\/a>\n        <\/div>\n\t\t\t\t\t\t\t<\/div> \n\t\t\t\n\t\t\t\t<div id=\"ngg-image-1\" class=\"ngg-gallery-thumbnail-box \" >\n\t\t\t\t        <div class=\"ngg-gallery-thumbnail\">\n            <a href=\"https:\/\/old.atletikaolomouc.cz\/wp-content\/gallery\/2022-20-rocnik-hanackeho-pulmaratonu\/DSC_9444-20-Pulmaraton-2022-start-pulmaratonu.jpg\"\n               title=\"\"\n               data-src=\"https:\/\/old.atletikaolomouc.cz\/wp-content\/gallery\/2022-20-rocnik-hanackeho-pulmaratonu\/DSC_9444-20-Pulmaraton-2022-start-pulmaratonu.jpg\"\n               data-thumbnail=\"https:\/\/old.atletikaolomouc.cz\/wp-content\/gallery\/2022-20-rocnik-hanackeho-pulmaratonu\/thumbs\/thumbs_DSC_9444-20-Pulmaraton-2022-start-pulmaratonu.jpg\"\n               data-image-id=\"16963\"\n               data-title=\"DSC_9444-20-Pulmaraton-2022-start-pulmaratonu\"\n               data-description=\"\"\n               data-image-slug=\"dsc_9444-20-pulmaraton-2022-start-pulmaratonu\"\n               class=\"ngg-simplelightbox\" rel=\"31b25f12fad47cfba3786c22a900bbc0\">\n                <img\n                    title=\"DSC_9444-20-Pulmaraton-2022-start-pulmaratonu\"\n                    alt=\"DSC_9444-20-Pulmaraton-2022-start-pulmaratonu\"\n                    src=\"https:\/\/old.atletikaolomouc.cz\/wp-content\/gallery\/2022-20-rocnik-hanackeho-pulmaratonu\/thumbs\/thumbs_DSC_9444-20-Pulmaraton-2022-start-pulmaratonu.jpg\"\n                    width=\"240\"\n                    height=\"160\"\n                    style=\"max-width:100%;\"\n                \/>\n            <\/a>\n        <\/div>\n\t\t\t\t\t\t\t<\/div> \n\t\t\t\n\t\t\t\t<div id=\"ngg-image-2\" class=\"ngg-gallery-thumbnail-box \" >\n\t\t\t\t        <div class=\"ngg-gallery-thumbnail\">\n            <a href=\"https:\/\/old.atletikaolomouc.cz\/wp-content\/gallery\/2022-20-rocnik-hanackeho-pulmaratonu\/DSC_9446-VC-.-Pulmaraton-2022-Jan-Janu-c.-20-pozdejsi-vitez.jpg\"\n               title=\"\"\n               data-src=\"https:\/\/old.atletikaolomouc.cz\/wp-content\/gallery\/2022-20-rocnik-hanackeho-pulmaratonu\/DSC_9446-VC-.-Pulmaraton-2022-Jan-Janu-c.-20-pozdejsi-vitez.jpg\"\n               data-thumbnail=\"https:\/\/old.atletikaolomouc.cz\/wp-content\/gallery\/2022-20-rocnik-hanackeho-pulmaratonu\/thumbs\/thumbs_DSC_9446-VC-.-Pulmaraton-2022-Jan-Janu-c.-20-pozdejsi-vitez.jpg\"\n               data-image-id=\"16964\"\n               data-title=\"DSC_9446-VC-.-Pulmaraton-2022-Jan-Janu-c.-20-pozdejsi-vitez\"\n               data-description=\"\"\n               data-image-slug=\"dsc_9446-vc-pulmaraton-2022-jan-janu-c-20-pozdejsi-vitez\"\n               class=\"ngg-simplelightbox\" rel=\"31b25f12fad47cfba3786c22a900bbc0\">\n                <img\n                    title=\"DSC_9446-VC-.-Pulmaraton-2022-Jan-Janu-c.-20-pozdejsi-vitez\"\n                    alt=\"DSC_9446-VC-.-Pulmaraton-2022-Jan-Janu-c.-20-pozdejsi-vitez\"\n                    src=\"https:\/\/old.atletikaolomouc.cz\/wp-content\/gallery\/2022-20-rocnik-hanackeho-pulmaratonu\/thumbs\/thumbs_DSC_9446-VC-.-Pulmaraton-2022-Jan-Janu-c.-20-pozdejsi-vitez.jpg\"\n                    width=\"240\"\n                    height=\"160\"\n                    style=\"max-width:100%;\"\n                \/>\n            <\/a>\n        <\/div>\n\t\t\t\t\t\t\t<\/div> \n\t\t\t\n\t\t\t\t<div id=\"ngg-image-3\" class=\"ngg-gallery-thumbnail-box \" >\n\t\t\t\t        <div class=\"ngg-gallery-thumbnail\">\n            <a href=\"https:\/\/old.atletikaolomouc.cz\/wp-content\/gallery\/2022-20-rocnik-hanackeho-pulmaratonu\/DSC_9447-VC-Pulmaraton-2022-kratce-po-startu-behu.jpg\"\n               title=\"\"\n               data-src=\"https:\/\/old.atletikaolomouc.cz\/wp-content\/gallery\/2022-20-rocnik-hanackeho-pulmaratonu\/DSC_9447-VC-Pulmaraton-2022-kratce-po-startu-behu.jpg\"\n               data-thumbnail=\"https:\/\/old.atletikaolomouc.cz\/wp-content\/gallery\/2022-20-rocnik-hanackeho-pulmaratonu\/thumbs\/thumbs_DSC_9447-VC-Pulmaraton-2022-kratce-po-startu-behu.jpg\"\n               data-image-id=\"16965\"\n               data-title=\"DSC_9447-VC-Pulmaraton-2022-kratce-po-startu-behu\"\n               data-description=\"\"\n               data-image-slug=\"dsc_9447-vc-pulmaraton-2022-kratce-po-startu-behu\"\n               class=\"ngg-simplelightbox\" rel=\"31b25f12fad47cfba3786c22a900bbc0\">\n                <img\n                    title=\"DSC_9447-VC-Pulmaraton-2022-kratce-po-startu-behu\"\n                    alt=\"DSC_9447-VC-Pulmaraton-2022-kratce-po-startu-behu\"\n                    src=\"https:\/\/old.atletikaolomouc.cz\/wp-content\/gallery\/2022-20-rocnik-hanackeho-pulmaratonu\/thumbs\/thumbs_DSC_9447-VC-Pulmaraton-2022-kratce-po-startu-behu.jpg\"\n                    width=\"240\"\n                    height=\"160\"\n                    style=\"max-width:100%;\"\n                \/>\n            <\/a>\n        <\/div>\n\t\t\t\t\t\t\t<\/div> \n\t\t\t\n\t\t\t\t<div id=\"ngg-image-4\" class=\"ngg-gallery-thumbnail-box \" >\n\t\t\t\t        <div class=\"ngg-gallery-thumbnail\">\n            <a href=\"https:\/\/old.atletikaolomouc.cz\/wp-content\/gallery\/2022-20-rocnik-hanackeho-pulmaratonu\/DSC_9448-VC-Pulmaraton-2022-kratce-po-startu-behu.jpg\"\n               title=\"\"\n               data-src=\"https:\/\/old.atletikaolomouc.cz\/wp-content\/gallery\/2022-20-rocnik-hanackeho-pulmaratonu\/DSC_9448-VC-Pulmaraton-2022-kratce-po-startu-behu.jpg\"\n               data-thumbnail=\"https:\/\/old.atletikaolomouc.cz\/wp-content\/gallery\/2022-20-rocnik-hanackeho-pulmaratonu\/thumbs\/thumbs_DSC_9448-VC-Pulmaraton-2022-kratce-po-startu-behu.jpg\"\n               data-image-id=\"16966\"\n               data-title=\"DSC_9448-VC-Pulmaraton-2022-kratce-po-startu-behu\"\n               data-description=\"\"\n               data-image-slug=\"dsc_9448-vc-pulmaraton-2022-kratce-po-startu-behu\"\n               class=\"ngg-simplelightbox\" rel=\"31b25f12fad47cfba3786c22a900bbc0\">\n                <img\n                    title=\"DSC_9448-VC-Pulmaraton-2022-kratce-po-startu-behu\"\n                    alt=\"DSC_9448-VC-Pulmaraton-2022-kratce-po-startu-behu\"\n                    src=\"https:\/\/old.atletikaolomouc.cz\/wp-content\/gallery\/2022-20-rocnik-hanackeho-pulmaratonu\/thumbs\/thumbs_DSC_9448-VC-Pulmaraton-2022-kratce-po-startu-behu.jpg\"\n                    width=\"240\"\n                    height=\"160\"\n                    style=\"max-width:100%;\"\n                \/>\n            <\/a>\n        <\/div>\n\t\t\t\t\t\t\t<\/div> \n\t\t\t\n\t\t\t\t<div id=\"ngg-image-5\" class=\"ngg-gallery-thumbnail-box \" >\n\t\t\t\t        <div class=\"ngg-gallery-thumbnail\">\n            <a href=\"https:\/\/old.atletikaolomouc.cz\/wp-content\/gallery\/2022-20-rocnik-hanackeho-pulmaratonu\/DSC_9449-VC-Pulmaraton-2022-kratce-po-startu-behu.jpg\"\n               title=\"\"\n               data-src=\"https:\/\/old.atletikaolomouc.cz\/wp-content\/gallery\/2022-20-rocnik-hanackeho-pulmaratonu\/DSC_9449-VC-Pulmaraton-2022-kratce-po-startu-behu.jpg\"\n               data-thumbnail=\"https:\/\/old.atletikaolomouc.cz\/wp-content\/gallery\/2022-20-rocnik-hanackeho-pulmaratonu\/thumbs\/thumbs_DSC_9449-VC-Pulmaraton-2022-kratce-po-startu-behu.jpg\"\n               data-image-id=\"16967\"\n               data-title=\"DSC_9449-VC-Pulmaraton-2022-kratce-po-startu-behu\"\n               data-description=\"\"\n               data-image-slug=\"dsc_9449-vc-pulmaraton-2022-kratce-po-startu-behu\"\n               class=\"ngg-simplelightbox\" rel=\"31b25f12fad47cfba3786c22a900bbc0\">\n                <img\n                    title=\"DSC_9449-VC-Pulmaraton-2022-kratce-po-startu-behu\"\n                    alt=\"DSC_9449-VC-Pulmaraton-2022-kratce-po-startu-behu\"\n                    src=\"https:\/\/old.atletikaolomouc.cz\/wp-content\/gallery\/2022-20-rocnik-hanackeho-pulmaratonu\/thumbs\/thumbs_DSC_9449-VC-Pulmaraton-2022-kratce-po-startu-behu.jpg\"\n                    width=\"240\"\n                    height=\"160\"\n                    style=\"max-width:100%;\"\n                \/>\n            <\/a>\n        <\/div>\n\t\t\t\t\t\t\t<\/div> \n\t\t\t\n\t\t\t\t<div id=\"ngg-image-6\" class=\"ngg-gallery-thumbnail-box \" >\n\t\t\t\t        <div class=\"ngg-gallery-thumbnail\">\n            <a href=\"https:\/\/old.atletikaolomouc.cz\/wp-content\/gallery\/2022-20-rocnik-hanackeho-pulmaratonu\/DSC_9450-VC-Pulmaraton-2022-kratce-po-start-behu.jpg\"\n               title=\"\"\n               data-src=\"https:\/\/old.atletikaolomouc.cz\/wp-content\/gallery\/2022-20-rocnik-hanackeho-pulmaratonu\/DSC_9450-VC-Pulmaraton-2022-kratce-po-start-behu.jpg\"\n               data-thumbnail=\"https:\/\/old.atletikaolomouc.cz\/wp-content\/gallery\/2022-20-rocnik-hanackeho-pulmaratonu\/thumbs\/thumbs_DSC_9450-VC-Pulmaraton-2022-kratce-po-start-behu.jpg\"\n               data-image-id=\"16968\"\n               data-title=\"DSC_9450-VC-Pulmaraton-2022-kratce-po-start-behu\"\n               data-description=\"\"\n               data-image-slug=\"dsc_9450-vc-pulmaraton-2022-kratce-po-start-behu\"\n               class=\"ngg-simplelightbox\" rel=\"31b25f12fad47cfba3786c22a900bbc0\">\n                <img\n                    title=\"DSC_9450-VC-Pulmaraton-2022-kratce-po-start-behu\"\n                    alt=\"DSC_9450-VC-Pulmaraton-2022-kratce-po-start-behu\"\n                    src=\"https:\/\/old.atletikaolomouc.cz\/wp-content\/gallery\/2022-20-rocnik-hanackeho-pulmaratonu\/thumbs\/thumbs_DSC_9450-VC-Pulmaraton-2022-kratce-po-start-behu.jpg\"\n                    width=\"240\"\n                    height=\"160\"\n                    style=\"max-width:100%;\"\n                \/>\n            <\/a>\n        <\/div>\n\t\t\t\t\t\t\t<\/div> \n\t\t\t\n\t\t\t\t<div id=\"ngg-image-7\" class=\"ngg-gallery-thumbnail-box \" >\n\t\t\t\t        <div class=\"ngg-gallery-thumbnail\">\n            <a href=\"https:\/\/old.atletikaolomouc.cz\/wp-content\/gallery\/2022-20-rocnik-hanackeho-pulmaratonu\/DSC_9451-VC-Pulmaraton-2022-kratce-po-startu-behu.jpg\"\n               title=\"\"\n               data-src=\"https:\/\/old.atletikaolomouc.cz\/wp-content\/gallery\/2022-20-rocnik-hanackeho-pulmaratonu\/DSC_9451-VC-Pulmaraton-2022-kratce-po-startu-behu.jpg\"\n               data-thumbnail=\"https:\/\/old.atletikaolomouc.cz\/wp-content\/gallery\/2022-20-rocnik-hanackeho-pulmaratonu\/thumbs\/thumbs_DSC_9451-VC-Pulmaraton-2022-kratce-po-startu-behu.jpg\"\n               data-image-id=\"16969\"\n               data-title=\"DSC_9451-VC-Pulmaraton-2022-kratce-po-startu-behu\"\n               data-description=\"\"\n               data-image-slug=\"dsc_9451-vc-pulmaraton-2022-kratce-po-startu-behu\"\n               class=\"ngg-simplelightbox\" rel=\"31b25f12fad47cfba3786c22a900bbc0\">\n                <img\n                    title=\"DSC_9451-VC-Pulmaraton-2022-kratce-po-startu-behu\"\n                    alt=\"DSC_9451-VC-Pulmaraton-2022-kratce-po-startu-behu\"\n                    src=\"https:\/\/old.atletikaolomouc.cz\/wp-content\/gallery\/2022-20-rocnik-hanackeho-pulmaratonu\/thumbs\/thumbs_DSC_9451-VC-Pulmaraton-2022-kratce-po-startu-behu.jpg\"\n                    width=\"240\"\n                    height=\"160\"\n                    style=\"max-width:100%;\"\n                \/>\n            <\/a>\n        <\/div>\n\t\t\t\t\t\t\t<\/div> \n\t\t\t\n\t\t\t\t<div id=\"ngg-image-8\" class=\"ngg-gallery-thumbnail-box \" >\n\t\t\t\t        <div class=\"ngg-gallery-thumbnail\">\n            <a href=\"https:\/\/old.atletikaolomouc.cz\/wp-content\/gallery\/2022-20-rocnik-hanackeho-pulmaratonu\/DSC_9452-VC-Pulmaraton-2022-kratce-po-startu-behu.jpg\"\n               title=\"\"\n               data-src=\"https:\/\/old.atletikaolomouc.cz\/wp-content\/gallery\/2022-20-rocnik-hanackeho-pulmaratonu\/DSC_9452-VC-Pulmaraton-2022-kratce-po-startu-behu.jpg\"\n               data-thumbnail=\"https:\/\/old.atletikaolomouc.cz\/wp-content\/gallery\/2022-20-rocnik-hanackeho-pulmaratonu\/thumbs\/thumbs_DSC_9452-VC-Pulmaraton-2022-kratce-po-startu-behu.jpg\"\n               data-image-id=\"16970\"\n               data-title=\"DSC_9452-VC-Pulmaraton-2022-kratce-po-startu-behu\"\n               data-description=\"\"\n               data-image-slug=\"dsc_9452-vc-pulmaraton-2022-kratce-po-startu-behu\"\n               class=\"ngg-simplelightbox\" rel=\"31b25f12fad47cfba3786c22a900bbc0\">\n                <img\n                    title=\"DSC_9452-VC-Pulmaraton-2022-kratce-po-startu-behu\"\n                    alt=\"DSC_9452-VC-Pulmaraton-2022-kratce-po-startu-behu\"\n                    src=\"https:\/\/old.atletikaolomouc.cz\/wp-content\/gallery\/2022-20-rocnik-hanackeho-pulmaratonu\/thumbs\/thumbs_DSC_9452-VC-Pulmaraton-2022-kratce-po-startu-behu.jpg\"\n                    width=\"240\"\n                    height=\"160\"\n                    style=\"max-width:100%;\"\n                \/>\n            <\/a>\n        <\/div>\n\t\t\t\t\t\t\t<\/div> \n\t\t\t\n\t\t\t\t<div id=\"ngg-image-9\" class=\"ngg-gallery-thumbnail-box \" >\n\t\t\t\t        <div class=\"ngg-gallery-thumbnail\">\n            <a href=\"https:\/\/old.atletikaolomouc.cz\/wp-content\/gallery\/2022-20-rocnik-hanackeho-pulmaratonu\/DSC_9453-VC-Pulmaraton-2022-kratce-po-startu-behu.jpg\"\n               title=\"\"\n               data-src=\"https:\/\/old.atletikaolomouc.cz\/wp-content\/gallery\/2022-20-rocnik-hanackeho-pulmaratonu\/DSC_9453-VC-Pulmaraton-2022-kratce-po-startu-behu.jpg\"\n               data-thumbnail=\"https:\/\/old.atletikaolomouc.cz\/wp-content\/gallery\/2022-20-rocnik-hanackeho-pulmaratonu\/thumbs\/thumbs_DSC_9453-VC-Pulmaraton-2022-kratce-po-startu-behu.jpg\"\n               data-image-id=\"16971\"\n               data-title=\"DSC_9453-VC-Pulmaraton-2022-kratce-po-startu-behu\"\n               data-description=\"\"\n               data-image-slug=\"dsc_9453-vc-pulmaraton-2022-kratce-po-startu-behu\"\n               class=\"ngg-simplelightbox\" rel=\"31b25f12fad47cfba3786c22a900bbc0\">\n                <img\n                    title=\"DSC_9453-VC-Pulmaraton-2022-kratce-po-startu-behu\"\n                    alt=\"DSC_9453-VC-Pulmaraton-2022-kratce-po-startu-behu\"\n                    src=\"https:\/\/old.atletikaolomouc.cz\/wp-content\/gallery\/2022-20-rocnik-hanackeho-pulmaratonu\/thumbs\/thumbs_DSC_9453-VC-Pulmaraton-2022-kratce-po-startu-behu.jpg\"\n                    width=\"240\"\n                    height=\"160\"\n                    style=\"max-width:100%;\"\n                \/>\n            <\/a>\n        <\/div>\n\t\t\t\t\t\t\t<\/div> \n\t\t\t\n\t\t\t\t<div id=\"ngg-image-10\" class=\"ngg-gallery-thumbnail-box \" >\n\t\t\t\t        <div class=\"ngg-gallery-thumbnail\">\n            <a href=\"https:\/\/old.atletikaolomouc.cz\/wp-content\/gallery\/2022-20-rocnik-hanackeho-pulmaratonu\/DSC_9454-VC-Pulmaraton-2022.jpg\"\n               title=\"\"\n               data-src=\"https:\/\/old.atletikaolomouc.cz\/wp-content\/gallery\/2022-20-rocnik-hanackeho-pulmaratonu\/DSC_9454-VC-Pulmaraton-2022.jpg\"\n               data-thumbnail=\"https:\/\/old.atletikaolomouc.cz\/wp-content\/gallery\/2022-20-rocnik-hanackeho-pulmaratonu\/thumbs\/thumbs_DSC_9454-VC-Pulmaraton-2022.jpg\"\n               data-image-id=\"16972\"\n               data-title=\"DSC_9454-VC-Pulmaraton-2022\"\n               data-description=\"\"\n               data-image-slug=\"dsc_9454-vc-pulmaraton-2022\"\n               class=\"ngg-simplelightbox\" rel=\"31b25f12fad47cfba3786c22a900bbc0\">\n                <img\n                    title=\"DSC_9454-VC-Pulmaraton-2022\"\n                    alt=\"DSC_9454-VC-Pulmaraton-2022\"\n                    src=\"https:\/\/old.atletikaolomouc.cz\/wp-content\/gallery\/2022-20-rocnik-hanackeho-pulmaratonu\/thumbs\/thumbs_DSC_9454-VC-Pulmaraton-2022.jpg\"\n                    width=\"240\"\n                    height=\"160\"\n                    style=\"max-width:100%;\"\n                \/>\n            <\/a>\n        <\/div>\n\t\t\t\t\t\t\t<\/div> \n\t\t\t\n\t\t\t\t<div id=\"ngg-image-11\" class=\"ngg-gallery-thumbnail-box \" >\n\t\t\t\t        <div class=\"ngg-gallery-thumbnail\">\n            <a href=\"https:\/\/old.atletikaolomouc.cz\/wp-content\/gallery\/2022-20-rocnik-hanackeho-pulmaratonu\/DSC_9455-VC-Pulmaraton-2022-c.-59-Martinek-c.-62-Zich.jpg\"\n               title=\"\"\n               data-src=\"https:\/\/old.atletikaolomouc.cz\/wp-content\/gallery\/2022-20-rocnik-hanackeho-pulmaratonu\/DSC_9455-VC-Pulmaraton-2022-c.-59-Martinek-c.-62-Zich.jpg\"\n               data-thumbnail=\"https:\/\/old.atletikaolomouc.cz\/wp-content\/gallery\/2022-20-rocnik-hanackeho-pulmaratonu\/thumbs\/thumbs_DSC_9455-VC-Pulmaraton-2022-c.-59-Martinek-c.-62-Zich.jpg\"\n               data-image-id=\"16973\"\n               data-title=\"DSC_9455-VC-Pulmaraton-2022-c.-59-Martinek-c.-62-Zich\"\n               data-description=\"\"\n               data-image-slug=\"dsc_9455-vc-pulmaraton-2022-c-59-martinek-c-62-zich\"\n               class=\"ngg-simplelightbox\" rel=\"31b25f12fad47cfba3786c22a900bbc0\">\n                <img\n                    title=\"DSC_9455-VC-Pulmaraton-2022-c.-59-Martinek-c.-62-Zich\"\n                    alt=\"DSC_9455-VC-Pulmaraton-2022-c.-59-Martinek-c.-62-Zich\"\n                    src=\"https:\/\/old.atletikaolomouc.cz\/wp-content\/gallery\/2022-20-rocnik-hanackeho-pulmaratonu\/thumbs\/thumbs_DSC_9455-VC-Pulmaraton-2022-c.-59-Martinek-c.-62-Zich.jpg\"\n                    width=\"240\"\n                    height=\"160\"\n                    style=\"max-width:100%;\"\n                \/>\n            <\/a>\n        <\/div>\n\t\t\t\t\t\t\t<\/div> \n\t\t\t\n\t\t\t\t<div id=\"ngg-image-12\" class=\"ngg-gallery-thumbnail-box \" >\n\t\t\t\t        <div class=\"ngg-gallery-thumbnail\">\n            <a href=\"https:\/\/old.atletikaolomouc.cz\/wp-content\/gallery\/2022-20-rocnik-hanackeho-pulmaratonu\/DSC_9456-20.-Pulmaraton-2022.jpg\"\n               title=\"\"\n               data-src=\"https:\/\/old.atletikaolomouc.cz\/wp-content\/gallery\/2022-20-rocnik-hanackeho-pulmaratonu\/DSC_9456-20.-Pulmaraton-2022.jpg\"\n               data-thumbnail=\"https:\/\/old.atletikaolomouc.cz\/wp-content\/gallery\/2022-20-rocnik-hanackeho-pulmaratonu\/thumbs\/thumbs_DSC_9456-20.-Pulmaraton-2022.jpg\"\n               data-image-id=\"16974\"\n               data-title=\"DSC_9456-20.-Pulmaraton-2022\"\n               data-description=\"\"\n               data-image-slug=\"dsc_9456-20-pulmaraton-2022\"\n               class=\"ngg-simplelightbox\" rel=\"31b25f12fad47cfba3786c22a900bbc0\">\n                <img\n                    title=\"DSC_9456-20.-Pulmaraton-2022\"\n                    alt=\"DSC_9456-20.-Pulmaraton-2022\"\n                    src=\"https:\/\/old.atletikaolomouc.cz\/wp-content\/gallery\/2022-20-rocnik-hanackeho-pulmaratonu\/thumbs\/thumbs_DSC_9456-20.-Pulmaraton-2022.jpg\"\n                    width=\"240\"\n                    height=\"160\"\n                    style=\"max-width:100%;\"\n                \/>\n            <\/a>\n        <\/div>\n\t\t\t\t\t\t\t<\/div> \n\t\t\t\n\t\t\t\t<div id=\"ngg-image-13\" class=\"ngg-gallery-thumbnail-box \" >\n\t\t\t\t        <div class=\"ngg-gallery-thumbnail\">\n            <a href=\"https:\/\/old.atletikaolomouc.cz\/wp-content\/gallery\/2022-20-rocnik-hanackeho-pulmaratonu\/DSC_9457-VC-Pulmaraton-2022-c.-112-Kocichova-c.-4-Cizmar.jpg\"\n               title=\"\"\n               data-src=\"https:\/\/old.atletikaolomouc.cz\/wp-content\/gallery\/2022-20-rocnik-hanackeho-pulmaratonu\/DSC_9457-VC-Pulmaraton-2022-c.-112-Kocichova-c.-4-Cizmar.jpg\"\n               data-thumbnail=\"https:\/\/old.atletikaolomouc.cz\/wp-content\/gallery\/2022-20-rocnik-hanackeho-pulmaratonu\/thumbs\/thumbs_DSC_9457-VC-Pulmaraton-2022-c.-112-Kocichova-c.-4-Cizmar.jpg\"\n               data-image-id=\"16975\"\n               data-title=\"DSC_9457-VC-Pulmaraton-2022-c.-112-Kocichova-c.-4-Cizmar\"\n               data-description=\"\"\n               data-image-slug=\"dsc_9457-vc-pulmaraton-2022-c-112-kocichova-c-4-cizmar\"\n               class=\"ngg-simplelightbox\" rel=\"31b25f12fad47cfba3786c22a900bbc0\">\n                <img\n                    title=\"DSC_9457-VC-Pulmaraton-2022-c.-112-Kocichova-c.-4-Cizmar\"\n                    alt=\"DSC_9457-VC-Pulmaraton-2022-c.-112-Kocichova-c.-4-Cizmar\"\n                    src=\"https:\/\/old.atletikaolomouc.cz\/wp-content\/gallery\/2022-20-rocnik-hanackeho-pulmaratonu\/thumbs\/thumbs_DSC_9457-VC-Pulmaraton-2022-c.-112-Kocichova-c.-4-Cizmar.jpg\"\n                    width=\"240\"\n                    height=\"160\"\n                    style=\"max-width:100%;\"\n                \/>\n            <\/a>\n        <\/div>\n\t\t\t\t\t\t\t<\/div> \n\t\t\t\n\t\t\t\t<div id=\"ngg-image-14\" class=\"ngg-gallery-thumbnail-box \" >\n\t\t\t\t        <div class=\"ngg-gallery-thumbnail\">\n            <a href=\"https:\/\/old.atletikaolomouc.cz\/wp-content\/gallery\/2022-20-rocnik-hanackeho-pulmaratonu\/DSC_9458-VC-Pulmaraton-2022-c.-56-Barborak.jpg\"\n               title=\"\"\n               data-src=\"https:\/\/old.atletikaolomouc.cz\/wp-content\/gallery\/2022-20-rocnik-hanackeho-pulmaratonu\/DSC_9458-VC-Pulmaraton-2022-c.-56-Barborak.jpg\"\n               data-thumbnail=\"https:\/\/old.atletikaolomouc.cz\/wp-content\/gallery\/2022-20-rocnik-hanackeho-pulmaratonu\/thumbs\/thumbs_DSC_9458-VC-Pulmaraton-2022-c.-56-Barborak.jpg\"\n               data-image-id=\"16976\"\n               data-title=\"DSC_9458-VC-Pulmaraton-2022-c.-56-Barborak\"\n               data-description=\"\"\n               data-image-slug=\"dsc_9458-vc-pulmaraton-2022-c-56-barborak\"\n               class=\"ngg-simplelightbox\" rel=\"31b25f12fad47cfba3786c22a900bbc0\">\n                <img\n                    title=\"DSC_9458-VC-Pulmaraton-2022-c.-56-Barborak\"\n                    alt=\"DSC_9458-VC-Pulmaraton-2022-c.-56-Barborak\"\n                    src=\"https:\/\/old.atletikaolomouc.cz\/wp-content\/gallery\/2022-20-rocnik-hanackeho-pulmaratonu\/thumbs\/thumbs_DSC_9458-VC-Pulmaraton-2022-c.-56-Barborak.jpg\"\n                    width=\"240\"\n                    height=\"160\"\n                    style=\"max-width:100%;\"\n                \/>\n            <\/a>\n        <\/div>\n\t\t\t\t\t\t\t<\/div> \n\t\t\t\n\t\t\t\t<div id=\"ngg-image-15\" class=\"ngg-gallery-thumbnail-box \" >\n\t\t\t\t        <div class=\"ngg-gallery-thumbnail\">\n            <a href=\"https:\/\/old.atletikaolomouc.cz\/wp-content\/gallery\/2022-20-rocnik-hanackeho-pulmaratonu\/DSC_9459-VC-Pulmaraton-2022-c.-54Prochazka.jpg\"\n               title=\"\"\n               data-src=\"https:\/\/old.atletikaolomouc.cz\/wp-content\/gallery\/2022-20-rocnik-hanackeho-pulmaratonu\/DSC_9459-VC-Pulmaraton-2022-c.-54Prochazka.jpg\"\n               data-thumbnail=\"https:\/\/old.atletikaolomouc.cz\/wp-content\/gallery\/2022-20-rocnik-hanackeho-pulmaratonu\/thumbs\/thumbs_DSC_9459-VC-Pulmaraton-2022-c.-54Prochazka.jpg\"\n               data-image-id=\"16977\"\n               data-title=\"DSC_9459-VC-Pulmaraton-2022-c.-54Prochazka\"\n               data-description=\"\"\n               data-image-slug=\"dsc_9459-vc-pulmaraton-2022-c-54prochazka\"\n               class=\"ngg-simplelightbox\" rel=\"31b25f12fad47cfba3786c22a900bbc0\">\n                <img\n                    title=\"DSC_9459-VC-Pulmaraton-2022-c.-54Prochazka\"\n                    alt=\"DSC_9459-VC-Pulmaraton-2022-c.-54Prochazka\"\n                    src=\"https:\/\/old.atletikaolomouc.cz\/wp-content\/gallery\/2022-20-rocnik-hanackeho-pulmaratonu\/thumbs\/thumbs_DSC_9459-VC-Pulmaraton-2022-c.-54Prochazka.jpg\"\n                    width=\"240\"\n                    height=\"160\"\n                    style=\"max-width:100%;\"\n                \/>\n            <\/a>\n        <\/div>\n\t\t\t\t\t\t\t<\/div> \n\t\t\t\n\t\t\t\t<div id=\"ngg-image-16\" class=\"ngg-gallery-thumbnail-box \" >\n\t\t\t\t        <div class=\"ngg-gallery-thumbnail\">\n            <a href=\"https:\/\/old.atletikaolomouc.cz\/wp-content\/gallery\/2022-20-rocnik-hanackeho-pulmaratonu\/DSC_9460-VC-Pulmaraton-2022-c.-100-Budinska-c.-113-Piskova.jpg\"\n               title=\"\"\n               data-src=\"https:\/\/old.atletikaolomouc.cz\/wp-content\/gallery\/2022-20-rocnik-hanackeho-pulmaratonu\/DSC_9460-VC-Pulmaraton-2022-c.-100-Budinska-c.-113-Piskova.jpg\"\n               data-thumbnail=\"https:\/\/old.atletikaolomouc.cz\/wp-content\/gallery\/2022-20-rocnik-hanackeho-pulmaratonu\/thumbs\/thumbs_DSC_9460-VC-Pulmaraton-2022-c.-100-Budinska-c.-113-Piskova.jpg\"\n               data-image-id=\"16978\"\n               data-title=\"DSC_9460-VC-Pulmaraton-2022-c.-100-Budinska-c.-113-Piskova\"\n               data-description=\"\"\n               data-image-slug=\"dsc_9460-vc-pulmaraton-2022-c-100-budinska-c-113-piskova\"\n               class=\"ngg-simplelightbox\" rel=\"31b25f12fad47cfba3786c22a900bbc0\">\n                <img\n                    title=\"DSC_9460-VC-Pulmaraton-2022-c.-100-Budinska-c.-113-Piskova\"\n                    alt=\"DSC_9460-VC-Pulmaraton-2022-c.-100-Budinska-c.-113-Piskova\"\n                    src=\"https:\/\/old.atletikaolomouc.cz\/wp-content\/gallery\/2022-20-rocnik-hanackeho-pulmaratonu\/thumbs\/thumbs_DSC_9460-VC-Pulmaraton-2022-c.-100-Budinska-c.-113-Piskova.jpg\"\n                    width=\"240\"\n                    height=\"160\"\n                    style=\"max-width:100%;\"\n                \/>\n            <\/a>\n        <\/div>\n\t\t\t\t\t\t\t<\/div> \n\t\t\t\n\t\t\t\t<div id=\"ngg-image-17\" class=\"ngg-gallery-thumbnail-box \" >\n\t\t\t\t        <div class=\"ngg-gallery-thumbnail\">\n            <a href=\"https:\/\/old.atletikaolomouc.cz\/wp-content\/gallery\/2022-20-rocnik-hanackeho-pulmaratonu\/DSC_9462-VC-Pulmaraton-2022-c.-107-Vavru.jpg\"\n               title=\"\"\n               data-src=\"https:\/\/old.atletikaolomouc.cz\/wp-content\/gallery\/2022-20-rocnik-hanackeho-pulmaratonu\/DSC_9462-VC-Pulmaraton-2022-c.-107-Vavru.jpg\"\n               data-thumbnail=\"https:\/\/old.atletikaolomouc.cz\/wp-content\/gallery\/2022-20-rocnik-hanackeho-pulmaratonu\/thumbs\/thumbs_DSC_9462-VC-Pulmaraton-2022-c.-107-Vavru.jpg\"\n               data-image-id=\"16979\"\n               data-title=\"DSC_9462-VC-Pulmaraton-2022-c.-107-Vavru\"\n               data-description=\"\"\n               data-image-slug=\"dsc_9462-vc-pulmaraton-2022-c-107-vavru\"\n               class=\"ngg-simplelightbox\" rel=\"31b25f12fad47cfba3786c22a900bbc0\">\n                <img\n                    title=\"DSC_9462-VC-Pulmaraton-2022-c.-107-Vavru\"\n                    alt=\"DSC_9462-VC-Pulmaraton-2022-c.-107-Vavru\"\n                    src=\"https:\/\/old.atletikaolomouc.cz\/wp-content\/gallery\/2022-20-rocnik-hanackeho-pulmaratonu\/thumbs\/thumbs_DSC_9462-VC-Pulmaraton-2022-c.-107-Vavru.jpg\"\n                    width=\"240\"\n                    height=\"160\"\n                    style=\"max-width:100%;\"\n                \/>\n            <\/a>\n        <\/div>\n\t\t\t\t\t\t\t<\/div> \n\t\t\t\n\t\t\t\t<div id=\"ngg-image-18\" class=\"ngg-gallery-thumbnail-box \" >\n\t\t\t\t        <div class=\"ngg-gallery-thumbnail\">\n            <a href=\"https:\/\/old.atletikaolomouc.cz\/wp-content\/gallery\/2022-20-rocnik-hanackeho-pulmaratonu\/DSC_9463-VC-Pulmaraton-2022-c.-31-Penaska.jpg\"\n               title=\"\"\n               data-src=\"https:\/\/old.atletikaolomouc.cz\/wp-content\/gallery\/2022-20-rocnik-hanackeho-pulmaratonu\/DSC_9463-VC-Pulmaraton-2022-c.-31-Penaska.jpg\"\n               data-thumbnail=\"https:\/\/old.atletikaolomouc.cz\/wp-content\/gallery\/2022-20-rocnik-hanackeho-pulmaratonu\/thumbs\/thumbs_DSC_9463-VC-Pulmaraton-2022-c.-31-Penaska.jpg\"\n               data-image-id=\"16980\"\n               data-title=\"DSC_9463-VC-Pulmaraton-2022-c.-31-Penaska\"\n               data-description=\"\"\n               data-image-slug=\"dsc_9463-vc-pulmaraton-2022-c-31-penaska\"\n               class=\"ngg-simplelightbox\" rel=\"31b25f12fad47cfba3786c22a900bbc0\">\n                <img\n                    title=\"DSC_9463-VC-Pulmaraton-2022-c.-31-Penaska\"\n                    alt=\"DSC_9463-VC-Pulmaraton-2022-c.-31-Penaska\"\n                    src=\"https:\/\/old.atletikaolomouc.cz\/wp-content\/gallery\/2022-20-rocnik-hanackeho-pulmaratonu\/thumbs\/thumbs_DSC_9463-VC-Pulmaraton-2022-c.-31-Penaska.jpg\"\n                    width=\"240\"\n                    height=\"160\"\n                    style=\"max-width:100%;\"\n                \/>\n            <\/a>\n        <\/div>\n\t\t\t\t\t\t\t<\/div> \n\t\t\t\n\t\t\t\t<div id=\"ngg-image-19\" class=\"ngg-gallery-thumbnail-box \" >\n\t\t\t\t        <div class=\"ngg-gallery-thumbnail\">\n            <a href=\"https:\/\/old.atletikaolomouc.cz\/wp-content\/gallery\/2022-20-rocnik-hanackeho-pulmaratonu\/DSC_9464-VC-Pulmaraton-2022.jpg\"\n               title=\"\"\n               data-src=\"https:\/\/old.atletikaolomouc.cz\/wp-content\/gallery\/2022-20-rocnik-hanackeho-pulmaratonu\/DSC_9464-VC-Pulmaraton-2022.jpg\"\n               data-thumbnail=\"https:\/\/old.atletikaolomouc.cz\/wp-content\/gallery\/2022-20-rocnik-hanackeho-pulmaratonu\/thumbs\/thumbs_DSC_9464-VC-Pulmaraton-2022.jpg\"\n               data-image-id=\"16981\"\n               data-title=\"DSC_9464-VC-Pulmaraton-2022\"\n               data-description=\"\"\n               data-image-slug=\"dsc_9464-vc-pulmaraton-2022\"\n               class=\"ngg-simplelightbox\" rel=\"31b25f12fad47cfba3786c22a900bbc0\">\n                <img\n                    title=\"DSC_9464-VC-Pulmaraton-2022\"\n                    alt=\"DSC_9464-VC-Pulmaraton-2022\"\n                    src=\"https:\/\/old.atletikaolomouc.cz\/wp-content\/gallery\/2022-20-rocnik-hanackeho-pulmaratonu\/thumbs\/thumbs_DSC_9464-VC-Pulmaraton-2022.jpg\"\n                    width=\"240\"\n                    height=\"160\"\n                    style=\"max-width:100%;\"\n                \/>\n            <\/a>\n        <\/div>\n\t\t\t\t\t\t\t<\/div> \n\t\t\t\n\t\t\t\t<div id=\"ngg-image-20\" class=\"ngg-gallery-thumbnail-box \" >\n\t\t\t\t        <div class=\"ngg-gallery-thumbnail\">\n            <a href=\"https:\/\/old.atletikaolomouc.cz\/wp-content\/gallery\/2022-20-rocnik-hanackeho-pulmaratonu\/DSC_9465-VC-Pulmaraton-2022.jpg\"\n               title=\"\"\n               data-src=\"https:\/\/old.atletikaolomouc.cz\/wp-content\/gallery\/2022-20-rocnik-hanackeho-pulmaratonu\/DSC_9465-VC-Pulmaraton-2022.jpg\"\n               data-thumbnail=\"https:\/\/old.atletikaolomouc.cz\/wp-content\/gallery\/2022-20-rocnik-hanackeho-pulmaratonu\/thumbs\/thumbs_DSC_9465-VC-Pulmaraton-2022.jpg\"\n               data-image-id=\"16982\"\n               data-title=\"DSC_9465-VC-Pulmaraton-2022\"\n               data-description=\"\"\n               data-image-slug=\"dsc_9465-vc-pulmaraton-2022\"\n               class=\"ngg-simplelightbox\" rel=\"31b25f12fad47cfba3786c22a900bbc0\">\n                <img\n                    title=\"DSC_9465-VC-Pulmaraton-2022\"\n                    alt=\"DSC_9465-VC-Pulmaraton-2022\"\n                    src=\"https:\/\/old.atletikaolomouc.cz\/wp-content\/gallery\/2022-20-rocnik-hanackeho-pulmaratonu\/thumbs\/thumbs_DSC_9465-VC-Pulmaraton-2022.jpg\"\n                    width=\"240\"\n                    height=\"160\"\n                    style=\"max-width:100%;\"\n                \/>\n            <\/a>\n        <\/div>\n\t\t\t\t\t\t\t<\/div> \n\t\t\t\n\t\t\t\t<div id=\"ngg-image-21\" class=\"ngg-gallery-thumbnail-box \" >\n\t\t\t\t        <div class=\"ngg-gallery-thumbnail\">\n            <a href=\"https:\/\/old.atletikaolomouc.cz\/wp-content\/gallery\/2022-20-rocnik-hanackeho-pulmaratonu\/DSC_9466-VC-Pulmaraton-2022-c.-4-Cizmar.jpg\"\n               title=\"\"\n               data-src=\"https:\/\/old.atletikaolomouc.cz\/wp-content\/gallery\/2022-20-rocnik-hanackeho-pulmaratonu\/DSC_9466-VC-Pulmaraton-2022-c.-4-Cizmar.jpg\"\n               data-thumbnail=\"https:\/\/old.atletikaolomouc.cz\/wp-content\/gallery\/2022-20-rocnik-hanackeho-pulmaratonu\/thumbs\/thumbs_DSC_9466-VC-Pulmaraton-2022-c.-4-Cizmar.jpg\"\n               data-image-id=\"16983\"\n               data-title=\"DSC_9466-VC-Pulmaraton-2022-c.-4-Cizmar\"\n               data-description=\"\"\n               data-image-slug=\"dsc_9466-vc-pulmaraton-2022-c-4-cizmar\"\n               class=\"ngg-simplelightbox\" rel=\"31b25f12fad47cfba3786c22a900bbc0\">\n                <img\n                    title=\"DSC_9466-VC-Pulmaraton-2022-c.-4-Cizmar\"\n                    alt=\"DSC_9466-VC-Pulmaraton-2022-c.-4-Cizmar\"\n                    src=\"https:\/\/old.atletikaolomouc.cz\/wp-content\/gallery\/2022-20-rocnik-hanackeho-pulmaratonu\/thumbs\/thumbs_DSC_9466-VC-Pulmaraton-2022-c.-4-Cizmar.jpg\"\n                    width=\"240\"\n                    height=\"160\"\n                    style=\"max-width:100%;\"\n                \/>\n            <\/a>\n        <\/div>\n\t\t\t\t\t\t\t<\/div> \n\t\t\t\n\t\t\t\t<div id=\"ngg-image-22\" class=\"ngg-gallery-thumbnail-box \" >\n\t\t\t\t        <div class=\"ngg-gallery-thumbnail\">\n            <a href=\"https:\/\/old.atletikaolomouc.cz\/wp-content\/gallery\/2022-20-rocnik-hanackeho-pulmaratonu\/DSC_9467-VC-Pulmaraton-2022-c.-56-Barborak.jpg\"\n               title=\"\"\n               data-src=\"https:\/\/old.atletikaolomouc.cz\/wp-content\/gallery\/2022-20-rocnik-hanackeho-pulmaratonu\/DSC_9467-VC-Pulmaraton-2022-c.-56-Barborak.jpg\"\n               data-thumbnail=\"https:\/\/old.atletikaolomouc.cz\/wp-content\/gallery\/2022-20-rocnik-hanackeho-pulmaratonu\/thumbs\/thumbs_DSC_9467-VC-Pulmaraton-2022-c.-56-Barborak.jpg\"\n               data-image-id=\"16984\"\n               data-title=\"DSC_9467-VC-Pulmaraton-2022-c.-56-Barborak\"\n               data-description=\"\"\n               data-image-slug=\"dsc_9467-vc-pulmaraton-2022-c-56-barborak\"\n               class=\"ngg-simplelightbox\" rel=\"31b25f12fad47cfba3786c22a900bbc0\">\n                <img\n                    title=\"DSC_9467-VC-Pulmaraton-2022-c.-56-Barborak\"\n                    alt=\"DSC_9467-VC-Pulmaraton-2022-c.-56-Barborak\"\n                    src=\"https:\/\/old.atletikaolomouc.cz\/wp-content\/gallery\/2022-20-rocnik-hanackeho-pulmaratonu\/thumbs\/thumbs_DSC_9467-VC-Pulmaraton-2022-c.-56-Barborak.jpg\"\n                    width=\"240\"\n                    height=\"160\"\n                    style=\"max-width:100%;\"\n                \/>\n            <\/a>\n        <\/div>\n\t\t\t\t\t\t\t<\/div> \n\t\t\t\n\t\t\t\t<div id=\"ngg-image-23\" class=\"ngg-gallery-thumbnail-box \" >\n\t\t\t\t        <div class=\"ngg-gallery-thumbnail\">\n            <a href=\"https:\/\/old.atletikaolomouc.cz\/wp-content\/gallery\/2022-20-rocnik-hanackeho-pulmaratonu\/DSC_9468-VC-Pulmaraton-2022.jpg\"\n               title=\"\"\n               data-src=\"https:\/\/old.atletikaolomouc.cz\/wp-content\/gallery\/2022-20-rocnik-hanackeho-pulmaratonu\/DSC_9468-VC-Pulmaraton-2022.jpg\"\n               data-thumbnail=\"https:\/\/old.atletikaolomouc.cz\/wp-content\/gallery\/2022-20-rocnik-hanackeho-pulmaratonu\/thumbs\/thumbs_DSC_9468-VC-Pulmaraton-2022.jpg\"\n               data-image-id=\"16985\"\n               data-title=\"DSC_9468-VC-Pulmaraton-2022\"\n               data-description=\"\"\n               data-image-slug=\"dsc_9468-vc-pulmaraton-2022\"\n               class=\"ngg-simplelightbox\" rel=\"31b25f12fad47cfba3786c22a900bbc0\">\n                <img\n                    title=\"DSC_9468-VC-Pulmaraton-2022\"\n                    alt=\"DSC_9468-VC-Pulmaraton-2022\"\n                    src=\"https:\/\/old.atletikaolomouc.cz\/wp-content\/gallery\/2022-20-rocnik-hanackeho-pulmaratonu\/thumbs\/thumbs_DSC_9468-VC-Pulmaraton-2022.jpg\"\n                    width=\"240\"\n                    height=\"160\"\n                    style=\"max-width:100%;\"\n                \/>\n            <\/a>\n        <\/div>\n\t\t\t\t\t\t\t<\/div> \n\t\t\t\n\t\n\t<br style=\"clear: both\" \/>\n\n\t\n\t\t<!-- Pagination -->\n\t<div class='ngg-navigation'><span class='current'>1<\/span>\n<a class='page-numbers' data-pageid='2' href='https:\/\/old.atletikaolomouc.cz\/index.php\/nggallery\/page\/2?p=33615'>2<\/a>\n<a class='page-numbers' data-pageid='3' href='https:\/\/old.atletikaolomouc.cz\/index.php\/nggallery\/page\/3?p=33615'>3<\/a>\n<a class='prev' href='https:\/\/old.atletikaolomouc.cz\/index.php\/nggallery\/page\/2?p=33615' data-pageid=2>&#9658;<\/a><\/div>\t<\/div>\n\n","protected":false},"excerpt":{"rendered":"<p>V sobotu 23.4.2022 se v Olomouci konal 20. ro\u010dn\u00edk Han\u00e1ck\u00e9ho p\u016flmaratonu.&nbsp; &nbsp; &nbsp;<\/p>\n","protected":false},"author":4,"featured_media":0,"comment_status":"closed","ping_status":"closed","sticky":false,"template":"","format":"standard","meta":{"ngg_post_thumbnail":0},"categories":[5,66],"tags":[],"_links":{"self":[{"href":"https:\/\/old.atletikaolomouc.cz\/index.php?rest_route=\/wp\/v2\/posts\/33615"}],"collection":[{"href":"https:\/\/old.atletikaolomouc.cz\/index.php?rest_route=\/wp\/v2\/posts"}],"about":[{"href":"https:\/\/old.atletikaolomouc.cz\/index.php?rest_route=\/wp\/v2\/types\/post"}],"author":[{"embeddable":true,"href":"https:\/\/old.atletikaolomouc.cz\/index.php?rest_route=\/wp\/v2\/users\/4"}],"replies":[{"embeddable":true,"href":"https:\/\/old.atletikaolomouc.cz\/index.php?rest_route=%2Fwp%2Fv2%2Fcomments&post=33615"}],"version-history":[{"count":1,"href":"https:\/\/old.atletikaolomouc.cz\/index.php?rest_route=\/wp\/v2\/posts\/33615\/revisions"}],"predecessor-version":[{"id":33617,"href":"https:\/\/old.atletikaolomouc.cz\/index.php?rest_route=\/wp\/v2\/posts\/33615\/revisions\/33617"}],"wp:attachment":[{"href":"https:\/\/old.atletikaolomouc.cz\/index.php?rest_route=%2Fwp%2Fv2%2Fmedia&parent=33615"}],"wp:term":[{"taxonomy":"category","embeddable":true,"href":"https:\/\/old.atletikaolomouc.cz\/index.php?rest_route=%2Fwp%2Fv2%2Fcategories&post=33615"},{"taxonomy":"post_tag","embeddable":true,"href":"https:\/\/old.atletikaolomouc.cz\/index.php?rest_route=%2Fwp%2Fv2%2Ftags&post=33615"}],"curies":[{"name":"wp","href":"https:\/\/api.w.org\/{rel}","templated":true}]}}