{"id":33622,"date":"2022-04-28T14:57:53","date_gmt":"2022-04-28T12:57:53","guid":{"rendered":"https:\/\/www.atletikaolomouc.cz\/?p=33622"},"modified":"2022-05-06T09:51:48","modified_gmt":"2022-05-06T07:51:48","slug":"croatia-open-2022","status":"publish","type":"post","link":"https:\/\/old.atletikaolomouc.cz\/?p=33622","title":{"rendered":"Croatia Open 2022"},"content":{"rendered":"<p style=\"text-align: justify;\">Z\u00e1vody v chorvatsk\u00e9 Pule v term\u00ednu 23. a 24.4.2022 byly prvn\u00edmi leto\u0161n\u00edmi z\u00e1vody pro Michala Rottera<!--more--><\/p>\n<div id=\"attachment_33626\" style=\"width: 389px\" class=\"wp-caption aligncenter\"><a href=\"https:\/\/www.atletikaolomouc.cz\/wp-content\/uploads\/2022\/04\/Rotter_Pula_22.jpg\"><img aria-describedby=\"caption-attachment-33626\" decoding=\"async\" loading=\"lazy\" class=\"wp-image-33626\" src=\"https:\/\/www.atletikaolomouc.cz\/wp-content\/uploads\/2022\/04\/Rotter_Pula_22.jpg\" alt=\"\" width=\"379\" height=\"213\" srcset=\"https:\/\/old.atletikaolomouc.cz\/wp-content\/uploads\/2022\/04\/Rotter_Pula_22.jpg 1600w, https:\/\/old.atletikaolomouc.cz\/wp-content\/uploads\/2022\/04\/Rotter_Pula_22-300x169.jpg 300w, https:\/\/old.atletikaolomouc.cz\/wp-content\/uploads\/2022\/04\/Rotter_Pula_22-768x432.jpg 768w, https:\/\/old.atletikaolomouc.cz\/wp-content\/uploads\/2022\/04\/Rotter_Pula_22-800x450.jpg 800w\" sizes=\"(max-width: 379px) 100vw, 379px\" \/><\/a><p id=\"caption-attachment-33626\" class=\"wp-caption-text\">Michal Rotter<\/p><\/div>\n<p style=\"text-align: justify;\">Do p\u0159\u00edmo\u0159sk\u00e9ho m\u011bsta Pula v Chorvatsku se dorazilo \u0161est st\u00e1t\u016f&nbsp;(Slovinsko, Montenegro, Bosna a Hercegovina a dal\u0161\u00ed) na 25. ro\u010dn\u00edk otev\u0159en\u00fdch z\u00e1vod\u016f v paraatletice. Celkov\u00fd po\u010det startovn\u00edho pole \u010d\u00edtal p\u0159es sto sout\u011b\u017e\u00edc\u00edch.<\/p>\n<p style=\"text-align: justify;\">Michal v Chorvatsku z\u00e1vodil ve t\u0159ech discipl\u00edn\u00e1ch (kouli, o\u0161t\u011bpu a disku).&nbsp;<br \/>\nV hodu o\u0161t\u011bpem v\u00fdkonem 18,61 obsadil bronzovou p\u0159\u00ed\u010dku ve slou\u010den\u00e9 kategorii (F-33-34-54-57).<br \/>\nSout\u011b\u017e v hodu diskem byla po\u0159adatelem tak\u00e9 slou\u010dena, ale velice dobr\u00fdm v\u00fdkonem 21,82 se Michal do za\u010d\u00e1tku sez\u00f3ny vyhoupl na \u0161est\u00e9 m\u00edsto.<br \/>\nVrh koul\u00ed byla posledn\u00ed discipl\u00edna, vrh dlouh\u00fd 6,25 zaru\u010dil na\u0161emu z\u00e1vodn\u00edkovi st\u0159\u00edbrnou medaili.<br \/>\nK v\u00fdsledk\u016fm gratulujeme a p\u0159ejeme hodn\u011b sil a \u0161t\u011bst\u00ed do nadch\u00e1zej\u00edc\u00ed sez\u00f3ny.<\/p>\n<p style=\"text-align: justify;\">Do&nbsp;celkov\u00fdch v\u00fdsledk\u016f m\u016f\u017eete nahl\u00e9dnout <a href=\"https:\/\/www.atletikaolomouc.cz\/wp-content\/uploads\/2022\/04\/Celkov\u00e9_v\u00fdsledky_Coratia_Open22.pdf\">zde<\/a>.<\/p>\n","protected":false},"excerpt":{"rendered":"<p>Z\u00e1vody v chorvatsk\u00e9 Pule v term\u00ednu 23. a 24.4.2022 byly prvn\u00edmi leto\u0161n\u00edmi z\u00e1vody pro Michala Rottera<\/p>\n","protected":false},"author":17,"featured_media":0,"comment_status":"closed","ping_status":"closed","sticky":false,"template":"","format":"standard","meta":{"ngg_post_thumbnail":0},"categories":[5,48],"tags":[],"_links":{"self":[{"href":"https:\/\/old.atletikaolomouc.cz\/index.php?rest_route=\/wp\/v2\/posts\/33622"}],"collection":[{"href":"https:\/\/old.atletikaolomouc.cz\/index.php?rest_route=\/wp\/v2\/posts"}],"about":[{"href":"https:\/\/old.atletikaolomouc.cz\/index.php?rest_route=\/wp\/v2\/types\/post"}],"author":[{"embeddable":true,"href":"https:\/\/old.atletikaolomouc.cz\/index.php?rest_route=\/wp\/v2\/users\/17"}],"replies":[{"embeddable":true,"href":"https:\/\/old.atletikaolomouc.cz\/index.php?rest_route=%2Fwp%2Fv2%2Fcomments&post=33622"}],"version-history":[{"count":4,"href":"https:\/\/old.atletikaolomouc.cz\/index.php?rest_route=\/wp\/v2\/posts\/33622\/revisions"}],"predecessor-version":[{"id":33632,"href":"https:\/\/old.atletikaolomouc.cz\/index.php?rest_route=\/wp\/v2\/posts\/33622\/revisions\/33632"}],"wp:attachment":[{"href":"https:\/\/old.atletikaolomouc.cz\/index.php?rest_route=%2Fwp%2Fv2%2Fmedia&parent=33622"}],"wp:term":[{"taxonomy":"category","embeddable":true,"href":"https:\/\/old.atletikaolomouc.cz\/index.php?rest_route=%2Fwp%2Fv2%2Fcategories&post=33622"},{"taxonomy":"post_tag","embeddable":true,"href":"https:\/\/old.atletikaolomouc.cz\/index.php?rest_route=%2Fwp%2Fv2%2Ftags&post=33622"}],"curies":[{"name":"wp","href":"https:\/\/api.w.org\/{rel}","templated":true}]}}