{"id":33640,"date":"2022-05-05T12:07:35","date_gmt":"2022-05-05T10:07:35","guid":{"rendered":"https:\/\/www.atletikaolomouc.cz\/?p=33640"},"modified":"2022-05-05T12:07:35","modified_gmt":"2022-05-05T10:07:35","slug":"velka-cena-pardubic-2022","status":"publish","type":"post","link":"https:\/\/old.atletikaolomouc.cz\/?p=33640","title":{"rendered":"Velk\u00e1 cena Pardubic 2022"},"content":{"rendered":"<p style=\"text-align: justify;\">Prvn\u00ed kv\u011btnovou ned\u011ble hostil Pardubick\u00fd klub ji\u017e 25.ro\u010dn\u00edk Velk\u00e9 ceny v paraatletice<!--more--><\/p>\n<p style=\"text-align: left;\">Celkem 130 z\u00e1vodn\u00edk\u016f se potkalo na Velk\u00e9 cen\u011b Pardubic.<br \/>\nZ olomouck\u00fdch atlet\u016f na z\u00e1vodech bojovali Lenka Hornov\u00e1, Jaroslav Str\u00e1nsk\u00fd, Michal Rotter, Du\u0161an \u0160\u010dambura, Martin Kukla a Jan Mo\u0161t\u011bk.<\/p>\n<p style=\"text-align: justify;\">Lenka v hodu diskem p\u0159edvedla v\u00fdkon 24,44 a brala st\u0159\u00edbro, v o\u0161t\u011bpu byla sama p\u0159ekvapen\u00e1, kdy\u017e j\u00ed o\u0161t\u011bp dol\u00e9tl na metu 27,06 a z\u00edskala zlato, ve vrhu koul\u00ed pak kouli poslala za osmi metrovou hranici &#8211; 8,59.<br \/>\nJarda z\u00e1vodil ve vrhu koul\u00ed &#8211; 7,58, letos u\u017e poslal kouli i d\u00e1l. S v\u00fdkonem byl spokojen a techniku piluje na dal\u0161\u00ed z\u00e1vody.<br \/>\nMichal s Du\u0161anem z\u00e1vodili oba ve t\u0159ech discipl\u00edn\u00e1ch, hodu diskem, o\u0161t\u011bpem a vrhu koul\u00ed. Michal byl bronzov\u00fd v hodu o\u0161t\u011bpem v\u00fdkonem 19,22. Ov\u0161em sv\u00e9ho se do\u010dkal v z\u00e1vodu hodu diskem, kdy v\u00fdkonem 22,22 posunul sv\u016fj osob\u00e1k- gratulace!<br \/>\nDu\u0161an st\u0159\u00edbrn\u00fd v hodu o\u0161t\u011bpem 22,79 a 2x bronzov\u00fd ve vrhu koul\u00ed &#8211; 8,06 a v hodu diskem &#8211; 23,84.<br \/>\nMartin se rozhodl startovat tak\u00e9 ve v\u0161ech t\u0159ech discipl\u00edn\u00e1ch, z\u00e1vodil v hodu diskem &#8211; 22,78, o\u0161t\u011bpem &#8211; 31,27 st\u0159\u00edbro a vrhu koul\u00ed &#8211; 9,69.<br \/>\nHonza z\u00e1vodil v b\u011bhu na 100m &#8211; 13,88 a 200m &#8211; 28,13 v obou b\u011bz\u00edch z\u00edskal zlatou medaili.<\/p>\n<p>V\u0161em z\u00e1vodn\u00edk\u016fm gratulujeme a p\u0159ejeme \u00fasp\u011bchy do dal\u0161\u00edch z\u00e1vod\u016f.<\/p>\n<p style=\"text-align: justify;\">Celkov\u00e9 v\u00fdsledky <a href=\"https:\/\/www.atletikaolomouc.cz\/wp-content\/uploads\/2022\/05\/vysledky-2.pdf\">zde<\/a>.<\/p>\n","protected":false},"excerpt":{"rendered":"<p>Prvn\u00ed kv\u011btnovou ned\u011ble hostil Pardubick\u00fd klub ji\u017e 25.ro\u010dn\u00edk Velk\u00e9 ceny v paraatletice<\/p>\n","protected":false},"author":17,"featured_media":0,"comment_status":"closed","ping_status":"closed","sticky":false,"template":"","format":"standard","meta":{"ngg_post_thumbnail":0},"categories":[5,48],"tags":[],"_links":{"self":[{"href":"https:\/\/old.atletikaolomouc.cz\/index.php?rest_route=\/wp\/v2\/posts\/33640"}],"collection":[{"href":"https:\/\/old.atletikaolomouc.cz\/index.php?rest_route=\/wp\/v2\/posts"}],"about":[{"href":"https:\/\/old.atletikaolomouc.cz\/index.php?rest_route=\/wp\/v2\/types\/post"}],"author":[{"embeddable":true,"href":"https:\/\/old.atletikaolomouc.cz\/index.php?rest_route=\/wp\/v2\/users\/17"}],"replies":[{"embeddable":true,"href":"https:\/\/old.atletikaolomouc.cz\/index.php?rest_route=%2Fwp%2Fv2%2Fcomments&post=33640"}],"version-history":[{"count":1,"href":"https:\/\/old.atletikaolomouc.cz\/index.php?rest_route=\/wp\/v2\/posts\/33640\/revisions"}],"predecessor-version":[{"id":33655,"href":"https:\/\/old.atletikaolomouc.cz\/index.php?rest_route=\/wp\/v2\/posts\/33640\/revisions\/33655"}],"wp:attachment":[{"href":"https:\/\/old.atletikaolomouc.cz\/index.php?rest_route=%2Fwp%2Fv2%2Fmedia&parent=33640"}],"wp:term":[{"taxonomy":"category","embeddable":true,"href":"https:\/\/old.atletikaolomouc.cz\/index.php?rest_route=%2Fwp%2Fv2%2Fcategories&post=33640"},{"taxonomy":"post_tag","embeddable":true,"href":"https:\/\/old.atletikaolomouc.cz\/index.php?rest_route=%2Fwp%2Fv2%2Ftags&post=33640"}],"curies":[{"name":"wp","href":"https:\/\/api.w.org\/{rel}","templated":true}]}}