{"id":33660,"date":"2022-05-09T13:57:37","date_gmt":"2022-05-09T11:57:37","guid":{"rendered":"https:\/\/www.atletikaolomouc.cz\/?p=33660"},"modified":"2022-05-12T13:07:25","modified_gmt":"2022-05-12T11:07:25","slug":"cesky-pohar-vozickaru-olomouc-7-5-2022","status":"publish","type":"post","link":"https:\/\/old.atletikaolomouc.cz\/?p=33660","title":{"rendered":"\u010cesk\u00fd poh\u00e1r voz\u00ed\u010dk\u00e1\u0159\u016f &#8211; Olomouc 7.5.2022"},"content":{"rendered":"<p style=\"text-align: justify;\">\u010cesk\u00fd poh\u00e1r Atletiky \u010cATHS, I.Kolo 7.5.2022 Olomouc<!--more--><\/p>\n<div id=\"attachment_33661\" style=\"width: 385px\" class=\"wp-caption aligncenter\"><a href=\"https:\/\/www.atletikaolomouc.cz\/wp-content\/uploads\/2022\/05\/IDE07368.jpg\"><img aria-describedby=\"caption-attachment-33661\" decoding=\"async\" loading=\"lazy\" class=\"wp-image-33661\" src=\"https:\/\/www.atletikaolomouc.cz\/wp-content\/uploads\/2022\/05\/IDE07368.jpg\" alt=\"\" width=\"375\" height=\"265\" srcset=\"https:\/\/old.atletikaolomouc.cz\/wp-content\/uploads\/2022\/05\/IDE07368.jpg 4264w, https:\/\/old.atletikaolomouc.cz\/wp-content\/uploads\/2022\/05\/IDE07368-300x212.jpg 300w, https:\/\/old.atletikaolomouc.cz\/wp-content\/uploads\/2022\/05\/IDE07368-768x543.jpg 768w, https:\/\/old.atletikaolomouc.cz\/wp-content\/uploads\/2022\/05\/IDE07368-800x566.jpg 800w\" sizes=\"(max-width: 375px) 100vw, 375px\" \/><\/a><p id=\"caption-attachment-33661\" class=\"wp-caption-text\">\u010cesk\u00fd poh\u00e1r &#8211; Olomouc 7.5.2022<\/p><\/div>\n<p style=\"text-align: justify;\">Druhou kv\u011btnou sobotu, byl v Olomouci zah\u00e1jen tradi\u010dn\u00ed \u010cesk\u00fd poh\u00e1r Atletiky \u010cATHS. I p\u0159esto, \u017ee bylo po\u010das\u00ed prom\u011bnliv\u00e9, tak se \u00fa\u010dastn\u00edk\u016fm da\u0159ilo. Mezi \u017eenami si nejl\u00e9pe vedla dom\u00e1c\u00ed z\u00e1vodnice Eva Kacanu. Tak\u00e9 dal\u0161\u00ed z\u00e1vodnici Ad\u00e9le Sekyrov\u00e9 se prvn\u00ed leto\u0161n\u00ed z\u00e1vod poda\u0159il, vybojovala zlato v hodu ku\u017eelkou a bronz v hodu diskem. Velmi dob\u0159e vstoupila do sez\u00f3ny tak\u00e9 Eva Kvapilov\u00e1, kter\u00e1 v hodu ku\u017eelkou vybojovala st\u0159\u00edbro.<br \/>\nMezi mu\u017ei si nejl\u00e9pe vedl Du\u0161an \u0160\u010dambura, kter\u00fd z\u00edskal zlato v hodu o\u0161t\u011bpem a bronz v hodu diskem, p\u011bkn\u00e9 v\u00fdkony p\u0159edvedli i Luk\u00e1\u0161 Kunc a Jarda Str\u00e1nsk\u00fd.<br \/>\nPremi\u00e9ru v z\u00e1vodech m\u011bl nov\u00e1\u010dek Luk\u00e1\u0161 Studen\u00fd v hodu diskem a vrhu koul\u00ed.&nbsp;<\/p>\n<p style=\"text-align: justify;\">Soub\u011b\u017en\u011b se z\u00e1vodem dosp\u011bl\u00fdch, prob\u011bhlo I. Kolo Juniorsk\u00e9ho poh\u00e1rku 2022 v hodu m\u00ed\u010dkem a raketkou.<br \/>\nSt\u0159\u00edbro vybojovala Karol\u00edna Stratilov\u00e1 a bronz Nat\u00e1lie R\u016f\u017ei\u010dkov\u00e1. Mezi chlapci si nejl\u00e9pe vedl Martin P\u0159ichystal, kter\u00fd si vyh\u00e1zel zlato a n\u00e1\u0161 nejmlad\u0161\u00ed z\u00e1vodn\u00edk Mikul\u00e1\u0161 Rak vybojoval bronz.<br \/>\nV\u00fdsledky poh\u00e1rku naleznete <a href=\"https:\/\/www.atletikaolomouc.cz\/wp-content\/uploads\/2022\/05\/v\u00fdsledky-na-web-8.5.1-1.pdf\">zde<\/a>.<\/p>\n<div style=\"text-align: justify;\">Prob\u011bhl tak\u00e9 vlo\u017een\u00fd z\u00e1vod d\u011bt\u00ed v hodu raketkou, kde si nejl\u00e9pe vedl Tobi\u00e1\u0161 Rak, druh\u00e9 m\u00edsto z\u00edskala jedin\u00e1 d\u00edvka Jana Marcan\u00edkov\u00e1 a t\u0159et\u00ed m\u00edsto vybojoval Maty\u00e1\u0161 Rak a t\u011bsn\u011b na \u010dtvrt\u00e9m m\u00edst\u011b skon\u010dil teprve \u010dty\u0159let\u00fd a t\u00edm&nbsp; tak\u00e9 nejmlad\u0161\u00ed \u00fa\u010dastn\u00edk Maty\u00e1\u0161 Mach.<\/div>\n<div>&nbsp;<\/div>\n<div>Kompletn\u00ed v\u00fdsledky naleznete <a href=\"https:\/\/www.atletikaolomouc.cz\/wp-content\/uploads\/2022\/05\/v\u00fdsledky-8.5.-1.pdf\">zde<\/a>.<\/div>\n<div>&nbsp;<\/div>\n<div>\n<div style=\"text-align: justify;\"><em>V\u0161em gratulujeme a d\u011bkujeme za skv\u011bl\u00e9 v\u00fdkony.&nbsp;<\/em><\/div>\n<\/div>\n<div>&nbsp;<\/div>\n<div>\n<div style=\"text-align: justify;\">Velk\u00e9 pod\u011bkov\u00e1n\u00ed za pomoc p\u0159i zaji\u0161t\u011bn\u00ed hladk\u00e9ho pr\u016fb\u011bhu z\u00e1vod\u016f pat\u0159\u00ed p\u0159\u00edslu\u0161n\u00edk\u016fm&nbsp; A\u010cR, 153 \u017epr pod veden\u00edm kpt.Mgr.Dany V\u00e1clav\u00edkov\u00e9, vedouc\u00ed komunitn\u00edho centra pro v\u00e1le\u010dn\u00e9 veter\u00e1ny. Pod\u011bkov\u00e1n\u00ed pat\u0159\u00ed tak\u00e9 fotografovi Ing. Pavlu V\u00e1clav\u00edkovi.&nbsp;<\/div>\n<\/div>\n","protected":false},"excerpt":{"rendered":"<p>\u010cesk\u00fd poh\u00e1r Atletiky \u010cATHS, I.Kolo 7.5.2022 Olomouc<\/p>\n","protected":false},"author":17,"featured_media":33665,"comment_status":"closed","ping_status":"closed","sticky":false,"template":"","format":"standard","meta":{"ngg_post_thumbnail":0},"categories":[5,48],"tags":[],"_links":{"self":[{"href":"https:\/\/old.atletikaolomouc.cz\/index.php?rest_route=\/wp\/v2\/posts\/33660"}],"collection":[{"href":"https:\/\/old.atletikaolomouc.cz\/index.php?rest_route=\/wp\/v2\/posts"}],"about":[{"href":"https:\/\/old.atletikaolomouc.cz\/index.php?rest_route=\/wp\/v2\/types\/post"}],"author":[{"embeddable":true,"href":"https:\/\/old.atletikaolomouc.cz\/index.php?rest_route=\/wp\/v2\/users\/17"}],"replies":[{"embeddable":true,"href":"https:\/\/old.atletikaolomouc.cz\/index.php?rest_route=%2Fwp%2Fv2%2Fcomments&post=33660"}],"version-history":[{"count":4,"href":"https:\/\/old.atletikaolomouc.cz\/index.php?rest_route=\/wp\/v2\/posts\/33660\/revisions"}],"predecessor-version":[{"id":33783,"href":"https:\/\/old.atletikaolomouc.cz\/index.php?rest_route=\/wp\/v2\/posts\/33660\/revisions\/33783"}],"wp:featuredmedia":[{"embeddable":true,"href":"https:\/\/old.atletikaolomouc.cz\/index.php?rest_route=\/wp\/v2\/media\/33665"}],"wp:attachment":[{"href":"https:\/\/old.atletikaolomouc.cz\/index.php?rest_route=%2Fwp%2Fv2%2Fmedia&parent=33660"}],"wp:term":[{"taxonomy":"category","embeddable":true,"href":"https:\/\/old.atletikaolomouc.cz\/index.php?rest_route=%2Fwp%2Fv2%2Fcategories&post=33660"},{"taxonomy":"post_tag","embeddable":true,"href":"https:\/\/old.atletikaolomouc.cz\/index.php?rest_route=%2Fwp%2Fv2%2Ftags&post=33660"}],"curies":[{"name":"wp","href":"https:\/\/api.w.org\/{rel}","templated":true}]}}