{"id":33677,"date":"2022-05-11T14:27:57","date_gmt":"2022-05-11T12:27:57","guid":{"rendered":"https:\/\/www.atletikaolomouc.cz\/?p=33677"},"modified":"2022-05-11T14:27:57","modified_gmt":"2022-05-11T12:27:57","slug":"world-para-athletics-grand-prix-2022-jesolo-italy","status":"publish","type":"post","link":"https:\/\/old.atletikaolomouc.cz\/?p=33677","title":{"rendered":"World para athletics Grand Prix 2022, Jesolo &#8211; Italy"},"content":{"rendered":"<p style=\"text-align: justify;\">V italsk\u00e9m m\u011bst\u011b Jesolo prob\u011bhlo 6.-.8.5.2022 Grand prix<!--more--><\/p>\n<p style=\"text-align: justify;\">Michal Rotter byl jedin\u00fdm reprezentantem z Olomouce, kter\u00fd se z\u00e1vod\u016f v It\u00e1lii \u00fa\u010dastnil.<br \/>\nSv\u00e9 s\u00edly zm\u011b\u0159il v z\u00e1vod\u011b ve vrhnu koul\u00ed a hodu diskem se z\u00e1vodn\u00edky z It\u00e1lie, \u010di Indie.<br \/>\nVe vrhu koul\u00ed Michal poslal kouli do vzd\u00e1lenosti 6,67, p\u0159ekonal tak druh\u00e9ho Itala Romana o v\u00edce ne\u017e 40cm a bral zlatou medaili.<br \/>\nDuhou zlatou si vyh\u00e1zel v hodu diskem, kdy o p\u00e1r centimetr\u016f p\u0159ehodil Inda Sudhira.<\/p>\n<p style=\"text-align: justify;\">K dvojn\u00e1sobn\u00e9mu zlatu Michalovi gratulujeme a p\u0159ejeme \u00fasp\u011bchy do dal\u0161\u00edch z\u00e1vod\u016f.<\/p>\n<p style=\"text-align: justify;\">V\u00fdsledky ve vrhu koul\u00ed naleznete <a href=\"http:\/\/www.fidalservizi.it\/risultati\/2022\/Jesolo_2022\/Risultati\/GaraM55.html\">zde<\/a>.<br \/>\nV\u00fdsledky v hodu diskem naleznete <a href=\"http:\/\/www.fidalservizi.it\/risultati\/2022\/Jesolo_2022\/Risultati\/GaraN55.html\">zde<\/a>.<\/p>\n","protected":false},"excerpt":{"rendered":"<p>V italsk\u00e9m m\u011bst\u011b Jesolo prob\u011bhlo 6.-.8.5.2022 Grand prix<\/p>\n","protected":false},"author":17,"featured_media":33681,"comment_status":"closed","ping_status":"closed","sticky":false,"template":"","format":"standard","meta":{"ngg_post_thumbnail":0},"categories":[5,48],"tags":[],"_links":{"self":[{"href":"https:\/\/old.atletikaolomouc.cz\/index.php?rest_route=\/wp\/v2\/posts\/33677"}],"collection":[{"href":"https:\/\/old.atletikaolomouc.cz\/index.php?rest_route=\/wp\/v2\/posts"}],"about":[{"href":"https:\/\/old.atletikaolomouc.cz\/index.php?rest_route=\/wp\/v2\/types\/post"}],"author":[{"embeddable":true,"href":"https:\/\/old.atletikaolomouc.cz\/index.php?rest_route=\/wp\/v2\/users\/17"}],"replies":[{"embeddable":true,"href":"https:\/\/old.atletikaolomouc.cz\/index.php?rest_route=%2Fwp%2Fv2%2Fcomments&post=33677"}],"version-history":[{"count":1,"href":"https:\/\/old.atletikaolomouc.cz\/index.php?rest_route=\/wp\/v2\/posts\/33677\/revisions"}],"predecessor-version":[{"id":33682,"href":"https:\/\/old.atletikaolomouc.cz\/index.php?rest_route=\/wp\/v2\/posts\/33677\/revisions\/33682"}],"wp:featuredmedia":[{"embeddable":true,"href":"https:\/\/old.atletikaolomouc.cz\/index.php?rest_route=\/wp\/v2\/media\/33681"}],"wp:attachment":[{"href":"https:\/\/old.atletikaolomouc.cz\/index.php?rest_route=%2Fwp%2Fv2%2Fmedia&parent=33677"}],"wp:term":[{"taxonomy":"category","embeddable":true,"href":"https:\/\/old.atletikaolomouc.cz\/index.php?rest_route=%2Fwp%2Fv2%2Fcategories&post=33677"},{"taxonomy":"post_tag","embeddable":true,"href":"https:\/\/old.atletikaolomouc.cz\/index.php?rest_route=%2Fwp%2Fv2%2Ftags&post=33677"}],"curies":[{"name":"wp","href":"https:\/\/api.w.org\/{rel}","templated":true}]}}