{"id":33802,"date":"2022-05-18T11:09:46","date_gmt":"2022-05-18T09:09:46","guid":{"rendered":"https:\/\/www.atletikaolomouc.cz\/?p=33802"},"modified":"2022-05-18T11:09:46","modified_gmt":"2022-05-18T09:09:46","slug":"skvely-michal-hroch-na-1500-m","status":"publish","type":"post","link":"https:\/\/old.atletikaolomouc.cz\/?p=33802","title":{"rendered":"Skv\u011bl\u00fd Michal Hroch na 1500 m"},"content":{"rendered":"<p>Olomouck\u00fd st\u0159edotra\u0165a\u0159 <strong>Michal Hroch<\/strong> v ned\u011bli v Ostrav\u011b 15. kv\u011btna zab\u011bhl na 1500m \u010das 3:51.16 min, \u010d\u00edm\u017e vytvo\u0159il nov\u00fd odd\u00edlov\u00fd a tak\u00e9 krajsk\u00fd rekord&nbsp; v kategorii junior\u016f. Gratulujeme<\/p>\n","protected":false},"excerpt":{"rendered":"<p>Olomouck\u00fd st\u0159edotra\u0165a\u0159 Michal Hroch v ned\u011bli v Ostrav\u011b 15. kv\u011btna zab\u011bhl na 1500m \u010das 3:51.16 min, \u010d\u00edm\u017e vytvo\u0159il nov\u00fd odd\u00edlov\u00fd a tak\u00e9 krajsk\u00fd rekord&nbsp; v kategorii junior\u016f. Gratulujeme<\/p>\n","protected":false},"author":4,"featured_media":33804,"comment_status":"closed","ping_status":"closed","sticky":false,"template":"","format":"standard","meta":{"ngg_post_thumbnail":0},"categories":[5],"tags":[],"_links":{"self":[{"href":"https:\/\/old.atletikaolomouc.cz\/index.php?rest_route=\/wp\/v2\/posts\/33802"}],"collection":[{"href":"https:\/\/old.atletikaolomouc.cz\/index.php?rest_route=\/wp\/v2\/posts"}],"about":[{"href":"https:\/\/old.atletikaolomouc.cz\/index.php?rest_route=\/wp\/v2\/types\/post"}],"author":[{"embeddable":true,"href":"https:\/\/old.atletikaolomouc.cz\/index.php?rest_route=\/wp\/v2\/users\/4"}],"replies":[{"embeddable":true,"href":"https:\/\/old.atletikaolomouc.cz\/index.php?rest_route=%2Fwp%2Fv2%2Fcomments&post=33802"}],"version-history":[{"count":1,"href":"https:\/\/old.atletikaolomouc.cz\/index.php?rest_route=\/wp\/v2\/posts\/33802\/revisions"}],"predecessor-version":[{"id":33803,"href":"https:\/\/old.atletikaolomouc.cz\/index.php?rest_route=\/wp\/v2\/posts\/33802\/revisions\/33803"}],"wp:featuredmedia":[{"embeddable":true,"href":"https:\/\/old.atletikaolomouc.cz\/index.php?rest_route=\/wp\/v2\/media\/33804"}],"wp:attachment":[{"href":"https:\/\/old.atletikaolomouc.cz\/index.php?rest_route=%2Fwp%2Fv2%2Fmedia&parent=33802"}],"wp:term":[{"taxonomy":"category","embeddable":true,"href":"https:\/\/old.atletikaolomouc.cz\/index.php?rest_route=%2Fwp%2Fv2%2Fcategories&post=33802"},{"taxonomy":"post_tag","embeddable":true,"href":"https:\/\/old.atletikaolomouc.cz\/index.php?rest_route=%2Fwp%2Fv2%2Ftags&post=33802"}],"curies":[{"name":"wp","href":"https:\/\/api.w.org\/{rel}","templated":true}]}}