{"id":33884,"date":"2022-06-01T17:39:03","date_gmt":"2022-06-01T15:39:03","guid":{"rendered":"https:\/\/www.atletikaolomouc.cz\/?p=33884"},"modified":"2022-06-01T17:39:03","modified_gmt":"2022-06-01T15:39:03","slug":"olomoucti-paraatleti-na-para-zlate-tretre-2022","status":"publish","type":"post","link":"https:\/\/old.atletikaolomouc.cz\/?p=33884","title":{"rendered":"Olomou\u010dt\u00ed paraatleti na Para Zlat\u00e9 tret\u0159e 2022"},"content":{"rendered":"<p style=\"text-align: justify;\">V \u00fater\u00fd 31.5.2022 prob\u011bhl na v\u00edtkovick\u00e9m stadionu v Ostrav\u011b ji\u017e 6. ro\u010dn\u00edk Para Zlat\u00e9 tretry<!--more--><\/p>\n<p style=\"text-align: justify;\">Za slune\u010dn\u00e9ho po\u010das\u00ed zav\u00edtalo do Ostravy 29 paraatlet\u016f a paraatletek. V atmosf\u00e9\u0159e zku\u0161ebn\u00edho provozu p\u0159ed hlavn\u00edm programem Zlat\u00e9 tretry prob\u011bhl z\u00e1vod voz\u00ed\u010dk\u00e1\u0159\u016f.<br \/>\nZ\u00e1vodilo se ve \u010dty\u0159ech discipl\u00edn\u00e1ch &#8211; o\u0161t\u011bp mu\u017ei sed\u00edc\u00ed, koule mu\u017ei stoj\u00edc\u00ed, koule \u017eeny sed\u00edc\u00ed, koule \u017eeny stoj\u00edc\u00ed.<\/p>\n<div id=\"attachment_33908\" style=\"width: 313px\" class=\"wp-caption aligncenter\"><a href=\"https:\/\/www.atletikaolomouc.cz\/wp-content\/uploads\/2022\/06\/IMG_20220531_115337-1.jpg\"><img aria-describedby=\"caption-attachment-33908\" decoding=\"async\" loading=\"lazy\" class=\"wp-image-33908\" src=\"https:\/\/www.atletikaolomouc.cz\/wp-content\/uploads\/2022\/06\/IMG_20220531_115337-1.jpg\" alt=\"\" width=\"303\" height=\"305\" srcset=\"https:\/\/old.atletikaolomouc.cz\/wp-content\/uploads\/2022\/06\/IMG_20220531_115337-1.jpg 1460w, https:\/\/old.atletikaolomouc.cz\/wp-content\/uploads\/2022\/06\/IMG_20220531_115337-1-150x150.jpg 150w, https:\/\/old.atletikaolomouc.cz\/wp-content\/uploads\/2022\/06\/IMG_20220531_115337-1-298x300.jpg 298w, https:\/\/old.atletikaolomouc.cz\/wp-content\/uploads\/2022\/06\/IMG_20220531_115337-1-768x773.jpg 768w, https:\/\/old.atletikaolomouc.cz\/wp-content\/uploads\/2022\/06\/IMG_20220531_115337-1-596x600.jpg 596w, https:\/\/old.atletikaolomouc.cz\/wp-content\/uploads\/2022\/06\/IMG_20220531_115337-1-144x144.jpg 144w\" sizes=\"(max-width: 303px) 100vw, 303px\" \/><\/a><p id=\"caption-attachment-33908\" class=\"wp-caption-text\">Olomouck\u00e1 sestava na handi Zlat\u00e9 tret\u0159e 2022<\/p><\/div>\n<p style=\"text-align: justify;\">Olomouc m\u011bla zastoupen\u00ed v o\u0161t\u011bpu mu\u017e\u016f sed\u00edc\u00edch &#8211; Michal Rotter a Du\u0161an \u0160\u010dambura, koule mu\u017ei stoj\u00edc\u00ed &#8211; Jaroslav Str\u00e1nsk\u00fd a koule \u017eeny stoj\u00edc\u00ed &#8211; Lenka Hornov\u00e1.<br \/>\nDu\u0161an z\u00edskal druh\u00e9 m\u00edsto, Michal t\u0159et\u00ed. Lenka obsadila bronzovou p\u0159\u00ed\u010dku a Jarda na dev\u00e1t\u00e9m m\u00edst\u011b.&nbsp;<br \/>\nV\u00fdkony v\u0161ech z\u00fa\u010dastn\u011bn\u00fdch naleznete ve v\u00fdsledc\u00edch viz odkazy n\u00ed\u017ee.<\/p>\n<p style=\"text-align: justify;\"><a href=\"https:\/\/www.atletikaolomouc.cz\/wp-content\/uploads\/2022\/06\/Para-Golden-spike-results-javelin-men-sitting.pdf\">V\u00fdsledky o\u0161t\u011bp mu\u017ei sed\u00edc\u00ed<\/a><br \/>\n<a href=\"https:\/\/www.atletikaolomouc.cz\/wp-content\/uploads\/2022\/06\/Para-Golden-spike-results-shot-put-men-standing-1.pdf\">V\u00fdsledky koule mu\u017ei stoj\u00edc\u00ed<\/a><br \/>\n<a href=\"https:\/\/www.atletikaolomouc.cz\/wp-content\/uploads\/2022\/06\/Para-Golden-spike-results-shot-put-woman-standing.pdf\">V\u00fdsledky koule \u017eeny stoj\u00edc\u00ed<\/a><\/p>\n<p style=\"text-align: justify;\">V\u0161em z\u00fa\u010dastn\u011bn\u00fdm gratulujeme a p\u0159ejeme \u00fasp\u011bchy i nad\u00e1le.<\/p>\n","protected":false},"excerpt":{"rendered":"<p>V \u00fater\u00fd 31.5.2022 prob\u011bhl na v\u00edtkovick\u00e9m stadionu v Ostrav\u011b ji\u017e 6. ro\u010dn\u00edk Para Zlat\u00e9 tretry<\/p>\n","protected":false},"author":17,"featured_media":33910,"comment_status":"closed","ping_status":"closed","sticky":false,"template":"","format":"standard","meta":{"ngg_post_thumbnail":0},"categories":[5,48,6],"tags":[],"_links":{"self":[{"href":"https:\/\/old.atletikaolomouc.cz\/index.php?rest_route=\/wp\/v2\/posts\/33884"}],"collection":[{"href":"https:\/\/old.atletikaolomouc.cz\/index.php?rest_route=\/wp\/v2\/posts"}],"about":[{"href":"https:\/\/old.atletikaolomouc.cz\/index.php?rest_route=\/wp\/v2\/types\/post"}],"author":[{"embeddable":true,"href":"https:\/\/old.atletikaolomouc.cz\/index.php?rest_route=\/wp\/v2\/users\/17"}],"replies":[{"embeddable":true,"href":"https:\/\/old.atletikaolomouc.cz\/index.php?rest_route=%2Fwp%2Fv2%2Fcomments&post=33884"}],"version-history":[{"count":1,"href":"https:\/\/old.atletikaolomouc.cz\/index.php?rest_route=\/wp\/v2\/posts\/33884\/revisions"}],"predecessor-version":[{"id":33909,"href":"https:\/\/old.atletikaolomouc.cz\/index.php?rest_route=\/wp\/v2\/posts\/33884\/revisions\/33909"}],"wp:featuredmedia":[{"embeddable":true,"href":"https:\/\/old.atletikaolomouc.cz\/index.php?rest_route=\/wp\/v2\/media\/33910"}],"wp:attachment":[{"href":"https:\/\/old.atletikaolomouc.cz\/index.php?rest_route=%2Fwp%2Fv2%2Fmedia&parent=33884"}],"wp:term":[{"taxonomy":"category","embeddable":true,"href":"https:\/\/old.atletikaolomouc.cz\/index.php?rest_route=%2Fwp%2Fv2%2Fcategories&post=33884"},{"taxonomy":"post_tag","embeddable":true,"href":"https:\/\/old.atletikaolomouc.cz\/index.php?rest_route=%2Fwp%2Fv2%2Ftags&post=33884"}],"curies":[{"name":"wp","href":"https:\/\/api.w.org\/{rel}","templated":true}]}}