{"id":33888,"date":"2022-06-01T14:05:32","date_gmt":"2022-06-01T12:05:32","guid":{"rendered":"https:\/\/www.atletikaolomouc.cz\/?p=33888"},"modified":"2022-06-02T08:03:03","modified_gmt":"2022-06-02T06:03:03","slug":"zlata-tretra-2022","status":"publish","type":"post","link":"https:\/\/old.atletikaolomouc.cz\/?p=33888","title":{"rendered":"Zlat\u00e1 Tretra 2022"},"content":{"rendered":"<p style=\"text-align: justify;\">Za ide\u00e1ln\u00edho atletick\u00e9ho po\u010das\u00ed prob\u011bhl 31. 5. 2022 ji\u017e 61. ro\u010dn\u00edk Zlat\u00e9 Tretry Ostrava. Na tomto nejv\u011bt\u0161\u00edm dom\u00e1c\u00edm m\u00edtinku, za\u0159azen\u00e9m do World Athletics Continental Tour &#8211; Gold n\u00e1\u0161 klub reprezentovalo 6 atlet\u016f.<!--more--> Nejv\u011bt\u0161\u00edho \u00fasp\u011bchu dos\u00e1hla sprinterka <strong>Eva Kub\u00ed\u010dkov\u00e1<\/strong>, kter\u00e1 zv\u00edt\u011bzila v r\u00e1mci n\u00e1rodn\u00edho programu v b\u011bhu na 100 metr\u016f \u017een v nov\u00e9m osobn\u00edm a odd\u00edlov\u00e9m rekordu 11,59 s. T\u00edmto v\u00fdkonem z\u00e1rove\u0148 vyhov\u011bla p\u0159\u00edsn\u00e9mu nomina\u010dn\u00edmu krit\u00e9riu pro start na Mistrovstv\u00ed sv\u011bta U20, kter\u00e9 se kon\u00e1 v srpnu v kolumbijsk\u00e9m Cali.<\/p>\n<p><a href=\"https:\/\/www.atletikaolomouc.cz\/wp-content\/uploads\/2022\/06\/IMG_3170.png\"><img decoding=\"async\" loading=\"lazy\" class=\"size-full wp-image-33890 alignleft\" src=\"https:\/\/www.atletikaolomouc.cz\/wp-content\/uploads\/2022\/06\/IMG_3170.png\" alt=\"\" width=\"300\" height=\"75\"><\/a><\/p>\n<p>&nbsp;<\/p>\n<p>&nbsp;<\/p>\n<p>&nbsp;<\/p>\n<p style=\"text-align: justify;\">Ve stejn\u00e9m b\u011bhu skon\u010dila na 2. m\u00edst\u011b <strong>Lucie Mi\u010dunkov\u00e1<\/strong>, kter\u00e1 si i p\u0159es drobn\u00e9 zdravotn\u00ed komplikace v pr\u016fb\u011bhu minul\u00e9ho t\u00fddne dok\u00e1zala vylep\u0161it osobn\u00ed rekord na vynikaj\u00edc\u00edch 11,71 s.<\/p>\n<div id=\"attachment_33891\" style=\"width: 527px\" class=\"wp-caption aligncenter\"><a href=\"https:\/\/www.atletikaolomouc.cz\/wp-content\/uploads\/2022\/06\/IMG_3155.jpg\"><img aria-describedby=\"caption-attachment-33891\" decoding=\"async\" loading=\"lazy\" class=\"wp-image-33891 size-large\" src=\"https:\/\/www.atletikaolomouc.cz\/wp-content\/uploads\/2022\/06\/IMG_3155-e1654083485697-517x600.jpg\" alt=\"\" width=\"517\" height=\"600\" srcset=\"https:\/\/old.atletikaolomouc.cz\/wp-content\/uploads\/2022\/06\/IMG_3155-e1654083485697-517x600.jpg 517w, https:\/\/old.atletikaolomouc.cz\/wp-content\/uploads\/2022\/06\/IMG_3155-e1654083485697-258x300.jpg 258w, https:\/\/old.atletikaolomouc.cz\/wp-content\/uploads\/2022\/06\/IMG_3155-e1654083485697-768x892.jpg 768w\" sizes=\"(max-width: 517px) 100vw, 517px\" \/><\/a><p id=\"caption-attachment-33891\" class=\"wp-caption-text\">Lucie Mi\u010dunkov\u00e1 a Eva Kub\u00ed\u010dkov\u00e1 s tren\u00e9rem Robertem Novotn\u00fdm<\/p><\/div>\n<p style=\"text-align: justify;\">V r\u00e1mci n\u00e1rodn\u00edho programu n\u00e1s v\u00fdborn\u011b reprezentovala koula\u0159ka&nbsp;<strong>Martina Mazurov\u00e1<\/strong>. Martina z\u00e1vodila ve vrhu koul\u00ed \u017een a vylep\u0161ila si osobn\u00ed rekord 4 kilogramovou koul\u00ed na v\u00fdborn\u00fdch 14,86 m a obsadila druh\u00e9 m\u00edsto. Jenom p\u0159ipom\u00edn\u00e1me, \u017ee Martina je jasnou&nbsp;dorosteneckou \u010deskou koula\u0159skou jedni\u010dkou, kter\u00e1 st\u00e1le vrh\u00e1 zejm\u00e9na koul\u00ed o hmotnosti 3 kg.<\/p>\n<p style=\"text-align: justify;\"><strong>Michal Hroch<\/strong> se p\u0159edstavil v kvalitn\u011b obsazen\u00e9m A b\u011bhu n\u00e1rodn\u00edho programu na 1500 metr\u016f mu\u017e\u016f. V takticky rozb\u011bhnut\u00e9m z\u00e1vod\u011b nakonec obsadil 9. p\u0159\u00ed\u010dku v \u010dase 3:54,11 min.<\/p>\n<p style=\"text-align: justify;\">Sprinte\u0159i <strong>Ben Jakob<\/strong> a <strong>Vojt\u011bch Hor\u00e1k<\/strong> se p\u0159edstavili v z\u00e1vod\u011b \u0161tafet na 4&#215;100 metr\u016f. Ben b\u011b\u017eel v reprezenta\u010dn\u00ed juniorsk\u00e9 \u0161tafet\u011b \u010cR U20 &#8222;A&#8220;, kter\u00e1 v sestav\u011b Ra\u0161ka-Jarol\u00edmek-<strong>Jakob<\/strong>-Ondr\u00e1\u010dek dos\u00e1hla \u010dasu 40,98 s. Vojta b\u011b\u017eel ve \u0161tafet\u011b \u010cR U20 &#8222;B&#8220; a v sestav\u011b Mika-<strong>Hor\u00e1k<\/strong>-Synek-Kratochv\u00edli dob\u011bhli v \u010dase 41,48 s.<\/p>\n<p style=\"text-align: justify;\">Olomouck\u00e9 sprinterky <strong>Eva Kub\u00ed\u010dkov\u00e9<\/strong> a <strong>Lucie Mi\u010dunkov\u00e1<\/strong> byly tak\u00e9 oporami reprezenta\u010dn\u00edch \u0161tafet \u010cR. Lucka b\u011b\u017eela v seniorsk\u00e9 \u0161tafet\u011b \u010cR &#8222;B&#8220;. \u0160tafeta ve slo\u017een\u00ed Seidlov\u00e1-Kaiserov\u00e1-\u0160plechtnov\u00e1-<strong>Mi\u010dunkov\u00e1<\/strong>&nbsp;dok\u00e1zala dokonce zv\u00edt\u011bzit ve slu\u0161n\u00e9m \u010dase 44,47 s. Eva Kub\u00ed\u010dkov\u00e1 b\u011b\u017eela v elitn\u00ed reprezenta\u010dn\u00ed juniorsk\u00e9 \u0161tafet\u011b \u010cR &#8222;A&#8220;, kter\u00e1 ve slo\u017een\u00ed Ma\u0148asov\u00e1-Lama\u010dov\u00e1-Tk\u00e1\u010dov\u00e1-<strong>Kub\u00ed\u010dkov\u00e1&nbsp;<\/strong>dob\u011bhla ve vynikaj\u00edc\u00edm \u010dase 45,06 s. a vyhov\u011bla tak nomina\u010dn\u00edmu krit\u00e9riu pro start na Mistrovstv\u00ed sv\u011bta U20. Jenom zd\u016fraz\u0148ujeme kvalitu tohoto \u010dasu, kdy tento \u010das by je\u0161t\u011b vloni byl tak\u00e9 \u010desk\u00fdm rekordem.<\/p>\n<div id=\"attachment_33892\" style=\"width: 670px\" class=\"wp-caption aligncenter\"><a href=\"https:\/\/www.atletikaolomouc.cz\/wp-content\/uploads\/2022\/06\/IMG_3165.jpg\"><img aria-describedby=\"caption-attachment-33892\" decoding=\"async\" loading=\"lazy\" class=\"wp-image-33892 size-large\" src=\"https:\/\/www.atletikaolomouc.cz\/wp-content\/uploads\/2022\/06\/IMG_3165-e1654085009243-787x600.jpg\" alt=\"\" width=\"660\" height=\"503\" srcset=\"https:\/\/old.atletikaolomouc.cz\/wp-content\/uploads\/2022\/06\/IMG_3165-e1654085009243-787x600.jpg 787w, https:\/\/old.atletikaolomouc.cz\/wp-content\/uploads\/2022\/06\/IMG_3165-e1654085009243-300x229.jpg 300w, https:\/\/old.atletikaolomouc.cz\/wp-content\/uploads\/2022\/06\/IMG_3165-e1654085009243-768x585.jpg 768w\" sizes=\"(max-width: 660px) 100vw, 660px\" \/><\/a><p id=\"caption-attachment-33892\" class=\"wp-caption-text\">\u0160tafeta juniorek \u010cR se spln\u011bn\u00fdm limitem na MS U20<\/p><\/div>\n<div id=\"attachment_33896\" style=\"width: 670px\" class=\"wp-caption aligncenter\"><a href=\"https:\/\/www.atletikaolomouc.cz\/wp-content\/uploads\/2022\/06\/Lucka.jpg\"><img aria-describedby=\"caption-attachment-33896\" decoding=\"async\" loading=\"lazy\" class=\"size-large wp-image-33896\" src=\"https:\/\/www.atletikaolomouc.cz\/wp-content\/uploads\/2022\/06\/Lucka-800x533.jpg\" alt=\"\" width=\"660\" height=\"440\" srcset=\"https:\/\/old.atletikaolomouc.cz\/wp-content\/uploads\/2022\/06\/Lucka-800x533.jpg 800w, https:\/\/old.atletikaolomouc.cz\/wp-content\/uploads\/2022\/06\/Lucka-300x200.jpg 300w, https:\/\/old.atletikaolomouc.cz\/wp-content\/uploads\/2022\/06\/Lucka-768x512.jpg 768w, https:\/\/old.atletikaolomouc.cz\/wp-content\/uploads\/2022\/06\/Lucka-385x258.jpg 385w\" sizes=\"(max-width: 660px) 100vw, 660px\" \/><\/a><p id=\"caption-attachment-33896\" class=\"wp-caption-text\">Lucie Mi\u010dunkov\u00e1 ve \u0161tafet\u011b \u010cR 4x100m FOTO: \u010cAS<\/p><\/div>\n<p><a href=\"https:\/\/online.atletika.cz\/vysledky\/48371\/\">Kompletn\u00ed v\u00fdsledky 61. ro\u010dn\u00edk\u016f Zlat\u00e9 Tretry Ostrava.<\/a><\/p>\n<p style=\"text-align: justify;\">D\u011bkujeme v\u0161em na\u0161im atlet\u016fm za v\u00fdborn\u00e9 v\u00fdkony a reprezentaci klubu. Do dal\u0161\u00edho pr\u016fb\u011bhu sez\u00f3ny p\u0159ejeme hlavn\u011b pevn\u00e9 zdrav\u00ed.<\/p>\n","protected":false},"excerpt":{"rendered":"<p>Za ide\u00e1ln\u00edho atletick\u00e9ho po\u010das\u00ed prob\u011bhl 31. 5. 2022 ji\u017e 61. ro\u010dn\u00edk Zlat\u00e9 Tretry Ostrava. Na tomto nejv\u011bt\u0161\u00edm dom\u00e1c\u00edm m\u00edtinku, za\u0159azen\u00e9m do World Athletics Continental Tour &#8211; Gold n\u00e1\u0161 klub reprezentovalo 6 atlet\u016f.<\/p>\n","protected":false},"author":10,"featured_media":33895,"comment_status":"closed","ping_status":"closed","sticky":false,"template":"","format":"standard","meta":{"ngg_post_thumbnail":0},"categories":[5,6,37],"tags":[],"_links":{"self":[{"href":"https:\/\/old.atletikaolomouc.cz\/index.php?rest_route=\/wp\/v2\/posts\/33888"}],"collection":[{"href":"https:\/\/old.atletikaolomouc.cz\/index.php?rest_route=\/wp\/v2\/posts"}],"about":[{"href":"https:\/\/old.atletikaolomouc.cz\/index.php?rest_route=\/wp\/v2\/types\/post"}],"author":[{"embeddable":true,"href":"https:\/\/old.atletikaolomouc.cz\/index.php?rest_route=\/wp\/v2\/users\/10"}],"replies":[{"embeddable":true,"href":"https:\/\/old.atletikaolomouc.cz\/index.php?rest_route=%2Fwp%2Fv2%2Fcomments&post=33888"}],"version-history":[{"count":4,"href":"https:\/\/old.atletikaolomouc.cz\/index.php?rest_route=\/wp\/v2\/posts\/33888\/revisions"}],"predecessor-version":[{"id":33911,"href":"https:\/\/old.atletikaolomouc.cz\/index.php?rest_route=\/wp\/v2\/posts\/33888\/revisions\/33911"}],"wp:featuredmedia":[{"embeddable":true,"href":"https:\/\/old.atletikaolomouc.cz\/index.php?rest_route=\/wp\/v2\/media\/33895"}],"wp:attachment":[{"href":"https:\/\/old.atletikaolomouc.cz\/index.php?rest_route=%2Fwp%2Fv2%2Fmedia&parent=33888"}],"wp:term":[{"taxonomy":"category","embeddable":true,"href":"https:\/\/old.atletikaolomouc.cz\/index.php?rest_route=%2Fwp%2Fv2%2Fcategories&post=33888"},{"taxonomy":"post_tag","embeddable":true,"href":"https:\/\/old.atletikaolomouc.cz\/index.php?rest_route=%2Fwp%2Fv2%2Ftags&post=33888"}],"curies":[{"name":"wp","href":"https:\/\/api.w.org\/{rel}","templated":true}]}}