{"id":3391,"date":"2013-01-24T14:25:02","date_gmt":"2013-01-24T13:25:02","guid":{"rendered":"http:\/\/www.atletikaolomouc.cz\/?p=3391"},"modified":"2013-01-24T14:25:02","modified_gmt":"2013-01-24T13:25:02","slug":"letni-prazdninovy-tabor-tremesek-2013","status":"publish","type":"post","link":"https:\/\/old.atletikaolomouc.cz\/?p=3391","title":{"rendered":"Letn\u00ed pr\u00e1zdninov\u00fd t\u00e1bor T\u0159eme\u0161ek 2013"},"content":{"rendered":"<p style=\"text-align: justify;\">V leto\u0161n\u00edm roce prob\u011bhne Letn\u00ed d\u011btsk\u00e9 pr\u00e1zdninov\u00e9 soust\u0159ed\u011bn\u00ed ve Sportovn\u00edm are\u00e1lu T\u0159eme\u0161ek v term\u00ednu 27.7. \u2013 3.8. 2013. Op\u011bt n\u00e1s tak uv\u00edt\u00e1 dob\u0159e zn\u00e1m\u00e9 m\u00edsto, kde jsme ji\u017e t\u0159ikr\u00e1t toto soust\u0159ed\u011bn\u00ed po\u0159\u00e1dali. Po\u010det \u00fa\u010dastn\u00edk\u016f je z kapacitn\u00edch d\u016fvod\u016f omezen na 80 osob. Z\u00e1jemci se mohou p\u0159edp\u0159ihl\u00e1sit na email: <a href=\"mailto:info@atletikaolomouc.cz\">info@atletikaolomouc.cz<\/a>. P\u0159ihl\u00e1\u0161ku a dal\u0161\u00ed informace najdete <a href=\"http:\/\/www.atletikaolomouc.cz\/?page_id=2064\" target=\"_blank\">zde<\/a>.<\/p>\n","protected":false},"excerpt":{"rendered":"<p>V leto\u0161n\u00edm roce prob\u011bhne Letn\u00ed d\u011btsk\u00e9 pr\u00e1zdninov\u00e9 soust\u0159ed\u011bn\u00ed ve Sportovn\u00edm are\u00e1lu T\u0159eme\u0161ek v term\u00ednu 27.7. \u2013 3.8. 2013. Op\u011bt n\u00e1s tak uv\u00edt\u00e1 dob\u0159e zn\u00e1m\u00e9 m\u00edsto, kde jsme ji\u017e t\u0159ikr\u00e1t toto soust\u0159ed\u011bn\u00ed po\u0159\u00e1dali. Po\u010det \u00fa\u010dastn\u00edk\u016f je z kapacitn\u00edch d\u016fvod\u016f omezen na &hellip; <a href=\"https:\/\/old.atletikaolomouc.cz\/?p=3391\">Continue reading <span class=\"meta-nav\">&rarr;<\/span><\/a><\/p>\n","protected":false},"author":4,"featured_media":0,"comment_status":"closed","ping_status":"closed","sticky":false,"template":"","format":"standard","meta":{"ngg_post_thumbnail":0},"categories":[5,19,22],"tags":[],"_links":{"self":[{"href":"https:\/\/old.atletikaolomouc.cz\/index.php?rest_route=\/wp\/v2\/posts\/3391"}],"collection":[{"href":"https:\/\/old.atletikaolomouc.cz\/index.php?rest_route=\/wp\/v2\/posts"}],"about":[{"href":"https:\/\/old.atletikaolomouc.cz\/index.php?rest_route=\/wp\/v2\/types\/post"}],"author":[{"embeddable":true,"href":"https:\/\/old.atletikaolomouc.cz\/index.php?rest_route=\/wp\/v2\/users\/4"}],"replies":[{"embeddable":true,"href":"https:\/\/old.atletikaolomouc.cz\/index.php?rest_route=%2Fwp%2Fv2%2Fcomments&post=3391"}],"version-history":[{"count":1,"href":"https:\/\/old.atletikaolomouc.cz\/index.php?rest_route=\/wp\/v2\/posts\/3391\/revisions"}],"predecessor-version":[{"id":3392,"href":"https:\/\/old.atletikaolomouc.cz\/index.php?rest_route=\/wp\/v2\/posts\/3391\/revisions\/3392"}],"wp:attachment":[{"href":"https:\/\/old.atletikaolomouc.cz\/index.php?rest_route=%2Fwp%2Fv2%2Fmedia&parent=3391"}],"wp:term":[{"taxonomy":"category","embeddable":true,"href":"https:\/\/old.atletikaolomouc.cz\/index.php?rest_route=%2Fwp%2Fv2%2Fcategories&post=3391"},{"taxonomy":"post_tag","embeddable":true,"href":"https:\/\/old.atletikaolomouc.cz\/index.php?rest_route=%2Fwp%2Fv2%2Ftags&post=3391"}],"curies":[{"name":"wp","href":"https:\/\/api.w.org\/{rel}","templated":true}]}}