{"id":33979,"date":"2022-06-13T10:03:16","date_gmt":"2022-06-13T08:03:16","guid":{"rendered":"https:\/\/www.atletikaolomouc.cz\/?p=33979"},"modified":"2022-06-13T10:03:16","modified_gmt":"2022-06-13T08:03:16","slug":"grand-prix-francie-pariz-2022","status":"publish","type":"post","link":"https:\/\/old.atletikaolomouc.cz\/?p=33979","title":{"rendered":"Grand prix Francie &#8211; Pa\u0159\u00ed\u017e 2022"},"content":{"rendered":"<p style=\"text-align: justify;\">Francie hostila Grand prix pro handicapovan\u00e9 atlety. Z\u00e1vodn\u00edci se setkali v Pa\u0159\u00ed\u017ei na Stadionu Sebastiana Charletyho.<!--more--><\/p>\n<p style=\"text-align: justify;\"><a href=\"https:\/\/www.atletikaolomouc.cz\/wp-content\/uploads\/2022\/06\/IMG-20220608-WA0040.jpg\"><img decoding=\"async\" loading=\"lazy\" class=\"wp-image-34250 aligncenter\" src=\"https:\/\/www.atletikaolomouc.cz\/wp-content\/uploads\/2022\/06\/IMG-20220608-WA0040.jpg\" alt=\"\" width=\"404\" height=\"303\" srcset=\"https:\/\/old.atletikaolomouc.cz\/wp-content\/uploads\/2022\/06\/IMG-20220608-WA0040.jpg 1600w, https:\/\/old.atletikaolomouc.cz\/wp-content\/uploads\/2022\/06\/IMG-20220608-WA0040-300x225.jpg 300w, https:\/\/old.atletikaolomouc.cz\/wp-content\/uploads\/2022\/06\/IMG-20220608-WA0040-768x576.jpg 768w, https:\/\/old.atletikaolomouc.cz\/wp-content\/uploads\/2022\/06\/IMG-20220608-WA0040-800x600.jpg 800w\" sizes=\"(max-width: 404px) 100vw, 404px\" \/><\/a><\/p>\n<p style=\"text-align: justify;\">Devaten\u00e1cti\u010dlenn\u00e1 v\u00fdprava z \u010cesk\u00e9 republiky vyjela do Pa\u0159\u00ed\u017ee na GP.<br \/>\nZ olomouck\u00e9ho klubu, se mezi v\u00edce ne\u017e sedmi sty z\u00e1vodn\u00edky z pades\u00e1ti zem\u00ed sv\u011bta, neztratil vrha\u010d Martin Kukla. Martin p\u0159ijel do Pa\u0159\u00ed\u017ee z\u00e1vodit v hodu diskem a hlavn\u011b ve vrhu koul\u00ed.<\/p>\n<p style=\"text-align: justify;\">V\u00fdborn\u00fdm v\u00fdkonem ve vrhu koul\u00ed si rod\u00e1k z \u010cesk\u00fdch Bud\u011bjovic posunul sv\u00e9 osobn\u00ed maximum, kter\u00fd si posunul na 10,29. Tento v\u00fdkon zajistil Martinovi bronzovou medaili.<\/p>\n<p>Velk\u00e1 gratulace a mnoho dal\u0161\u00edch \u00fasp\u011bch\u016f v leto\u0161n\u00ed sez\u00f3n\u011b.<\/p>\n<p style=\"text-align: justify;\">V\u00fdsledky cel\u00e9 v\u00fdpravy k nahl\u00e9dnut\u00ed <a href=\"https:\/\/www.atletikaolomouc.cz\/wp-content\/uploads\/2022\/06\/Pa\u0159\u00ed\u017e-2022-v\u00fdsledky.pdf\">zde.<\/a><\/p>\n","protected":false},"excerpt":{"rendered":"<p>Francie hostila Grand prix pro handicapovan\u00e9 atlety. Z\u00e1vodn\u00edci se setkali v Pa\u0159\u00ed\u017ei na Stadionu Sebastiana Charletyho.<\/p>\n","protected":false},"author":17,"featured_media":0,"comment_status":"closed","ping_status":"closed","sticky":false,"template":"","format":"standard","meta":{"ngg_post_thumbnail":0},"categories":[5,48,6],"tags":[],"_links":{"self":[{"href":"https:\/\/old.atletikaolomouc.cz\/index.php?rest_route=\/wp\/v2\/posts\/33979"}],"collection":[{"href":"https:\/\/old.atletikaolomouc.cz\/index.php?rest_route=\/wp\/v2\/posts"}],"about":[{"href":"https:\/\/old.atletikaolomouc.cz\/index.php?rest_route=\/wp\/v2\/types\/post"}],"author":[{"embeddable":true,"href":"https:\/\/old.atletikaolomouc.cz\/index.php?rest_route=\/wp\/v2\/users\/17"}],"replies":[{"embeddable":true,"href":"https:\/\/old.atletikaolomouc.cz\/index.php?rest_route=%2Fwp%2Fv2%2Fcomments&post=33979"}],"version-history":[{"count":1,"href":"https:\/\/old.atletikaolomouc.cz\/index.php?rest_route=\/wp\/v2\/posts\/33979\/revisions"}],"predecessor-version":[{"id":34251,"href":"https:\/\/old.atletikaolomouc.cz\/index.php?rest_route=\/wp\/v2\/posts\/33979\/revisions\/34251"}],"wp:attachment":[{"href":"https:\/\/old.atletikaolomouc.cz\/index.php?rest_route=%2Fwp%2Fv2%2Fmedia&parent=33979"}],"wp:term":[{"taxonomy":"category","embeddable":true,"href":"https:\/\/old.atletikaolomouc.cz\/index.php?rest_route=%2Fwp%2Fv2%2Fcategories&post=33979"},{"taxonomy":"post_tag","embeddable":true,"href":"https:\/\/old.atletikaolomouc.cz\/index.php?rest_route=%2Fwp%2Fv2%2Ftags&post=33979"}],"curies":[{"name":"wp","href":"https:\/\/api.w.org\/{rel}","templated":true}]}}