{"id":34259,"date":"2022-06-15T08:57:44","date_gmt":"2022-06-15T06:57:44","guid":{"rendered":"https:\/\/www.atletikaolomouc.cz\/?p=34259"},"modified":"2022-06-15T08:57:44","modified_gmt":"2022-06-15T06:57:44","slug":"na-mcr-dorostu-a-junioru-jede-23-nasich-atletu","status":"publish","type":"post","link":"https:\/\/old.atletikaolomouc.cz\/?p=34259","title":{"rendered":"Na M\u010cR dorostu a junior\u016f jede 23 na\u0161ich atlet\u016f"},"content":{"rendered":"<p style=\"text-align: justify;\">Ji\u017e o tomto v\u00edkendu se na ostravsk\u00e9m stadionu uskute\u010dn\u00ed Mistrovstv\u00ed \u010cesk\u00e9 republiky dorostu, dorostenek, junior\u016f a juniorek. Atletick\u00fd klub Olomouc bude na tomto nejv\u011bt\u0161\u00edm dom\u00e1c\u00edm \u0161ampion\u00e1tu reprezentovat celkem 23 atlet\u016f a atletek.<!--more--><\/p>\n<p style=\"text-align: justify;\">Mezi na\u0161e nej\u017ehav\u011bj\u0161\u00ed \u017eel\u00edzka v ohni bude bezesporu pat\u0159it <strong>Martina Mazurov\u00e1. <\/strong>Na mistrovstv\u00ed se p\u0159edstav\u00ed ve vrhu koul\u00ed i hodu diskem. V obou t\u011bchto discipl\u00edn\u00e1ch vede leto\u0161n\u00ed pr\u016fb\u011b\u017en\u00e9 tabulky \u010cR dorostenek. Martina m\u00e1 ve vrhu koul\u00ed letos ji\u017e tak\u00e9 spln\u011bn\u00fd limit na \u010dervencov\u00e9 Mistrovstv\u00ed Evropy U18 v Jeruzal\u00e9m\u011b a pravideln\u011b \u00fato\u010d\u00ed na \u010desk\u00fd dorosteneck\u00fd rekord, ke kter\u00e9mu ji aktu\u00e1ln\u011b chyb\u00ed pouh\u00fdch 10 centimetr\u016f.<\/p>\n<p style=\"text-align: justify;\">Dal\u0161\u00ed na\u0161\u00ed horkou aspirantkou na mistrovsk\u00fd titul bude sprinterka&nbsp;<strong>Eva Kub\u00ed\u010dkov\u00e1<\/strong>. Eva se na mistrovstv\u00ed p\u0159edstav\u00ed v b\u011bhu na 100 metr\u016f. Juniorsk\u00fdm statistik\u00e1m na t\u00e9to trati vl\u00e1dne s \u00factyhodn\u00fdm n\u00e1skokem 36 setin. Eva m\u00e1 v leto\u0161n\u00ed sez\u00f3n\u011b ji\u017e tak\u00e9 spln\u011bn\u00fd limit na vrcholnou ml\u00e1de\u017enickou akci. V srpnu se p\u0159edstav\u00ed na Mistrovstv\u00ed sv\u011bta U20 v kolumbijsk\u00e9m Cali.<\/p>\n<p style=\"text-align: justify;\">Vysoko v dom\u00e1c\u00edch statistik\u00e1ch je tak\u00e9 v\u00fd\u0161ka\u0159ka <strong>Alena Levkov\u00e1<\/strong>. V leto\u0161n\u00ed sez\u00f3n\u011b stabilizovala v\u00fdkonnost nad 170 centimetry a ur\u010dit\u011b zabojuje o jeden z cenn\u00fdch kov\u016f.<\/p>\n<p style=\"text-align: justify;\">N\u00e1ro\u010dnou kombinaci v b\u011bz\u00edch na 800 a 1500 metr\u016f zvolil b\u011b\u017eec <strong>Michal Hroch<\/strong>. Na obou trat\u00edch figuruje ve statistik\u00e1ch mezi nejlep\u0161\u00edmi juniory.<\/p>\n<p style=\"text-align: justify;\">Palce budeme dr\u017eet tak\u00e9 <strong>Benu Jakobovi<\/strong> v b\u011bhu na 100 a 200 metr\u016f. Ben si v leto\u0161n\u00ed sez\u00f3n\u011b s\u00e1z\u00ed jeden osobn\u00ed rekord za druh\u00fdm a tuto skv\u011blou rychlostn\u00ed formu bude cht\u00edt p\u0159etavit v zisk mistrovsk\u00e9 medaile v juniorech.<\/p>\n<p style=\"text-align: justify;\">Ve skoku do v\u00fd\u0161ky junior\u016f n\u00e1s bude reprezentovat <strong>Adam Tom\u00e1\u0161ek<\/strong>, kter\u00fd aktu\u00e1ln\u011b dr\u017e\u00ed 4. p\u0159\u00ed\u010dku v leto\u0161n\u00edch statistik\u00e1ch.<\/p>\n<p style=\"text-align: justify;\">Tradi\u010dn\u011b siln\u00e9 budeme m\u00edt tak\u00e9 \u0161tafety. Na leto\u0161n\u00edm M\u010cR postav\u00edme \u0161tafety 4&#215;100 a 4&#215;400 metr\u016f junior\u016f.<\/p>\n<p style=\"text-align: justify;\">V olomouck\u00fdch barv\u00e1ch se d\u00e1le p\u0159edstav\u00ed junio\u0159i: Karel Brychta (100m, 200m, \u0161tafety), Mat\u011bj H\u00e1p (400m p\u0159.), \u0160imon Kika (4x100m), Patrik Kremel (400m p\u0159.), Daniel Matu\u0161\u00edk (hod diskem, vrh koul\u00ed), Kry\u0161tof Sl\u00e1dek (100m, 200m, 4x100m), Jason Za Nzambi (800m), Marek K\u00fcnstler (800m) a juniorky: Barbora H\u00e9\u017eov\u00e1 (hod diskem), Nicola Mikulkov\u00e1 (3000m p\u0159.) a Zuzana V\u00edtkov\u00e1 (skok o ty\u010di).<\/p>\n<p style=\"text-align: justify;\">V dorosteneck\u00e9 kategorii uvid\u00edme Filipa Coufala (2000m p\u0159.), Jakuba Dost\u00e1lka (skok o ty\u010di), Vojtu Hejtm\u00e1nka (110m p\u0159.), Leonarda Los\u00edka (110m p\u0159.), Martina Ml\u010docha (skok o ty\u010di) a dorostenku Hanku Sk\u00e1celovou (3000m).<\/p>\n<p style=\"text-align: justify;\">Mistrovstv\u00ed bude mo\u017en\u00e9 sledovat po celou dobu kon\u00e1n\u00ed na streamu na facebooku Jsem Atlet.<\/p>\n<p>Dr\u017e\u00edme v\u0161em na\u0161im atlet\u016fm palce!<\/p>\n","protected":false},"excerpt":{"rendered":"<p>Ji\u017e o tomto v\u00edkendu se na ostravsk\u00e9m stadionu uskute\u010dn\u00ed Mistrovstv\u00ed \u010cesk\u00e9 republiky dorostu, dorostenek, junior\u016f a juniorek. Atletick\u00fd klub Olomouc bude na tomto nejv\u011bt\u0161\u00edm dom\u00e1c\u00edm \u0161ampion\u00e1tu reprezentovat celkem 23 atlet\u016f a atletek.<\/p>\n","protected":false},"author":10,"featured_media":34261,"comment_status":"closed","ping_status":"closed","sticky":false,"template":"","format":"standard","meta":{"ngg_post_thumbnail":0},"categories":[5,6,37],"tags":[],"_links":{"self":[{"href":"https:\/\/old.atletikaolomouc.cz\/index.php?rest_route=\/wp\/v2\/posts\/34259"}],"collection":[{"href":"https:\/\/old.atletikaolomouc.cz\/index.php?rest_route=\/wp\/v2\/posts"}],"about":[{"href":"https:\/\/old.atletikaolomouc.cz\/index.php?rest_route=\/wp\/v2\/types\/post"}],"author":[{"embeddable":true,"href":"https:\/\/old.atletikaolomouc.cz\/index.php?rest_route=\/wp\/v2\/users\/10"}],"replies":[{"embeddable":true,"href":"https:\/\/old.atletikaolomouc.cz\/index.php?rest_route=%2Fwp%2Fv2%2Fcomments&post=34259"}],"version-history":[{"count":1,"href":"https:\/\/old.atletikaolomouc.cz\/index.php?rest_route=\/wp\/v2\/posts\/34259\/revisions"}],"predecessor-version":[{"id":34262,"href":"https:\/\/old.atletikaolomouc.cz\/index.php?rest_route=\/wp\/v2\/posts\/34259\/revisions\/34262"}],"wp:featuredmedia":[{"embeddable":true,"href":"https:\/\/old.atletikaolomouc.cz\/index.php?rest_route=\/wp\/v2\/media\/34261"}],"wp:attachment":[{"href":"https:\/\/old.atletikaolomouc.cz\/index.php?rest_route=%2Fwp%2Fv2%2Fmedia&parent=34259"}],"wp:term":[{"taxonomy":"category","embeddable":true,"href":"https:\/\/old.atletikaolomouc.cz\/index.php?rest_route=%2Fwp%2Fv2%2Fcategories&post=34259"},{"taxonomy":"post_tag","embeddable":true,"href":"https:\/\/old.atletikaolomouc.cz\/index.php?rest_route=%2Fwp%2Fv2%2Ftags&post=34259"}],"curies":[{"name":"wp","href":"https:\/\/api.w.org\/{rel}","templated":true}]}}