{"id":34569,"date":"2022-07-14T13:45:59","date_gmt":"2022-07-14T11:45:59","guid":{"rendered":"https:\/\/www.atletikaolomouc.cz\/?p=34569"},"modified":"2022-07-14T13:45:59","modified_gmt":"2022-07-14T11:45:59","slug":"11-rocnik-evropskych-her-hendikepovane-mladeze-emil-open-2022","status":"publish","type":"post","link":"https:\/\/old.atletikaolomouc.cz\/?p=34569","title":{"rendered":"11. ro\u010dn\u00edk Evropsk\u00fdch her hendikepovan\u00e9 ml\u00e1de\u017ee &#8211; Emil Open 2022"},"content":{"rendered":"<p style=\"text-align: justify;\">Brno hostilo ji\u017e 11. ro\u010dn\u00edk Evropsk\u00fdch her hendikepovan\u00e9 ml\u00e1de\u017ee<!--more--><\/p>\n<p style=\"text-align: justify;\">V \u010dervnu (22.-26.6) prob\u011bhlo tradi\u010dn\u00ed sportovn\u00ed kl\u00e1n\u00ed hendikepovan\u00e9 ml\u00e1de\u017ee. Sout\u011b\u017eilo se v paraatletice, bocci, plav\u00e1n\u00ed, stoln\u00edm tenise. Paraatleti na\u0161eho klubu se \u00fa\u010dastnili v hojn\u00e9m po\u010dtu a p\u0159ivezli nejednu medaili.<\/p>\n<p style=\"text-align: justify;\"><strong>P\u0159ichystal Martin<\/strong> b\u011bh na 50m, v rozb\u011bhu lep\u0161\u00ed v\u00fdkon, ale ve fin\u00e1le \u010das vynesl bronz. Vyrovnan\u00fdm \u010dasem na&nbsp; 100m v rozb\u011bhu i fin\u00e1le Martin bral druhou bronzovou medaili.<br \/>\n<strong>R<span style=\"font-size: 12pt; color: #000000;\">\u00fc<\/span>kner J\u00e1chym<\/strong>, nov\u00e1\u010dek a nesly\u0161\u00edc\u00ed atlet si na sv\u00fdch prvn\u00edch velk\u00fdch z\u00e1vodech dob\u011bhl na 50m pro zlatou medaili. Hod m\u00ed\u010dkem J\u00e1\u0161a zvl\u00e1dl tak\u00e9 a bral 4.m\u00edsto.<br \/>\n<strong>Mikul\u00e1\u0161 Rak<\/strong> v hodu m\u00ed\u010dkem, jako nov\u00e1\u010dek a z\u00e1rove\u0148 nejmlad\u0161\u00ed z\u00e1vodn\u00edk cel\u00e9ho startovn\u00edho pole, z\u00edskal v samostatn\u00e9 kategorii zlatou medaili. Hod mini o\u0161t\u011bpem byl pro Mikiho v\u00fdzvou, ale zvl\u00e1dl ji a bral \u0161est\u00e9 m\u00edsto.<\/p>\n<p style=\"text-align: justify;\"><a href=\"https:\/\/www.atletikaolomouc.cz\/wp-content\/uploads\/2022\/07\/IMG-20220628-WA0035.jpg\"><img decoding=\"async\" loading=\"lazy\" class=\"wp-image-34632 aligncenter\" src=\"https:\/\/www.atletikaolomouc.cz\/wp-content\/uploads\/2022\/07\/IMG-20220628-WA0035.jpg\" alt=\"\" width=\"357\" height=\"268\" srcset=\"https:\/\/old.atletikaolomouc.cz\/wp-content\/uploads\/2022\/07\/IMG-20220628-WA0035.jpg 2000w, https:\/\/old.atletikaolomouc.cz\/wp-content\/uploads\/2022\/07\/IMG-20220628-WA0035-300x225.jpg 300w, https:\/\/old.atletikaolomouc.cz\/wp-content\/uploads\/2022\/07\/IMG-20220628-WA0035-768x576.jpg 768w, https:\/\/old.atletikaolomouc.cz\/wp-content\/uploads\/2022\/07\/IMG-20220628-WA0035-800x600.jpg 800w\" sizes=\"(max-width: 357px) 100vw, 357px\" \/><\/a><br \/>\nV j\u00edzd\u011b na 50m na voz\u00edku na\u0161e barvy reprezentovaly <strong>Dur\u010d\u00e1kov\u00e1 Ad\u00e9la<\/strong> a <strong>Sikorov\u00e1 Nikola<\/strong>. Ad\u00e9la dojela st\u0159\u00edbrn\u00e1, Nikola bronzov\u00e1. Ad\u00e9lka jela tak\u00e9 j\u00edzdu&nbsp; na 100m, kde vybojovala st\u0159\u00edbrnou medaili, v hodu m\u00ed\u010dkem pak z\u00edskala st\u0159\u00edbrnou medaili a Niki bronzovou.<br \/>\n<strong>Skalick\u00e1 Adriana<\/strong>, tak\u00e9 nov\u00e1\u010dek t\u00fdmu z\u00e1vodila v hodu m\u00ed\u010dkem, kde obsadila 4. m\u00edsto. Adriana z\u00e1vodila z\u00e1rove\u0148 v hodu mini o\u0161t\u011bpem, kde skon\u010dila tak\u00e9 na 4.m\u00edst\u011b.<br \/>\n<strong>Nat\u00e1lka R\u016f\u017ei\u010dkov\u00e1<\/strong> je dal\u0161\u00edm nov\u00e1\u010dkem, bl\u00fdskla se v hodu m\u00ed\u010dkem, kde z\u00edskala zlatou medaili. Nat\u00e1lka byla v hodu mini o\u0161t\u011bpem na m\u00edst\u011b p\u00e1t\u00e9m.<\/p>\n<p><a href=\"https:\/\/www.atletikaolomouc.cz\/wp-content\/uploads\/2022\/07\/IMG_20220622_171754.jpg\"><img decoding=\"async\" loading=\"lazy\" class=\"wp-image-34631 aligncenter\" src=\"https:\/\/www.atletikaolomouc.cz\/wp-content\/uploads\/2022\/07\/IMG_20220622_171754.jpg\" alt=\"\" width=\"381\" height=\"286\" srcset=\"https:\/\/old.atletikaolomouc.cz\/wp-content\/uploads\/2022\/07\/IMG_20220622_171754.jpg 4160w, https:\/\/old.atletikaolomouc.cz\/wp-content\/uploads\/2022\/07\/IMG_20220622_171754-300x225.jpg 300w, https:\/\/old.atletikaolomouc.cz\/wp-content\/uploads\/2022\/07\/IMG_20220622_171754-768x576.jpg 768w, https:\/\/old.atletikaolomouc.cz\/wp-content\/uploads\/2022\/07\/IMG_20220622_171754-800x600.jpg 800w\" sizes=\"(max-width: 381px) 100vw, 381px\" \/><\/a><\/p>\n<p style=\"text-align: justify;\">Celkem i p\u0159es zna\u010dnou konkurenci vybojovala na\u0161e v\u00fdprava z Olomouce 4 zlat\u00e9, 3 st\u0159\u00edbrn\u00e9, 3 bronzov\u00e9, 2 bramborov\u00e9. P\u0159edvedli kr\u00e1sn\u00e9 v\u00fdkony a proto moc&nbsp;d\u011bkujeme za reprezentaci, v\u0161em velk\u00e1 gratulace a p\u0159\u00e1n\u00ed, aby vytrvali ve sv\u00e9m sna\u017een\u00ed!<br \/>\nV\u00fdsledky cel\u00e9ho z\u00e1vodu naleznete&nbsp;<a href=\"https:\/\/www.atletikaolomouc.cz\/wp-content\/uploads\/2022\/07\/atletika.pdf\">zde<\/a>.<\/p>\n","protected":false},"excerpt":{"rendered":"<p>Brno hostilo ji\u017e 11. ro\u010dn\u00edk Evropsk\u00fdch her hendikepovan\u00e9 ml\u00e1de\u017ee<\/p>\n","protected":false},"author":17,"featured_media":34631,"comment_status":"closed","ping_status":"closed","sticky":false,"template":"","format":"standard","meta":{"ngg_post_thumbnail":0},"categories":[5,48],"tags":[],"_links":{"self":[{"href":"https:\/\/old.atletikaolomouc.cz\/index.php?rest_route=\/wp\/v2\/posts\/34569"}],"collection":[{"href":"https:\/\/old.atletikaolomouc.cz\/index.php?rest_route=\/wp\/v2\/posts"}],"about":[{"href":"https:\/\/old.atletikaolomouc.cz\/index.php?rest_route=\/wp\/v2\/types\/post"}],"author":[{"embeddable":true,"href":"https:\/\/old.atletikaolomouc.cz\/index.php?rest_route=\/wp\/v2\/users\/17"}],"replies":[{"embeddable":true,"href":"https:\/\/old.atletikaolomouc.cz\/index.php?rest_route=%2Fwp%2Fv2%2Fcomments&post=34569"}],"version-history":[{"count":1,"href":"https:\/\/old.atletikaolomouc.cz\/index.php?rest_route=\/wp\/v2\/posts\/34569\/revisions"}],"predecessor-version":[{"id":34635,"href":"https:\/\/old.atletikaolomouc.cz\/index.php?rest_route=\/wp\/v2\/posts\/34569\/revisions\/34635"}],"wp:featuredmedia":[{"embeddable":true,"href":"https:\/\/old.atletikaolomouc.cz\/index.php?rest_route=\/wp\/v2\/media\/34631"}],"wp:attachment":[{"href":"https:\/\/old.atletikaolomouc.cz\/index.php?rest_route=%2Fwp%2Fv2%2Fmedia&parent=34569"}],"wp:term":[{"taxonomy":"category","embeddable":true,"href":"https:\/\/old.atletikaolomouc.cz\/index.php?rest_route=%2Fwp%2Fv2%2Fcategories&post=34569"},{"taxonomy":"post_tag","embeddable":true,"href":"https:\/\/old.atletikaolomouc.cz\/index.php?rest_route=%2Fwp%2Fv2%2Ftags&post=34569"}],"curies":[{"name":"wp","href":"https:\/\/api.w.org\/{rel}","templated":true}]}}