{"id":3457,"date":"2013-02-15T15:20:52","date_gmt":"2013-02-15T14:20:52","guid":{"rendered":"http:\/\/www.atletikaolomouc.cz\/?p=3457"},"modified":"2013-02-15T15:47:43","modified_gmt":"2013-02-15T14:47:43","slug":"krajsky-prebor-starsiho-zactva-3","status":"publish","type":"post","link":"https:\/\/old.atletikaolomouc.cz\/?p=3457","title":{"rendered":"Krajsk\u00fd p\u0159ebor star\u0161\u00edho \u017eactva"},"content":{"rendered":"<p style=\"text-align: justify;\">V p\u00e1tek 15.2.2013 prob\u011bhl v olomouck\u00e9 atletick\u00e9 hale Krajsk\u00fd p\u0159ebor star\u0161\u00edho \u017eactva. K vid\u011bn\u00ed byla spousta zaj\u00edmav\u00fdch v\u00fdkon\u016f a \u0159ada dom\u00e1c\u00edch z\u00e1vodn\u00edk\u016f si vylep\u0161ila sv\u00e9 osobn\u00ed rekordy. N\u011bkte\u0159\u00ed se sv\u00fdmi v\u00fdkony nominovali na nadch\u00e1zej\u00edc\u00ed Mistrovstv\u00ed \u010cR \u017eactva. V\u00fdsledky <a href=\"http:\/\/online.atletika.cz\/vysledky.aspx?idk=16632\" target=\"_blank\">zde<\/a>. Fotky <a title=\"KP star\u0161\u00edho \u017eactva \u2013 foto\" href=\"http:\/\/www.atletikaolomouc.cz\/?p=3465\">zde<\/a>.<\/p>\n","protected":false},"excerpt":{"rendered":"<p>V p\u00e1tek 15.2.2013 prob\u011bhl v olomouck\u00e9 atletick\u00e9 hale Krajsk\u00fd p\u0159ebor star\u0161\u00edho \u017eactva. K vid\u011bn\u00ed byla spousta zaj\u00edmav\u00fdch v\u00fdkon\u016f a \u0159ada dom\u00e1c\u00edch z\u00e1vodn\u00edk\u016f si vylep\u0161ila sv\u00e9 osobn\u00ed rekordy. N\u011bkte\u0159\u00ed se sv\u00fdmi v\u00fdkony nominovali na nadch\u00e1zej\u00edc\u00ed Mistrovstv\u00ed \u010cR \u017eactva. V\u00fdsledky zde. Fotky &hellip; <a href=\"https:\/\/old.atletikaolomouc.cz\/?p=3457\">Continue reading <span class=\"meta-nav\">&rarr;<\/span><\/a><\/p>\n","protected":false},"author":4,"featured_media":3474,"comment_status":"closed","ping_status":"closed","sticky":false,"template":"","format":"standard","meta":{"ngg_post_thumbnail":0},"categories":[6,37,15,16],"tags":[],"_links":{"self":[{"href":"https:\/\/old.atletikaolomouc.cz\/index.php?rest_route=\/wp\/v2\/posts\/3457"}],"collection":[{"href":"https:\/\/old.atletikaolomouc.cz\/index.php?rest_route=\/wp\/v2\/posts"}],"about":[{"href":"https:\/\/old.atletikaolomouc.cz\/index.php?rest_route=\/wp\/v2\/types\/post"}],"author":[{"embeddable":true,"href":"https:\/\/old.atletikaolomouc.cz\/index.php?rest_route=\/wp\/v2\/users\/4"}],"replies":[{"embeddable":true,"href":"https:\/\/old.atletikaolomouc.cz\/index.php?rest_route=%2Fwp%2Fv2%2Fcomments&post=3457"}],"version-history":[{"count":5,"href":"https:\/\/old.atletikaolomouc.cz\/index.php?rest_route=\/wp\/v2\/posts\/3457\/revisions"}],"predecessor-version":[{"id":3473,"href":"https:\/\/old.atletikaolomouc.cz\/index.php?rest_route=\/wp\/v2\/posts\/3457\/revisions\/3473"}],"wp:featuredmedia":[{"embeddable":true,"href":"https:\/\/old.atletikaolomouc.cz\/index.php?rest_route=\/wp\/v2\/media\/3474"}],"wp:attachment":[{"href":"https:\/\/old.atletikaolomouc.cz\/index.php?rest_route=%2Fwp%2Fv2%2Fmedia&parent=3457"}],"wp:term":[{"taxonomy":"category","embeddable":true,"href":"https:\/\/old.atletikaolomouc.cz\/index.php?rest_route=%2Fwp%2Fv2%2Fcategories&post=3457"},{"taxonomy":"post_tag","embeddable":true,"href":"https:\/\/old.atletikaolomouc.cz\/index.php?rest_route=%2Fwp%2Fv2%2Ftags&post=3457"}],"curies":[{"name":"wp","href":"https:\/\/api.w.org\/{rel}","templated":true}]}}