{"id":34571,"date":"2022-07-13T14:15:49","date_gmt":"2022-07-13T12:15:49","guid":{"rendered":"https:\/\/www.atletikaolomouc.cz\/?p=34571"},"modified":"2022-10-10T10:20:54","modified_gmt":"2022-10-10T08:20:54","slug":"gp-polska-krakow-a-mistrovstvi-polska-szczecin","status":"publish","type":"post","link":"https:\/\/old.atletikaolomouc.cz\/?p=34571","title":{"rendered":"GP Polska &#8211; Krakow a Mistrovstv\u00ed Polska -Szczecin"},"content":{"rendered":"<p style=\"text-align: justify;\">2.kolo v paraatletice Krakow 4.-5.6.2022 a Mistrovstv\u00ed Polska &#8211; Szczecin 17.-19.6.<!--more--><\/p>\n<p style=\"text-align: justify;\"><strong>Krakow<\/strong><br \/>\nDu\u0161an \u0160\u010dambura a Filip Varto\u0148 se za\u010d\u00e1tkem \u010dervna \u00fa\u010dastnili 2. kola v Krakow\u011b<\/p>\n<div style=\"text-align: justify;\">\n<div class=\"\" dir=\"auto\">\n<div id=\"jsc_c_2bb\" class=\"ecm0bbzt hv4rvrfc ihqw7lf3 dati1w0a\" data-ad-comet-preview=\"message\" data-ad-preview=\"message\">\n<div class=\"j83agx80 cbu4d94t ew0dbk1b irj2b8pg\">\n<div class=\"qzhwtbm6 knvmm38d\">\n<div class=\"cxmmr5t8 oygrvhab hcukyx3x c1et5uql o9v6fnle ii04i59q\">\n<div dir=\"auto\">Filip v hodu diskem v\u00fdkonem 13,13m&nbsp; z\u00edskal 2. m\u00edsto<\/div>\n<div dir=\"auto\">Du\u0161an v hodu diskem 24,22m 3. m\u00edsto, ve vrhu koul\u00ed 8,12m a 5. m\u00edsto.<\/div>\n<\/div>\n<\/div>\n<\/div>\n<\/div>\n<\/div>\n<div id=\"jsc_c_2bc\" class=\"l9j0dhe7\">\n<div class=\"l9j0dhe7\">\n<div class=\"l9j0dhe7\">\n<div class=\"l9j0dhe7\">\n<div class=\"ni8dbmo4 stjgntxs pmk7jnqg\">\n<div class=\"stjgntxs ni8dbmo4\">\n<div class=\"do00u71z ni8dbmo4 stjgntxs l9j0dhe7\">\n<div class=\"pmk7jnqg kr520xx4\">&nbsp;<\/div>\n<\/div>\n<\/div>\n<\/div>\n<div class=\"ni8dbmo4 stjgntxs pmk7jnqg\">\n<div class=\"stjgntxs ni8dbmo4\">\n<div class=\"do00u71z ni8dbmo4 stjgntxs l9j0dhe7\">\n<div class=\"pmk7jnqg kr520xx4\">\n<div style=\"width: 270px\" class=\"wp-caption aligncenter\"><img decoding=\"async\" loading=\"lazy\" class=\"i09qtzwb n7fi1qx3 datstx6m pmk7jnqg j9ispegn kr520xx4 k4urcfbm\" src=\"https:\/\/scontent.fprg5-1.fna.fbcdn.net\/v\/t39.30808-6\/287852542_3221464898097315_8101103281973203778_n.jpg?stp=dst-jpg_s600x600&amp;_nc_cat=105&amp;ccb=1-7&amp;_nc_sid=730e14&amp;_nc_ohc=Q139HpmAJYgAX9uaTG-&amp;_nc_oc=AQkfgrU4EI7GKOcfKgjriiPyGeE6cmK1tedQnXdRwEubZ9ufamAFwI5VyEJQaT8-6ls&amp;_nc_ht=scontent.fprg5-1.fna&amp;oh=00_AT9o47pw3NePpI5JKcIdo2xUn8VLTiRJkf0oEqGurDwVLw&amp;oe=62D38D86\" alt=\"\" width=\"260\" height=\"347\"><p class=\"wp-caption-text\">Du\u0161an, Filip, asistent Petr B\u00e1rta<\/p><\/div>\n<\/div>\n<div><strong>Szczecin<\/strong><\/div>\n<div>Michal Rotter jako jedin\u00fd z\u00e1stupce na\u0161eho klubu se z\u00fa\u010dastnil Mistrovstv\u00ed Polska ve Szczecin\u011b.<\/div>\n<div>\n<p>V\u00fdkon 22,13m mu v hodu diskem vynesl bronzovou medaili, ve vrhu koul\u00ed pak&nbsp; 6,52m bylo m\u00edsto osm\u00e9.<\/p>\n<div id=\"attachment_34627\" style=\"width: 396px\" class=\"wp-caption aligncenter\"><a href=\"https:\/\/www.atletikaolomouc.cz\/wp-content\/uploads\/2022\/07\/WhatsApp-Image-2022-06-18-at-18.40.58.jpeg\"><img aria-describedby=\"caption-attachment-34627\" decoding=\"async\" loading=\"lazy\" class=\"wp-image-34627\" src=\"https:\/\/www.atletikaolomouc.cz\/wp-content\/uploads\/2022\/07\/WhatsApp-Image-2022-06-18-at-18.40.58.jpeg\" alt=\"\" width=\"386\" height=\"217\" srcset=\"https:\/\/old.atletikaolomouc.cz\/wp-content\/uploads\/2022\/07\/WhatsApp-Image-2022-06-18-at-18.40.58.jpeg 1600w, https:\/\/old.atletikaolomouc.cz\/wp-content\/uploads\/2022\/07\/WhatsApp-Image-2022-06-18-at-18.40.58-300x169.jpeg 300w, https:\/\/old.atletikaolomouc.cz\/wp-content\/uploads\/2022\/07\/WhatsApp-Image-2022-06-18-at-18.40.58-768x432.jpeg 768w, https:\/\/old.atletikaolomouc.cz\/wp-content\/uploads\/2022\/07\/WhatsApp-Image-2022-06-18-at-18.40.58-800x450.jpeg 800w\" sizes=\"(max-width: 386px) 100vw, 386px\" \/><\/a><p id=\"caption-attachment-34627\" class=\"wp-caption-text\">Michal Rotter<\/p><\/div>\n<\/div>\n<\/div>\n<div class=\"kr520xx4 j9ispegn pmk7jnqg hzruof5a n7fi1qx3 rq0escxv i09qtzwb opwvks06 linmgsc8\">&nbsp;<\/div>\n<\/div>\n<div class=\"n00je7tq arfg74bv qs9ysxi8 k77z8yql i09qtzwb n7fi1qx3 b5wmifdl hzruof5a pmk7jnqg j9ispegn kr520xx4 c5ndavph art1omkt ot9fgl3s\" data-visualcompletion=\"ignore\">&nbsp;<\/div>\n<\/div>\n<\/div>\n<\/div>\n<\/div>\n<\/div>\n<\/div>\n<div>\n<div class=\"stjgntxs ni8dbmo4 l82x9zwi uo3d90p7 h905i5nu monazrh9\" data-visualcompletion=\"ignore-dynamic\">\n<div>\n<div class=\"cwj9ozl2 tvmbv18p\" style=\"text-align: justify;\">&nbsp;<\/div>\n<\/div>\n<\/div>\n<\/div>\n","protected":false},"excerpt":{"rendered":"<p>2.kolo v paraatletice Krakow 4.-5.6.2022 a Mistrovstv\u00ed Polska &#8211; Szczecin 17.-19.6.<\/p>\n","protected":false},"author":17,"featured_media":0,"comment_status":"closed","ping_status":"closed","sticky":false,"template":"","format":"standard","meta":{"ngg_post_thumbnail":0},"categories":[48],"tags":[],"_links":{"self":[{"href":"https:\/\/old.atletikaolomouc.cz\/index.php?rest_route=\/wp\/v2\/posts\/34571"}],"collection":[{"href":"https:\/\/old.atletikaolomouc.cz\/index.php?rest_route=\/wp\/v2\/posts"}],"about":[{"href":"https:\/\/old.atletikaolomouc.cz\/index.php?rest_route=\/wp\/v2\/types\/post"}],"author":[{"embeddable":true,"href":"https:\/\/old.atletikaolomouc.cz\/index.php?rest_route=\/wp\/v2\/users\/17"}],"replies":[{"embeddable":true,"href":"https:\/\/old.atletikaolomouc.cz\/index.php?rest_route=%2Fwp%2Fv2%2Fcomments&post=34571"}],"version-history":[{"count":2,"href":"https:\/\/old.atletikaolomouc.cz\/index.php?rest_route=\/wp\/v2\/posts\/34571\/revisions"}],"predecessor-version":[{"id":35603,"href":"https:\/\/old.atletikaolomouc.cz\/index.php?rest_route=\/wp\/v2\/posts\/34571\/revisions\/35603"}],"wp:attachment":[{"href":"https:\/\/old.atletikaolomouc.cz\/index.php?rest_route=%2Fwp%2Fv2%2Fmedia&parent=34571"}],"wp:term":[{"taxonomy":"category","embeddable":true,"href":"https:\/\/old.atletikaolomouc.cz\/index.php?rest_route=%2Fwp%2Fv2%2Fcategories&post=34571"},{"taxonomy":"post_tag","embeddable":true,"href":"https:\/\/old.atletikaolomouc.cz\/index.php?rest_route=%2Fwp%2Fv2%2Ftags&post=34571"}],"curies":[{"name":"wp","href":"https:\/\/api.w.org\/{rel}","templated":true}]}}