{"id":34578,"date":"2022-07-07T12:28:52","date_gmt":"2022-07-07T10:28:52","guid":{"rendered":"https:\/\/www.atletikaolomouc.cz\/?p=34578"},"modified":"2022-07-07T12:28:52","modified_gmt":"2022-07-07T10:28:52","slug":"x-hry-letni-olympiady-deti-a-mladeze-olomouc-26-6-1-7-2022","status":"publish","type":"post","link":"https:\/\/old.atletikaolomouc.cz\/?p=34578","title":{"rendered":"X. Hry letn\u00ed olympi\u00e1dy d\u011bt\u00ed a ml\u00e1de\u017ee \u2013 Olomouc 26. 6.-1. 7. 2022"},"content":{"rendered":"<p style=\"text-align: justify;\">Do Olomouck\u00e9 metropole se sjeli mlad\u00ed sportovci z&nbsp;cel\u00e9 \u010cesk\u00e9 republiky, aby pom\u011b\u0159ili svoje s\u00edly ve 20 sportech na X. olympi\u00e1d\u011b d\u011bt\u00ed a ml\u00e1de\u017ee. Na stadionu TJ Lokomotiva Olomouc se uskute\u010dnily z\u00e1vody v&nbsp;atletice. <!--more-->Z Atletick\u00e9ho klubu Olomouc bylo do krajsk\u00e9 v\u00fdpravy nominov\u00e1no 14 atlet\u016f. Nejl\u00e9pe se da\u0159ilo Vojt\u011bchu Herinkovi, kter\u00fd z\u00e1vodil v&nbsp;hodu o\u0161t\u011bpem star\u0161\u00edch chlapc\u016f a v\u00fdborn\u00fdm v\u00fdkonem 56,16 m obsadil 2. m\u00edsto a pro Olomouck\u00fd kraj vybojoval st\u0159\u00edbrnou medaili. Vojta je\u0161t\u011b p\u0159idal 7. m\u00edsto ve vrhu koul\u00ed za v\u00fdkon 13,83 m. V\u00fdborn\u011b z\u00e1vodila i mlad\u0161\u00ed \u017e\u00e1kyn\u011b Viktorie Hrudn\u00edkov\u00e1, na medaili to sice nesta\u010dilo, ale ve skoku do v\u00fd\u0161ky vybojovala p\u011bkn\u00e9 4. m\u00edsto v&nbsp;osobn\u00edm rekordu 153 cm. Dal\u0161\u00ed osobn\u00ed rekord si vytvo\u0159ila ve skoku dalek\u00e9m v\u00fdkonem 512 cm a bylo to 6. m\u00edsto. Dal\u0161\u00ed \u201ebramborovou\u201c medaili vybojoval Jirka Esterka ve skoku do d\u00e1lky mlad\u0161\u00edch \u017e\u00e1k\u016f v\u00fdkonem 535 cm. Aneta Zaor\u00e1lkov\u00e1 tak\u00e9 z\u00e1vodila ve skv\u011bl\u00e9 form\u011b, v&nbsp;hodu o\u0161t\u011bpem si vytvo\u0159ila osobn\u00ed rekord 37,23 m a bylo to p\u011bkn\u00e9 6. m\u00edsto. Nikolas Hus tak\u00e9 z\u00e1vodil velice dob\u0159e, v&nbsp;kvalifikaci ve skoku dalek\u00e9m si vytvo\u0159il osobn\u00ed rekord v\u00fdkonem 607 cm. Ve fin\u00e1le m\u011bl bohu\u017eel 5 p\u0159e\u0161lap\u016f a v\u00fdkonem 593 cm skon\u010dil na 8. m\u00edst\u011b. V\u011bt\u0161ina atlet\u016f si na konci \u0161koln\u00edho roku vytvo\u0159ila osobn\u00ed rekordy.<\/p>\n<p>D\u011bkujeme za vzornou reprezentaci a gratulujeme k&nbsp;osobn\u00edm rekord\u016fm!!!<\/p>\n<p><a href=\"https:\/\/online.atletika.cz\/vysledky\/48374\/0\/2\">Kompletn\u00ed v\u00fdsledky atletick\u00fd z\u00e1vod\u016f na LODM.<\/a><\/p>\n<div id=\"attachment_34582\" style=\"width: 670px\" class=\"wp-caption alignleft\"><a href=\"https:\/\/www.atletikaolomouc.cz\/wp-content\/uploads\/2022\/07\/20220630_095334.jpg\"><img aria-describedby=\"caption-attachment-34582\" decoding=\"async\" loading=\"lazy\" class=\"wp-image-34582 size-large\" src=\"https:\/\/www.atletikaolomouc.cz\/wp-content\/uploads\/2022\/07\/20220630_095334-800x490.jpg\" alt=\"\" width=\"660\" height=\"404\" srcset=\"https:\/\/old.atletikaolomouc.cz\/wp-content\/uploads\/2022\/07\/20220630_095334-800x490.jpg 800w, https:\/\/old.atletikaolomouc.cz\/wp-content\/uploads\/2022\/07\/20220630_095334-300x184.jpg 300w, https:\/\/old.atletikaolomouc.cz\/wp-content\/uploads\/2022\/07\/20220630_095334-768x471.jpg 768w, https:\/\/old.atletikaolomouc.cz\/wp-content\/uploads\/2022\/07\/20220630_095334.jpg 1619w\" sizes=\"(max-width: 660px) 100vw, 660px\" \/><\/a><p id=\"caption-attachment-34582\" class=\"wp-caption-text\">Ji\u0159\u00ed Esterka<\/p><\/div>\n<div id=\"attachment_34583\" style=\"width: 389px\" class=\"wp-caption alignleft\"><a href=\"https:\/\/www.atletikaolomouc.cz\/wp-content\/uploads\/2022\/07\/20220630_110920.jpg\"><img aria-describedby=\"caption-attachment-34583\" decoding=\"async\" loading=\"lazy\" class=\"wp-image-34583 size-large\" src=\"https:\/\/www.atletikaolomouc.cz\/wp-content\/uploads\/2022\/07\/20220630_110920-379x600.jpg\" alt=\"\" width=\"379\" height=\"600\" srcset=\"https:\/\/old.atletikaolomouc.cz\/wp-content\/uploads\/2022\/07\/20220630_110920-379x600.jpg 379w, https:\/\/old.atletikaolomouc.cz\/wp-content\/uploads\/2022\/07\/20220630_110920-189x300.jpg 189w, https:\/\/old.atletikaolomouc.cz\/wp-content\/uploads\/2022\/07\/20220630_110920-768x1216.jpg 768w, https:\/\/old.atletikaolomouc.cz\/wp-content\/uploads\/2022\/07\/20220630_110920.jpg 920w\" sizes=\"(max-width: 379px) 100vw, 379px\" \/><\/a><p id=\"caption-attachment-34583\" class=\"wp-caption-text\">Anna \u0160inclov\u00e1<\/p><\/div>\n<div id=\"attachment_34584\" style=\"width: 406px\" class=\"wp-caption alignleft\"><a href=\"https:\/\/www.atletikaolomouc.cz\/wp-content\/uploads\/2022\/07\/20220630_115011.jpg\"><img aria-describedby=\"caption-attachment-34584\" decoding=\"async\" loading=\"lazy\" class=\"wp-image-34584 size-large\" src=\"https:\/\/www.atletikaolomouc.cz\/wp-content\/uploads\/2022\/07\/20220630_115011-396x600.jpg\" alt=\"\" width=\"396\" height=\"600\" srcset=\"https:\/\/old.atletikaolomouc.cz\/wp-content\/uploads\/2022\/07\/20220630_115011-396x600.jpg 396w, https:\/\/old.atletikaolomouc.cz\/wp-content\/uploads\/2022\/07\/20220630_115011-198x300.jpg 198w, https:\/\/old.atletikaolomouc.cz\/wp-content\/uploads\/2022\/07\/20220630_115011-768x1164.jpg 768w, https:\/\/old.atletikaolomouc.cz\/wp-content\/uploads\/2022\/07\/20220630_115011.jpg 1153w\" sizes=\"(max-width: 396px) 100vw, 396px\" \/><\/a><p id=\"caption-attachment-34584\" class=\"wp-caption-text\">Viktorie Hrudn\u00edkov\u00e1<\/p><\/div>\n<div id=\"attachment_34585\" style=\"width: 670px\" class=\"wp-caption alignleft\"><a href=\"https:\/\/www.atletikaolomouc.cz\/wp-content\/uploads\/2022\/07\/20220630_122320.jpg\"><img aria-describedby=\"caption-attachment-34585\" decoding=\"async\" loading=\"lazy\" class=\"wp-image-34585 size-large\" src=\"https:\/\/www.atletikaolomouc.cz\/wp-content\/uploads\/2022\/07\/20220630_122320-800x517.jpg\" alt=\"\" width=\"660\" height=\"427\" srcset=\"https:\/\/old.atletikaolomouc.cz\/wp-content\/uploads\/2022\/07\/20220630_122320-800x517.jpg 800w, https:\/\/old.atletikaolomouc.cz\/wp-content\/uploads\/2022\/07\/20220630_122320-300x194.jpg 300w, https:\/\/old.atletikaolomouc.cz\/wp-content\/uploads\/2022\/07\/20220630_122320-768x497.jpg 768w, https:\/\/old.atletikaolomouc.cz\/wp-content\/uploads\/2022\/07\/20220630_122320.jpg 1597w\" sizes=\"(max-width: 660px) 100vw, 660px\" \/><\/a><p id=\"caption-attachment-34585\" class=\"wp-caption-text\">Viktorie Hrudn\u00edkov\u00e1 a Aileen Ka\u0148kovsk\u00e1<\/p><\/div>\n<div id=\"attachment_34586\" style=\"width: 373px\" class=\"wp-caption alignleft\"><a href=\"https:\/\/www.atletikaolomouc.cz\/wp-content\/uploads\/2022\/07\/20220630_122447.jpg\"><img aria-describedby=\"caption-attachment-34586\" decoding=\"async\" loading=\"lazy\" class=\"wp-image-34586 size-large\" src=\"https:\/\/www.atletikaolomouc.cz\/wp-content\/uploads\/2022\/07\/20220630_122447-363x600.jpg\" alt=\"\" width=\"363\" height=\"600\" srcset=\"https:\/\/old.atletikaolomouc.cz\/wp-content\/uploads\/2022\/07\/20220630_122447-363x600.jpg 363w, https:\/\/old.atletikaolomouc.cz\/wp-content\/uploads\/2022\/07\/20220630_122447-181x300.jpg 181w, https:\/\/old.atletikaolomouc.cz\/wp-content\/uploads\/2022\/07\/20220630_122447-768x1270.jpg 768w, https:\/\/old.atletikaolomouc.cz\/wp-content\/uploads\/2022\/07\/20220630_122447.jpg 977w\" sizes=\"(max-width: 363px) 100vw, 363px\" \/><\/a><p id=\"caption-attachment-34586\" class=\"wp-caption-text\">Nikolas Hus<\/p><\/div>\n<div id=\"attachment_34587\" style=\"width: 357px\" class=\"wp-caption alignleft\"><a href=\"https:\/\/www.atletikaolomouc.cz\/wp-content\/uploads\/2022\/07\/20220630_123206.jpg\"><img aria-describedby=\"caption-attachment-34587\" decoding=\"async\" loading=\"lazy\" class=\"wp-image-34587 size-large\" src=\"https:\/\/www.atletikaolomouc.cz\/wp-content\/uploads\/2022\/07\/20220630_123206-347x600.jpg\" alt=\"\" width=\"347\" height=\"600\" srcset=\"https:\/\/old.atletikaolomouc.cz\/wp-content\/uploads\/2022\/07\/20220630_123206-347x600.jpg 347w, https:\/\/old.atletikaolomouc.cz\/wp-content\/uploads\/2022\/07\/20220630_123206-174x300.jpg 174w, https:\/\/old.atletikaolomouc.cz\/wp-content\/uploads\/2022\/07\/20220630_123206.jpg 378w\" sizes=\"(max-width: 347px) 100vw, 347px\" \/><\/a><p id=\"caption-attachment-34587\" class=\"wp-caption-text\">Anna \u0160inclov\u00e1 a Jana Stratilov\u00e1<\/p><\/div>\n<div id=\"attachment_34588\" style=\"width: 425px\" class=\"wp-caption alignleft\"><a href=\"https:\/\/www.atletikaolomouc.cz\/wp-content\/uploads\/2022\/07\/20220630_125833-1.jpg\"><img aria-describedby=\"caption-attachment-34588\" decoding=\"async\" loading=\"lazy\" class=\"wp-image-34588 size-large\" src=\"https:\/\/www.atletikaolomouc.cz\/wp-content\/uploads\/2022\/07\/20220630_125833-1-415x600.jpg\" alt=\"\" width=\"415\" height=\"600\" srcset=\"https:\/\/old.atletikaolomouc.cz\/wp-content\/uploads\/2022\/07\/20220630_125833-1-415x600.jpg 415w, https:\/\/old.atletikaolomouc.cz\/wp-content\/uploads\/2022\/07\/20220630_125833-1-207x300.jpg 207w, https:\/\/old.atletikaolomouc.cz\/wp-content\/uploads\/2022\/07\/20220630_125833-1-768x1111.jpg 768w, https:\/\/old.atletikaolomouc.cz\/wp-content\/uploads\/2022\/07\/20220630_125833-1.jpg 851w\" sizes=\"(max-width: 415px) 100vw, 415px\" \/><\/a><p id=\"caption-attachment-34588\" class=\"wp-caption-text\">St\u0159\u00edbrn\u00fd medailista v o\u0161t\u011bpu Vojt\u011bch Herinek<\/p><\/div>\n<p>&nbsp;<\/p>\n<p>&nbsp;<\/p>\n<p>&nbsp;<\/p>\n<p style=\"text-align: justify;\">&nbsp;<\/p>\n<p>&nbsp;<\/p>\n<table width=\"657\">\n<tbody>\n<tr>\n<td colspan=\"7\"><strong>V\u00fdsledky atlet\u016f AK Olomouc na LODM 2022<\/strong><\/td>\n<\/tr>\n<tr>\n<td width=\"44\">2.<\/td>\n<td width=\"64\">m\u00edsto<\/td>\n<td width=\"298\">Vojt\u011bch Herinek<\/td>\n<td width=\"45\">Hst<\/td>\n<td width=\"64\">o\u0161t\u011bp<\/td>\n<td width=\"64\">56.16<\/td>\n<td width=\"78\">&nbsp;<\/td>\n<\/tr>\n<tr>\n<td>4.<\/td>\n<td>m\u00edsto<\/td>\n<td>Ji\u0159\u00ed Esterka<\/td>\n<td>Hml<\/td>\n<td>d\u00e1lka<\/td>\n<td>5.35<\/td>\n<td>&nbsp;<\/td>\n<\/tr>\n<tr>\n<td>4.<\/td>\n<td>m\u00edsto<\/td>\n<td>Viktorie Hrudn\u00edkov\u00e1<\/td>\n<td>Dml<\/td>\n<td>v\u00fd\u0161ka<\/td>\n<td>1.53<\/td>\n<td>&nbsp;<\/td>\n<\/tr>\n<tr>\n<td>5.<\/td>\n<td>m\u00edsto<\/td>\n<td>Vep\u0159ekov\u00e1, \u017dandov\u00e1, Stratilov\u00e1, \u0160inclov\u00e1<\/td>\n<td>&nbsp;<\/td>\n<td>4&#215;60 m<\/td>\n<td>29.99<\/td>\n<td>&nbsp;<\/td>\n<\/tr>\n<tr>\n<td>6.<\/td>\n<td>m\u00edsto<\/td>\n<td>Viktorie Hrudn\u00edkov\u00e1<\/td>\n<td>Dml<\/td>\n<td>d\u00e1lka<\/td>\n<td>5.12<\/td>\n<td>&nbsp;<\/td>\n<\/tr>\n<tr>\n<td>6.<\/td>\n<td>m\u00edsto<\/td>\n<td width=\"298\">Aneta Zaor\u00e1lkov\u00e1<\/td>\n<td>Dst<\/td>\n<td>o\u0161t\u011bp<\/td>\n<td>37.23<\/td>\n<td>&nbsp;<\/td>\n<\/tr>\n<tr>\n<td>7.<\/td>\n<td>m\u00edsto<\/td>\n<td>Vojt\u011bch Herinek<\/td>\n<td>Hst<\/td>\n<td>koule<\/td>\n<td>13.83<\/td>\n<td>&nbsp;<\/td>\n<\/tr>\n<tr>\n<td>8.<\/td>\n<td>m\u00edsto<\/td>\n<td width=\"298\">Nikolas Hus<\/td>\n<td>Hst<\/td>\n<td>d\u00e1lka<\/td>\n<td>5.93<\/td>\n<td>Q &#8211; 6.07<\/td>\n<\/tr>\n<tr>\n<td>8.<\/td>\n<td>m\u00edsto<\/td>\n<td>Ka\u0148kovsk\u00e1, Hrudn\u00edkov\u00e1, Do\u010dkal, Kulich<\/td>\n<td>&nbsp;<\/td>\n<td>4&#215;60 m<\/td>\n<td>30.08<\/td>\n<td>&nbsp;<\/td>\n<\/tr>\n<tr>\n<td>10.<\/td>\n<td>m\u00edsto<\/td>\n<td>Mand\u00e1k, H\u00fdbl, Kotyza, Hus<\/td>\n<td>Hst<\/td>\n<td>4&#215;60 m<\/td>\n<td>27.83<\/td>\n<td>&nbsp;<\/td>\n<\/tr>\n<tr>\n<td>10.<\/td>\n<td>m\u00edsto<\/td>\n<td>Anna \u0160inclov\u00e1<\/td>\n<td>Dst<\/td>\n<td>d\u00e1lka<\/td>\n<td>5.29<\/td>\n<td>&nbsp;<\/td>\n<\/tr>\n<tr>\n<td>11.<\/td>\n<td>m\u00edsto<\/td>\n<td>Aileen Ka\u0148kovsk\u00e1<\/td>\n<td>Dml<\/td>\n<td>d\u00e1lka<\/td>\n<td>4.62<\/td>\n<td>Q &#8211; 4.79<\/td>\n<\/tr>\n<tr>\n<td>11.<\/td>\n<td>m\u00edsto<\/td>\n<td>Jana Stratilov\u00e1<\/td>\n<td>Dst<\/td>\n<td>60 m<\/td>\n<td>7.99<\/td>\n<td>&nbsp;<\/td>\n<\/tr>\n<tr>\n<td>11.<\/td>\n<td>m\u00edsto<\/td>\n<td width=\"298\">Nikolas Hus<\/td>\n<td>Hst<\/td>\n<td>60 m<\/td>\n<td>7.46<\/td>\n<td>R &#8211; 7.38<\/td>\n<\/tr>\n<tr>\n<td>13.<\/td>\n<td>m\u00edsto<\/td>\n<td>Tobi\u00e1\u0161 Toman<\/td>\n<td>Hst<\/td>\n<td>1500 m<\/td>\n<td>4:43.73<\/td>\n<td>R &#8211; 4:18.68<\/td>\n<\/tr>\n<tr>\n<td>13.<\/td>\n<td>m\u00edsto<\/td>\n<td>Metod\u011bj Pazdera<\/td>\n<td>Hst<\/td>\n<td>koule<\/td>\n<td>12.83<\/td>\n<td>&nbsp;<\/td>\n<\/tr>\n<tr>\n<td>14.<\/td>\n<td>m\u00edsto<\/td>\n<td>Aileen Ka\u0148kovsk\u00e1<\/td>\n<td>Dml<\/td>\n<td>60 m<\/td>\n<td>8.50<\/td>\n<td>R &#8211; 8.32<\/td>\n<\/tr>\n<tr>\n<td>14.<\/td>\n<td>m\u00edsto<\/td>\n<td>Roz\u00e1lie Pazderov\u00e1<\/td>\n<td>Dml<\/td>\n<td>v\u00fd\u0161ka<\/td>\n<td>1.43<\/td>\n<td>&nbsp;<\/td>\n<\/tr>\n<tr>\n<td>14.<\/td>\n<td>m\u00edsto<\/td>\n<td>Albert Kotyza<\/td>\n<td>Hst<\/td>\n<td>100 m p\u0159.<\/td>\n<td>14.34<\/td>\n<td>&nbsp;<\/td>\n<\/tr>\n<tr>\n<td>15.<\/td>\n<td>m\u00edsto<\/td>\n<td>Magdal\u00e9na Slov\u00e1\u010dkov\u00e1<\/td>\n<td>Dst<\/td>\n<td>koule<\/td>\n<td>9.87<\/td>\n<td>&nbsp;<\/td>\n<\/tr>\n<tr>\n<td>21.<\/td>\n<td>m\u00edsto<\/td>\n<td>Tom\u00e1\u0161 Molnar<\/td>\n<td>Hml<\/td>\n<td>60m p\u0159.<\/td>\n<td>10.77<\/td>\n<td>&nbsp;<\/td>\n<\/tr>\n<tr>\n<td>22.<\/td>\n<td>m\u00edsto<\/td>\n<td>Maty\u00e1\u0161 \u0158eh\u00e1k<\/td>\n<td>Hml<\/td>\n<td>800 m<\/td>\n<td>2:25.23<\/td>\n<td>&nbsp;<\/td>\n<\/tr>\n<\/tbody>\n<\/table>\n","protected":false},"excerpt":{"rendered":"<p>Do Olomouck\u00e9 metropole se sjeli mlad\u00ed sportovci z&nbsp;cel\u00e9 \u010cesk\u00e9 republiky, aby pom\u011b\u0159ili svoje s\u00edly ve 20 sportech na X. olympi\u00e1d\u011b d\u011bt\u00ed a ml\u00e1de\u017ee. Na stadionu TJ Lokomotiva Olomouc se uskute\u010dnily z\u00e1vody v&nbsp;atletice.<\/p>\n","protected":false},"author":10,"featured_media":34581,"comment_status":"closed","ping_status":"closed","sticky":false,"template":"","format":"standard","meta":{"ngg_post_thumbnail":0},"categories":[5,6,37],"tags":[],"_links":{"self":[{"href":"https:\/\/old.atletikaolomouc.cz\/index.php?rest_route=\/wp\/v2\/posts\/34578"}],"collection":[{"href":"https:\/\/old.atletikaolomouc.cz\/index.php?rest_route=\/wp\/v2\/posts"}],"about":[{"href":"https:\/\/old.atletikaolomouc.cz\/index.php?rest_route=\/wp\/v2\/types\/post"}],"author":[{"embeddable":true,"href":"https:\/\/old.atletikaolomouc.cz\/index.php?rest_route=\/wp\/v2\/users\/10"}],"replies":[{"embeddable":true,"href":"https:\/\/old.atletikaolomouc.cz\/index.php?rest_route=%2Fwp%2Fv2%2Fcomments&post=34578"}],"version-history":[{"count":2,"href":"https:\/\/old.atletikaolomouc.cz\/index.php?rest_route=\/wp\/v2\/posts\/34578\/revisions"}],"predecessor-version":[{"id":34590,"href":"https:\/\/old.atletikaolomouc.cz\/index.php?rest_route=\/wp\/v2\/posts\/34578\/revisions\/34590"}],"wp:featuredmedia":[{"embeddable":true,"href":"https:\/\/old.atletikaolomouc.cz\/index.php?rest_route=\/wp\/v2\/media\/34581"}],"wp:attachment":[{"href":"https:\/\/old.atletikaolomouc.cz\/index.php?rest_route=%2Fwp%2Fv2%2Fmedia&parent=34578"}],"wp:term":[{"taxonomy":"category","embeddable":true,"href":"https:\/\/old.atletikaolomouc.cz\/index.php?rest_route=%2Fwp%2Fv2%2Fcategories&post=34578"},{"taxonomy":"post_tag","embeddable":true,"href":"https:\/\/old.atletikaolomouc.cz\/index.php?rest_route=%2Fwp%2Fv2%2Ftags&post=34578"}],"curies":[{"name":"wp","href":"https:\/\/api.w.org\/{rel}","templated":true}]}}