{"id":34636,"date":"2022-07-14T15:03:27","date_gmt":"2022-07-14T13:03:27","guid":{"rendered":"https:\/\/www.atletikaolomouc.cz\/?p=34636"},"modified":"2022-07-22T08:51:12","modified_gmt":"2022-07-22T06:51:12","slug":"o-pohar-primatorky-mesta-brna","status":"publish","type":"post","link":"https:\/\/old.atletikaolomouc.cz\/?p=34636","title":{"rendered":"O poh\u00e1r prim\u00e1torky m\u011bsta Brna &#8211; I.kolo paramoravia cupu"},"content":{"rendered":"<p>Posledn\u00ed \u010dervnovou sobotu 25.6.2022 hostilo Brno z\u00e1vody prvn\u00edho kola Para moravia cupu.<!--more--><\/p>\n<p>Do Brna se sjeli z\u00e1vodn\u00edci ze Slovenska, Spojen\u00fdch Arabsk\u00fdch Emir\u00e1t\u016f a kluby z \u010cesk\u00e9 republiky.<br \/>\nZa olomouck\u00e9 barvy bojovali, Michal Rotter, Luk\u00e1\u0161 Kunc, Ad\u00e9la Sekyrov\u00e1 a Eva Kvapilov\u00e1.<\/p>\n<p>Michal bojoval v hodu o\u0161t\u011bpem, kde se mu v de\u0161tiv\u00e9m po\u010das\u00ed poda\u0159ilo vyhr\u00e1t a dom\u016f si odvezl zlatou medaili, v hodu diskem p\u0159ehodil 20m hranici a na krk pov\u011bsil st\u0159\u00edbro.<br \/>\nLuk\u00e1\u0161 z\u00e1vodil ve vrhu koul\u00ed, kde s v\u00fdsledkem kousek pod p\u011bti metrovou hranici z\u00edskal st\u0159\u00edbrnou medaili, v hodu diskem, pak v\u00fdkonem 15,04m p\u0159ivezl bronz.<\/p>\n<p>Holky z\u00e1vodily v hodu ku\u017eelkou, Ad\u00e9la sout\u011b\u017e vyhr\u00e1la a v\u00fdkonem 9,71m brala zlatou, Evi\u010dka ve stejn\u00e9 discipl\u00edn\u011b hodila skv\u011bl\u00fdch 3,71m, co\u017e byla bronzov\u00e1 placka.<\/p>\n<p>V\u00fdsledky k nahl\u00e9dnut\u00ed <a href=\"https:\/\/www.atletikaolomouc.cz\/wp-content\/uploads\/2022\/07\/V\u00fdsledky-Brno.pdf\">zde<\/a>.<br \/>\nK v\u00fdkon\u016fm gratulujeme.<\/p>\n","protected":false},"excerpt":{"rendered":"<p>Posledn\u00ed \u010dervnovou sobotu 25.6.2022 hostilo Brno z\u00e1vody prvn\u00edho kola Para moravia cupu.<\/p>\n","protected":false},"author":17,"featured_media":34637,"comment_status":"closed","ping_status":"closed","sticky":false,"template":"","format":"standard","meta":{"ngg_post_thumbnail":0},"categories":[5,48],"tags":[],"_links":{"self":[{"href":"https:\/\/old.atletikaolomouc.cz\/index.php?rest_route=\/wp\/v2\/posts\/34636"}],"collection":[{"href":"https:\/\/old.atletikaolomouc.cz\/index.php?rest_route=\/wp\/v2\/posts"}],"about":[{"href":"https:\/\/old.atletikaolomouc.cz\/index.php?rest_route=\/wp\/v2\/types\/post"}],"author":[{"embeddable":true,"href":"https:\/\/old.atletikaolomouc.cz\/index.php?rest_route=\/wp\/v2\/users\/17"}],"replies":[{"embeddable":true,"href":"https:\/\/old.atletikaolomouc.cz\/index.php?rest_route=%2Fwp%2Fv2%2Fcomments&post=34636"}],"version-history":[{"count":2,"href":"https:\/\/old.atletikaolomouc.cz\/index.php?rest_route=\/wp\/v2\/posts\/34636\/revisions"}],"predecessor-version":[{"id":34777,"href":"https:\/\/old.atletikaolomouc.cz\/index.php?rest_route=\/wp\/v2\/posts\/34636\/revisions\/34777"}],"wp:featuredmedia":[{"embeddable":true,"href":"https:\/\/old.atletikaolomouc.cz\/index.php?rest_route=\/wp\/v2\/media\/34637"}],"wp:attachment":[{"href":"https:\/\/old.atletikaolomouc.cz\/index.php?rest_route=%2Fwp%2Fv2%2Fmedia&parent=34636"}],"wp:term":[{"taxonomy":"category","embeddable":true,"href":"https:\/\/old.atletikaolomouc.cz\/index.php?rest_route=%2Fwp%2Fv2%2Fcategories&post=34636"},{"taxonomy":"post_tag","embeddable":true,"href":"https:\/\/old.atletikaolomouc.cz\/index.php?rest_route=%2Fwp%2Fv2%2Ftags&post=34636"}],"curies":[{"name":"wp","href":"https:\/\/api.w.org\/{rel}","templated":true}]}}