{"id":34643,"date":"2022-07-15T16:49:33","date_gmt":"2022-07-15T14:49:33","guid":{"rendered":"https:\/\/www.atletikaolomouc.cz\/?p=34643"},"modified":"2022-07-15T16:49:33","modified_gmt":"2022-07-15T14:49:33","slug":"mcr-junioru-bilina","status":"publish","type":"post","link":"https:\/\/old.atletikaolomouc.cz\/?p=34643","title":{"rendered":"M\u010cR junior\u016f &#8211; B\u00edlina"},"content":{"rendered":"<p style=\"text-align: justify;\">Ned\u011bln\u00ed den 26.6.2022 pat\u0159il Mistrovstv\u00ed \u010cR v paraatletice junior\u016f<!--more--><\/p>\n<p style=\"text-align: justify;\">Trojice olomouck\u00fdch z\u00e1vodnic Ad\u00e9la Sekyrov\u00e1, Eva Kvapilov\u00e1 a Ad\u00e9la Dur\u010d\u00e1kov\u00e1 zm\u011b\u0159ily se soupe\u0159kami s\u00edly v dalek\u00e9 B\u00edlin\u011b. Ve velice tepl\u00e9m a slune\u010dn\u00e9m po\u010das\u00ed podaly skv\u011bl\u00e9 v\u00fdkony a uk\u00e1zaly skv\u011blou formu na nadch\u00e1zej\u00edc\u00ed M\u010cR dosp\u011bl\u00fdch Czech open.<\/p>\n<p><a href=\"https:\/\/www.atletikaolomouc.cz\/wp-content\/uploads\/2022\/07\/IMG-20220626-WA0006.jpg\"><img decoding=\"async\" loading=\"lazy\" class=\"alignnone wp-image-34754 size-large\" src=\"https:\/\/www.atletikaolomouc.cz\/wp-content\/uploads\/2022\/07\/IMG-20220626-WA0006-800x450.jpg\" alt=\"\" width=\"660\" height=\"371\" srcset=\"https:\/\/old.atletikaolomouc.cz\/wp-content\/uploads\/2022\/07\/IMG-20220626-WA0006-800x450.jpg 800w, https:\/\/old.atletikaolomouc.cz\/wp-content\/uploads\/2022\/07\/IMG-20220626-WA0006-300x169.jpg 300w, https:\/\/old.atletikaolomouc.cz\/wp-content\/uploads\/2022\/07\/IMG-20220626-WA0006-768x432.jpg 768w, https:\/\/old.atletikaolomouc.cz\/wp-content\/uploads\/2022\/07\/IMG-20220626-WA0006.jpg 1376w\" sizes=\"(max-width: 660px) 100vw, 660px\" \/><\/a><\/p>\n<p style=\"text-align: justify;\">Ad\u00e9la Sekyrov\u00e1 stejn\u011b jako Eva Kvapilov\u00e1 z\u00e1vodily v hodu diskem a ku\u017eelkou.<br \/>\nA\u010fa Sekyrov\u00e1 v disku se stala juniorskou vicemistrin\u00ed a v hodu ku\u017eelkou mistrin\u00ed \u010cR. Ev\u010da brala v obou discipl\u00edn\u00e1ch&nbsp;dv\u011b st\u0159\u00edbrn\u00e9 medaile.<br \/>\nAd\u00e9lka Dur\u010d\u00e1kov\u00e1 sout\u011b\u017eila v j\u00edzd\u011b na 50 a 100m, z technick\u00fdch discipl\u00edn pak h\u00e1zela m\u00ed\u010dkem. Ve v\u0161ech discipl\u00edn\u00e1ch podala skv\u011bl\u00e9 v\u00fdkony a odvezla si zlat\u00e9 medaile.<\/p>\n<p>V\u00fdsledky k nahl\u00e9dnut\u00ed <a href=\"https:\/\/www.atletikaolomouc.cz\/wp-content\/uploads\/2022\/07\/220626_VY_M\u010cR_JUN_2022.pdf\">zde<\/a>.<br \/>\nHolk\u00e1m k v\u00fdkon\u016fm moc gratulujeme.<\/p>\n","protected":false},"excerpt":{"rendered":"<p>Ned\u011bln\u00ed den 26.6.2022 pat\u0159il Mistrovstv\u00ed \u010cR v paraatletice junior\u016f<\/p>\n","protected":false},"author":17,"featured_media":34755,"comment_status":"closed","ping_status":"closed","sticky":false,"template":"","format":"standard","meta":{"ngg_post_thumbnail":0},"categories":[48],"tags":[],"_links":{"self":[{"href":"https:\/\/old.atletikaolomouc.cz\/index.php?rest_route=\/wp\/v2\/posts\/34643"}],"collection":[{"href":"https:\/\/old.atletikaolomouc.cz\/index.php?rest_route=\/wp\/v2\/posts"}],"about":[{"href":"https:\/\/old.atletikaolomouc.cz\/index.php?rest_route=\/wp\/v2\/types\/post"}],"author":[{"embeddable":true,"href":"https:\/\/old.atletikaolomouc.cz\/index.php?rest_route=\/wp\/v2\/users\/17"}],"replies":[{"embeddable":true,"href":"https:\/\/old.atletikaolomouc.cz\/index.php?rest_route=%2Fwp%2Fv2%2Fcomments&post=34643"}],"version-history":[{"count":1,"href":"https:\/\/old.atletikaolomouc.cz\/index.php?rest_route=\/wp\/v2\/posts\/34643\/revisions"}],"predecessor-version":[{"id":34756,"href":"https:\/\/old.atletikaolomouc.cz\/index.php?rest_route=\/wp\/v2\/posts\/34643\/revisions\/34756"}],"wp:featuredmedia":[{"embeddable":true,"href":"https:\/\/old.atletikaolomouc.cz\/index.php?rest_route=\/wp\/v2\/media\/34755"}],"wp:attachment":[{"href":"https:\/\/old.atletikaolomouc.cz\/index.php?rest_route=%2Fwp%2Fv2%2Fmedia&parent=34643"}],"wp:term":[{"taxonomy":"category","embeddable":true,"href":"https:\/\/old.atletikaolomouc.cz\/index.php?rest_route=%2Fwp%2Fv2%2Fcategories&post=34643"},{"taxonomy":"post_tag","embeddable":true,"href":"https:\/\/old.atletikaolomouc.cz\/index.php?rest_route=%2Fwp%2Fv2%2Ftags&post=34643"}],"curies":[{"name":"wp","href":"https:\/\/api.w.org\/{rel}","templated":true}]}}