{"id":34778,"date":"2022-07-22T10:33:32","date_gmt":"2022-07-22T08:33:32","guid":{"rendered":"https:\/\/www.atletikaolomouc.cz\/?p=34778"},"modified":"2022-07-22T10:34:02","modified_gmt":"2022-07-22T08:34:02","slug":"ostrava-cup-ii","status":"publish","type":"post","link":"https:\/\/old.atletikaolomouc.cz\/?p=34778","title":{"rendered":"Ostrava cup &#8211; II.kolo paramoravia cupu"},"content":{"rendered":"<p style=\"text-align: justify;\">16.7. hostila Ostrava druh\u00e9 kolo paramoravia cupu<!--more--><\/p>\n<p style=\"text-align: justify;\">Z\u00e1vodn\u00edci z p\u011bti zem\u00ed (\u010ceska, Slovenska, Polska, Arabsk\u00fdch emir\u00e1t\u016f, Maroka) pom\u011b\u0159ili na v\u00edtkovick\u00e9m stadionu s\u00edly v paraatletice.<\/p>\n<p style=\"text-align: justify;\">V\u00fdsledky <a href=\"https:\/\/www.atletikaolomouc.cz\/wp-content\/uploads\/2022\/07\/Vy\u0301sledky-z\u030ceny-16.7.zapsane.pdf\">\u017eeny<\/a>\/\/v\u00fdsledky <a href=\"https:\/\/www.atletikaolomouc.cz\/wp-content\/uploads\/2022\/07\/Vy\u0301sledky-muz\u030ci-16.7.zapsane.pdf\">mu\u017ei<\/a>.<\/p>\n<p><strong>Lenka Hornov\u00e1<\/strong> z\u00e1vodila ve dvou discipl\u00edn\u00e1ch v hodu o\u0161t\u011bpem a vrhu koul\u00ed.<\/p>\n<p style=\"text-align: justify;\"><a href=\"https:\/\/www.atletikaolomouc.cz\/wp-content\/uploads\/2022\/07\/IMG_20220716_121310.jpg\"><img decoding=\"async\" loading=\"lazy\" class=\"wp-image-34787 alignleft\" src=\"https:\/\/www.atletikaolomouc.cz\/wp-content\/uploads\/2022\/07\/IMG_20220716_121310-800x600.jpg\" alt=\"\" width=\"289\" height=\"217\" srcset=\"https:\/\/old.atletikaolomouc.cz\/wp-content\/uploads\/2022\/07\/IMG_20220716_121310-800x600.jpg 800w, https:\/\/old.atletikaolomouc.cz\/wp-content\/uploads\/2022\/07\/IMG_20220716_121310-300x225.jpg 300w, https:\/\/old.atletikaolomouc.cz\/wp-content\/uploads\/2022\/07\/IMG_20220716_121310-768x576.jpg 768w\" sizes=\"(max-width: 289px) 100vw, 289px\" \/><\/a><a href=\"https:\/\/www.atletikaolomouc.cz\/wp-content\/uploads\/2022\/07\/IMG_20220716_121447.jpg\"><img decoding=\"async\" loading=\"lazy\" class=\"alignnone wp-image-34781\" src=\"https:\/\/www.atletikaolomouc.cz\/wp-content\/uploads\/2022\/07\/IMG_20220716_121447-800x600.jpg\" alt=\"\" width=\"289\" height=\"217\" srcset=\"https:\/\/old.atletikaolomouc.cz\/wp-content\/uploads\/2022\/07\/IMG_20220716_121447-800x600.jpg 800w, https:\/\/old.atletikaolomouc.cz\/wp-content\/uploads\/2022\/07\/IMG_20220716_121447-300x225.jpg 300w, https:\/\/old.atletikaolomouc.cz\/wp-content\/uploads\/2022\/07\/IMG_20220716_121447-768x576.jpg 768w\" sizes=\"(max-width: 289px) 100vw, 289px\" \/><\/a><\/p>\n<p style=\"text-align: justify;\"><strong>Ad\u00e9la Sekyrov\u00e1<\/strong> bojovala v hodu diskem a ku\u017eelkou.<\/p>\n<p><a href=\"https:\/\/www.atletikaolomouc.cz\/wp-content\/uploads\/2022\/07\/IMG_20220716_095529.jpg\"><img decoding=\"async\" loading=\"lazy\" class=\"alignleft wp-image-34782\" src=\"https:\/\/www.atletikaolomouc.cz\/wp-content\/uploads\/2022\/07\/IMG_20220716_095529-800x600.jpg\" alt=\"\" width=\"289\" height=\"217\" srcset=\"https:\/\/old.atletikaolomouc.cz\/wp-content\/uploads\/2022\/07\/IMG_20220716_095529-800x600.jpg 800w, https:\/\/old.atletikaolomouc.cz\/wp-content\/uploads\/2022\/07\/IMG_20220716_095529-300x225.jpg 300w, https:\/\/old.atletikaolomouc.cz\/wp-content\/uploads\/2022\/07\/IMG_20220716_095529-768x576.jpg 768w\" sizes=\"(max-width: 289px) 100vw, 289px\" \/><\/a> <a href=\"https:\/\/www.atletikaolomouc.cz\/wp-content\/uploads\/2022\/07\/IMG_20220716_104027.jpg\"><img decoding=\"async\" loading=\"lazy\" class=\"alignnone wp-image-34783\" src=\"https:\/\/www.atletikaolomouc.cz\/wp-content\/uploads\/2022\/07\/IMG_20220716_104027-800x600.jpg\" alt=\"\" width=\"289\" height=\"217\" srcset=\"https:\/\/old.atletikaolomouc.cz\/wp-content\/uploads\/2022\/07\/IMG_20220716_104027-800x600.jpg 800w, https:\/\/old.atletikaolomouc.cz\/wp-content\/uploads\/2022\/07\/IMG_20220716_104027-300x225.jpg 300w, https:\/\/old.atletikaolomouc.cz\/wp-content\/uploads\/2022\/07\/IMG_20220716_104027-768x576.jpg 768w\" sizes=\"(max-width: 289px) 100vw, 289px\" \/><\/a><\/p>\n<p style=\"text-align: justify;\"><strong>Du\u0161an \u0160\u010dambura<\/strong> h\u00e1zel diskem a o\u0161t\u011bpem.<\/p>\n<p><a href=\"https:\/\/www.atletikaolomouc.cz\/wp-content\/uploads\/2022\/07\/IMG_20220716_094812.jpg\"><img decoding=\"async\" loading=\"lazy\" class=\"wp-image-34785 alignleft\" src=\"https:\/\/www.atletikaolomouc.cz\/wp-content\/uploads\/2022\/07\/IMG_20220716_094812-800x600.jpg\" alt=\"\" width=\"289\" height=\"217\" srcset=\"https:\/\/old.atletikaolomouc.cz\/wp-content\/uploads\/2022\/07\/IMG_20220716_094812-800x600.jpg 800w, https:\/\/old.atletikaolomouc.cz\/wp-content\/uploads\/2022\/07\/IMG_20220716_094812-300x225.jpg 300w, https:\/\/old.atletikaolomouc.cz\/wp-content\/uploads\/2022\/07\/IMG_20220716_094812-768x576.jpg 768w\" sizes=\"(max-width: 289px) 100vw, 289px\" \/><\/a> <a href=\"https:\/\/www.atletikaolomouc.cz\/wp-content\/uploads\/2022\/07\/IMG_20220716_094617.jpg\"><img decoding=\"async\" loading=\"lazy\" class=\"wp-image-34786 alignnone\" src=\"https:\/\/www.atletikaolomouc.cz\/wp-content\/uploads\/2022\/07\/IMG_20220716_094617-800x600.jpg\" alt=\"\" width=\"289\" height=\"217\" srcset=\"https:\/\/old.atletikaolomouc.cz\/wp-content\/uploads\/2022\/07\/IMG_20220716_094617-800x600.jpg 800w, https:\/\/old.atletikaolomouc.cz\/wp-content\/uploads\/2022\/07\/IMG_20220716_094617-300x225.jpg 300w, https:\/\/old.atletikaolomouc.cz\/wp-content\/uploads\/2022\/07\/IMG_20220716_094617-768x576.jpg 768w\" sizes=\"(max-width: 289px) 100vw, 289px\" \/><\/a><\/p>\n<p style=\"text-align: justify;\">K v\u00fdkon\u016fm gratulujeme!<\/p>\n","protected":false},"excerpt":{"rendered":"<p>16.7. hostila Ostrava druh\u00e9 kolo paramoravia cupu<\/p>\n","protected":false},"author":17,"featured_media":0,"comment_status":"closed","ping_status":"closed","sticky":false,"template":"","format":"standard","meta":{"ngg_post_thumbnail":0},"categories":[48],"tags":[],"_links":{"self":[{"href":"https:\/\/old.atletikaolomouc.cz\/index.php?rest_route=\/wp\/v2\/posts\/34778"}],"collection":[{"href":"https:\/\/old.atletikaolomouc.cz\/index.php?rest_route=\/wp\/v2\/posts"}],"about":[{"href":"https:\/\/old.atletikaolomouc.cz\/index.php?rest_route=\/wp\/v2\/types\/post"}],"author":[{"embeddable":true,"href":"https:\/\/old.atletikaolomouc.cz\/index.php?rest_route=\/wp\/v2\/users\/17"}],"replies":[{"embeddable":true,"href":"https:\/\/old.atletikaolomouc.cz\/index.php?rest_route=%2Fwp%2Fv2%2Fcomments&post=34778"}],"version-history":[{"count":2,"href":"https:\/\/old.atletikaolomouc.cz\/index.php?rest_route=\/wp\/v2\/posts\/34778\/revisions"}],"predecessor-version":[{"id":34789,"href":"https:\/\/old.atletikaolomouc.cz\/index.php?rest_route=\/wp\/v2\/posts\/34778\/revisions\/34789"}],"wp:attachment":[{"href":"https:\/\/old.atletikaolomouc.cz\/index.php?rest_route=%2Fwp%2Fv2%2Fmedia&parent=34778"}],"wp:term":[{"taxonomy":"category","embeddable":true,"href":"https:\/\/old.atletikaolomouc.cz\/index.php?rest_route=%2Fwp%2Fv2%2Fcategories&post=34778"},{"taxonomy":"post_tag","embeddable":true,"href":"https:\/\/old.atletikaolomouc.cz\/index.php?rest_route=%2Fwp%2Fv2%2Ftags&post=34778"}],"curies":[{"name":"wp","href":"https:\/\/api.w.org\/{rel}","templated":true}]}}