{"id":34954,"date":"2022-08-10T12:05:33","date_gmt":"2022-08-10T10:05:33","guid":{"rendered":"https:\/\/www.atletikaolomouc.cz\/?p=34954"},"modified":"2022-08-10T12:05:33","modified_gmt":"2022-08-10T10:05:33","slug":"ii-kolo-ceskeho-poharu-nove-mesto-nad-metuji","status":"publish","type":"post","link":"https:\/\/old.atletikaolomouc.cz\/?p=34954","title":{"rendered":"II.kolo \u010cesk\u00e9ho poh\u00e1ru &#8211; Nov\u00e9 M\u011bsto nad Metuj\u00ed"},"content":{"rendered":"<p style=\"text-align: justify;\">V sobotu 6.8.2022 prob\u011bhlo druh\u00e9 kolo \u010cesk\u00e9ho poh\u00e1ru voz\u00ed\u010dk\u00e1\u0159\u016f<!--more--><\/p>\n<p style=\"text-align: justify;\">Na z\u00e1vody do Nov\u00e9ho M\u011bsta odjeli z Olomouce \u010dty\u0159i atleti Michal Rotter, Du\u0161an \u0160\u010dambura, Eva Kvapilov\u00e1 a Eva Kacanu.<\/p>\n<p style=\"text-align: justify;\">Eva Kvapilov\u00e1 hodila ku\u017eelkou (3,15m), Eva Kacanu h\u00e1zela o\u0161t\u011bpem (8,46m) a diskem (10,77m).<br \/>\nMichal Rotter h\u00e1zel diskem (22,25m) a o\u0161t\u011bpem (19,06m). Du\u0161an \u0160\u010dambura v disku (24,03m) v hodu o\u0161t\u011bpem (18,06m).<\/p>\n<p style=\"text-align: justify;\"><a href=\"https:\/\/www.atletikaolomouc.cz\/wp-content\/uploads\/2022\/08\/IMG-20220808-WA0002.jpg\"><img decoding=\"async\" loading=\"lazy\" class=\"alignnone wp-image-34958 \" src=\"https:\/\/www.atletikaolomouc.cz\/wp-content\/uploads\/2022\/08\/IMG-20220808-WA0002-800x450.jpg\" alt=\"\" width=\"265\" height=\"149\" srcset=\"https:\/\/old.atletikaolomouc.cz\/wp-content\/uploads\/2022\/08\/IMG-20220808-WA0002-800x450.jpg 800w, https:\/\/old.atletikaolomouc.cz\/wp-content\/uploads\/2022\/08\/IMG-20220808-WA0002-300x169.jpg 300w, https:\/\/old.atletikaolomouc.cz\/wp-content\/uploads\/2022\/08\/IMG-20220808-WA0002-768x432.jpg 768w, https:\/\/old.atletikaolomouc.cz\/wp-content\/uploads\/2022\/08\/IMG-20220808-WA0002.jpg 1600w\" sizes=\"(max-width: 265px) 100vw, 265px\" \/><\/a> <a href=\"https:\/\/www.atletikaolomouc.cz\/wp-content\/uploads\/2022\/08\/IMG-20220808-WA0003.jpg\"><img decoding=\"async\" loading=\"lazy\" class=\"alignnone  wp-image-34957\" src=\"https:\/\/www.atletikaolomouc.cz\/wp-content\/uploads\/2022\/08\/IMG-20220808-WA0003-800x450.jpg\" alt=\"\" width=\"265\" height=\"149\" srcset=\"https:\/\/old.atletikaolomouc.cz\/wp-content\/uploads\/2022\/08\/IMG-20220808-WA0003-800x450.jpg 800w, https:\/\/old.atletikaolomouc.cz\/wp-content\/uploads\/2022\/08\/IMG-20220808-WA0003-300x169.jpg 300w, https:\/\/old.atletikaolomouc.cz\/wp-content\/uploads\/2022\/08\/IMG-20220808-WA0003-768x432.jpg 768w, https:\/\/old.atletikaolomouc.cz\/wp-content\/uploads\/2022\/08\/IMG-20220808-WA0003.jpg 1600w\" sizes=\"(max-width: 265px) 100vw, 265px\" \/><\/a><\/p>\n<p style=\"text-align: justify;\">V\u00fdsledky <strong><a href=\"https:\/\/www.atletikaolomouc.cz\/wp-content\/uploads\/2022\/08\/cp22nm.pdf\">zde<\/a>.&nbsp;<\/strong>Z\u00e1vodn\u00edk\u016fm gratulujeme a p\u0159ejeme \u0161t\u011bst\u00ed do z\u00e1vodu na Slovensku.<\/p>\n<p style=\"text-align: justify;\">Dal\u0161\u00edmi z\u00e1vody bude t\u0159et\u00ed kolo para moravia cupu v Bansk\u00e9 Bystrici.<\/p>\n","protected":false},"excerpt":{"rendered":"<p>V sobotu 6.8.2022 prob\u011bhlo druh\u00e9 kolo \u010cesk\u00e9ho poh\u00e1ru voz\u00ed\u010dk\u00e1\u0159\u016f<\/p>\n","protected":false},"author":17,"featured_media":0,"comment_status":"closed","ping_status":"closed","sticky":false,"template":"","format":"standard","meta":{"ngg_post_thumbnail":0},"categories":[5,48],"tags":[],"_links":{"self":[{"href":"https:\/\/old.atletikaolomouc.cz\/index.php?rest_route=\/wp\/v2\/posts\/34954"}],"collection":[{"href":"https:\/\/old.atletikaolomouc.cz\/index.php?rest_route=\/wp\/v2\/posts"}],"about":[{"href":"https:\/\/old.atletikaolomouc.cz\/index.php?rest_route=\/wp\/v2\/types\/post"}],"author":[{"embeddable":true,"href":"https:\/\/old.atletikaolomouc.cz\/index.php?rest_route=\/wp\/v2\/users\/17"}],"replies":[{"embeddable":true,"href":"https:\/\/old.atletikaolomouc.cz\/index.php?rest_route=%2Fwp%2Fv2%2Fcomments&post=34954"}],"version-history":[{"count":1,"href":"https:\/\/old.atletikaolomouc.cz\/index.php?rest_route=\/wp\/v2\/posts\/34954\/revisions"}],"predecessor-version":[{"id":34959,"href":"https:\/\/old.atletikaolomouc.cz\/index.php?rest_route=\/wp\/v2\/posts\/34954\/revisions\/34959"}],"wp:attachment":[{"href":"https:\/\/old.atletikaolomouc.cz\/index.php?rest_route=%2Fwp%2Fv2%2Fmedia&parent=34954"}],"wp:term":[{"taxonomy":"category","embeddable":true,"href":"https:\/\/old.atletikaolomouc.cz\/index.php?rest_route=%2Fwp%2Fv2%2Fcategories&post=34954"},{"taxonomy":"post_tag","embeddable":true,"href":"https:\/\/old.atletikaolomouc.cz\/index.php?rest_route=%2Fwp%2Fv2%2Ftags&post=34954"}],"curies":[{"name":"wp","href":"https:\/\/api.w.org\/{rel}","templated":true}]}}