{"id":34960,"date":"2022-08-17T16:13:15","date_gmt":"2022-08-17T14:13:15","guid":{"rendered":"https:\/\/www.atletikaolomouc.cz\/?p=34960"},"modified":"2022-08-17T16:13:15","modified_gmt":"2022-08-17T14:13:15","slug":"handi-open-v-banske-bystrici-3-kolo-paramoravia-cupu","status":"publish","type":"post","link":"https:\/\/old.atletikaolomouc.cz\/?p=34960","title":{"rendered":"Handi open v Bansk\u00e9 Bystrici &#8211; 3. kolo paramoravia cupu"},"content":{"rendered":"<p style=\"text-align: justify;\">Na t\u0159et\u00ed kolo para moravia cupu v Bansk\u00e9 Bystrici vyjelo z na\u0161eho klubu \u0161est atlet\u016f.<!--more--><a href=\"https:\/\/www.atletikaolomouc.cz\/wp-content\/uploads\/2022\/08\/IMG-20220813-WA0005-e1660745328790.jpg\"><img decoding=\"async\" loading=\"lazy\" class=\"wp-image-34964 aligncenter\" src=\"https:\/\/www.atletikaolomouc.cz\/wp-content\/uploads\/2022\/08\/IMG-20220813-WA0005-e1660745328790-797x600.jpg\" alt=\"\" width=\"339\" height=\"255\" srcset=\"https:\/\/old.atletikaolomouc.cz\/wp-content\/uploads\/2022\/08\/IMG-20220813-WA0005-e1660745328790-797x600.jpg 797w, https:\/\/old.atletikaolomouc.cz\/wp-content\/uploads\/2022\/08\/IMG-20220813-WA0005-e1660745328790-300x226.jpg 300w, https:\/\/old.atletikaolomouc.cz\/wp-content\/uploads\/2022\/08\/IMG-20220813-WA0005-e1660745328790-768x578.jpg 768w, https:\/\/old.atletikaolomouc.cz\/wp-content\/uploads\/2022\/08\/IMG-20220813-WA0005-e1660745328790.jpg 1471w\" sizes=\"(max-width: 339px) 100vw, 339px\" \/><\/a><\/p>\n<p style=\"text-align: justify;\">Jaroslav Str\u00e1nsk\u00fd, h\u00e1zel diskem a vrhal koul\u00ed kde se mu povedl leto\u0161n\u00ed nejlep\u0161\u00ed v\u00fdkon 8,79m. V obou discipl\u00edn\u00e1ch pov\u011bsil na krk st\u0159\u00edbrnou medaili.<br \/>\nDu\u0161an \u0160\u010dambura, h\u00e1zel diskem 23,74m, t\u00edmto v\u00fdkonem z\u00edskal st\u0159\u00edbrnou medaili, v hodu o\u0161t\u011bpem byl na bodov\u00e9 p\u0159epo\u010dty zlat\u00fd.<br \/>\nEva Kacanu vrhala koul\u00ed a h\u00e1zela diskem v obou discipl\u00edn\u00e1ch brala st\u0159\u00edbrnou medaili.<br \/>\nAd\u00e9la Sekyrov\u00e1 a Eva kvapilov\u00e1 ob\u011b h\u00e1zely diskem a ku\u017eelkou. V hodu ku\u017eelkou z\u00edskala Ad\u00e9la zlatou a Eva st\u0159\u00edbrnou medaili.<br \/>\nLenka Hornov\u00e1 z\u00e1vodila v hodu diskem, s v\u00fdkonem p\u0159es 25m byla spokojen\u00e1.<br \/>\nGratulace, do posledn\u00edho kola v Olomouci p\u0159ejeme \u0161t\u011bst\u00ed.<\/p>\n<p style=\"text-align: justify;\">V\u00fdsledky k nahl\u00e9dnut\u00ed <a href=\"https:\/\/www.atletikaolomouc.cz\/wp-content\/uploads\/2022\/08\/Vy\u0301sledky-BB_13.8..pdf\">zde<\/a>.<\/p>\n","protected":false},"excerpt":{"rendered":"<p>Na t\u0159et\u00ed kolo para moravia cupu v Bansk\u00e9 Bystrici vyjelo z na\u0161eho klubu \u0161est atlet\u016f.<\/p>\n","protected":false},"author":17,"featured_media":0,"comment_status":"closed","ping_status":"closed","sticky":false,"template":"","format":"standard","meta":{"ngg_post_thumbnail":0},"categories":[5,48],"tags":[],"_links":{"self":[{"href":"https:\/\/old.atletikaolomouc.cz\/index.php?rest_route=\/wp\/v2\/posts\/34960"}],"collection":[{"href":"https:\/\/old.atletikaolomouc.cz\/index.php?rest_route=\/wp\/v2\/posts"}],"about":[{"href":"https:\/\/old.atletikaolomouc.cz\/index.php?rest_route=\/wp\/v2\/types\/post"}],"author":[{"embeddable":true,"href":"https:\/\/old.atletikaolomouc.cz\/index.php?rest_route=\/wp\/v2\/users\/17"}],"replies":[{"embeddable":true,"href":"https:\/\/old.atletikaolomouc.cz\/index.php?rest_route=%2Fwp%2Fv2%2Fcomments&post=34960"}],"version-history":[{"count":1,"href":"https:\/\/old.atletikaolomouc.cz\/index.php?rest_route=\/wp\/v2\/posts\/34960\/revisions"}],"predecessor-version":[{"id":34965,"href":"https:\/\/old.atletikaolomouc.cz\/index.php?rest_route=\/wp\/v2\/posts\/34960\/revisions\/34965"}],"wp:attachment":[{"href":"https:\/\/old.atletikaolomouc.cz\/index.php?rest_route=%2Fwp%2Fv2%2Fmedia&parent=34960"}],"wp:term":[{"taxonomy":"category","embeddable":true,"href":"https:\/\/old.atletikaolomouc.cz\/index.php?rest_route=%2Fwp%2Fv2%2Fcategories&post=34960"},{"taxonomy":"post_tag","embeddable":true,"href":"https:\/\/old.atletikaolomouc.cz\/index.php?rest_route=%2Fwp%2Fv2%2Ftags&post=34960"}],"curies":[{"name":"wp","href":"https:\/\/api.w.org\/{rel}","templated":true}]}}