{"id":35009,"date":"2022-09-07T14:25:20","date_gmt":"2022-09-07T12:25:20","guid":{"rendered":"https:\/\/www.atletikaolomouc.cz\/?p=35009"},"modified":"2022-09-07T14:25:20","modified_gmt":"2022-09-07T12:25:20","slug":"zlinsky-para-atleticky-mitink","status":"publish","type":"post","link":"https:\/\/old.atletikaolomouc.cz\/?p=35009","title":{"rendered":"Zl\u00ednsk\u00fd para-atletick\u00fd m\u00edtink"},"content":{"rendered":"<p style=\"text-align: justify;\">V sobotu 20.8.2022 prob\u011bhlo dal\u0161\u00ed kolo mezin\u00e1rodn\u00ed ligov\u00e9 sout\u011b\u017ee para Moravia cup ve Zl\u00edn\u011b<!--more--><\/p>\n<div id=\"attachment_35029\" style=\"width: 458px\" class=\"wp-caption aligncenter\"><a href=\"https:\/\/www.atletikaolomouc.cz\/wp-content\/uploads\/2022\/09\/IMG-20220906-WA0043-e1662553073438.jpg\"><img aria-describedby=\"caption-attachment-35029\" decoding=\"async\" loading=\"lazy\" class=\"wp-image-35029\" src=\"https:\/\/www.atletikaolomouc.cz\/wp-content\/uploads\/2022\/09\/IMG-20220906-WA0043-e1662553073438-800x483.jpg\" alt=\"\" width=\"448\" height=\"270\" srcset=\"https:\/\/old.atletikaolomouc.cz\/wp-content\/uploads\/2022\/09\/IMG-20220906-WA0043-e1662553073438-800x483.jpg 800w, https:\/\/old.atletikaolomouc.cz\/wp-content\/uploads\/2022\/09\/IMG-20220906-WA0043-e1662553073438-300x181.jpg 300w, https:\/\/old.atletikaolomouc.cz\/wp-content\/uploads\/2022\/09\/IMG-20220906-WA0043-e1662553073438-768x464.jpg 768w, https:\/\/old.atletikaolomouc.cz\/wp-content\/uploads\/2022\/09\/IMG-20220906-WA0043-e1662553073438.jpg 1761w\" sizes=\"(max-width: 448px) 100vw, 448px\" \/><\/a><p id=\"caption-attachment-35029\" class=\"wp-caption-text\">Zleva: Filip Varto\u0148, Eva Kvapilov\u00e1, Eva Kacanu, Ad\u00e9la Sekyrov\u00e1, Michal Rotter, Luk\u00e1\u0161 Studen\u00fd<\/p><\/div>\n<p style=\"text-align: justify;\">Z\u00e1vody ve Zl\u00edn\u011b prob\u00edhaly za \u00fa\u010dasti \u0161esti olomouck\u00fdch sportovc\u016f. Ji\u017e druh\u00fd ro\u010dn\u00edk Zl\u00ednsk\u00e9ho m\u00edtinku byl letos za\u0159azen do kalend\u00e1\u0159e World para athletics a tedy sankcionovan\u00fdm z\u00e1vodem. Z\u00e1vodn\u00edci m\u011bli konkurenci tak\u00e9 ze Slovenska.<\/p>\n<p style=\"text-align: justify;\">Jako nov\u00e1\u010dek t\u00fdmu v mu\u017esk\u00e9 kategorii z\u00e1vodil Luk\u00e1\u0161 Studen\u00fd. Luk\u00e1\u0161 h\u00e1zel diskem a vrhal koul\u00ed. L\u00e9pe se mu vedlo v hodu diskem, kde z\u00edskal v\u00fdkonem 12,44m bronzovou medaili. V kouli m\u011bl v\u0161ak velmi p\u011bkn\u00fd v\u00fdsledek 5,61m bylo \u010dtvrt\u00e9 m\u00edsto. Bude sv\u00e9 v\u00fdkony d\u00e1l zlep\u0161ovat v tr\u00e9ninc\u00edch a do dal\u0161\u00ed sez\u00f3ny se posune v\u00fdkonnostn\u011b d\u00e1l.<\/p>\n<p style=\"text-align: justify;\">Filip Varto\u0148&nbsp; h\u00e1zel diskem, sv\u00fdm v\u00fdkonem 13,06m z\u00edskal st\u0159\u00edbrnou medaili.<\/p>\n<p style=\"text-align: justify;\">Michal Rotter sv\u00e9 pokusy v hodu diskem vylep\u0161uje. V hodu diskem skon\u010dil v\u00fdkonem 21,66m druh\u00fd hned za Slov\u00e1kem Lazckem. V hodu o\u0161t\u011bpem v\u00fdkonem 19,39m bral tak\u00e9 st\u0159\u00edbrnou medaili, p\u0159ehodil ho pouze Josef \u0160tiak z Nov\u00e9ho M\u011bsta nad Metuj\u00ed.<\/p>\n<p style=\"text-align: justify;\">Eva Kacanu pov\u011bsila na krk dv\u011b zlat\u00e9 medaile. A to za vrh koul\u00ed v\u00fdkonem 5,14m a v hodu diskem hodem dlouh\u00fdm 10,03m.<\/p>\n<p style=\"text-align: justify;\">Ad\u00e9la Sekyrov\u00e1 vybojovala dv\u011b medaile, jednu zlatou za hodu ku\u017eelkou v\u00fdkonem 8,44m a bronzovou medaili v hodu diskem, kter\u00fd dolet\u011bl na metu 3,01m.<\/p>\n<p style=\"text-align: justify;\">Eva Kvapilov\u00e1 sout\u011b\u017eila stejn\u011b jako Ad\u00e9la v&nbsp; hodu ku\u017eelkou a diskem. V hodu ku\u017eelkou z\u00edskala bronzovou medaili v\u00fdkonem 3,50m a v hodu diskem pak m\u00edsto \u010dtvrt\u00e9 za v\u00fdkon 1,91m dlouh\u00fd.<\/p>\n<p style=\"text-align: justify;\">V\u00fdsledky k nahl\u00e9dnut\u00ed <a href=\"https:\/\/www.atletikaolomouc.cz\/wp-content\/uploads\/2022\/09\/Vy\u0301sledky-Zli\u0301nsky\u0301-para-atleticky\u0301-mi\u0301tink-20.8.2022.pdf\">zde<\/a>.<\/p>\n<p style=\"text-align: justify;\">K v\u00fdkon\u016fm gratulujeme.<\/p>\n","protected":false},"excerpt":{"rendered":"<p>V sobotu 20.8.2022 prob\u011bhlo dal\u0161\u00ed kolo mezin\u00e1rodn\u00ed ligov\u00e9 sout\u011b\u017ee para Moravia cup ve Zl\u00edn\u011b<\/p>\n","protected":false},"author":17,"featured_media":0,"comment_status":"closed","ping_status":"closed","sticky":false,"template":"","format":"standard","meta":{"ngg_post_thumbnail":0},"categories":[5,48],"tags":[],"_links":{"self":[{"href":"https:\/\/old.atletikaolomouc.cz\/index.php?rest_route=\/wp\/v2\/posts\/35009"}],"collection":[{"href":"https:\/\/old.atletikaolomouc.cz\/index.php?rest_route=\/wp\/v2\/posts"}],"about":[{"href":"https:\/\/old.atletikaolomouc.cz\/index.php?rest_route=\/wp\/v2\/types\/post"}],"author":[{"embeddable":true,"href":"https:\/\/old.atletikaolomouc.cz\/index.php?rest_route=\/wp\/v2\/users\/17"}],"replies":[{"embeddable":true,"href":"https:\/\/old.atletikaolomouc.cz\/index.php?rest_route=%2Fwp%2Fv2%2Fcomments&post=35009"}],"version-history":[{"count":1,"href":"https:\/\/old.atletikaolomouc.cz\/index.php?rest_route=\/wp\/v2\/posts\/35009\/revisions"}],"predecessor-version":[{"id":35030,"href":"https:\/\/old.atletikaolomouc.cz\/index.php?rest_route=\/wp\/v2\/posts\/35009\/revisions\/35030"}],"wp:attachment":[{"href":"https:\/\/old.atletikaolomouc.cz\/index.php?rest_route=%2Fwp%2Fv2%2Fmedia&parent=35009"}],"wp:term":[{"taxonomy":"category","embeddable":true,"href":"https:\/\/old.atletikaolomouc.cz\/index.php?rest_route=%2Fwp%2Fv2%2Fcategories&post=35009"},{"taxonomy":"post_tag","embeddable":true,"href":"https:\/\/old.atletikaolomouc.cz\/index.php?rest_route=%2Fwp%2Fv2%2Ftags&post=35009"}],"curies":[{"name":"wp","href":"https:\/\/api.w.org\/{rel}","templated":true}]}}