{"id":35043,"date":"2022-09-12T11:32:02","date_gmt":"2022-09-12T09:32:02","guid":{"rendered":"https:\/\/www.atletikaolomouc.cz\/?p=35043"},"modified":"2022-09-12T11:32:02","modified_gmt":"2022-09-12T09:32:02","slug":"druzstvo-starsich-zaku-vybojovalo-postup-na-mcr","status":"publish","type":"post","link":"https:\/\/old.atletikaolomouc.cz\/?p=35043","title":{"rendered":"Dru\u017estvo star\u0161\u00edch \u017e\u00e1k\u016f vybojovalo postup na M\u010cR!"},"content":{"rendered":"<p>V ned\u011bli 11.9. prob\u011bhlo ve Fr\u00fddku-M\u00edstku fin\u00e1le MMaS dru\u017estev star\u0161\u00edho \u017eactva, kde dru\u017estvo star\u0161\u00edch \u017e\u00e1k\u016f vybojovalo druh\u00e9 m\u00edsto! V\u0161ichni v dru\u017estvu p\u0159edvedli skv\u011bl\u00e9 v\u00fdkony a plno osobn\u00edch rekord\u016f. Gratulujeme!!<\/p>\n<p>M\u010cR se kon\u00e1 v sobotu 1.10. v T\u0159inci.<\/p>\n<p><a href=\"https:\/\/www.atletikaolomouc.cz\/wp-content\/uploads\/2022\/09\/IMG_5654.jpg\"><img decoding=\"async\" loading=\"lazy\" class=\"alignleft size-medium wp-image-35045\" src=\"https:\/\/www.atletikaolomouc.cz\/wp-content\/uploads\/2022\/09\/IMG_5654-300x225.jpg\" alt=\"\" width=\"300\" height=\"225\" srcset=\"https:\/\/old.atletikaolomouc.cz\/wp-content\/uploads\/2022\/09\/IMG_5654-300x225.jpg 300w, https:\/\/old.atletikaolomouc.cz\/wp-content\/uploads\/2022\/09\/IMG_5654-768x576.jpg 768w, https:\/\/old.atletikaolomouc.cz\/wp-content\/uploads\/2022\/09\/IMG_5654-800x600.jpg 800w\" sizes=\"(max-width: 300px) 100vw, 300px\" \/><\/a><\/p>\n<p><a href=\"https:\/\/www.atletikaolomouc.cz\/wp-content\/uploads\/2022\/09\/IMG_5649.jpg\"><img decoding=\"async\" loading=\"lazy\" class=\"alignleft size-medium wp-image-35044\" src=\"https:\/\/www.atletikaolomouc.cz\/wp-content\/uploads\/2022\/09\/IMG_5649-300x225.jpg\" alt=\"\" width=\"300\" height=\"225\" srcset=\"https:\/\/old.atletikaolomouc.cz\/wp-content\/uploads\/2022\/09\/IMG_5649-300x225.jpg 300w, https:\/\/old.atletikaolomouc.cz\/wp-content\/uploads\/2022\/09\/IMG_5649-768x576.jpg 768w, https:\/\/old.atletikaolomouc.cz\/wp-content\/uploads\/2022\/09\/IMG_5649-800x600.jpg 800w\" sizes=\"(max-width: 300px) 100vw, 300px\" \/><\/a><\/p>\n<p>&nbsp;<\/p>\n","protected":false},"excerpt":{"rendered":"<p>V ned\u011bli 11.9. prob\u011bhlo ve Fr\u00fddku-M\u00edstku fin\u00e1le MMaS dru\u017estev star\u0161\u00edho \u017eactva, kde dru\u017estvo star\u0161\u00edch \u017e\u00e1k\u016f vybojovalo druh\u00e9 m\u00edsto! V\u0161ichni v dru\u017estvu p\u0159edvedli skv\u011bl\u00e9 v\u00fdkony a plno osobn\u00edch rekord\u016f. Gratulujeme!! M\u010cR se kon\u00e1 v sobotu 1.10. v T\u0159inci. &nbsp;<\/p>\n","protected":false},"author":5,"featured_media":0,"comment_status":"closed","ping_status":"closed","sticky":false,"template":"","format":"standard","meta":{"ngg_post_thumbnail":0},"categories":[5],"tags":[],"_links":{"self":[{"href":"https:\/\/old.atletikaolomouc.cz\/index.php?rest_route=\/wp\/v2\/posts\/35043"}],"collection":[{"href":"https:\/\/old.atletikaolomouc.cz\/index.php?rest_route=\/wp\/v2\/posts"}],"about":[{"href":"https:\/\/old.atletikaolomouc.cz\/index.php?rest_route=\/wp\/v2\/types\/post"}],"author":[{"embeddable":true,"href":"https:\/\/old.atletikaolomouc.cz\/index.php?rest_route=\/wp\/v2\/users\/5"}],"replies":[{"embeddable":true,"href":"https:\/\/old.atletikaolomouc.cz\/index.php?rest_route=%2Fwp%2Fv2%2Fcomments&post=35043"}],"version-history":[{"count":1,"href":"https:\/\/old.atletikaolomouc.cz\/index.php?rest_route=\/wp\/v2\/posts\/35043\/revisions"}],"predecessor-version":[{"id":35046,"href":"https:\/\/old.atletikaolomouc.cz\/index.php?rest_route=\/wp\/v2\/posts\/35043\/revisions\/35046"}],"wp:attachment":[{"href":"https:\/\/old.atletikaolomouc.cz\/index.php?rest_route=%2Fwp%2Fv2%2Fmedia&parent=35043"}],"wp:term":[{"taxonomy":"category","embeddable":true,"href":"https:\/\/old.atletikaolomouc.cz\/index.php?rest_route=%2Fwp%2Fv2%2Fcategories&post=35043"},{"taxonomy":"post_tag","embeddable":true,"href":"https:\/\/old.atletikaolomouc.cz\/index.php?rest_route=%2Fwp%2Fv2%2Ftags&post=35043"}],"curies":[{"name":"wp","href":"https:\/\/api.w.org\/{rel}","templated":true}]}}