{"id":35049,"date":"2022-09-13T13:27:42","date_gmt":"2022-09-13T11:27:42","guid":{"rendered":"https:\/\/www.atletikaolomouc.cz\/?p=35049"},"modified":"2022-09-13T13:50:56","modified_gmt":"2022-09-13T11:50:56","slug":"cesky-pohar-4-9-2022-olomouc","status":"publish","type":"post","link":"https:\/\/old.atletikaolomouc.cz\/?p=35049","title":{"rendered":"Olomouck\u00fd handi atletick\u00fd m\u00edtink 4.9.2022"},"content":{"rendered":"<p style=\"text-align: justify;\">Olomouck\u00fd handi atletick\u00fd m\u00edtink 4.9.2022<br \/>\n<!--more--><\/p>\n<p style=\"text-align: justify;\">Z\u00e1vod\u016f v Olomouci se za lehce zamra\u010den\u00e9ho po\u010das\u00ed \u00fa\u010dastnili atleti z na\u0161eho klubu v po\u010dtu osmi z\u00e1vodn\u00edk\u016f.<\/p>\n<p style=\"text-align: justify;\">Za \u017eeny reprezentovala klub Eva Kacanu v hodu diskem a ve vrhu koul\u00ed, skon\u010dila na druh\u00e9m m\u00edst\u011b v obou discipl\u00edn\u00e1ch.<br \/>\n<a href=\"https:\/\/www.atletikaolomouc.cz\/wp-content\/uploads\/2022\/09\/CO104699.jpg\"><img decoding=\"async\" loading=\"lazy\" class=\"wp-image-35027 aligncenter\" src=\"https:\/\/www.atletikaolomouc.cz\/wp-content\/uploads\/2022\/09\/CO104699-424x600.jpg\" alt=\"\" width=\"214\" height=\"302\" srcset=\"https:\/\/old.atletikaolomouc.cz\/wp-content\/uploads\/2022\/09\/CO104699-424x600.jpg 424w, https:\/\/old.atletikaolomouc.cz\/wp-content\/uploads\/2022\/09\/CO104699-212x300.jpg 212w, https:\/\/old.atletikaolomouc.cz\/wp-content\/uploads\/2022\/09\/CO104699-768x1086.jpg 768w, https:\/\/old.atletikaolomouc.cz\/wp-content\/uploads\/2022\/09\/CO104699.jpg 1409w\" sizes=\"(max-width: 214px) 100vw, 214px\" \/><\/a><br \/>\nEva Kvapilov\u00e1 v hodu ku\u017eelkou obsadila \u010dtvrt\u00e9 m\u00edsto, v disku skon\u010dila na m\u00edst\u011b p\u00e1t\u00e9m. Ad\u00e9la Sekyrov\u00e1 v hodu diskem skon\u010dila \u010dtvrt\u00e9 a hodu ku\u017eelkou byla na m\u00edst\u011b druh\u00e9m.<br \/>\nJana Hycov\u00e1 v hodu ku\u017eelkou skon\u010dila p\u00e1t\u00e1.<br \/>\nLenka Hornov\u00e1 vybojovala st\u0159\u00edbrnou medaili v hodu diskem.<\/p>\n<p style=\"text-align: justify;\">Mu\u017eskou \u010d\u00e1st z\u00e1vodn\u00edk\u016f zastupoval Du\u0161an \u0160\u010dambura, kter\u00e9mu se povedlo si hodit diskem osobn\u00ed rekord v hodu diskem v\u00fdkonem 26,30m &#8211; velk\u00e1 gratulace. Obsadil druh\u00e9 m\u00edsto v disku a prvn\u00ed m\u00edsto v hodu o\u0161t\u011bpem.<\/p>\n<p style=\"text-align: justify;\"><a href=\"https:\/\/www.atletikaolomouc.cz\/wp-content\/uploads\/2022\/09\/CO104506.jpg\"><img decoding=\"async\" loading=\"lazy\" class=\"wp-image-35023 aligncenter\" src=\"https:\/\/www.atletikaolomouc.cz\/wp-content\/uploads\/2022\/09\/CO104506-800x566.jpg\" alt=\"\" width=\"336\" height=\"238\" srcset=\"https:\/\/old.atletikaolomouc.cz\/wp-content\/uploads\/2022\/09\/CO104506-800x566.jpg 800w, https:\/\/old.atletikaolomouc.cz\/wp-content\/uploads\/2022\/09\/CO104506-300x212.jpg 300w, https:\/\/old.atletikaolomouc.cz\/wp-content\/uploads\/2022\/09\/CO104506-768x543.jpg 768w\" sizes=\"(max-width: 336px) 100vw, 336px\" \/><\/a><br \/>\nMichal Rotter v hodu diskem zapsal v\u00fdkon 23m a skon\u010dil na \u010dtvrt\u00e9m m\u00edst\u011b a v hodu o\u0161t\u011bpem byl druh\u00fd.<br \/>\nFilip Varto\u0148, kter\u00fd hned po sv\u00fdch pokusech odj\u00ed\u017ed\u011bl reprezentovat s rugby klubem do Norska, v\u00fdkonem 12,68m bral st\u0159\u00edbrnou medaili.<br \/>\nLuk\u00e1\u0161 Studen\u00fd v hodu diskem i ve vrhu koul\u00ed skon\u010dil \u0161est\u00fd.<\/p>\n<p style=\"text-align: justify;\">V\u00fdsledky naleznete <a href=\"https:\/\/www.atletikaolomouc.cz\/wp-content\/uploads\/2022\/09\/Vy\u0301sledky-Olomoucky\u0301-handi-atleticky\u0301-mi\u0301tink-4.9.2022.pdf\">zde<\/a>.<\/p>\n<p style=\"text-align: justify;\">Juniorsk\u00e9ho poh\u00e1rku se \u00fa\u010dastnili na\u0161i atleti a sv\u00e9 v\u00fdkony pom\u011b\u0159ili se z\u00e1vodn\u00edky z Ostravy a Brna. V\u0161ichni \u00fa\u010dastn\u00edc\u00ed poh\u00e1rku h\u00e1zeli M\u00ed\u010dkem a raketkou.<br \/>\nZ Juniorek z\u00e1vodila Karol\u00edna Stratilov\u00e1, Karol\u00edna J\u00e1\u010dov\u00e1, Nat\u00e1lie R\u016f\u017ei\u010dkov\u00e1, Adriana Skalick\u00e1, Ad\u00e9la Dur\u010d\u00e1kov\u00e1 a Nikola Sikorov\u00e1.<br \/>\nZ junior\u016f pak z\u00e1vodil Mikul\u00e1\u0161 Rak, Martin P\u0159ichystal, Dominik Chur\u00fd, J\u00e1chym Rucker.<\/p>\n<p style=\"text-align: justify;\">V\u00fdsledky juniorsk\u00e9ho poh\u00e1rku naleznete <a href=\"https:\/\/www.atletikaolomouc.cz\/wp-content\/uploads\/2022\/09\/cp_d\u011bti_ol.pdf\">zde<\/a>.<\/p>\n<p style=\"text-align: justify;\">V\u0161em z\u00e1vodn\u00edk\u016fm gratulujeme a p\u0159ejeme \u0161t\u011bst\u00ed do dal\u0161\u00edho kola v poh\u00e1ru v Praze.<\/p>\n","protected":false},"excerpt":{"rendered":"<p>Olomouck\u00fd handi atletick\u00fd m\u00edtink 4.9.2022<\/p>\n","protected":false},"author":17,"featured_media":0,"comment_status":"closed","ping_status":"closed","sticky":false,"template":"","format":"standard","meta":{"ngg_post_thumbnail":0},"categories":[5,48],"tags":[],"_links":{"self":[{"href":"https:\/\/old.atletikaolomouc.cz\/index.php?rest_route=\/wp\/v2\/posts\/35049"}],"collection":[{"href":"https:\/\/old.atletikaolomouc.cz\/index.php?rest_route=\/wp\/v2\/posts"}],"about":[{"href":"https:\/\/old.atletikaolomouc.cz\/index.php?rest_route=\/wp\/v2\/types\/post"}],"author":[{"embeddable":true,"href":"https:\/\/old.atletikaolomouc.cz\/index.php?rest_route=\/wp\/v2\/users\/17"}],"replies":[{"embeddable":true,"href":"https:\/\/old.atletikaolomouc.cz\/index.php?rest_route=%2Fwp%2Fv2%2Fcomments&post=35049"}],"version-history":[{"count":3,"href":"https:\/\/old.atletikaolomouc.cz\/index.php?rest_route=\/wp\/v2\/posts\/35049\/revisions"}],"predecessor-version":[{"id":35059,"href":"https:\/\/old.atletikaolomouc.cz\/index.php?rest_route=\/wp\/v2\/posts\/35049\/revisions\/35059"}],"wp:attachment":[{"href":"https:\/\/old.atletikaolomouc.cz\/index.php?rest_route=%2Fwp%2Fv2%2Fmedia&parent=35049"}],"wp:term":[{"taxonomy":"category","embeddable":true,"href":"https:\/\/old.atletikaolomouc.cz\/index.php?rest_route=%2Fwp%2Fv2%2Fcategories&post=35049"},{"taxonomy":"post_tag","embeddable":true,"href":"https:\/\/old.atletikaolomouc.cz\/index.php?rest_route=%2Fwp%2Fv2%2Ftags&post=35049"}],"curies":[{"name":"wp","href":"https:\/\/api.w.org\/{rel}","templated":true}]}}