{"id":35056,"date":"2022-09-15T14:56:15","date_gmt":"2022-09-15T12:56:15","guid":{"rendered":"https:\/\/www.atletikaolomouc.cz\/?p=35056"},"modified":"2022-09-15T15:04:30","modified_gmt":"2022-09-15T13:04:30","slug":"zavody-v-pristavnim-mestecku-koper-ve-slovinsku","status":"publish","type":"post","link":"https:\/\/old.atletikaolomouc.cz\/?p=35056","title":{"rendered":"Z\u00e1vody v p\u0159\u00edstavn\u00edm m\u011bste\u010dku Koper ve Slovinsku"},"content":{"rendered":"<p style=\"text-align: justify;\"><span style=\"font-family: georgia, palatino, serif; font-size: 10pt;\">V sobotu 10. z\u00e1\u0159\u00ed jsme se z\u00fa\u010dastnili 8. mezin\u00e1rodn\u00edho m\u00edtinku v atletick\u00e9m trojboji, \u010dty\u0159\u010dlenn\u00fdch t\u00fdm\u016f.<\/span><!--more--><\/p>\n<div id=\"attachment_35079\" style=\"width: 436px\" class=\"wp-caption aligncenter\"><a href=\"https:\/\/www.atletikaolomouc.cz\/wp-content\/uploads\/2022\/09\/IMG-20220913-WA0015.jpg\"><img aria-describedby=\"caption-attachment-35079\" decoding=\"async\" loading=\"lazy\" class=\"wp-image-35079 \" src=\"https:\/\/www.atletikaolomouc.cz\/wp-content\/uploads\/2022\/09\/IMG-20220913-WA0015-800x450.jpg\" alt=\"\" width=\"426\" height=\"239\" srcset=\"https:\/\/old.atletikaolomouc.cz\/wp-content\/uploads\/2022\/09\/IMG-20220913-WA0015-800x450.jpg 800w, https:\/\/old.atletikaolomouc.cz\/wp-content\/uploads\/2022\/09\/IMG-20220913-WA0015-300x169.jpg 300w, https:\/\/old.atletikaolomouc.cz\/wp-content\/uploads\/2022\/09\/IMG-20220913-WA0015-768x432.jpg 768w, https:\/\/old.atletikaolomouc.cz\/wp-content\/uploads\/2022\/09\/IMG-20220913-WA0015.jpg 1376w\" sizes=\"(max-width: 426px) 100vw, 426px\" \/><\/a><p id=\"caption-attachment-35079\" class=\"wp-caption-text\">Luk\u00e1\u0161 Studen\u00fd, Eva Kacanu, David Salay<\/p><\/div>\n<p style=\"text-align: justify;\"><span style=\"font-family: georgia, palatino, serif; font-size: 10pt;\">Z\u00e1vodilo se v hodu diskem, o\u0161t\u011bpem a vrhu koul\u00ed. D\u00e1le byly z\u00e1vody dopln\u011bny o \u0161tafetov\u00e9 j\u00edzdy a j\u00edzdy na 100m a 800m. Na m\u00edtinku se&nbsp; se\u0161lo sedm zem\u00ed, \u010ceskou republiku a Olomouck\u00fd klub zastupovala Eva Kacanu, kter\u00e1 celkov\u011b zv\u00edt\u011bzila ve sv\u00e9 kategorii.<br \/>\nSvou zahrani\u010dn\u00ed premi\u00e9ru m\u011bl nov\u00e1\u010dek klubu Luk\u00e1\u0161 Studen\u00fd, kter\u00fd ve v\u0161ech t\u0159ech discipl\u00edn\u00e1ch vylep\u0161il sv\u00e9 maximum. Ve velmi nabit\u00e9 slou\u010den\u00e9 kategorii&nbsp; skon\u010dil na des\u00e1t\u00e9m m\u00edst\u011b.<br \/>\nPosilou t\u00fdmu byl David Salay SK Nov\u00e9 M\u011bsto nad Metuj\u00ed, kter\u00fd m\u011bl svou premi\u00e9ru v hodu o\u0161t\u011bpem&nbsp; a celkov\u011b se mu poda\u0159ilo vybojovat \u010dtvrt\u00e9 m\u00edsto.<br \/>\nV celkov\u00e9m po\u0159ad\u00ed zem\u00ed n\u00e1\u0161 t\u00fdm i p\u0159es oslaben\u00ed o jednoho \u010dlena t\u00fdmu vybojoval \u010dtvrt\u00e9 m\u00edsto.<br \/>\nV\u00fdsledky naleznete <a href=\"https:\/\/www.atletikaolomouc.cz\/wp-content\/uploads\/2022\/09\/Bilten-53.-memorial-32-DP-8.-mednarodno-tekmovanje-atletika.pdf\">zde<\/a>.<\/span><\/p>\n","protected":false},"excerpt":{"rendered":"<p>V sobotu 10. z\u00e1\u0159\u00ed jsme se z\u00fa\u010dastnili 8. mezin\u00e1rodn\u00edho m\u00edtinku v atletick\u00e9m trojboji, \u010dty\u0159\u010dlenn\u00fdch t\u00fdm\u016f.<\/p>\n","protected":false},"author":17,"featured_media":0,"comment_status":"closed","ping_status":"closed","sticky":false,"template":"","format":"standard","meta":{"ngg_post_thumbnail":0},"categories":[5,48],"tags":[],"_links":{"self":[{"href":"https:\/\/old.atletikaolomouc.cz\/index.php?rest_route=\/wp\/v2\/posts\/35056"}],"collection":[{"href":"https:\/\/old.atletikaolomouc.cz\/index.php?rest_route=\/wp\/v2\/posts"}],"about":[{"href":"https:\/\/old.atletikaolomouc.cz\/index.php?rest_route=\/wp\/v2\/types\/post"}],"author":[{"embeddable":true,"href":"https:\/\/old.atletikaolomouc.cz\/index.php?rest_route=\/wp\/v2\/users\/17"}],"replies":[{"embeddable":true,"href":"https:\/\/old.atletikaolomouc.cz\/index.php?rest_route=%2Fwp%2Fv2%2Fcomments&post=35056"}],"version-history":[{"count":3,"href":"https:\/\/old.atletikaolomouc.cz\/index.php?rest_route=\/wp\/v2\/posts\/35056\/revisions"}],"predecessor-version":[{"id":35083,"href":"https:\/\/old.atletikaolomouc.cz\/index.php?rest_route=\/wp\/v2\/posts\/35056\/revisions\/35083"}],"wp:attachment":[{"href":"https:\/\/old.atletikaolomouc.cz\/index.php?rest_route=%2Fwp%2Fv2%2Fmedia&parent=35056"}],"wp:term":[{"taxonomy":"category","embeddable":true,"href":"https:\/\/old.atletikaolomouc.cz\/index.php?rest_route=%2Fwp%2Fv2%2Fcategories&post=35056"},{"taxonomy":"post_tag","embeddable":true,"href":"https:\/\/old.atletikaolomouc.cz\/index.php?rest_route=%2Fwp%2Fv2%2Ftags&post=35056"}],"curies":[{"name":"wp","href":"https:\/\/api.w.org\/{rel}","templated":true}]}}