{"id":35120,"date":"2022-09-16T11:08:15","date_gmt":"2022-09-16T09:08:15","guid":{"rendered":"https:\/\/www.atletikaolomouc.cz\/?p=35120"},"modified":"2022-09-16T11:08:15","modified_gmt":"2022-09-16T09:08:15","slug":"nesmer-2022-foto","status":"publish","type":"post","link":"https:\/\/old.atletikaolomouc.cz\/?p=35120","title":{"rendered":"Nesm\u011b\u0159 2022 &#8211; foto"},"content":{"rendered":"<p><a href=\"https:\/\/www.atletikaolomouc.cz\/wp-content\/uploads\/2022\/09\/ikona.jpg\"><img decoding=\"async\" loading=\"lazy\" class=\"alignleft size-thumbnail wp-image-35248\" src=\"https:\/\/www.atletikaolomouc.cz\/wp-content\/uploads\/2022\/09\/ikona-150x150.jpg\" alt=\"\" width=\"150\" height=\"150\" srcset=\"https:\/\/old.atletikaolomouc.cz\/wp-content\/uploads\/2022\/09\/ikona-150x150.jpg 150w, https:\/\/old.atletikaolomouc.cz\/wp-content\/uploads\/2022\/09\/ikona-144x144.jpg 144w\" sizes=\"(max-width: 150px) 100vw, 150px\" \/><\/a>Ve\u0161ker\u00e1 fotodokumentace z leto\u0161n\u00edho atletick\u00e9ho t\u00e1bora pro d\u011bti Nesm\u011b\u0159 2022.<!--more--><\/p>\n<p>&nbsp;<\/p>\n<p>&nbsp;<\/p>\n<p>&nbsp;<\/p>\n<p>&nbsp;<\/p>\n<p><strong>Foto: Jarda Vychodil<\/strong><\/p>\n<!-- default-view.php -->\n<div\n\tclass=\"ngg-galleryoverview default-view \"\n\tid=\"ngg-gallery-c68f919fa0b128bb141c0b8c41c4bc01-1\">\n\n\t\t<!-- Thumbnails -->\n\t\t\t\t<div id=\"ngg-image-0\" class=\"ngg-gallery-thumbnail-box ngg-11-columns\" >\n\t\t\t\t        <div class=\"ngg-gallery-thumbnail\">\n            <a href=\"https:\/\/old.atletikaolomouc.cz\/wp-content\/gallery\/nesmer-2022-foto-jarda-vychodil\/DSC_1486.jpg\"\n               title=\"\"\n               data-src=\"https:\/\/old.atletikaolomouc.cz\/wp-content\/gallery\/nesmer-2022-foto-jarda-vychodil\/DSC_1486.jpg\"\n               data-thumbnail=\"https:\/\/old.atletikaolomouc.cz\/wp-content\/gallery\/nesmer-2022-foto-jarda-vychodil\/thumbs\/thumbs_DSC_1486.jpg\"\n               data-image-id=\"17831\"\n               data-title=\"DSC_1486\"\n               data-description=\"\"\n               data-image-slug=\"dsc_1486\"\n               class=\"ngg-simplelightbox\" rel=\"c68f919fa0b128bb141c0b8c41c4bc01\">\n                <img\n                    title=\"DSC_1486\"\n                    alt=\"DSC_1486\"\n                    src=\"https:\/\/old.atletikaolomouc.cz\/wp-content\/gallery\/nesmer-2022-foto-jarda-vychodil\/thumbs\/thumbs_DSC_1486.jpg\"\n                    width=\"240\"\n                    height=\"160\"\n                    style=\"max-width:100%;\"\n                \/>\n            <\/a>\n        <\/div>\n\t\t\t\t\t\t\t<\/div> \n\t\t\t\n\t\t\t\t<div id=\"ngg-image-1\" class=\"ngg-gallery-thumbnail-box ngg-11-columns\" >\n\t\t\t\t        <div class=\"ngg-gallery-thumbnail\">\n            <a href=\"https:\/\/old.atletikaolomouc.cz\/wp-content\/gallery\/nesmer-2022-foto-jarda-vychodil\/DSC_1487.jpg\"\n               title=\"\"\n               data-src=\"https:\/\/old.atletikaolomouc.cz\/wp-content\/gallery\/nesmer-2022-foto-jarda-vychodil\/DSC_1487.jpg\"\n               data-thumbnail=\"https:\/\/old.atletikaolomouc.cz\/wp-content\/gallery\/nesmer-2022-foto-jarda-vychodil\/thumbs\/thumbs_DSC_1487.jpg\"\n               data-image-id=\"17832\"\n               data-title=\"DSC_1487\"\n               data-description=\"\"\n               data-image-slug=\"dsc_1487\"\n               class=\"ngg-simplelightbox\" rel=\"c68f919fa0b128bb141c0b8c41c4bc01\">\n                <img\n                    title=\"DSC_1487\"\n                    alt=\"DSC_1487\"\n                    src=\"https:\/\/old.atletikaolomouc.cz\/wp-content\/gallery\/nesmer-2022-foto-jarda-vychodil\/thumbs\/thumbs_DSC_1487.jpg\"\n                    width=\"240\"\n                    height=\"160\"\n                    style=\"max-width:100%;\"\n                \/>\n            <\/a>\n        <\/div>\n\t\t\t\t\t\t\t<\/div> \n\t\t\t\n\t\t\t\t<div id=\"ngg-image-2\" class=\"ngg-gallery-thumbnail-box ngg-11-columns\" >\n\t\t\t\t        <div class=\"ngg-gallery-thumbnail\">\n            <a href=\"https:\/\/old.atletikaolomouc.cz\/wp-content\/gallery\/nesmer-2022-foto-jarda-vychodil\/DSC_1488.jpg\"\n               title=\"\"\n               data-src=\"https:\/\/old.atletikaolomouc.cz\/wp-content\/gallery\/nesmer-2022-foto-jarda-vychodil\/DSC_1488.jpg\"\n               data-thumbnail=\"https:\/\/old.atletikaolomouc.cz\/wp-content\/gallery\/nesmer-2022-foto-jarda-vychodil\/thumbs\/thumbs_DSC_1488.jpg\"\n               data-image-id=\"17833\"\n               data-title=\"DSC_1488\"\n               data-description=\"\"\n               data-image-slug=\"dsc_1488\"\n               class=\"ngg-simplelightbox\" rel=\"c68f919fa0b128bb141c0b8c41c4bc01\">\n                <img\n                    title=\"DSC_1488\"\n                    alt=\"DSC_1488\"\n                    src=\"https:\/\/old.atletikaolomouc.cz\/wp-content\/gallery\/nesmer-2022-foto-jarda-vychodil\/thumbs\/thumbs_DSC_1488.jpg\"\n                    width=\"240\"\n                    height=\"160\"\n                    style=\"max-width:100%;\"\n                \/>\n            <\/a>\n        <\/div>\n\t\t\t\t\t\t\t<\/div> \n\t\t\t\n\t\t\t\t<div id=\"ngg-image-3\" class=\"ngg-gallery-thumbnail-box ngg-11-columns\" >\n\t\t\t\t        <div class=\"ngg-gallery-thumbnail\">\n            <a href=\"https:\/\/old.atletikaolomouc.cz\/wp-content\/gallery\/nesmer-2022-foto-jarda-vychodil\/DSC_1489.jpg\"\n               title=\"\"\n               data-src=\"https:\/\/old.atletikaolomouc.cz\/wp-content\/gallery\/nesmer-2022-foto-jarda-vychodil\/DSC_1489.jpg\"\n               data-thumbnail=\"https:\/\/old.atletikaolomouc.cz\/wp-content\/gallery\/nesmer-2022-foto-jarda-vychodil\/thumbs\/thumbs_DSC_1489.jpg\"\n               data-image-id=\"17834\"\n               data-title=\"DSC_1489\"\n               data-description=\"\"\n               data-image-slug=\"dsc_1489\"\n               class=\"ngg-simplelightbox\" rel=\"c68f919fa0b128bb141c0b8c41c4bc01\">\n                <img\n                    title=\"DSC_1489\"\n                    alt=\"DSC_1489\"\n                    src=\"https:\/\/old.atletikaolomouc.cz\/wp-content\/gallery\/nesmer-2022-foto-jarda-vychodil\/thumbs\/thumbs_DSC_1489.jpg\"\n                    width=\"240\"\n                    height=\"160\"\n                    style=\"max-width:100%;\"\n                \/>\n            <\/a>\n        <\/div>\n\t\t\t\t\t\t\t<\/div> \n\t\t\t\n\t\t\t\t<div id=\"ngg-image-4\" class=\"ngg-gallery-thumbnail-box ngg-11-columns\" >\n\t\t\t\t        <div class=\"ngg-gallery-thumbnail\">\n            <a href=\"https:\/\/old.atletikaolomouc.cz\/wp-content\/gallery\/nesmer-2022-foto-jarda-vychodil\/DSC_1490.jpg\"\n               title=\"\"\n               data-src=\"https:\/\/old.atletikaolomouc.cz\/wp-content\/gallery\/nesmer-2022-foto-jarda-vychodil\/DSC_1490.jpg\"\n               data-thumbnail=\"https:\/\/old.atletikaolomouc.cz\/wp-content\/gallery\/nesmer-2022-foto-jarda-vychodil\/thumbs\/thumbs_DSC_1490.jpg\"\n               data-image-id=\"17835\"\n               data-title=\"DSC_1490\"\n               data-description=\"\"\n               data-image-slug=\"dsc_1490\"\n               class=\"ngg-simplelightbox\" rel=\"c68f919fa0b128bb141c0b8c41c4bc01\">\n                <img\n                    title=\"DSC_1490\"\n                    alt=\"DSC_1490\"\n                    src=\"https:\/\/old.atletikaolomouc.cz\/wp-content\/gallery\/nesmer-2022-foto-jarda-vychodil\/thumbs\/thumbs_DSC_1490.jpg\"\n                    width=\"240\"\n                    height=\"160\"\n                    style=\"max-width:100%;\"\n                \/>\n            <\/a>\n        <\/div>\n\t\t\t\t\t\t\t<\/div> \n\t\t\t\n\t\t\t\t<div id=\"ngg-image-5\" class=\"ngg-gallery-thumbnail-box ngg-11-columns\" >\n\t\t\t\t        <div class=\"ngg-gallery-thumbnail\">\n            <a href=\"https:\/\/old.atletikaolomouc.cz\/wp-content\/gallery\/nesmer-2022-foto-jarda-vychodil\/DSC_1491.jpg\"\n               title=\"\"\n               data-src=\"https:\/\/old.atletikaolomouc.cz\/wp-content\/gallery\/nesmer-2022-foto-jarda-vychodil\/DSC_1491.jpg\"\n               data-thumbnail=\"https:\/\/old.atletikaolomouc.cz\/wp-content\/gallery\/nesmer-2022-foto-jarda-vychodil\/thumbs\/thumbs_DSC_1491.jpg\"\n               data-image-id=\"17836\"\n               data-title=\"DSC_1491\"\n               data-description=\"\"\n               data-image-slug=\"dsc_1491\"\n               class=\"ngg-simplelightbox\" rel=\"c68f919fa0b128bb141c0b8c41c4bc01\">\n                <img\n                    title=\"DSC_1491\"\n                    alt=\"DSC_1491\"\n                    src=\"https:\/\/old.atletikaolomouc.cz\/wp-content\/gallery\/nesmer-2022-foto-jarda-vychodil\/thumbs\/thumbs_DSC_1491.jpg\"\n                    width=\"240\"\n                    height=\"160\"\n                    style=\"max-width:100%;\"\n                \/>\n            <\/a>\n        <\/div>\n\t\t\t\t\t\t\t<\/div> \n\t\t\t\n\t\t\t\t<div id=\"ngg-image-6\" class=\"ngg-gallery-thumbnail-box ngg-11-columns\" >\n\t\t\t\t        <div class=\"ngg-gallery-thumbnail\">\n            <a href=\"https:\/\/old.atletikaolomouc.cz\/wp-content\/gallery\/nesmer-2022-foto-jarda-vychodil\/DSC_1492.jpg\"\n               title=\"\"\n               data-src=\"https:\/\/old.atletikaolomouc.cz\/wp-content\/gallery\/nesmer-2022-foto-jarda-vychodil\/DSC_1492.jpg\"\n               data-thumbnail=\"https:\/\/old.atletikaolomouc.cz\/wp-content\/gallery\/nesmer-2022-foto-jarda-vychodil\/thumbs\/thumbs_DSC_1492.jpg\"\n               data-image-id=\"17837\"\n               data-title=\"DSC_1492\"\n               data-description=\"\"\n               data-image-slug=\"dsc_1492\"\n               class=\"ngg-simplelightbox\" rel=\"c68f919fa0b128bb141c0b8c41c4bc01\">\n                <img\n                    title=\"DSC_1492\"\n                    alt=\"DSC_1492\"\n                    src=\"https:\/\/old.atletikaolomouc.cz\/wp-content\/gallery\/nesmer-2022-foto-jarda-vychodil\/thumbs\/thumbs_DSC_1492.jpg\"\n                    width=\"240\"\n                    height=\"160\"\n                    style=\"max-width:100%;\"\n                \/>\n            <\/a>\n        <\/div>\n\t\t\t\t\t\t\t<\/div> \n\t\t\t\n\t\t\t\t<div id=\"ngg-image-7\" class=\"ngg-gallery-thumbnail-box ngg-11-columns\" >\n\t\t\t\t        <div class=\"ngg-gallery-thumbnail\">\n            <a href=\"https:\/\/old.atletikaolomouc.cz\/wp-content\/gallery\/nesmer-2022-foto-jarda-vychodil\/DSC_1493.jpg\"\n               title=\"\"\n               data-src=\"https:\/\/old.atletikaolomouc.cz\/wp-content\/gallery\/nesmer-2022-foto-jarda-vychodil\/DSC_1493.jpg\"\n               data-thumbnail=\"https:\/\/old.atletikaolomouc.cz\/wp-content\/gallery\/nesmer-2022-foto-jarda-vychodil\/thumbs\/thumbs_DSC_1493.jpg\"\n               data-image-id=\"17838\"\n               data-title=\"DSC_1493\"\n               data-description=\"\"\n               data-image-slug=\"dsc_1493\"\n               class=\"ngg-simplelightbox\" rel=\"c68f919fa0b128bb141c0b8c41c4bc01\">\n                <img\n                    title=\"DSC_1493\"\n                    alt=\"DSC_1493\"\n                    src=\"https:\/\/old.atletikaolomouc.cz\/wp-content\/gallery\/nesmer-2022-foto-jarda-vychodil\/thumbs\/thumbs_DSC_1493.jpg\"\n                    width=\"240\"\n                    height=\"160\"\n                    style=\"max-width:100%;\"\n                \/>\n            <\/a>\n        <\/div>\n\t\t\t\t\t\t\t<\/div> \n\t\t\t\n\t\t\t\t<div id=\"ngg-image-8\" class=\"ngg-gallery-thumbnail-box ngg-11-columns\" >\n\t\t\t\t        <div class=\"ngg-gallery-thumbnail\">\n            <a href=\"https:\/\/old.atletikaolomouc.cz\/wp-content\/gallery\/nesmer-2022-foto-jarda-vychodil\/DSC_1494.jpg\"\n               title=\"\"\n               data-src=\"https:\/\/old.atletikaolomouc.cz\/wp-content\/gallery\/nesmer-2022-foto-jarda-vychodil\/DSC_1494.jpg\"\n               data-thumbnail=\"https:\/\/old.atletikaolomouc.cz\/wp-content\/gallery\/nesmer-2022-foto-jarda-vychodil\/thumbs\/thumbs_DSC_1494.jpg\"\n               data-image-id=\"17839\"\n               data-title=\"DSC_1494\"\n               data-description=\"\"\n               data-image-slug=\"dsc_1494\"\n               class=\"ngg-simplelightbox\" rel=\"c68f919fa0b128bb141c0b8c41c4bc01\">\n                <img\n                    title=\"DSC_1494\"\n                    alt=\"DSC_1494\"\n                    src=\"https:\/\/old.atletikaolomouc.cz\/wp-content\/gallery\/nesmer-2022-foto-jarda-vychodil\/thumbs\/thumbs_DSC_1494.jpg\"\n                    width=\"240\"\n                    height=\"160\"\n                    style=\"max-width:100%;\"\n                \/>\n            <\/a>\n        <\/div>\n\t\t\t\t\t\t\t<\/div> \n\t\t\t\n\t\t\t\t<div id=\"ngg-image-9\" class=\"ngg-gallery-thumbnail-box ngg-11-columns\" >\n\t\t\t\t        <div class=\"ngg-gallery-thumbnail\">\n            <a href=\"https:\/\/old.atletikaolomouc.cz\/wp-content\/gallery\/nesmer-2022-foto-jarda-vychodil\/DSC_1495.jpg\"\n               title=\"\"\n               data-src=\"https:\/\/old.atletikaolomouc.cz\/wp-content\/gallery\/nesmer-2022-foto-jarda-vychodil\/DSC_1495.jpg\"\n               data-thumbnail=\"https:\/\/old.atletikaolomouc.cz\/wp-content\/gallery\/nesmer-2022-foto-jarda-vychodil\/thumbs\/thumbs_DSC_1495.jpg\"\n               data-image-id=\"17840\"\n               data-title=\"DSC_1495\"\n               data-description=\"\"\n               data-image-slug=\"dsc_1495\"\n               class=\"ngg-simplelightbox\" rel=\"c68f919fa0b128bb141c0b8c41c4bc01\">\n                <img\n                    title=\"DSC_1495\"\n                    alt=\"DSC_1495\"\n                    src=\"https:\/\/old.atletikaolomouc.cz\/wp-content\/gallery\/nesmer-2022-foto-jarda-vychodil\/thumbs\/thumbs_DSC_1495.jpg\"\n                    width=\"240\"\n                    height=\"160\"\n                    style=\"max-width:100%;\"\n                \/>\n            <\/a>\n        <\/div>\n\t\t\t\t\t\t\t<\/div> \n\t\t\t\n\t\t\t\t<div id=\"ngg-image-10\" class=\"ngg-gallery-thumbnail-box ngg-11-columns\" >\n\t\t\t\t        <div class=\"ngg-gallery-thumbnail\">\n            <a href=\"https:\/\/old.atletikaolomouc.cz\/wp-content\/gallery\/nesmer-2022-foto-jarda-vychodil\/DSC_1496.jpg\"\n               title=\"\"\n               data-src=\"https:\/\/old.atletikaolomouc.cz\/wp-content\/gallery\/nesmer-2022-foto-jarda-vychodil\/DSC_1496.jpg\"\n               data-thumbnail=\"https:\/\/old.atletikaolomouc.cz\/wp-content\/gallery\/nesmer-2022-foto-jarda-vychodil\/thumbs\/thumbs_DSC_1496.jpg\"\n               data-image-id=\"17841\"\n               data-title=\"DSC_1496\"\n               data-description=\"\"\n               data-image-slug=\"dsc_1496\"\n               class=\"ngg-simplelightbox\" rel=\"c68f919fa0b128bb141c0b8c41c4bc01\">\n                <img\n                    title=\"DSC_1496\"\n                    alt=\"DSC_1496\"\n                    src=\"https:\/\/old.atletikaolomouc.cz\/wp-content\/gallery\/nesmer-2022-foto-jarda-vychodil\/thumbs\/thumbs_DSC_1496.jpg\"\n                    width=\"240\"\n                    height=\"160\"\n                    style=\"max-width:100%;\"\n                \/>\n            <\/a>\n        <\/div>\n\t\t\t\t\t\t\t<\/div> \n\t\t\t\n\t\t\t\t<div id=\"ngg-image-11\" class=\"ngg-gallery-thumbnail-box ngg-11-columns\" >\n\t\t\t\t        <div class=\"ngg-gallery-thumbnail\">\n            <a href=\"https:\/\/old.atletikaolomouc.cz\/wp-content\/gallery\/nesmer-2022-foto-jarda-vychodil\/DSC_1497.jpg\"\n               title=\"\"\n               data-src=\"https:\/\/old.atletikaolomouc.cz\/wp-content\/gallery\/nesmer-2022-foto-jarda-vychodil\/DSC_1497.jpg\"\n               data-thumbnail=\"https:\/\/old.atletikaolomouc.cz\/wp-content\/gallery\/nesmer-2022-foto-jarda-vychodil\/thumbs\/thumbs_DSC_1497.jpg\"\n               data-image-id=\"17842\"\n               data-title=\"DSC_1497\"\n               data-description=\"\"\n               data-image-slug=\"dsc_1497\"\n               class=\"ngg-simplelightbox\" rel=\"c68f919fa0b128bb141c0b8c41c4bc01\">\n                <img\n                    title=\"DSC_1497\"\n                    alt=\"DSC_1497\"\n                    src=\"https:\/\/old.atletikaolomouc.cz\/wp-content\/gallery\/nesmer-2022-foto-jarda-vychodil\/thumbs\/thumbs_DSC_1497.jpg\"\n                    width=\"240\"\n                    height=\"160\"\n                    style=\"max-width:100%;\"\n                \/>\n            <\/a>\n        <\/div>\n\t\t\t\t\t\t\t<\/div> \n\t\t\t\n\t\t\t\t<div id=\"ngg-image-12\" class=\"ngg-gallery-thumbnail-box ngg-11-columns\" >\n\t\t\t\t        <div class=\"ngg-gallery-thumbnail\">\n            <a href=\"https:\/\/old.atletikaolomouc.cz\/wp-content\/gallery\/nesmer-2022-foto-jarda-vychodil\/DSC_1498.jpg\"\n               title=\"\"\n               data-src=\"https:\/\/old.atletikaolomouc.cz\/wp-content\/gallery\/nesmer-2022-foto-jarda-vychodil\/DSC_1498.jpg\"\n               data-thumbnail=\"https:\/\/old.atletikaolomouc.cz\/wp-content\/gallery\/nesmer-2022-foto-jarda-vychodil\/thumbs\/thumbs_DSC_1498.jpg\"\n               data-image-id=\"17843\"\n               data-title=\"DSC_1498\"\n               data-description=\"\"\n               data-image-slug=\"dsc_1498\"\n               class=\"ngg-simplelightbox\" rel=\"c68f919fa0b128bb141c0b8c41c4bc01\">\n                <img\n                    title=\"DSC_1498\"\n                    alt=\"DSC_1498\"\n                    src=\"https:\/\/old.atletikaolomouc.cz\/wp-content\/gallery\/nesmer-2022-foto-jarda-vychodil\/thumbs\/thumbs_DSC_1498.jpg\"\n                    width=\"240\"\n                    height=\"160\"\n                    style=\"max-width:100%;\"\n                \/>\n            <\/a>\n        <\/div>\n\t\t\t\t\t\t\t<\/div> \n\t\t\t\n\t\t\t\t<div id=\"ngg-image-13\" class=\"ngg-gallery-thumbnail-box ngg-11-columns\" >\n\t\t\t\t        <div class=\"ngg-gallery-thumbnail\">\n            <a href=\"https:\/\/old.atletikaolomouc.cz\/wp-content\/gallery\/nesmer-2022-foto-jarda-vychodil\/DSC_1501.jpg\"\n               title=\"\"\n               data-src=\"https:\/\/old.atletikaolomouc.cz\/wp-content\/gallery\/nesmer-2022-foto-jarda-vychodil\/DSC_1501.jpg\"\n               data-thumbnail=\"https:\/\/old.atletikaolomouc.cz\/wp-content\/gallery\/nesmer-2022-foto-jarda-vychodil\/thumbs\/thumbs_DSC_1501.jpg\"\n               data-image-id=\"17844\"\n               data-title=\"DSC_1501\"\n               data-description=\"\"\n               data-image-slug=\"dsc_1501\"\n               class=\"ngg-simplelightbox\" rel=\"c68f919fa0b128bb141c0b8c41c4bc01\">\n                <img\n                    title=\"DSC_1501\"\n                    alt=\"DSC_1501\"\n                    src=\"https:\/\/old.atletikaolomouc.cz\/wp-content\/gallery\/nesmer-2022-foto-jarda-vychodil\/thumbs\/thumbs_DSC_1501.jpg\"\n                    width=\"240\"\n                    height=\"160\"\n                    style=\"max-width:100%;\"\n                \/>\n            <\/a>\n        <\/div>\n\t\t\t\t\t\t\t<\/div> \n\t\t\t\n\t\t\t\t<div id=\"ngg-image-14\" class=\"ngg-gallery-thumbnail-box ngg-11-columns\" >\n\t\t\t\t        <div class=\"ngg-gallery-thumbnail\">\n            <a href=\"https:\/\/old.atletikaolomouc.cz\/wp-content\/gallery\/nesmer-2022-foto-jarda-vychodil\/DSC_1504.jpg\"\n               title=\"\"\n               data-src=\"https:\/\/old.atletikaolomouc.cz\/wp-content\/gallery\/nesmer-2022-foto-jarda-vychodil\/DSC_1504.jpg\"\n               data-thumbnail=\"https:\/\/old.atletikaolomouc.cz\/wp-content\/gallery\/nesmer-2022-foto-jarda-vychodil\/thumbs\/thumbs_DSC_1504.jpg\"\n               data-image-id=\"17845\"\n               data-title=\"DSC_1504\"\n               data-description=\"\"\n               data-image-slug=\"dsc_1504\"\n               class=\"ngg-simplelightbox\" rel=\"c68f919fa0b128bb141c0b8c41c4bc01\">\n                <img\n                    title=\"DSC_1504\"\n                    alt=\"DSC_1504\"\n                    src=\"https:\/\/old.atletikaolomouc.cz\/wp-content\/gallery\/nesmer-2022-foto-jarda-vychodil\/thumbs\/thumbs_DSC_1504.jpg\"\n                    width=\"240\"\n                    height=\"160\"\n                    style=\"max-width:100%;\"\n                \/>\n            <\/a>\n        <\/div>\n\t\t\t\t\t\t\t<\/div> \n\t\t\t\n\t\t\t\t<div id=\"ngg-image-15\" class=\"ngg-gallery-thumbnail-box ngg-11-columns\" >\n\t\t\t\t        <div class=\"ngg-gallery-thumbnail\">\n            <a href=\"https:\/\/old.atletikaolomouc.cz\/wp-content\/gallery\/nesmer-2022-foto-jarda-vychodil\/DSC_1505.jpg\"\n               title=\"\"\n               data-src=\"https:\/\/old.atletikaolomouc.cz\/wp-content\/gallery\/nesmer-2022-foto-jarda-vychodil\/DSC_1505.jpg\"\n               data-thumbnail=\"https:\/\/old.atletikaolomouc.cz\/wp-content\/gallery\/nesmer-2022-foto-jarda-vychodil\/thumbs\/thumbs_DSC_1505.jpg\"\n               data-image-id=\"17846\"\n               data-title=\"DSC_1505\"\n               data-description=\"\"\n               data-image-slug=\"dsc_1505\"\n               class=\"ngg-simplelightbox\" rel=\"c68f919fa0b128bb141c0b8c41c4bc01\">\n                <img\n                    title=\"DSC_1505\"\n                    alt=\"DSC_1505\"\n                    src=\"https:\/\/old.atletikaolomouc.cz\/wp-content\/gallery\/nesmer-2022-foto-jarda-vychodil\/thumbs\/thumbs_DSC_1505.jpg\"\n                    width=\"240\"\n                    height=\"160\"\n                    style=\"max-width:100%;\"\n                \/>\n            <\/a>\n        <\/div>\n\t\t\t\t\t\t\t<\/div> \n\t\t\t\n\t\t\t\t<div id=\"ngg-image-16\" class=\"ngg-gallery-thumbnail-box ngg-11-columns\" >\n\t\t\t\t        <div class=\"ngg-gallery-thumbnail\">\n            <a href=\"https:\/\/old.atletikaolomouc.cz\/wp-content\/gallery\/nesmer-2022-foto-jarda-vychodil\/DSC_1506.jpg\"\n               title=\"\"\n               data-src=\"https:\/\/old.atletikaolomouc.cz\/wp-content\/gallery\/nesmer-2022-foto-jarda-vychodil\/DSC_1506.jpg\"\n               data-thumbnail=\"https:\/\/old.atletikaolomouc.cz\/wp-content\/gallery\/nesmer-2022-foto-jarda-vychodil\/thumbs\/thumbs_DSC_1506.jpg\"\n               data-image-id=\"17847\"\n               data-title=\"DSC_1506\"\n               data-description=\"\"\n               data-image-slug=\"dsc_1506\"\n               class=\"ngg-simplelightbox\" rel=\"c68f919fa0b128bb141c0b8c41c4bc01\">\n                <img\n                    title=\"DSC_1506\"\n                    alt=\"DSC_1506\"\n                    src=\"https:\/\/old.atletikaolomouc.cz\/wp-content\/gallery\/nesmer-2022-foto-jarda-vychodil\/thumbs\/thumbs_DSC_1506.jpg\"\n                    width=\"240\"\n                    height=\"160\"\n                    style=\"max-width:100%;\"\n                \/>\n            <\/a>\n        <\/div>\n\t\t\t\t\t\t\t<\/div> \n\t\t\t\n\t\t\t\t<div id=\"ngg-image-17\" class=\"ngg-gallery-thumbnail-box ngg-11-columns\" >\n\t\t\t\t        <div class=\"ngg-gallery-thumbnail\">\n            <a href=\"https:\/\/old.atletikaolomouc.cz\/wp-content\/gallery\/nesmer-2022-foto-jarda-vychodil\/DSC_1509.jpg\"\n               title=\"\"\n               data-src=\"https:\/\/old.atletikaolomouc.cz\/wp-content\/gallery\/nesmer-2022-foto-jarda-vychodil\/DSC_1509.jpg\"\n               data-thumbnail=\"https:\/\/old.atletikaolomouc.cz\/wp-content\/gallery\/nesmer-2022-foto-jarda-vychodil\/thumbs\/thumbs_DSC_1509.jpg\"\n               data-image-id=\"17848\"\n               data-title=\"DSC_1509\"\n               data-description=\"\"\n               data-image-slug=\"dsc_1509\"\n               class=\"ngg-simplelightbox\" rel=\"c68f919fa0b128bb141c0b8c41c4bc01\">\n                <img\n                    title=\"DSC_1509\"\n                    alt=\"DSC_1509\"\n                    src=\"https:\/\/old.atletikaolomouc.cz\/wp-content\/gallery\/nesmer-2022-foto-jarda-vychodil\/thumbs\/thumbs_DSC_1509.jpg\"\n                    width=\"240\"\n                    height=\"160\"\n                    style=\"max-width:100%;\"\n                \/>\n            <\/a>\n        <\/div>\n\t\t\t\t\t\t\t<\/div> \n\t\t\t\n\t\t\t\t<div id=\"ngg-image-18\" class=\"ngg-gallery-thumbnail-box ngg-11-columns\" >\n\t\t\t\t        <div class=\"ngg-gallery-thumbnail\">\n            <a href=\"https:\/\/old.atletikaolomouc.cz\/wp-content\/gallery\/nesmer-2022-foto-jarda-vychodil\/DSC_1511.jpg\"\n               title=\"\"\n               data-src=\"https:\/\/old.atletikaolomouc.cz\/wp-content\/gallery\/nesmer-2022-foto-jarda-vychodil\/DSC_1511.jpg\"\n               data-thumbnail=\"https:\/\/old.atletikaolomouc.cz\/wp-content\/gallery\/nesmer-2022-foto-jarda-vychodil\/thumbs\/thumbs_DSC_1511.jpg\"\n               data-image-id=\"17850\"\n               data-title=\"DSC_1511\"\n               data-description=\"\"\n               data-image-slug=\"dsc_1511\"\n               class=\"ngg-simplelightbox\" rel=\"c68f919fa0b128bb141c0b8c41c4bc01\">\n                <img\n                    title=\"DSC_1511\"\n                    alt=\"DSC_1511\"\n                    src=\"https:\/\/old.atletikaolomouc.cz\/wp-content\/gallery\/nesmer-2022-foto-jarda-vychodil\/thumbs\/thumbs_DSC_1511.jpg\"\n                    width=\"240\"\n                    height=\"160\"\n                    style=\"max-width:100%;\"\n                \/>\n            <\/a>\n        <\/div>\n\t\t\t\t\t\t\t<\/div> \n\t\t\t\n\t\t\t\t<div id=\"ngg-image-19\" class=\"ngg-gallery-thumbnail-box ngg-11-columns\" >\n\t\t\t\t        <div class=\"ngg-gallery-thumbnail\">\n            <a href=\"https:\/\/old.atletikaolomouc.cz\/wp-content\/gallery\/nesmer-2022-foto-jarda-vychodil\/DSC_1512.jpg\"\n               title=\"\"\n               data-src=\"https:\/\/old.atletikaolomouc.cz\/wp-content\/gallery\/nesmer-2022-foto-jarda-vychodil\/DSC_1512.jpg\"\n               data-thumbnail=\"https:\/\/old.atletikaolomouc.cz\/wp-content\/gallery\/nesmer-2022-foto-jarda-vychodil\/thumbs\/thumbs_DSC_1512.jpg\"\n               data-image-id=\"17852\"\n               data-title=\"DSC_1512\"\n               data-description=\"\"\n               data-image-slug=\"dsc_1512\"\n               class=\"ngg-simplelightbox\" rel=\"c68f919fa0b128bb141c0b8c41c4bc01\">\n                <img\n                    title=\"DSC_1512\"\n                    alt=\"DSC_1512\"\n                    src=\"https:\/\/old.atletikaolomouc.cz\/wp-content\/gallery\/nesmer-2022-foto-jarda-vychodil\/thumbs\/thumbs_DSC_1512.jpg\"\n                    width=\"240\"\n                    height=\"160\"\n                    style=\"max-width:100%;\"\n                \/>\n            <\/a>\n        <\/div>\n\t\t\t\t\t\t\t<\/div> \n\t\t\t\n\t\t\t\t<div id=\"ngg-image-20\" class=\"ngg-gallery-thumbnail-box ngg-11-columns\" >\n\t\t\t\t        <div class=\"ngg-gallery-thumbnail\">\n            <a href=\"https:\/\/old.atletikaolomouc.cz\/wp-content\/gallery\/nesmer-2022-foto-jarda-vychodil\/DSC_1528.jpg\"\n               title=\"\"\n               data-src=\"https:\/\/old.atletikaolomouc.cz\/wp-content\/gallery\/nesmer-2022-foto-jarda-vychodil\/DSC_1528.jpg\"\n               data-thumbnail=\"https:\/\/old.atletikaolomouc.cz\/wp-content\/gallery\/nesmer-2022-foto-jarda-vychodil\/thumbs\/thumbs_DSC_1528.jpg\"\n               data-image-id=\"17854\"\n               data-title=\"DSC_1528\"\n               data-description=\"\"\n               data-image-slug=\"dsc_1528\"\n               class=\"ngg-simplelightbox\" rel=\"c68f919fa0b128bb141c0b8c41c4bc01\">\n                <img\n                    title=\"DSC_1528\"\n                    alt=\"DSC_1528\"\n                    src=\"https:\/\/old.atletikaolomouc.cz\/wp-content\/gallery\/nesmer-2022-foto-jarda-vychodil\/thumbs\/thumbs_DSC_1528.jpg\"\n                    width=\"240\"\n                    height=\"160\"\n                    style=\"max-width:100%;\"\n                \/>\n            <\/a>\n        <\/div>\n\t\t\t\t\t\t\t<\/div> \n\t\t\t\n\t\t\t\t<div id=\"ngg-image-21\" class=\"ngg-gallery-thumbnail-box ngg-11-columns\" >\n\t\t\t\t        <div class=\"ngg-gallery-thumbnail\">\n            <a href=\"https:\/\/old.atletikaolomouc.cz\/wp-content\/gallery\/nesmer-2022-foto-jarda-vychodil\/DSC_1529.jpg\"\n               title=\"\"\n               data-src=\"https:\/\/old.atletikaolomouc.cz\/wp-content\/gallery\/nesmer-2022-foto-jarda-vychodil\/DSC_1529.jpg\"\n               data-thumbnail=\"https:\/\/old.atletikaolomouc.cz\/wp-content\/gallery\/nesmer-2022-foto-jarda-vychodil\/thumbs\/thumbs_DSC_1529.jpg\"\n               data-image-id=\"17856\"\n               data-title=\"DSC_1529\"\n               data-description=\"\"\n               data-image-slug=\"dsc_1529\"\n               class=\"ngg-simplelightbox\" rel=\"c68f919fa0b128bb141c0b8c41c4bc01\">\n                <img\n                    title=\"DSC_1529\"\n                    alt=\"DSC_1529\"\n                    src=\"https:\/\/old.atletikaolomouc.cz\/wp-content\/gallery\/nesmer-2022-foto-jarda-vychodil\/thumbs\/thumbs_DSC_1529.jpg\"\n                    width=\"240\"\n                    height=\"160\"\n                    style=\"max-width:100%;\"\n                \/>\n            <\/a>\n        <\/div>\n\t\t\t\t\t\t\t<\/div> \n\t\t\t\n\t\t\t\t<div id=\"ngg-image-22\" class=\"ngg-gallery-thumbnail-box ngg-11-columns\" >\n\t\t\t\t        <div class=\"ngg-gallery-thumbnail\">\n            <a href=\"https:\/\/old.atletikaolomouc.cz\/wp-content\/gallery\/nesmer-2022-foto-jarda-vychodil\/DSC_1530.jpg\"\n               title=\"\"\n               data-src=\"https:\/\/old.atletikaolomouc.cz\/wp-content\/gallery\/nesmer-2022-foto-jarda-vychodil\/DSC_1530.jpg\"\n               data-thumbnail=\"https:\/\/old.atletikaolomouc.cz\/wp-content\/gallery\/nesmer-2022-foto-jarda-vychodil\/thumbs\/thumbs_DSC_1530.jpg\"\n               data-image-id=\"17859\"\n               data-title=\"DSC_1530\"\n               data-description=\"\"\n               data-image-slug=\"dsc_1530\"\n               class=\"ngg-simplelightbox\" rel=\"c68f919fa0b128bb141c0b8c41c4bc01\">\n                <img\n                    title=\"DSC_1530\"\n                    alt=\"DSC_1530\"\n                    src=\"https:\/\/old.atletikaolomouc.cz\/wp-content\/gallery\/nesmer-2022-foto-jarda-vychodil\/thumbs\/thumbs_DSC_1530.jpg\"\n                    width=\"240\"\n                    height=\"160\"\n                    style=\"max-width:100%;\"\n                \/>\n            <\/a>\n        <\/div>\n\t\t\t\t\t\t\t<\/div> \n\t\t\t\n\t\t\t\t<div id=\"ngg-image-23\" class=\"ngg-gallery-thumbnail-box ngg-11-columns\" >\n\t\t\t\t        <div class=\"ngg-gallery-thumbnail\">\n            <a href=\"https:\/\/old.atletikaolomouc.cz\/wp-content\/gallery\/nesmer-2022-foto-jarda-vychodil\/DSC_1531.jpg\"\n               title=\"\"\n               data-src=\"https:\/\/old.atletikaolomouc.cz\/wp-content\/gallery\/nesmer-2022-foto-jarda-vychodil\/DSC_1531.jpg\"\n               data-thumbnail=\"https:\/\/old.atletikaolomouc.cz\/wp-content\/gallery\/nesmer-2022-foto-jarda-vychodil\/thumbs\/thumbs_DSC_1531.jpg\"\n               data-image-id=\"17861\"\n               data-title=\"DSC_1531\"\n               data-description=\"\"\n               data-image-slug=\"dsc_1531\"\n               class=\"ngg-simplelightbox\" rel=\"c68f919fa0b128bb141c0b8c41c4bc01\">\n                <img\n                    title=\"DSC_1531\"\n                    alt=\"DSC_1531\"\n                    src=\"https:\/\/old.atletikaolomouc.cz\/wp-content\/gallery\/nesmer-2022-foto-jarda-vychodil\/thumbs\/thumbs_DSC_1531.jpg\"\n                    width=\"240\"\n                    height=\"160\"\n                    style=\"max-width:100%;\"\n                \/>\n            <\/a>\n        <\/div>\n\t\t\t\t\t\t\t<\/div> \n\t\t\t\n\t\t\t\t<div id=\"ngg-image-24\" class=\"ngg-gallery-thumbnail-box ngg-11-columns\" >\n\t\t\t\t        <div class=\"ngg-gallery-thumbnail\">\n            <a href=\"https:\/\/old.atletikaolomouc.cz\/wp-content\/gallery\/nesmer-2022-foto-jarda-vychodil\/DSC_1532.jpg\"\n               title=\"\"\n               data-src=\"https:\/\/old.atletikaolomouc.cz\/wp-content\/gallery\/nesmer-2022-foto-jarda-vychodil\/DSC_1532.jpg\"\n               data-thumbnail=\"https:\/\/old.atletikaolomouc.cz\/wp-content\/gallery\/nesmer-2022-foto-jarda-vychodil\/thumbs\/thumbs_DSC_1532.jpg\"\n               data-image-id=\"17863\"\n               data-title=\"DSC_1532\"\n               data-description=\"\"\n               data-image-slug=\"dsc_1532\"\n               class=\"ngg-simplelightbox\" rel=\"c68f919fa0b128bb141c0b8c41c4bc01\">\n                <img\n                    title=\"DSC_1532\"\n                    alt=\"DSC_1532\"\n                    src=\"https:\/\/old.atletikaolomouc.cz\/wp-content\/gallery\/nesmer-2022-foto-jarda-vychodil\/thumbs\/thumbs_DSC_1532.jpg\"\n                    width=\"240\"\n                    height=\"160\"\n                    style=\"max-width:100%;\"\n                \/>\n            <\/a>\n        <\/div>\n\t\t\t\t\t\t\t<\/div> \n\t\t\t\n\t\t\t\t<div id=\"ngg-image-25\" class=\"ngg-gallery-thumbnail-box ngg-11-columns\" >\n\t\t\t\t        <div class=\"ngg-gallery-thumbnail\">\n            <a href=\"https:\/\/old.atletikaolomouc.cz\/wp-content\/gallery\/nesmer-2022-foto-jarda-vychodil\/DSC_1533.jpg\"\n               title=\"\"\n               data-src=\"https:\/\/old.atletikaolomouc.cz\/wp-content\/gallery\/nesmer-2022-foto-jarda-vychodil\/DSC_1533.jpg\"\n               data-thumbnail=\"https:\/\/old.atletikaolomouc.cz\/wp-content\/gallery\/nesmer-2022-foto-jarda-vychodil\/thumbs\/thumbs_DSC_1533.jpg\"\n               data-image-id=\"17867\"\n               data-title=\"DSC_1533\"\n               data-description=\"\"\n               data-image-slug=\"dsc_1533\"\n               class=\"ngg-simplelightbox\" rel=\"c68f919fa0b128bb141c0b8c41c4bc01\">\n                <img\n                    title=\"DSC_1533\"\n                    alt=\"DSC_1533\"\n                    src=\"https:\/\/old.atletikaolomouc.cz\/wp-content\/gallery\/nesmer-2022-foto-jarda-vychodil\/thumbs\/thumbs_DSC_1533.jpg\"\n                    width=\"240\"\n                    height=\"160\"\n                    style=\"max-width:100%;\"\n                \/>\n            <\/a>\n        <\/div>\n\t\t\t\t\t\t\t<\/div> \n\t\t\t\n\t\t\t\t<div id=\"ngg-image-26\" class=\"ngg-gallery-thumbnail-box ngg-11-columns\" >\n\t\t\t\t        <div class=\"ngg-gallery-thumbnail\">\n            <a href=\"https:\/\/old.atletikaolomouc.cz\/wp-content\/gallery\/nesmer-2022-foto-jarda-vychodil\/DSC_1534.jpg\"\n               title=\"\"\n               data-src=\"https:\/\/old.atletikaolomouc.cz\/wp-content\/gallery\/nesmer-2022-foto-jarda-vychodil\/DSC_1534.jpg\"\n               data-thumbnail=\"https:\/\/old.atletikaolomouc.cz\/wp-content\/gallery\/nesmer-2022-foto-jarda-vychodil\/thumbs\/thumbs_DSC_1534.jpg\"\n               data-image-id=\"17870\"\n               data-title=\"DSC_1534\"\n               data-description=\"\"\n               data-image-slug=\"dsc_1534\"\n               class=\"ngg-simplelightbox\" rel=\"c68f919fa0b128bb141c0b8c41c4bc01\">\n                <img\n                    title=\"DSC_1534\"\n                    alt=\"DSC_1534\"\n                    src=\"https:\/\/old.atletikaolomouc.cz\/wp-content\/gallery\/nesmer-2022-foto-jarda-vychodil\/thumbs\/thumbs_DSC_1534.jpg\"\n                    width=\"240\"\n                    height=\"160\"\n                    style=\"max-width:100%;\"\n                \/>\n            <\/a>\n        <\/div>\n\t\t\t\t\t\t\t<\/div> \n\t\t\t\n\t\t\t\t<div id=\"ngg-image-27\" class=\"ngg-gallery-thumbnail-box ngg-11-columns\" >\n\t\t\t\t        <div class=\"ngg-gallery-thumbnail\">\n            <a href=\"https:\/\/old.atletikaolomouc.cz\/wp-content\/gallery\/nesmer-2022-foto-jarda-vychodil\/DSC_1537.jpg\"\n               title=\"\"\n               data-src=\"https:\/\/old.atletikaolomouc.cz\/wp-content\/gallery\/nesmer-2022-foto-jarda-vychodil\/DSC_1537.jpg\"\n               data-thumbnail=\"https:\/\/old.atletikaolomouc.cz\/wp-content\/gallery\/nesmer-2022-foto-jarda-vychodil\/thumbs\/thumbs_DSC_1537.jpg\"\n               data-image-id=\"17872\"\n               data-title=\"DSC_1537\"\n               data-description=\"\"\n               data-image-slug=\"dsc_1537\"\n               class=\"ngg-simplelightbox\" rel=\"c68f919fa0b128bb141c0b8c41c4bc01\">\n                <img\n                    title=\"DSC_1537\"\n                    alt=\"DSC_1537\"\n                    src=\"https:\/\/old.atletikaolomouc.cz\/wp-content\/gallery\/nesmer-2022-foto-jarda-vychodil\/thumbs\/thumbs_DSC_1537.jpg\"\n                    width=\"240\"\n                    height=\"160\"\n                    style=\"max-width:100%;\"\n                \/>\n            <\/a>\n        <\/div>\n\t\t\t\t\t\t\t<\/div> \n\t\t\t\n\t\t\t\t<div id=\"ngg-image-28\" class=\"ngg-gallery-thumbnail-box ngg-11-columns\" >\n\t\t\t\t        <div class=\"ngg-gallery-thumbnail\">\n            <a href=\"https:\/\/old.atletikaolomouc.cz\/wp-content\/gallery\/nesmer-2022-foto-jarda-vychodil\/DSC_1538.jpg\"\n               title=\"\"\n               data-src=\"https:\/\/old.atletikaolomouc.cz\/wp-content\/gallery\/nesmer-2022-foto-jarda-vychodil\/DSC_1538.jpg\"\n               data-thumbnail=\"https:\/\/old.atletikaolomouc.cz\/wp-content\/gallery\/nesmer-2022-foto-jarda-vychodil\/thumbs\/thumbs_DSC_1538.jpg\"\n               data-image-id=\"17874\"\n               data-title=\"DSC_1538\"\n               data-description=\"\"\n               data-image-slug=\"dsc_1538\"\n               class=\"ngg-simplelightbox\" rel=\"c68f919fa0b128bb141c0b8c41c4bc01\">\n                <img\n                    title=\"DSC_1538\"\n                    alt=\"DSC_1538\"\n                    src=\"https:\/\/old.atletikaolomouc.cz\/wp-content\/gallery\/nesmer-2022-foto-jarda-vychodil\/thumbs\/thumbs_DSC_1538.jpg\"\n                    width=\"240\"\n                    height=\"160\"\n                    style=\"max-width:100%;\"\n                \/>\n            <\/a>\n        <\/div>\n\t\t\t\t\t\t\t<\/div> \n\t\t\t\n\t\t\t\t<div id=\"ngg-image-29\" class=\"ngg-gallery-thumbnail-box ngg-11-columns\" >\n\t\t\t\t        <div class=\"ngg-gallery-thumbnail\">\n            <a href=\"https:\/\/old.atletikaolomouc.cz\/wp-content\/gallery\/nesmer-2022-foto-jarda-vychodil\/DSC_1539.jpg\"\n               title=\"\"\n               data-src=\"https:\/\/old.atletikaolomouc.cz\/wp-content\/gallery\/nesmer-2022-foto-jarda-vychodil\/DSC_1539.jpg\"\n               data-thumbnail=\"https:\/\/old.atletikaolomouc.cz\/wp-content\/gallery\/nesmer-2022-foto-jarda-vychodil\/thumbs\/thumbs_DSC_1539.jpg\"\n               data-image-id=\"17876\"\n               data-title=\"DSC_1539\"\n               data-description=\"\"\n               data-image-slug=\"dsc_1539\"\n               class=\"ngg-simplelightbox\" rel=\"c68f919fa0b128bb141c0b8c41c4bc01\">\n                <img\n                    title=\"DSC_1539\"\n                    alt=\"DSC_1539\"\n                    src=\"https:\/\/old.atletikaolomouc.cz\/wp-content\/gallery\/nesmer-2022-foto-jarda-vychodil\/thumbs\/thumbs_DSC_1539.jpg\"\n                    width=\"240\"\n                    height=\"160\"\n                    style=\"max-width:100%;\"\n                \/>\n            <\/a>\n        <\/div>\n\t\t\t\t\t\t\t<\/div> \n\t\t\t\n\t\t\t\t<div id=\"ngg-image-30\" class=\"ngg-gallery-thumbnail-box ngg-11-columns\" >\n\t\t\t\t        <div class=\"ngg-gallery-thumbnail\">\n            <a href=\"https:\/\/old.atletikaolomouc.cz\/wp-content\/gallery\/nesmer-2022-foto-jarda-vychodil\/DSC_1540.jpg\"\n               title=\"\"\n               data-src=\"https:\/\/old.atletikaolomouc.cz\/wp-content\/gallery\/nesmer-2022-foto-jarda-vychodil\/DSC_1540.jpg\"\n               data-thumbnail=\"https:\/\/old.atletikaolomouc.cz\/wp-content\/gallery\/nesmer-2022-foto-jarda-vychodil\/thumbs\/thumbs_DSC_1540.jpg\"\n               data-image-id=\"17878\"\n               data-title=\"DSC_1540\"\n               data-description=\"\"\n               data-image-slug=\"dsc_1540\"\n               class=\"ngg-simplelightbox\" rel=\"c68f919fa0b128bb141c0b8c41c4bc01\">\n                <img\n                    title=\"DSC_1540\"\n                    alt=\"DSC_1540\"\n                    src=\"https:\/\/old.atletikaolomouc.cz\/wp-content\/gallery\/nesmer-2022-foto-jarda-vychodil\/thumbs\/thumbs_DSC_1540.jpg\"\n                    width=\"240\"\n                    height=\"160\"\n                    style=\"max-width:100%;\"\n                \/>\n            <\/a>\n        <\/div>\n\t\t\t\t\t\t\t<\/div> \n\t\t\t\n\t\t\t\t<div id=\"ngg-image-31\" class=\"ngg-gallery-thumbnail-box ngg-11-columns\" >\n\t\t\t\t        <div class=\"ngg-gallery-thumbnail\">\n            <a href=\"https:\/\/old.atletikaolomouc.cz\/wp-content\/gallery\/nesmer-2022-foto-jarda-vychodil\/DSC_1541.jpg\"\n               title=\"\"\n               data-src=\"https:\/\/old.atletikaolomouc.cz\/wp-content\/gallery\/nesmer-2022-foto-jarda-vychodil\/DSC_1541.jpg\"\n               data-thumbnail=\"https:\/\/old.atletikaolomouc.cz\/wp-content\/gallery\/nesmer-2022-foto-jarda-vychodil\/thumbs\/thumbs_DSC_1541.jpg\"\n               data-image-id=\"17881\"\n               data-title=\"DSC_1541\"\n               data-description=\"\"\n               data-image-slug=\"dsc_1541\"\n               class=\"ngg-simplelightbox\" rel=\"c68f919fa0b128bb141c0b8c41c4bc01\">\n                <img\n                    title=\"DSC_1541\"\n                    alt=\"DSC_1541\"\n                    src=\"https:\/\/old.atletikaolomouc.cz\/wp-content\/gallery\/nesmer-2022-foto-jarda-vychodil\/thumbs\/thumbs_DSC_1541.jpg\"\n                    width=\"240\"\n                    height=\"160\"\n                    style=\"max-width:100%;\"\n                \/>\n            <\/a>\n        <\/div>\n\t\t\t\t\t\t\t<\/div> \n\t\t\t\n\t\t\t\t<div id=\"ngg-image-32\" class=\"ngg-gallery-thumbnail-box ngg-11-columns\" >\n\t\t\t\t        <div class=\"ngg-gallery-thumbnail\">\n            <a href=\"https:\/\/old.atletikaolomouc.cz\/wp-content\/gallery\/nesmer-2022-foto-jarda-vychodil\/DSC_1542.jpg\"\n               title=\"\"\n               data-src=\"https:\/\/old.atletikaolomouc.cz\/wp-content\/gallery\/nesmer-2022-foto-jarda-vychodil\/DSC_1542.jpg\"\n               data-thumbnail=\"https:\/\/old.atletikaolomouc.cz\/wp-content\/gallery\/nesmer-2022-foto-jarda-vychodil\/thumbs\/thumbs_DSC_1542.jpg\"\n               data-image-id=\"17883\"\n               data-title=\"DSC_1542\"\n               data-description=\"\"\n               data-image-slug=\"dsc_1542\"\n               class=\"ngg-simplelightbox\" rel=\"c68f919fa0b128bb141c0b8c41c4bc01\">\n                <img\n                    title=\"DSC_1542\"\n                    alt=\"DSC_1542\"\n                    src=\"https:\/\/old.atletikaolomouc.cz\/wp-content\/gallery\/nesmer-2022-foto-jarda-vychodil\/thumbs\/thumbs_DSC_1542.jpg\"\n                    width=\"240\"\n                    height=\"160\"\n                    style=\"max-width:100%;\"\n                \/>\n            <\/a>\n        <\/div>\n\t\t\t\t\t\t\t<\/div> \n\t\t\t\n\t\t\t\t<div id=\"ngg-image-33\" class=\"ngg-gallery-thumbnail-box ngg-11-columns\" >\n\t\t\t\t        <div class=\"ngg-gallery-thumbnail\">\n            <a href=\"https:\/\/old.atletikaolomouc.cz\/wp-content\/gallery\/nesmer-2022-foto-jarda-vychodil\/DSC_1543.jpg\"\n               title=\"\"\n               data-src=\"https:\/\/old.atletikaolomouc.cz\/wp-content\/gallery\/nesmer-2022-foto-jarda-vychodil\/DSC_1543.jpg\"\n               data-thumbnail=\"https:\/\/old.atletikaolomouc.cz\/wp-content\/gallery\/nesmer-2022-foto-jarda-vychodil\/thumbs\/thumbs_DSC_1543.jpg\"\n               data-image-id=\"17885\"\n               data-title=\"DSC_1543\"\n               data-description=\"\"\n               data-image-slug=\"dsc_1543\"\n               class=\"ngg-simplelightbox\" rel=\"c68f919fa0b128bb141c0b8c41c4bc01\">\n                <img\n                    title=\"DSC_1543\"\n                    alt=\"DSC_1543\"\n                    src=\"https:\/\/old.atletikaolomouc.cz\/wp-content\/gallery\/nesmer-2022-foto-jarda-vychodil\/thumbs\/thumbs_DSC_1543.jpg\"\n                    width=\"240\"\n                    height=\"160\"\n                    style=\"max-width:100%;\"\n                \/>\n            <\/a>\n        <\/div>\n\t\t\t\t\t\t\t<\/div> \n\t\t\t\n\t\t\t\t<div id=\"ngg-image-34\" class=\"ngg-gallery-thumbnail-box ngg-11-columns\" >\n\t\t\t\t        <div class=\"ngg-gallery-thumbnail\">\n            <a href=\"https:\/\/old.atletikaolomouc.cz\/wp-content\/gallery\/nesmer-2022-foto-jarda-vychodil\/DSC_1544.jpg\"\n               title=\"\"\n               data-src=\"https:\/\/old.atletikaolomouc.cz\/wp-content\/gallery\/nesmer-2022-foto-jarda-vychodil\/DSC_1544.jpg\"\n               data-thumbnail=\"https:\/\/old.atletikaolomouc.cz\/wp-content\/gallery\/nesmer-2022-foto-jarda-vychodil\/thumbs\/thumbs_DSC_1544.jpg\"\n               data-image-id=\"17887\"\n               data-title=\"DSC_1544\"\n               data-description=\"\"\n               data-image-slug=\"dsc_1544\"\n               class=\"ngg-simplelightbox\" rel=\"c68f919fa0b128bb141c0b8c41c4bc01\">\n                <img\n                    title=\"DSC_1544\"\n                    alt=\"DSC_1544\"\n                    src=\"https:\/\/old.atletikaolomouc.cz\/wp-content\/gallery\/nesmer-2022-foto-jarda-vychodil\/thumbs\/thumbs_DSC_1544.jpg\"\n                    width=\"240\"\n                    height=\"160\"\n                    style=\"max-width:100%;\"\n                \/>\n            <\/a>\n        <\/div>\n\t\t\t\t\t\t\t<\/div> \n\t\t\t\n\t\t\t\t<div id=\"ngg-image-35\" class=\"ngg-gallery-thumbnail-box ngg-11-columns\" >\n\t\t\t\t        <div class=\"ngg-gallery-thumbnail\">\n            <a href=\"https:\/\/old.atletikaolomouc.cz\/wp-content\/gallery\/nesmer-2022-foto-jarda-vychodil\/DSC_1545.jpg\"\n               title=\"\"\n               data-src=\"https:\/\/old.atletikaolomouc.cz\/wp-content\/gallery\/nesmer-2022-foto-jarda-vychodil\/DSC_1545.jpg\"\n               data-thumbnail=\"https:\/\/old.atletikaolomouc.cz\/wp-content\/gallery\/nesmer-2022-foto-jarda-vychodil\/thumbs\/thumbs_DSC_1545.jpg\"\n               data-image-id=\"17889\"\n               data-title=\"DSC_1545\"\n               data-description=\"\"\n               data-image-slug=\"dsc_1545\"\n               class=\"ngg-simplelightbox\" rel=\"c68f919fa0b128bb141c0b8c41c4bc01\">\n                <img\n                    title=\"DSC_1545\"\n                    alt=\"DSC_1545\"\n                    src=\"https:\/\/old.atletikaolomouc.cz\/wp-content\/gallery\/nesmer-2022-foto-jarda-vychodil\/thumbs\/thumbs_DSC_1545.jpg\"\n                    width=\"240\"\n                    height=\"160\"\n                    style=\"max-width:100%;\"\n                \/>\n            <\/a>\n        <\/div>\n\t\t\t\t\t\t\t<\/div> \n\t\t\t\n\t\t\t\t<div id=\"ngg-image-36\" class=\"ngg-gallery-thumbnail-box ngg-11-columns\" >\n\t\t\t\t        <div class=\"ngg-gallery-thumbnail\">\n            <a href=\"https:\/\/old.atletikaolomouc.cz\/wp-content\/gallery\/nesmer-2022-foto-jarda-vychodil\/DSC_1546.jpg\"\n               title=\"\"\n               data-src=\"https:\/\/old.atletikaolomouc.cz\/wp-content\/gallery\/nesmer-2022-foto-jarda-vychodil\/DSC_1546.jpg\"\n               data-thumbnail=\"https:\/\/old.atletikaolomouc.cz\/wp-content\/gallery\/nesmer-2022-foto-jarda-vychodil\/thumbs\/thumbs_DSC_1546.jpg\"\n               data-image-id=\"17892\"\n               data-title=\"DSC_1546\"\n               data-description=\"\"\n               data-image-slug=\"dsc_1546\"\n               class=\"ngg-simplelightbox\" rel=\"c68f919fa0b128bb141c0b8c41c4bc01\">\n                <img\n                    title=\"DSC_1546\"\n                    alt=\"DSC_1546\"\n                    src=\"https:\/\/old.atletikaolomouc.cz\/wp-content\/gallery\/nesmer-2022-foto-jarda-vychodil\/thumbs\/thumbs_DSC_1546.jpg\"\n                    width=\"240\"\n                    height=\"160\"\n                    style=\"max-width:100%;\"\n                \/>\n            <\/a>\n        <\/div>\n\t\t\t\t\t\t\t<\/div> \n\t\t\t\n\t\t\t\t<div id=\"ngg-image-37\" class=\"ngg-gallery-thumbnail-box ngg-11-columns\" >\n\t\t\t\t        <div class=\"ngg-gallery-thumbnail\">\n            <a href=\"https:\/\/old.atletikaolomouc.cz\/wp-content\/gallery\/nesmer-2022-foto-jarda-vychodil\/DSC_1547.jpg\"\n               title=\"\"\n               data-src=\"https:\/\/old.atletikaolomouc.cz\/wp-content\/gallery\/nesmer-2022-foto-jarda-vychodil\/DSC_1547.jpg\"\n               data-thumbnail=\"https:\/\/old.atletikaolomouc.cz\/wp-content\/gallery\/nesmer-2022-foto-jarda-vychodil\/thumbs\/thumbs_DSC_1547.jpg\"\n               data-image-id=\"17895\"\n               data-title=\"DSC_1547\"\n               data-description=\"\"\n               data-image-slug=\"dsc_1547\"\n               class=\"ngg-simplelightbox\" rel=\"c68f919fa0b128bb141c0b8c41c4bc01\">\n                <img\n                    title=\"DSC_1547\"\n                    alt=\"DSC_1547\"\n                    src=\"https:\/\/old.atletikaolomouc.cz\/wp-content\/gallery\/nesmer-2022-foto-jarda-vychodil\/thumbs\/thumbs_DSC_1547.jpg\"\n                    width=\"240\"\n                    height=\"160\"\n                    style=\"max-width:100%;\"\n                \/>\n            <\/a>\n        <\/div>\n\t\t\t\t\t\t\t<\/div> \n\t\t\t\n\t\t\t\t<div id=\"ngg-image-38\" class=\"ngg-gallery-thumbnail-box ngg-11-columns\" >\n\t\t\t\t        <div class=\"ngg-gallery-thumbnail\">\n            <a href=\"https:\/\/old.atletikaolomouc.cz\/wp-content\/gallery\/nesmer-2022-foto-jarda-vychodil\/DSC_1548.jpg\"\n               title=\"\"\n               data-src=\"https:\/\/old.atletikaolomouc.cz\/wp-content\/gallery\/nesmer-2022-foto-jarda-vychodil\/DSC_1548.jpg\"\n               data-thumbnail=\"https:\/\/old.atletikaolomouc.cz\/wp-content\/gallery\/nesmer-2022-foto-jarda-vychodil\/thumbs\/thumbs_DSC_1548.jpg\"\n               data-image-id=\"17897\"\n               data-title=\"DSC_1548\"\n               data-description=\"\"\n               data-image-slug=\"dsc_1548\"\n               class=\"ngg-simplelightbox\" rel=\"c68f919fa0b128bb141c0b8c41c4bc01\">\n                <img\n                    title=\"DSC_1548\"\n                    alt=\"DSC_1548\"\n                    src=\"https:\/\/old.atletikaolomouc.cz\/wp-content\/gallery\/nesmer-2022-foto-jarda-vychodil\/thumbs\/thumbs_DSC_1548.jpg\"\n                    width=\"240\"\n                    height=\"160\"\n                    style=\"max-width:100%;\"\n                \/>\n            <\/a>\n        <\/div>\n\t\t\t\t\t\t\t<\/div> \n\t\t\t\n\t\t\t\t<div id=\"ngg-image-39\" class=\"ngg-gallery-thumbnail-box ngg-11-columns\" >\n\t\t\t\t        <div class=\"ngg-gallery-thumbnail\">\n            <a href=\"https:\/\/old.atletikaolomouc.cz\/wp-content\/gallery\/nesmer-2022-foto-jarda-vychodil\/DSC_1549.jpg\"\n               title=\"\"\n               data-src=\"https:\/\/old.atletikaolomouc.cz\/wp-content\/gallery\/nesmer-2022-foto-jarda-vychodil\/DSC_1549.jpg\"\n               data-thumbnail=\"https:\/\/old.atletikaolomouc.cz\/wp-content\/gallery\/nesmer-2022-foto-jarda-vychodil\/thumbs\/thumbs_DSC_1549.jpg\"\n               data-image-id=\"17900\"\n               data-title=\"DSC_1549\"\n               data-description=\"\"\n               data-image-slug=\"dsc_1549\"\n               class=\"ngg-simplelightbox\" rel=\"c68f919fa0b128bb141c0b8c41c4bc01\">\n                <img\n                    title=\"DSC_1549\"\n                    alt=\"DSC_1549\"\n                    src=\"https:\/\/old.atletikaolomouc.cz\/wp-content\/gallery\/nesmer-2022-foto-jarda-vychodil\/thumbs\/thumbs_DSC_1549.jpg\"\n                    width=\"240\"\n                    height=\"160\"\n                    style=\"max-width:100%;\"\n                \/>\n            <\/a>\n        <\/div>\n\t\t\t\t\t\t\t<\/div> \n\t\t\t\n\t\t\t\t<div id=\"ngg-image-40\" class=\"ngg-gallery-thumbnail-box ngg-11-columns\" >\n\t\t\t\t        <div class=\"ngg-gallery-thumbnail\">\n            <a href=\"https:\/\/old.atletikaolomouc.cz\/wp-content\/gallery\/nesmer-2022-foto-jarda-vychodil\/DSC_1550.jpg\"\n               title=\"\"\n               data-src=\"https:\/\/old.atletikaolomouc.cz\/wp-content\/gallery\/nesmer-2022-foto-jarda-vychodil\/DSC_1550.jpg\"\n               data-thumbnail=\"https:\/\/old.atletikaolomouc.cz\/wp-content\/gallery\/nesmer-2022-foto-jarda-vychodil\/thumbs\/thumbs_DSC_1550.jpg\"\n               data-image-id=\"17902\"\n               data-title=\"DSC_1550\"\n               data-description=\"\"\n               data-image-slug=\"dsc_1550\"\n               class=\"ngg-simplelightbox\" rel=\"c68f919fa0b128bb141c0b8c41c4bc01\">\n                <img\n                    title=\"DSC_1550\"\n                    alt=\"DSC_1550\"\n                    src=\"https:\/\/old.atletikaolomouc.cz\/wp-content\/gallery\/nesmer-2022-foto-jarda-vychodil\/thumbs\/thumbs_DSC_1550.jpg\"\n                    width=\"240\"\n                    height=\"160\"\n                    style=\"max-width:100%;\"\n                \/>\n            <\/a>\n        <\/div>\n\t\t\t\t\t\t\t<\/div> \n\t\t\t\n\t\t\t\t<div id=\"ngg-image-41\" class=\"ngg-gallery-thumbnail-box ngg-11-columns\" >\n\t\t\t\t        <div class=\"ngg-gallery-thumbnail\">\n            <a href=\"https:\/\/old.atletikaolomouc.cz\/wp-content\/gallery\/nesmer-2022-foto-jarda-vychodil\/DSC_1552.jpg\"\n               title=\"\"\n               data-src=\"https:\/\/old.atletikaolomouc.cz\/wp-content\/gallery\/nesmer-2022-foto-jarda-vychodil\/DSC_1552.jpg\"\n               data-thumbnail=\"https:\/\/old.atletikaolomouc.cz\/wp-content\/gallery\/nesmer-2022-foto-jarda-vychodil\/thumbs\/thumbs_DSC_1552.jpg\"\n               data-image-id=\"17904\"\n               data-title=\"DSC_1552\"\n               data-description=\"\"\n               data-image-slug=\"dsc_1552\"\n               class=\"ngg-simplelightbox\" rel=\"c68f919fa0b128bb141c0b8c41c4bc01\">\n                <img\n                    title=\"DSC_1552\"\n                    alt=\"DSC_1552\"\n                    src=\"https:\/\/old.atletikaolomouc.cz\/wp-content\/gallery\/nesmer-2022-foto-jarda-vychodil\/thumbs\/thumbs_DSC_1552.jpg\"\n                    width=\"240\"\n                    height=\"160\"\n                    style=\"max-width:100%;\"\n                \/>\n            <\/a>\n        <\/div>\n\t\t\t\t\t\t\t<\/div> \n\t\t\t\n\t\t\t\t<div id=\"ngg-image-42\" class=\"ngg-gallery-thumbnail-box ngg-11-columns\" >\n\t\t\t\t        <div class=\"ngg-gallery-thumbnail\">\n            <a href=\"https:\/\/old.atletikaolomouc.cz\/wp-content\/gallery\/nesmer-2022-foto-jarda-vychodil\/DSC_1553.jpg\"\n               title=\"\"\n               data-src=\"https:\/\/old.atletikaolomouc.cz\/wp-content\/gallery\/nesmer-2022-foto-jarda-vychodil\/DSC_1553.jpg\"\n               data-thumbnail=\"https:\/\/old.atletikaolomouc.cz\/wp-content\/gallery\/nesmer-2022-foto-jarda-vychodil\/thumbs\/thumbs_DSC_1553.jpg\"\n               data-image-id=\"17906\"\n               data-title=\"DSC_1553\"\n               data-description=\"\"\n               data-image-slug=\"dsc_1553\"\n               class=\"ngg-simplelightbox\" rel=\"c68f919fa0b128bb141c0b8c41c4bc01\">\n                <img\n                    title=\"DSC_1553\"\n                    alt=\"DSC_1553\"\n                    src=\"https:\/\/old.atletikaolomouc.cz\/wp-content\/gallery\/nesmer-2022-foto-jarda-vychodil\/thumbs\/thumbs_DSC_1553.jpg\"\n                    width=\"240\"\n                    height=\"160\"\n                    style=\"max-width:100%;\"\n                \/>\n            <\/a>\n        <\/div>\n\t\t\t\t\t\t\t<\/div> \n\t\t\t\n\t\t\t\t<div id=\"ngg-image-43\" class=\"ngg-gallery-thumbnail-box ngg-11-columns\" >\n\t\t\t\t        <div class=\"ngg-gallery-thumbnail\">\n            <a href=\"https:\/\/old.atletikaolomouc.cz\/wp-content\/gallery\/nesmer-2022-foto-jarda-vychodil\/DSC_1554.jpg\"\n               title=\"\"\n               data-src=\"https:\/\/old.atletikaolomouc.cz\/wp-content\/gallery\/nesmer-2022-foto-jarda-vychodil\/DSC_1554.jpg\"\n               data-thumbnail=\"https:\/\/old.atletikaolomouc.cz\/wp-content\/gallery\/nesmer-2022-foto-jarda-vychodil\/thumbs\/thumbs_DSC_1554.jpg\"\n               data-image-id=\"17908\"\n               data-title=\"DSC_1554\"\n               data-description=\"\"\n               data-image-slug=\"dsc_1554\"\n               class=\"ngg-simplelightbox\" rel=\"c68f919fa0b128bb141c0b8c41c4bc01\">\n                <img\n                    title=\"DSC_1554\"\n                    alt=\"DSC_1554\"\n                    src=\"https:\/\/old.atletikaolomouc.cz\/wp-content\/gallery\/nesmer-2022-foto-jarda-vychodil\/thumbs\/thumbs_DSC_1554.jpg\"\n                    width=\"240\"\n                    height=\"160\"\n                    style=\"max-width:100%;\"\n                \/>\n            <\/a>\n        <\/div>\n\t\t\t\t\t\t\t<\/div> \n\t\t\t\n\t\t\t\t<div id=\"ngg-image-44\" class=\"ngg-gallery-thumbnail-box ngg-11-columns\" >\n\t\t\t\t        <div class=\"ngg-gallery-thumbnail\">\n            <a href=\"https:\/\/old.atletikaolomouc.cz\/wp-content\/gallery\/nesmer-2022-foto-jarda-vychodil\/DSC_1555.jpg\"\n               title=\"\"\n               data-src=\"https:\/\/old.atletikaolomouc.cz\/wp-content\/gallery\/nesmer-2022-foto-jarda-vychodil\/DSC_1555.jpg\"\n               data-thumbnail=\"https:\/\/old.atletikaolomouc.cz\/wp-content\/gallery\/nesmer-2022-foto-jarda-vychodil\/thumbs\/thumbs_DSC_1555.jpg\"\n               data-image-id=\"17911\"\n               data-title=\"DSC_1555\"\n               data-description=\"\"\n               data-image-slug=\"dsc_1555\"\n               class=\"ngg-simplelightbox\" rel=\"c68f919fa0b128bb141c0b8c41c4bc01\">\n                <img\n                    title=\"DSC_1555\"\n                    alt=\"DSC_1555\"\n                    src=\"https:\/\/old.atletikaolomouc.cz\/wp-content\/gallery\/nesmer-2022-foto-jarda-vychodil\/thumbs\/thumbs_DSC_1555.jpg\"\n                    width=\"240\"\n                    height=\"160\"\n                    style=\"max-width:100%;\"\n                \/>\n            <\/a>\n        <\/div>\n\t\t\t\t\t\t\t<\/div> \n\t\t\t\n\t\t\t\t<div id=\"ngg-image-45\" class=\"ngg-gallery-thumbnail-box ngg-11-columns\" >\n\t\t\t\t        <div class=\"ngg-gallery-thumbnail\">\n            <a href=\"https:\/\/old.atletikaolomouc.cz\/wp-content\/gallery\/nesmer-2022-foto-jarda-vychodil\/DSC_1556.jpg\"\n               title=\"\"\n               data-src=\"https:\/\/old.atletikaolomouc.cz\/wp-content\/gallery\/nesmer-2022-foto-jarda-vychodil\/DSC_1556.jpg\"\n               data-thumbnail=\"https:\/\/old.atletikaolomouc.cz\/wp-content\/gallery\/nesmer-2022-foto-jarda-vychodil\/thumbs\/thumbs_DSC_1556.jpg\"\n               data-image-id=\"17914\"\n               data-title=\"DSC_1556\"\n               data-description=\"\"\n               data-image-slug=\"dsc_1556\"\n               class=\"ngg-simplelightbox\" rel=\"c68f919fa0b128bb141c0b8c41c4bc01\">\n                <img\n                    title=\"DSC_1556\"\n                    alt=\"DSC_1556\"\n                    src=\"https:\/\/old.atletikaolomouc.cz\/wp-content\/gallery\/nesmer-2022-foto-jarda-vychodil\/thumbs\/thumbs_DSC_1556.jpg\"\n                    width=\"240\"\n                    height=\"160\"\n                    style=\"max-width:100%;\"\n                \/>\n            <\/a>\n        <\/div>\n\t\t\t\t\t\t\t<\/div> \n\t\t\t\n\t\t\t\t<div id=\"ngg-image-46\" class=\"ngg-gallery-thumbnail-box ngg-11-columns\" >\n\t\t\t\t        <div class=\"ngg-gallery-thumbnail\">\n            <a href=\"https:\/\/old.atletikaolomouc.cz\/wp-content\/gallery\/nesmer-2022-foto-jarda-vychodil\/DSC_1560.jpg\"\n               title=\"\"\n               data-src=\"https:\/\/old.atletikaolomouc.cz\/wp-content\/gallery\/nesmer-2022-foto-jarda-vychodil\/DSC_1560.jpg\"\n               data-thumbnail=\"https:\/\/old.atletikaolomouc.cz\/wp-content\/gallery\/nesmer-2022-foto-jarda-vychodil\/thumbs\/thumbs_DSC_1560.jpg\"\n               data-image-id=\"17917\"\n               data-title=\"DSC_1560\"\n               data-description=\"\"\n               data-image-slug=\"dsc_1560\"\n               class=\"ngg-simplelightbox\" rel=\"c68f919fa0b128bb141c0b8c41c4bc01\">\n                <img\n                    title=\"DSC_1560\"\n                    alt=\"DSC_1560\"\n                    src=\"https:\/\/old.atletikaolomouc.cz\/wp-content\/gallery\/nesmer-2022-foto-jarda-vychodil\/thumbs\/thumbs_DSC_1560.jpg\"\n                    width=\"240\"\n                    height=\"160\"\n                    style=\"max-width:100%;\"\n                \/>\n            <\/a>\n        <\/div>\n\t\t\t\t\t\t\t<\/div> \n\t\t\t\n\t\t\t\t<div id=\"ngg-image-47\" class=\"ngg-gallery-thumbnail-box ngg-11-columns\" >\n\t\t\t\t        <div class=\"ngg-gallery-thumbnail\">\n            <a href=\"https:\/\/old.atletikaolomouc.cz\/wp-content\/gallery\/nesmer-2022-foto-jarda-vychodil\/DSC_1564.jpg\"\n               title=\"\"\n               data-src=\"https:\/\/old.atletikaolomouc.cz\/wp-content\/gallery\/nesmer-2022-foto-jarda-vychodil\/DSC_1564.jpg\"\n               data-thumbnail=\"https:\/\/old.atletikaolomouc.cz\/wp-content\/gallery\/nesmer-2022-foto-jarda-vychodil\/thumbs\/thumbs_DSC_1564.jpg\"\n               data-image-id=\"17919\"\n               data-title=\"DSC_1564\"\n               data-description=\"\"\n               data-image-slug=\"dsc_1564\"\n               class=\"ngg-simplelightbox\" rel=\"c68f919fa0b128bb141c0b8c41c4bc01\">\n                <img\n                    title=\"DSC_1564\"\n                    alt=\"DSC_1564\"\n                    src=\"https:\/\/old.atletikaolomouc.cz\/wp-content\/gallery\/nesmer-2022-foto-jarda-vychodil\/thumbs\/thumbs_DSC_1564.jpg\"\n                    width=\"240\"\n                    height=\"160\"\n                    style=\"max-width:100%;\"\n                \/>\n            <\/a>\n        <\/div>\n\t\t\t\t\t\t\t<\/div> \n\t\t\t\n\t\t\t\t<div id=\"ngg-image-48\" class=\"ngg-gallery-thumbnail-box ngg-11-columns\" >\n\t\t\t\t        <div class=\"ngg-gallery-thumbnail\">\n            <a href=\"https:\/\/old.atletikaolomouc.cz\/wp-content\/gallery\/nesmer-2022-foto-jarda-vychodil\/DSC_1566.jpg\"\n               title=\"\"\n               data-src=\"https:\/\/old.atletikaolomouc.cz\/wp-content\/gallery\/nesmer-2022-foto-jarda-vychodil\/DSC_1566.jpg\"\n               data-thumbnail=\"https:\/\/old.atletikaolomouc.cz\/wp-content\/gallery\/nesmer-2022-foto-jarda-vychodil\/thumbs\/thumbs_DSC_1566.jpg\"\n               data-image-id=\"17921\"\n               data-title=\"DSC_1566\"\n               data-description=\"\"\n               data-image-slug=\"dsc_1566\"\n               class=\"ngg-simplelightbox\" rel=\"c68f919fa0b128bb141c0b8c41c4bc01\">\n                <img\n                    title=\"DSC_1566\"\n                    alt=\"DSC_1566\"\n                    src=\"https:\/\/old.atletikaolomouc.cz\/wp-content\/gallery\/nesmer-2022-foto-jarda-vychodil\/thumbs\/thumbs_DSC_1566.jpg\"\n                    width=\"240\"\n                    height=\"160\"\n                    style=\"max-width:100%;\"\n                \/>\n            <\/a>\n        <\/div>\n\t\t\t\t\t\t\t<\/div> \n\t\t\t\n\t\t\t\t<div id=\"ngg-image-49\" class=\"ngg-gallery-thumbnail-box ngg-11-columns\" >\n\t\t\t\t        <div class=\"ngg-gallery-thumbnail\">\n            <a href=\"https:\/\/old.atletikaolomouc.cz\/wp-content\/gallery\/nesmer-2022-foto-jarda-vychodil\/DSC_1571.jpg\"\n               title=\"\"\n               data-src=\"https:\/\/old.atletikaolomouc.cz\/wp-content\/gallery\/nesmer-2022-foto-jarda-vychodil\/DSC_1571.jpg\"\n               data-thumbnail=\"https:\/\/old.atletikaolomouc.cz\/wp-content\/gallery\/nesmer-2022-foto-jarda-vychodil\/thumbs\/thumbs_DSC_1571.jpg\"\n               data-image-id=\"17924\"\n               data-title=\"DSC_1571\"\n               data-description=\"\"\n               data-image-slug=\"dsc_1571\"\n               class=\"ngg-simplelightbox\" rel=\"c68f919fa0b128bb141c0b8c41c4bc01\">\n                <img\n                    title=\"DSC_1571\"\n                    alt=\"DSC_1571\"\n                    src=\"https:\/\/old.atletikaolomouc.cz\/wp-content\/gallery\/nesmer-2022-foto-jarda-vychodil\/thumbs\/thumbs_DSC_1571.jpg\"\n                    width=\"240\"\n                    height=\"160\"\n                    style=\"max-width:100%;\"\n                \/>\n            <\/a>\n        <\/div>\n\t\t\t\t\t\t\t<\/div> \n\t\t\t\n\t\t\t\t<div id=\"ngg-image-50\" class=\"ngg-gallery-thumbnail-box ngg-11-columns\" >\n\t\t\t\t        <div class=\"ngg-gallery-thumbnail\">\n            <a href=\"https:\/\/old.atletikaolomouc.cz\/wp-content\/gallery\/nesmer-2022-foto-jarda-vychodil\/DSC_1575.jpg\"\n               title=\"\"\n               data-src=\"https:\/\/old.atletikaolomouc.cz\/wp-content\/gallery\/nesmer-2022-foto-jarda-vychodil\/DSC_1575.jpg\"\n               data-thumbnail=\"https:\/\/old.atletikaolomouc.cz\/wp-content\/gallery\/nesmer-2022-foto-jarda-vychodil\/thumbs\/thumbs_DSC_1575.jpg\"\n               data-image-id=\"17926\"\n               data-title=\"DSC_1575\"\n               data-description=\"\"\n               data-image-slug=\"dsc_1575\"\n               class=\"ngg-simplelightbox\" rel=\"c68f919fa0b128bb141c0b8c41c4bc01\">\n                <img\n                    title=\"DSC_1575\"\n                    alt=\"DSC_1575\"\n                    src=\"https:\/\/old.atletikaolomouc.cz\/wp-content\/gallery\/nesmer-2022-foto-jarda-vychodil\/thumbs\/thumbs_DSC_1575.jpg\"\n                    width=\"240\"\n                    height=\"160\"\n                    style=\"max-width:100%;\"\n                \/>\n            <\/a>\n        <\/div>\n\t\t\t\t\t\t\t<\/div> \n\t\t\t\n\t\t\t\t<div id=\"ngg-image-51\" class=\"ngg-gallery-thumbnail-box ngg-11-columns\" >\n\t\t\t\t        <div class=\"ngg-gallery-thumbnail\">\n            <a href=\"https:\/\/old.atletikaolomouc.cz\/wp-content\/gallery\/nesmer-2022-foto-jarda-vychodil\/DSC_1576.jpg\"\n               title=\"\"\n               data-src=\"https:\/\/old.atletikaolomouc.cz\/wp-content\/gallery\/nesmer-2022-foto-jarda-vychodil\/DSC_1576.jpg\"\n               data-thumbnail=\"https:\/\/old.atletikaolomouc.cz\/wp-content\/gallery\/nesmer-2022-foto-jarda-vychodil\/thumbs\/thumbs_DSC_1576.jpg\"\n               data-image-id=\"17929\"\n               data-title=\"DSC_1576\"\n               data-description=\"\"\n               data-image-slug=\"dsc_1576\"\n               class=\"ngg-simplelightbox\" rel=\"c68f919fa0b128bb141c0b8c41c4bc01\">\n                <img\n                    title=\"DSC_1576\"\n                    alt=\"DSC_1576\"\n                    src=\"https:\/\/old.atletikaolomouc.cz\/wp-content\/gallery\/nesmer-2022-foto-jarda-vychodil\/thumbs\/thumbs_DSC_1576.jpg\"\n                    width=\"240\"\n                    height=\"160\"\n                    style=\"max-width:100%;\"\n                \/>\n            <\/a>\n        <\/div>\n\t\t\t\t\t\t\t<\/div> \n\t\t\t\n\t\t\t\t<div id=\"ngg-image-52\" class=\"ngg-gallery-thumbnail-box ngg-11-columns\" >\n\t\t\t\t        <div class=\"ngg-gallery-thumbnail\">\n            <a href=\"https:\/\/old.atletikaolomouc.cz\/wp-content\/gallery\/nesmer-2022-foto-jarda-vychodil\/DSC_1577.jpg\"\n               title=\"\"\n               data-src=\"https:\/\/old.atletikaolomouc.cz\/wp-content\/gallery\/nesmer-2022-foto-jarda-vychodil\/DSC_1577.jpg\"\n               data-thumbnail=\"https:\/\/old.atletikaolomouc.cz\/wp-content\/gallery\/nesmer-2022-foto-jarda-vychodil\/thumbs\/thumbs_DSC_1577.jpg\"\n               data-image-id=\"17931\"\n               data-title=\"DSC_1577\"\n               data-description=\"\"\n               data-image-slug=\"dsc_1577\"\n               class=\"ngg-simplelightbox\" rel=\"c68f919fa0b128bb141c0b8c41c4bc01\">\n                <img\n                    title=\"DSC_1577\"\n                    alt=\"DSC_1577\"\n                    src=\"https:\/\/old.atletikaolomouc.cz\/wp-content\/gallery\/nesmer-2022-foto-jarda-vychodil\/thumbs\/thumbs_DSC_1577.jpg\"\n                    width=\"240\"\n                    height=\"160\"\n                    style=\"max-width:100%;\"\n                \/>\n            <\/a>\n        <\/div>\n\t\t\t\t\t\t\t<\/div> \n\t\t\t\n\t\t\t\t<div id=\"ngg-image-53\" class=\"ngg-gallery-thumbnail-box ngg-11-columns\" >\n\t\t\t\t        <div class=\"ngg-gallery-thumbnail\">\n            <a href=\"https:\/\/old.atletikaolomouc.cz\/wp-content\/gallery\/nesmer-2022-foto-jarda-vychodil\/DSC_1579.jpg\"\n               title=\"\"\n               data-src=\"https:\/\/old.atletikaolomouc.cz\/wp-content\/gallery\/nesmer-2022-foto-jarda-vychodil\/DSC_1579.jpg\"\n               data-thumbnail=\"https:\/\/old.atletikaolomouc.cz\/wp-content\/gallery\/nesmer-2022-foto-jarda-vychodil\/thumbs\/thumbs_DSC_1579.jpg\"\n               data-image-id=\"17933\"\n               data-title=\"DSC_1579\"\n               data-description=\"\"\n               data-image-slug=\"dsc_1579-81\"\n               class=\"ngg-simplelightbox\" rel=\"c68f919fa0b128bb141c0b8c41c4bc01\">\n                <img\n                    title=\"DSC_1579\"\n                    alt=\"DSC_1579\"\n                    src=\"https:\/\/old.atletikaolomouc.cz\/wp-content\/gallery\/nesmer-2022-foto-jarda-vychodil\/thumbs\/thumbs_DSC_1579.jpg\"\n                    width=\"240\"\n                    height=\"160\"\n                    style=\"max-width:100%;\"\n                \/>\n            <\/a>\n        <\/div>\n\t\t\t\t\t\t\t<\/div> \n\t\t\t\n\t\t\t\t<div id=\"ngg-image-54\" class=\"ngg-gallery-thumbnail-box ngg-11-columns\" >\n\t\t\t\t        <div class=\"ngg-gallery-thumbnail\">\n            <a href=\"https:\/\/old.atletikaolomouc.cz\/wp-content\/gallery\/nesmer-2022-foto-jarda-vychodil\/DSC_1581.jpg\"\n               title=\"\"\n               data-src=\"https:\/\/old.atletikaolomouc.cz\/wp-content\/gallery\/nesmer-2022-foto-jarda-vychodil\/DSC_1581.jpg\"\n               data-thumbnail=\"https:\/\/old.atletikaolomouc.cz\/wp-content\/gallery\/nesmer-2022-foto-jarda-vychodil\/thumbs\/thumbs_DSC_1581.jpg\"\n               data-image-id=\"17936\"\n               data-title=\"DSC_1581\"\n               data-description=\"\"\n               data-image-slug=\"dsc_1581-81\"\n               class=\"ngg-simplelightbox\" rel=\"c68f919fa0b128bb141c0b8c41c4bc01\">\n                <img\n                    title=\"DSC_1581\"\n                    alt=\"DSC_1581\"\n                    src=\"https:\/\/old.atletikaolomouc.cz\/wp-content\/gallery\/nesmer-2022-foto-jarda-vychodil\/thumbs\/thumbs_DSC_1581.jpg\"\n                    width=\"240\"\n                    height=\"160\"\n                    style=\"max-width:100%;\"\n                \/>\n            <\/a>\n        <\/div>\n\t\t\t\t\t\t\t<\/div> \n\t\t\t\n\t\t\t\t<div id=\"ngg-image-55\" class=\"ngg-gallery-thumbnail-box ngg-11-columns\" >\n\t\t\t\t        <div class=\"ngg-gallery-thumbnail\">\n            <a href=\"https:\/\/old.atletikaolomouc.cz\/wp-content\/gallery\/nesmer-2022-foto-jarda-vychodil\/DSC_1582.jpg\"\n               title=\"\"\n               data-src=\"https:\/\/old.atletikaolomouc.cz\/wp-content\/gallery\/nesmer-2022-foto-jarda-vychodil\/DSC_1582.jpg\"\n               data-thumbnail=\"https:\/\/old.atletikaolomouc.cz\/wp-content\/gallery\/nesmer-2022-foto-jarda-vychodil\/thumbs\/thumbs_DSC_1582.jpg\"\n               data-image-id=\"17939\"\n               data-title=\"DSC_1582\"\n               data-description=\"\"\n               data-image-slug=\"dsc_1582-81\"\n               class=\"ngg-simplelightbox\" rel=\"c68f919fa0b128bb141c0b8c41c4bc01\">\n                <img\n                    title=\"DSC_1582\"\n                    alt=\"DSC_1582\"\n                    src=\"https:\/\/old.atletikaolomouc.cz\/wp-content\/gallery\/nesmer-2022-foto-jarda-vychodil\/thumbs\/thumbs_DSC_1582.jpg\"\n                    width=\"240\"\n                    height=\"160\"\n                    style=\"max-width:100%;\"\n                \/>\n            <\/a>\n        <\/div>\n\t\t\t\t\t\t\t<\/div> \n\t\t\t\n\t\t\t\t<div id=\"ngg-image-56\" class=\"ngg-gallery-thumbnail-box ngg-11-columns\" >\n\t\t\t\t        <div class=\"ngg-gallery-thumbnail\">\n            <a href=\"https:\/\/old.atletikaolomouc.cz\/wp-content\/gallery\/nesmer-2022-foto-jarda-vychodil\/DSC_1584.jpg\"\n               title=\"\"\n               data-src=\"https:\/\/old.atletikaolomouc.cz\/wp-content\/gallery\/nesmer-2022-foto-jarda-vychodil\/DSC_1584.jpg\"\n               data-thumbnail=\"https:\/\/old.atletikaolomouc.cz\/wp-content\/gallery\/nesmer-2022-foto-jarda-vychodil\/thumbs\/thumbs_DSC_1584.jpg\"\n               data-image-id=\"17942\"\n               data-title=\"DSC_1584\"\n               data-description=\"\"\n               data-image-slug=\"dsc_1584-81\"\n               class=\"ngg-simplelightbox\" rel=\"c68f919fa0b128bb141c0b8c41c4bc01\">\n                <img\n                    title=\"DSC_1584\"\n                    alt=\"DSC_1584\"\n                    src=\"https:\/\/old.atletikaolomouc.cz\/wp-content\/gallery\/nesmer-2022-foto-jarda-vychodil\/thumbs\/thumbs_DSC_1584.jpg\"\n                    width=\"240\"\n                    height=\"160\"\n                    style=\"max-width:100%;\"\n                \/>\n            <\/a>\n        <\/div>\n\t\t\t\t\t\t\t<\/div> \n\t\t\t\n\t\t\t\t<div id=\"ngg-image-57\" class=\"ngg-gallery-thumbnail-box ngg-11-columns\" >\n\t\t\t\t        <div class=\"ngg-gallery-thumbnail\">\n            <a href=\"https:\/\/old.atletikaolomouc.cz\/wp-content\/gallery\/nesmer-2022-foto-jarda-vychodil\/DSC_1585.jpg\"\n               title=\"\"\n               data-src=\"https:\/\/old.atletikaolomouc.cz\/wp-content\/gallery\/nesmer-2022-foto-jarda-vychodil\/DSC_1585.jpg\"\n               data-thumbnail=\"https:\/\/old.atletikaolomouc.cz\/wp-content\/gallery\/nesmer-2022-foto-jarda-vychodil\/thumbs\/thumbs_DSC_1585.jpg\"\n               data-image-id=\"17945\"\n               data-title=\"DSC_1585\"\n               data-description=\"\"\n               data-image-slug=\"dsc_1585-81\"\n               class=\"ngg-simplelightbox\" rel=\"c68f919fa0b128bb141c0b8c41c4bc01\">\n                <img\n                    title=\"DSC_1585\"\n                    alt=\"DSC_1585\"\n                    src=\"https:\/\/old.atletikaolomouc.cz\/wp-content\/gallery\/nesmer-2022-foto-jarda-vychodil\/thumbs\/thumbs_DSC_1585.jpg\"\n                    width=\"240\"\n                    height=\"160\"\n                    style=\"max-width:100%;\"\n                \/>\n            <\/a>\n        <\/div>\n\t\t\t\t\t\t\t<\/div> \n\t\t\t\n\t\t\t\t<div id=\"ngg-image-58\" class=\"ngg-gallery-thumbnail-box ngg-11-columns\" >\n\t\t\t\t        <div class=\"ngg-gallery-thumbnail\">\n            <a href=\"https:\/\/old.atletikaolomouc.cz\/wp-content\/gallery\/nesmer-2022-foto-jarda-vychodil\/DSC_1587.jpg\"\n               title=\"\"\n               data-src=\"https:\/\/old.atletikaolomouc.cz\/wp-content\/gallery\/nesmer-2022-foto-jarda-vychodil\/DSC_1587.jpg\"\n               data-thumbnail=\"https:\/\/old.atletikaolomouc.cz\/wp-content\/gallery\/nesmer-2022-foto-jarda-vychodil\/thumbs\/thumbs_DSC_1587.jpg\"\n               data-image-id=\"17947\"\n               data-title=\"DSC_1587\"\n               data-description=\"\"\n               data-image-slug=\"dsc_1587-81\"\n               class=\"ngg-simplelightbox\" rel=\"c68f919fa0b128bb141c0b8c41c4bc01\">\n                <img\n                    title=\"DSC_1587\"\n                    alt=\"DSC_1587\"\n                    src=\"https:\/\/old.atletikaolomouc.cz\/wp-content\/gallery\/nesmer-2022-foto-jarda-vychodil\/thumbs\/thumbs_DSC_1587.jpg\"\n                    width=\"240\"\n                    height=\"160\"\n                    style=\"max-width:100%;\"\n                \/>\n            <\/a>\n        <\/div>\n\t\t\t\t\t\t\t<\/div> \n\t\t\t\n\t\t\t\t<div id=\"ngg-image-59\" class=\"ngg-gallery-thumbnail-box ngg-11-columns\" >\n\t\t\t\t        <div class=\"ngg-gallery-thumbnail\">\n            <a href=\"https:\/\/old.atletikaolomouc.cz\/wp-content\/gallery\/nesmer-2022-foto-jarda-vychodil\/DSC_1588.jpg\"\n               title=\"\"\n               data-src=\"https:\/\/old.atletikaolomouc.cz\/wp-content\/gallery\/nesmer-2022-foto-jarda-vychodil\/DSC_1588.jpg\"\n               data-thumbnail=\"https:\/\/old.atletikaolomouc.cz\/wp-content\/gallery\/nesmer-2022-foto-jarda-vychodil\/thumbs\/thumbs_DSC_1588.jpg\"\n               data-image-id=\"17949\"\n               data-title=\"DSC_1588\"\n               data-description=\"\"\n               data-image-slug=\"dsc_1588-81\"\n               class=\"ngg-simplelightbox\" rel=\"c68f919fa0b128bb141c0b8c41c4bc01\">\n                <img\n                    title=\"DSC_1588\"\n                    alt=\"DSC_1588\"\n                    src=\"https:\/\/old.atletikaolomouc.cz\/wp-content\/gallery\/nesmer-2022-foto-jarda-vychodil\/thumbs\/thumbs_DSC_1588.jpg\"\n                    width=\"240\"\n                    height=\"160\"\n                    style=\"max-width:100%;\"\n                \/>\n            <\/a>\n        <\/div>\n\t\t\t\t\t\t\t<\/div> \n\t\t\t\n\t\t\t\t<div id=\"ngg-image-60\" class=\"ngg-gallery-thumbnail-box ngg-11-columns\" >\n\t\t\t\t        <div class=\"ngg-gallery-thumbnail\">\n            <a href=\"https:\/\/old.atletikaolomouc.cz\/wp-content\/gallery\/nesmer-2022-foto-jarda-vychodil\/DSC_1589.jpg\"\n               title=\"\"\n               data-src=\"https:\/\/old.atletikaolomouc.cz\/wp-content\/gallery\/nesmer-2022-foto-jarda-vychodil\/DSC_1589.jpg\"\n               data-thumbnail=\"https:\/\/old.atletikaolomouc.cz\/wp-content\/gallery\/nesmer-2022-foto-jarda-vychodil\/thumbs\/thumbs_DSC_1589.jpg\"\n               data-image-id=\"17951\"\n               data-title=\"DSC_1589\"\n               data-description=\"\"\n               data-image-slug=\"dsc_1589-81\"\n               class=\"ngg-simplelightbox\" rel=\"c68f919fa0b128bb141c0b8c41c4bc01\">\n                <img\n                    title=\"DSC_1589\"\n                    alt=\"DSC_1589\"\n                    src=\"https:\/\/old.atletikaolomouc.cz\/wp-content\/gallery\/nesmer-2022-foto-jarda-vychodil\/thumbs\/thumbs_DSC_1589.jpg\"\n                    width=\"240\"\n                    height=\"160\"\n                    style=\"max-width:100%;\"\n                \/>\n            <\/a>\n        <\/div>\n\t\t\t\t\t\t\t<\/div> \n\t\t\t\n\t\t\t\t<div id=\"ngg-image-61\" class=\"ngg-gallery-thumbnail-box ngg-11-columns\" >\n\t\t\t\t        <div class=\"ngg-gallery-thumbnail\">\n            <a href=\"https:\/\/old.atletikaolomouc.cz\/wp-content\/gallery\/nesmer-2022-foto-jarda-vychodil\/DSC_1590.jpg\"\n               title=\"\"\n               data-src=\"https:\/\/old.atletikaolomouc.cz\/wp-content\/gallery\/nesmer-2022-foto-jarda-vychodil\/DSC_1590.jpg\"\n               data-thumbnail=\"https:\/\/old.atletikaolomouc.cz\/wp-content\/gallery\/nesmer-2022-foto-jarda-vychodil\/thumbs\/thumbs_DSC_1590.jpg\"\n               data-image-id=\"17953\"\n               data-title=\"DSC_1590\"\n               data-description=\"\"\n               data-image-slug=\"dsc_1590-81\"\n               class=\"ngg-simplelightbox\" rel=\"c68f919fa0b128bb141c0b8c41c4bc01\">\n                <img\n                    title=\"DSC_1590\"\n                    alt=\"DSC_1590\"\n                    src=\"https:\/\/old.atletikaolomouc.cz\/wp-content\/gallery\/nesmer-2022-foto-jarda-vychodil\/thumbs\/thumbs_DSC_1590.jpg\"\n                    width=\"240\"\n                    height=\"160\"\n                    style=\"max-width:100%;\"\n                \/>\n            <\/a>\n        <\/div>\n\t\t\t\t\t\t\t<\/div> \n\t\t\t\n\t\t\t\t<div id=\"ngg-image-62\" class=\"ngg-gallery-thumbnail-box ngg-11-columns\" >\n\t\t\t\t        <div class=\"ngg-gallery-thumbnail\">\n            <a href=\"https:\/\/old.atletikaolomouc.cz\/wp-content\/gallery\/nesmer-2022-foto-jarda-vychodil\/DSC_1591.jpg\"\n               title=\"\"\n               data-src=\"https:\/\/old.atletikaolomouc.cz\/wp-content\/gallery\/nesmer-2022-foto-jarda-vychodil\/DSC_1591.jpg\"\n               data-thumbnail=\"https:\/\/old.atletikaolomouc.cz\/wp-content\/gallery\/nesmer-2022-foto-jarda-vychodil\/thumbs\/thumbs_DSC_1591.jpg\"\n               data-image-id=\"17955\"\n               data-title=\"DSC_1591\"\n               data-description=\"\"\n               data-image-slug=\"dsc_1591-81\"\n               class=\"ngg-simplelightbox\" rel=\"c68f919fa0b128bb141c0b8c41c4bc01\">\n                <img\n                    title=\"DSC_1591\"\n                    alt=\"DSC_1591\"\n                    src=\"https:\/\/old.atletikaolomouc.cz\/wp-content\/gallery\/nesmer-2022-foto-jarda-vychodil\/thumbs\/thumbs_DSC_1591.jpg\"\n                    width=\"240\"\n                    height=\"160\"\n                    style=\"max-width:100%;\"\n                \/>\n            <\/a>\n        <\/div>\n\t\t\t\t\t\t\t<\/div> \n\t\t\t\n\t\t\t\t<div id=\"ngg-image-63\" class=\"ngg-gallery-thumbnail-box ngg-11-columns\" >\n\t\t\t\t        <div class=\"ngg-gallery-thumbnail\">\n            <a href=\"https:\/\/old.atletikaolomouc.cz\/wp-content\/gallery\/nesmer-2022-foto-jarda-vychodil\/DSC_1592.jpg\"\n               title=\"\"\n               data-src=\"https:\/\/old.atletikaolomouc.cz\/wp-content\/gallery\/nesmer-2022-foto-jarda-vychodil\/DSC_1592.jpg\"\n               data-thumbnail=\"https:\/\/old.atletikaolomouc.cz\/wp-content\/gallery\/nesmer-2022-foto-jarda-vychodil\/thumbs\/thumbs_DSC_1592.jpg\"\n               data-image-id=\"17957\"\n               data-title=\"DSC_1592\"\n               data-description=\"\"\n               data-image-slug=\"dsc_1592-81\"\n               class=\"ngg-simplelightbox\" rel=\"c68f919fa0b128bb141c0b8c41c4bc01\">\n                <img\n                    title=\"DSC_1592\"\n                    alt=\"DSC_1592\"\n                    src=\"https:\/\/old.atletikaolomouc.cz\/wp-content\/gallery\/nesmer-2022-foto-jarda-vychodil\/thumbs\/thumbs_DSC_1592.jpg\"\n                    width=\"240\"\n                    height=\"160\"\n                    style=\"max-width:100%;\"\n                \/>\n            <\/a>\n        <\/div>\n\t\t\t\t\t\t\t<\/div> \n\t\t\t\n\t\t\t\t<div id=\"ngg-image-64\" class=\"ngg-gallery-thumbnail-box ngg-11-columns\" >\n\t\t\t\t        <div class=\"ngg-gallery-thumbnail\">\n            <a href=\"https:\/\/old.atletikaolomouc.cz\/wp-content\/gallery\/nesmer-2022-foto-jarda-vychodil\/DSC_1593.jpg\"\n               title=\"\"\n               data-src=\"https:\/\/old.atletikaolomouc.cz\/wp-content\/gallery\/nesmer-2022-foto-jarda-vychodil\/DSC_1593.jpg\"\n               data-thumbnail=\"https:\/\/old.atletikaolomouc.cz\/wp-content\/gallery\/nesmer-2022-foto-jarda-vychodil\/thumbs\/thumbs_DSC_1593.jpg\"\n               data-image-id=\"17960\"\n               data-title=\"DSC_1593\"\n               data-description=\"\"\n               data-image-slug=\"dsc_1593-81\"\n               class=\"ngg-simplelightbox\" rel=\"c68f919fa0b128bb141c0b8c41c4bc01\">\n                <img\n                    title=\"DSC_1593\"\n                    alt=\"DSC_1593\"\n                    src=\"https:\/\/old.atletikaolomouc.cz\/wp-content\/gallery\/nesmer-2022-foto-jarda-vychodil\/thumbs\/thumbs_DSC_1593.jpg\"\n                    width=\"240\"\n                    height=\"160\"\n                    style=\"max-width:100%;\"\n                \/>\n            <\/a>\n        <\/div>\n\t\t\t\t\t\t\t<\/div> \n\t\t\t\n\t\t\t\t<div id=\"ngg-image-65\" class=\"ngg-gallery-thumbnail-box ngg-11-columns\" >\n\t\t\t\t        <div class=\"ngg-gallery-thumbnail\">\n            <a href=\"https:\/\/old.atletikaolomouc.cz\/wp-content\/gallery\/nesmer-2022-foto-jarda-vychodil\/DSC_1594.jpg\"\n               title=\"\"\n               data-src=\"https:\/\/old.atletikaolomouc.cz\/wp-content\/gallery\/nesmer-2022-foto-jarda-vychodil\/DSC_1594.jpg\"\n               data-thumbnail=\"https:\/\/old.atletikaolomouc.cz\/wp-content\/gallery\/nesmer-2022-foto-jarda-vychodil\/thumbs\/thumbs_DSC_1594.jpg\"\n               data-image-id=\"17963\"\n               data-title=\"DSC_1594\"\n               data-description=\"\"\n               data-image-slug=\"dsc_1594-81\"\n               class=\"ngg-simplelightbox\" rel=\"c68f919fa0b128bb141c0b8c41c4bc01\">\n                <img\n                    title=\"DSC_1594\"\n                    alt=\"DSC_1594\"\n                    src=\"https:\/\/old.atletikaolomouc.cz\/wp-content\/gallery\/nesmer-2022-foto-jarda-vychodil\/thumbs\/thumbs_DSC_1594.jpg\"\n                    width=\"240\"\n                    height=\"160\"\n                    style=\"max-width:100%;\"\n                \/>\n            <\/a>\n        <\/div>\n\t\t\t\t\t\t\t<\/div> \n\t\t\t\n\t\t\t\t<div id=\"ngg-image-66\" class=\"ngg-gallery-thumbnail-box ngg-11-columns\" >\n\t\t\t\t        <div class=\"ngg-gallery-thumbnail\">\n            <a href=\"https:\/\/old.atletikaolomouc.cz\/wp-content\/gallery\/nesmer-2022-foto-jarda-vychodil\/DSC_1595.jpg\"\n               title=\"\"\n               data-src=\"https:\/\/old.atletikaolomouc.cz\/wp-content\/gallery\/nesmer-2022-foto-jarda-vychodil\/DSC_1595.jpg\"\n               data-thumbnail=\"https:\/\/old.atletikaolomouc.cz\/wp-content\/gallery\/nesmer-2022-foto-jarda-vychodil\/thumbs\/thumbs_DSC_1595.jpg\"\n               data-image-id=\"17965\"\n               data-title=\"DSC_1595\"\n               data-description=\"\"\n               data-image-slug=\"dsc_1595-81\"\n               class=\"ngg-simplelightbox\" rel=\"c68f919fa0b128bb141c0b8c41c4bc01\">\n                <img\n                    title=\"DSC_1595\"\n                    alt=\"DSC_1595\"\n                    src=\"https:\/\/old.atletikaolomouc.cz\/wp-content\/gallery\/nesmer-2022-foto-jarda-vychodil\/thumbs\/thumbs_DSC_1595.jpg\"\n                    width=\"240\"\n                    height=\"160\"\n                    style=\"max-width:100%;\"\n                \/>\n            <\/a>\n        <\/div>\n\t\t\t\t\t\t\t<\/div> \n\t\t\t\n\t\t\t\t<div id=\"ngg-image-67\" class=\"ngg-gallery-thumbnail-box ngg-11-columns\" >\n\t\t\t\t        <div class=\"ngg-gallery-thumbnail\">\n            <a href=\"https:\/\/old.atletikaolomouc.cz\/wp-content\/gallery\/nesmer-2022-foto-jarda-vychodil\/DSC_1598.jpg\"\n               title=\"\"\n               data-src=\"https:\/\/old.atletikaolomouc.cz\/wp-content\/gallery\/nesmer-2022-foto-jarda-vychodil\/DSC_1598.jpg\"\n               data-thumbnail=\"https:\/\/old.atletikaolomouc.cz\/wp-content\/gallery\/nesmer-2022-foto-jarda-vychodil\/thumbs\/thumbs_DSC_1598.jpg\"\n               data-image-id=\"17967\"\n               data-title=\"DSC_1598\"\n               data-description=\"\"\n               data-image-slug=\"dsc_1598-81\"\n               class=\"ngg-simplelightbox\" rel=\"c68f919fa0b128bb141c0b8c41c4bc01\">\n                <img\n                    title=\"DSC_1598\"\n                    alt=\"DSC_1598\"\n                    src=\"https:\/\/old.atletikaolomouc.cz\/wp-content\/gallery\/nesmer-2022-foto-jarda-vychodil\/thumbs\/thumbs_DSC_1598.jpg\"\n                    width=\"240\"\n                    height=\"160\"\n                    style=\"max-width:100%;\"\n                \/>\n            <\/a>\n        <\/div>\n\t\t\t\t\t\t\t<\/div> \n\t\t\t\n\t\t\t\t<div id=\"ngg-image-68\" class=\"ngg-gallery-thumbnail-box ngg-11-columns\" >\n\t\t\t\t        <div class=\"ngg-gallery-thumbnail\">\n            <a href=\"https:\/\/old.atletikaolomouc.cz\/wp-content\/gallery\/nesmer-2022-foto-jarda-vychodil\/DSC_1599.jpg\"\n               title=\"\"\n               data-src=\"https:\/\/old.atletikaolomouc.cz\/wp-content\/gallery\/nesmer-2022-foto-jarda-vychodil\/DSC_1599.jpg\"\n               data-thumbnail=\"https:\/\/old.atletikaolomouc.cz\/wp-content\/gallery\/nesmer-2022-foto-jarda-vychodil\/thumbs\/thumbs_DSC_1599.jpg\"\n               data-image-id=\"17969\"\n               data-title=\"DSC_1599\"\n               data-description=\"\"\n               data-image-slug=\"dsc_1599-81\"\n               class=\"ngg-simplelightbox\" rel=\"c68f919fa0b128bb141c0b8c41c4bc01\">\n                <img\n                    title=\"DSC_1599\"\n                    alt=\"DSC_1599\"\n                    src=\"https:\/\/old.atletikaolomouc.cz\/wp-content\/gallery\/nesmer-2022-foto-jarda-vychodil\/thumbs\/thumbs_DSC_1599.jpg\"\n                    width=\"240\"\n                    height=\"160\"\n                    style=\"max-width:100%;\"\n                \/>\n            <\/a>\n        <\/div>\n\t\t\t\t\t\t\t<\/div> \n\t\t\t\n\t\t\t\t<div id=\"ngg-image-69\" class=\"ngg-gallery-thumbnail-box ngg-11-columns\" >\n\t\t\t\t        <div class=\"ngg-gallery-thumbnail\">\n            <a href=\"https:\/\/old.atletikaolomouc.cz\/wp-content\/gallery\/nesmer-2022-foto-jarda-vychodil\/DSC_1600.jpg\"\n               title=\"\"\n               data-src=\"https:\/\/old.atletikaolomouc.cz\/wp-content\/gallery\/nesmer-2022-foto-jarda-vychodil\/DSC_1600.jpg\"\n               data-thumbnail=\"https:\/\/old.atletikaolomouc.cz\/wp-content\/gallery\/nesmer-2022-foto-jarda-vychodil\/thumbs\/thumbs_DSC_1600.jpg\"\n               data-image-id=\"17971\"\n               data-title=\"DSC_1600\"\n               data-description=\"\"\n               data-image-slug=\"dsc_1600-81\"\n               class=\"ngg-simplelightbox\" rel=\"c68f919fa0b128bb141c0b8c41c4bc01\">\n                <img\n                    title=\"DSC_1600\"\n                    alt=\"DSC_1600\"\n                    src=\"https:\/\/old.atletikaolomouc.cz\/wp-content\/gallery\/nesmer-2022-foto-jarda-vychodil\/thumbs\/thumbs_DSC_1600.jpg\"\n                    width=\"240\"\n                    height=\"160\"\n                    style=\"max-width:100%;\"\n                \/>\n            <\/a>\n        <\/div>\n\t\t\t\t\t\t\t<\/div> \n\t\t\t\n\t\t\t\t<div id=\"ngg-image-70\" class=\"ngg-gallery-thumbnail-box ngg-11-columns\" >\n\t\t\t\t        <div class=\"ngg-gallery-thumbnail\">\n            <a href=\"https:\/\/old.atletikaolomouc.cz\/wp-content\/gallery\/nesmer-2022-foto-jarda-vychodil\/DSC_1601.jpg\"\n               title=\"\"\n               data-src=\"https:\/\/old.atletikaolomouc.cz\/wp-content\/gallery\/nesmer-2022-foto-jarda-vychodil\/DSC_1601.jpg\"\n               data-thumbnail=\"https:\/\/old.atletikaolomouc.cz\/wp-content\/gallery\/nesmer-2022-foto-jarda-vychodil\/thumbs\/thumbs_DSC_1601.jpg\"\n               data-image-id=\"17973\"\n               data-title=\"DSC_1601\"\n               data-description=\"\"\n               data-image-slug=\"dsc_1601-81\"\n               class=\"ngg-simplelightbox\" rel=\"c68f919fa0b128bb141c0b8c41c4bc01\">\n                <img\n                    title=\"DSC_1601\"\n                    alt=\"DSC_1601\"\n                    src=\"https:\/\/old.atletikaolomouc.cz\/wp-content\/gallery\/nesmer-2022-foto-jarda-vychodil\/thumbs\/thumbs_DSC_1601.jpg\"\n                    width=\"240\"\n                    height=\"160\"\n                    style=\"max-width:100%;\"\n                \/>\n            <\/a>\n        <\/div>\n\t\t\t\t\t\t\t<\/div> \n\t\t\t\n\t\t\t\t<div id=\"ngg-image-71\" class=\"ngg-gallery-thumbnail-box ngg-11-columns\" >\n\t\t\t\t        <div class=\"ngg-gallery-thumbnail\">\n            <a href=\"https:\/\/old.atletikaolomouc.cz\/wp-content\/gallery\/nesmer-2022-foto-jarda-vychodil\/DSC_1602.jpg\"\n               title=\"\"\n               data-src=\"https:\/\/old.atletikaolomouc.cz\/wp-content\/gallery\/nesmer-2022-foto-jarda-vychodil\/DSC_1602.jpg\"\n               data-thumbnail=\"https:\/\/old.atletikaolomouc.cz\/wp-content\/gallery\/nesmer-2022-foto-jarda-vychodil\/thumbs\/thumbs_DSC_1602.jpg\"\n               data-image-id=\"17975\"\n               data-title=\"DSC_1602\"\n               data-description=\"\"\n               data-image-slug=\"dsc_1602-81\"\n               class=\"ngg-simplelightbox\" rel=\"c68f919fa0b128bb141c0b8c41c4bc01\">\n                <img\n                    title=\"DSC_1602\"\n                    alt=\"DSC_1602\"\n                    src=\"https:\/\/old.atletikaolomouc.cz\/wp-content\/gallery\/nesmer-2022-foto-jarda-vychodil\/thumbs\/thumbs_DSC_1602.jpg\"\n                    width=\"240\"\n                    height=\"160\"\n                    style=\"max-width:100%;\"\n                \/>\n            <\/a>\n        <\/div>\n\t\t\t\t\t\t\t<\/div> \n\t\t\t\n\t\t\t\t<div id=\"ngg-image-72\" class=\"ngg-gallery-thumbnail-box ngg-11-columns\" >\n\t\t\t\t        <div class=\"ngg-gallery-thumbnail\">\n            <a href=\"https:\/\/old.atletikaolomouc.cz\/wp-content\/gallery\/nesmer-2022-foto-jarda-vychodil\/DSC_1604.jpg\"\n               title=\"\"\n               data-src=\"https:\/\/old.atletikaolomouc.cz\/wp-content\/gallery\/nesmer-2022-foto-jarda-vychodil\/DSC_1604.jpg\"\n               data-thumbnail=\"https:\/\/old.atletikaolomouc.cz\/wp-content\/gallery\/nesmer-2022-foto-jarda-vychodil\/thumbs\/thumbs_DSC_1604.jpg\"\n               data-image-id=\"17978\"\n               data-title=\"DSC_1604\"\n               data-description=\"\"\n               data-image-slug=\"dsc_1604-81\"\n               class=\"ngg-simplelightbox\" rel=\"c68f919fa0b128bb141c0b8c41c4bc01\">\n                <img\n                    title=\"DSC_1604\"\n                    alt=\"DSC_1604\"\n                    src=\"https:\/\/old.atletikaolomouc.cz\/wp-content\/gallery\/nesmer-2022-foto-jarda-vychodil\/thumbs\/thumbs_DSC_1604.jpg\"\n                    width=\"240\"\n                    height=\"160\"\n                    style=\"max-width:100%;\"\n                \/>\n            <\/a>\n        <\/div>\n\t\t\t\t\t\t\t<\/div> \n\t\t\t\n\t\t\t\t<div id=\"ngg-image-73\" class=\"ngg-gallery-thumbnail-box ngg-11-columns\" >\n\t\t\t\t        <div class=\"ngg-gallery-thumbnail\">\n            <a href=\"https:\/\/old.atletikaolomouc.cz\/wp-content\/gallery\/nesmer-2022-foto-jarda-vychodil\/DSC_1606.jpg\"\n               title=\"\"\n               data-src=\"https:\/\/old.atletikaolomouc.cz\/wp-content\/gallery\/nesmer-2022-foto-jarda-vychodil\/DSC_1606.jpg\"\n               data-thumbnail=\"https:\/\/old.atletikaolomouc.cz\/wp-content\/gallery\/nesmer-2022-foto-jarda-vychodil\/thumbs\/thumbs_DSC_1606.jpg\"\n               data-image-id=\"17980\"\n               data-title=\"DSC_1606\"\n               data-description=\"\"\n               data-image-slug=\"dsc_1606-81\"\n               class=\"ngg-simplelightbox\" rel=\"c68f919fa0b128bb141c0b8c41c4bc01\">\n                <img\n                    title=\"DSC_1606\"\n                    alt=\"DSC_1606\"\n                    src=\"https:\/\/old.atletikaolomouc.cz\/wp-content\/gallery\/nesmer-2022-foto-jarda-vychodil\/thumbs\/thumbs_DSC_1606.jpg\"\n                    width=\"240\"\n                    height=\"160\"\n                    style=\"max-width:100%;\"\n                \/>\n            <\/a>\n        <\/div>\n\t\t\t\t\t\t\t<\/div> \n\t\t\t\n\t\t\t\t<div id=\"ngg-image-74\" class=\"ngg-gallery-thumbnail-box ngg-11-columns\" >\n\t\t\t\t        <div class=\"ngg-gallery-thumbnail\">\n            <a href=\"https:\/\/old.atletikaolomouc.cz\/wp-content\/gallery\/nesmer-2022-foto-jarda-vychodil\/DSC_1607.jpg\"\n               title=\"\"\n               data-src=\"https:\/\/old.atletikaolomouc.cz\/wp-content\/gallery\/nesmer-2022-foto-jarda-vychodil\/DSC_1607.jpg\"\n               data-thumbnail=\"https:\/\/old.atletikaolomouc.cz\/wp-content\/gallery\/nesmer-2022-foto-jarda-vychodil\/thumbs\/thumbs_DSC_1607.jpg\"\n               data-image-id=\"17982\"\n               data-title=\"DSC_1607\"\n               data-description=\"\"\n               data-image-slug=\"dsc_1607\"\n               class=\"ngg-simplelightbox\" rel=\"c68f919fa0b128bb141c0b8c41c4bc01\">\n                <img\n                    title=\"DSC_1607\"\n                    alt=\"DSC_1607\"\n                    src=\"https:\/\/old.atletikaolomouc.cz\/wp-content\/gallery\/nesmer-2022-foto-jarda-vychodil\/thumbs\/thumbs_DSC_1607.jpg\"\n                    width=\"240\"\n                    height=\"160\"\n                    style=\"max-width:100%;\"\n                \/>\n            <\/a>\n        <\/div>\n\t\t\t\t\t\t\t<\/div> \n\t\t\t\n\t\t\t\t<div id=\"ngg-image-75\" class=\"ngg-gallery-thumbnail-box ngg-11-columns\" >\n\t\t\t\t        <div class=\"ngg-gallery-thumbnail\">\n            <a href=\"https:\/\/old.atletikaolomouc.cz\/wp-content\/gallery\/nesmer-2022-foto-jarda-vychodil\/DSC_1608.jpg\"\n               title=\"\"\n               data-src=\"https:\/\/old.atletikaolomouc.cz\/wp-content\/gallery\/nesmer-2022-foto-jarda-vychodil\/DSC_1608.jpg\"\n               data-thumbnail=\"https:\/\/old.atletikaolomouc.cz\/wp-content\/gallery\/nesmer-2022-foto-jarda-vychodil\/thumbs\/thumbs_DSC_1608.jpg\"\n               data-image-id=\"17985\"\n               data-title=\"DSC_1608\"\n               data-description=\"\"\n               data-image-slug=\"dsc_1608-81\"\n               class=\"ngg-simplelightbox\" rel=\"c68f919fa0b128bb141c0b8c41c4bc01\">\n                <img\n                    title=\"DSC_1608\"\n                    alt=\"DSC_1608\"\n                    src=\"https:\/\/old.atletikaolomouc.cz\/wp-content\/gallery\/nesmer-2022-foto-jarda-vychodil\/thumbs\/thumbs_DSC_1608.jpg\"\n                    width=\"240\"\n                    height=\"160\"\n                    style=\"max-width:100%;\"\n                \/>\n            <\/a>\n        <\/div>\n\t\t\t\t\t\t\t<\/div> \n\t\t\t\n\t\t\t\t<div id=\"ngg-image-76\" class=\"ngg-gallery-thumbnail-box ngg-11-columns\" >\n\t\t\t\t        <div class=\"ngg-gallery-thumbnail\">\n            <a href=\"https:\/\/old.atletikaolomouc.cz\/wp-content\/gallery\/nesmer-2022-foto-jarda-vychodil\/DSC_1609.jpg\"\n               title=\"\"\n               data-src=\"https:\/\/old.atletikaolomouc.cz\/wp-content\/gallery\/nesmer-2022-foto-jarda-vychodil\/DSC_1609.jpg\"\n               data-thumbnail=\"https:\/\/old.atletikaolomouc.cz\/wp-content\/gallery\/nesmer-2022-foto-jarda-vychodil\/thumbs\/thumbs_DSC_1609.jpg\"\n               data-image-id=\"17987\"\n               data-title=\"DSC_1609\"\n               data-description=\"\"\n               data-image-slug=\"dsc_1609-81\"\n               class=\"ngg-simplelightbox\" rel=\"c68f919fa0b128bb141c0b8c41c4bc01\">\n                <img\n                    title=\"DSC_1609\"\n                    alt=\"DSC_1609\"\n                    src=\"https:\/\/old.atletikaolomouc.cz\/wp-content\/gallery\/nesmer-2022-foto-jarda-vychodil\/thumbs\/thumbs_DSC_1609.jpg\"\n                    width=\"240\"\n                    height=\"160\"\n                    style=\"max-width:100%;\"\n                \/>\n            <\/a>\n        <\/div>\n\t\t\t\t\t\t\t<\/div> \n\t\t\t\n\t\t\t\t<div id=\"ngg-image-77\" class=\"ngg-gallery-thumbnail-box ngg-11-columns\" >\n\t\t\t\t        <div class=\"ngg-gallery-thumbnail\">\n            <a href=\"https:\/\/old.atletikaolomouc.cz\/wp-content\/gallery\/nesmer-2022-foto-jarda-vychodil\/DSC_1610.jpg\"\n               title=\"\"\n               data-src=\"https:\/\/old.atletikaolomouc.cz\/wp-content\/gallery\/nesmer-2022-foto-jarda-vychodil\/DSC_1610.jpg\"\n               data-thumbnail=\"https:\/\/old.atletikaolomouc.cz\/wp-content\/gallery\/nesmer-2022-foto-jarda-vychodil\/thumbs\/thumbs_DSC_1610.jpg\"\n               data-image-id=\"17990\"\n               data-title=\"DSC_1610\"\n               data-description=\"\"\n               data-image-slug=\"dsc_1610-81\"\n               class=\"ngg-simplelightbox\" rel=\"c68f919fa0b128bb141c0b8c41c4bc01\">\n                <img\n                    title=\"DSC_1610\"\n                    alt=\"DSC_1610\"\n                    src=\"https:\/\/old.atletikaolomouc.cz\/wp-content\/gallery\/nesmer-2022-foto-jarda-vychodil\/thumbs\/thumbs_DSC_1610.jpg\"\n                    width=\"240\"\n                    height=\"160\"\n                    style=\"max-width:100%;\"\n                \/>\n            <\/a>\n        <\/div>\n\t\t\t\t\t\t\t<\/div> \n\t\t\t\n\t\t\t\t<div id=\"ngg-image-78\" class=\"ngg-gallery-thumbnail-box ngg-11-columns\" >\n\t\t\t\t        <div class=\"ngg-gallery-thumbnail\">\n            <a href=\"https:\/\/old.atletikaolomouc.cz\/wp-content\/gallery\/nesmer-2022-foto-jarda-vychodil\/DSC_1611.jpg\"\n               title=\"\"\n               data-src=\"https:\/\/old.atletikaolomouc.cz\/wp-content\/gallery\/nesmer-2022-foto-jarda-vychodil\/DSC_1611.jpg\"\n               data-thumbnail=\"https:\/\/old.atletikaolomouc.cz\/wp-content\/gallery\/nesmer-2022-foto-jarda-vychodil\/thumbs\/thumbs_DSC_1611.jpg\"\n               data-image-id=\"17993\"\n               data-title=\"DSC_1611\"\n               data-description=\"\"\n               data-image-slug=\"dsc_1611-81\"\n               class=\"ngg-simplelightbox\" rel=\"c68f919fa0b128bb141c0b8c41c4bc01\">\n                <img\n                    title=\"DSC_1611\"\n                    alt=\"DSC_1611\"\n                    src=\"https:\/\/old.atletikaolomouc.cz\/wp-content\/gallery\/nesmer-2022-foto-jarda-vychodil\/thumbs\/thumbs_DSC_1611.jpg\"\n                    width=\"240\"\n                    height=\"160\"\n                    style=\"max-width:100%;\"\n                \/>\n            <\/a>\n        <\/div>\n\t\t\t\t\t\t\t<\/div> \n\t\t\t\n\t\t\t\t<div id=\"ngg-image-79\" class=\"ngg-gallery-thumbnail-box ngg-11-columns\" >\n\t\t\t\t        <div class=\"ngg-gallery-thumbnail\">\n            <a href=\"https:\/\/old.atletikaolomouc.cz\/wp-content\/gallery\/nesmer-2022-foto-jarda-vychodil\/DSC_1612.jpg\"\n               title=\"\"\n               data-src=\"https:\/\/old.atletikaolomouc.cz\/wp-content\/gallery\/nesmer-2022-foto-jarda-vychodil\/DSC_1612.jpg\"\n               data-thumbnail=\"https:\/\/old.atletikaolomouc.cz\/wp-content\/gallery\/nesmer-2022-foto-jarda-vychodil\/thumbs\/thumbs_DSC_1612.jpg\"\n               data-image-id=\"17995\"\n               data-title=\"DSC_1612\"\n               data-description=\"\"\n               data-image-slug=\"dsc_1612-81\"\n               class=\"ngg-simplelightbox\" rel=\"c68f919fa0b128bb141c0b8c41c4bc01\">\n                <img\n                    title=\"DSC_1612\"\n                    alt=\"DSC_1612\"\n                    src=\"https:\/\/old.atletikaolomouc.cz\/wp-content\/gallery\/nesmer-2022-foto-jarda-vychodil\/thumbs\/thumbs_DSC_1612.jpg\"\n                    width=\"240\"\n                    height=\"160\"\n                    style=\"max-width:100%;\"\n                \/>\n            <\/a>\n        <\/div>\n\t\t\t\t\t\t\t<\/div> \n\t\t\t\n\t\t\t\t<div id=\"ngg-image-80\" class=\"ngg-gallery-thumbnail-box ngg-11-columns\" >\n\t\t\t\t        <div class=\"ngg-gallery-thumbnail\">\n            <a href=\"https:\/\/old.atletikaolomouc.cz\/wp-content\/gallery\/nesmer-2022-foto-jarda-vychodil\/DSC_1613.jpg\"\n               title=\"\"\n               data-src=\"https:\/\/old.atletikaolomouc.cz\/wp-content\/gallery\/nesmer-2022-foto-jarda-vychodil\/DSC_1613.jpg\"\n               data-thumbnail=\"https:\/\/old.atletikaolomouc.cz\/wp-content\/gallery\/nesmer-2022-foto-jarda-vychodil\/thumbs\/thumbs_DSC_1613.jpg\"\n               data-image-id=\"17998\"\n               data-title=\"DSC_1613\"\n               data-description=\"\"\n               data-image-slug=\"dsc_1613-81\"\n               class=\"ngg-simplelightbox\" rel=\"c68f919fa0b128bb141c0b8c41c4bc01\">\n                <img\n                    title=\"DSC_1613\"\n                    alt=\"DSC_1613\"\n                    src=\"https:\/\/old.atletikaolomouc.cz\/wp-content\/gallery\/nesmer-2022-foto-jarda-vychodil\/thumbs\/thumbs_DSC_1613.jpg\"\n                    width=\"240\"\n                    height=\"160\"\n                    style=\"max-width:100%;\"\n                \/>\n            <\/a>\n        <\/div>\n\t\t\t\t\t\t\t<\/div> \n\t\t\t\n\t\t\t\t<div id=\"ngg-image-81\" class=\"ngg-gallery-thumbnail-box ngg-11-columns\" >\n\t\t\t\t        <div class=\"ngg-gallery-thumbnail\">\n            <a href=\"https:\/\/old.atletikaolomouc.cz\/wp-content\/gallery\/nesmer-2022-foto-jarda-vychodil\/DSC_1614.jpg\"\n               title=\"\"\n               data-src=\"https:\/\/old.atletikaolomouc.cz\/wp-content\/gallery\/nesmer-2022-foto-jarda-vychodil\/DSC_1614.jpg\"\n               data-thumbnail=\"https:\/\/old.atletikaolomouc.cz\/wp-content\/gallery\/nesmer-2022-foto-jarda-vychodil\/thumbs\/thumbs_DSC_1614.jpg\"\n               data-image-id=\"18000\"\n               data-title=\"DSC_1614\"\n               data-description=\"\"\n               data-image-slug=\"dsc_1614\"\n               class=\"ngg-simplelightbox\" rel=\"c68f919fa0b128bb141c0b8c41c4bc01\">\n                <img\n                    title=\"DSC_1614\"\n                    alt=\"DSC_1614\"\n                    src=\"https:\/\/old.atletikaolomouc.cz\/wp-content\/gallery\/nesmer-2022-foto-jarda-vychodil\/thumbs\/thumbs_DSC_1614.jpg\"\n                    width=\"240\"\n                    height=\"160\"\n                    style=\"max-width:100%;\"\n                \/>\n            <\/a>\n        <\/div>\n\t\t\t\t\t\t\t<\/div> \n\t\t\t\n\t\t\t\t<div id=\"ngg-image-82\" class=\"ngg-gallery-thumbnail-box ngg-11-columns\" >\n\t\t\t\t        <div class=\"ngg-gallery-thumbnail\">\n            <a href=\"https:\/\/old.atletikaolomouc.cz\/wp-content\/gallery\/nesmer-2022-foto-jarda-vychodil\/DSC_1615.jpg\"\n               title=\"\"\n               data-src=\"https:\/\/old.atletikaolomouc.cz\/wp-content\/gallery\/nesmer-2022-foto-jarda-vychodil\/DSC_1615.jpg\"\n               data-thumbnail=\"https:\/\/old.atletikaolomouc.cz\/wp-content\/gallery\/nesmer-2022-foto-jarda-vychodil\/thumbs\/thumbs_DSC_1615.jpg\"\n               data-image-id=\"18002\"\n               data-title=\"DSC_1615\"\n               data-description=\"\"\n               data-image-slug=\"dsc_1615-81\"\n               class=\"ngg-simplelightbox\" rel=\"c68f919fa0b128bb141c0b8c41c4bc01\">\n                <img\n                    title=\"DSC_1615\"\n                    alt=\"DSC_1615\"\n                    src=\"https:\/\/old.atletikaolomouc.cz\/wp-content\/gallery\/nesmer-2022-foto-jarda-vychodil\/thumbs\/thumbs_DSC_1615.jpg\"\n                    width=\"240\"\n                    height=\"160\"\n                    style=\"max-width:100%;\"\n                \/>\n            <\/a>\n        <\/div>\n\t\t\t\t\t\t\t<\/div> \n\t\t\t\n\t\t\t\t<div id=\"ngg-image-83\" class=\"ngg-gallery-thumbnail-box ngg-11-columns\" >\n\t\t\t\t        <div class=\"ngg-gallery-thumbnail\">\n            <a href=\"https:\/\/old.atletikaolomouc.cz\/wp-content\/gallery\/nesmer-2022-foto-jarda-vychodil\/DSC_1616.jpg\"\n               title=\"\"\n               data-src=\"https:\/\/old.atletikaolomouc.cz\/wp-content\/gallery\/nesmer-2022-foto-jarda-vychodil\/DSC_1616.jpg\"\n               data-thumbnail=\"https:\/\/old.atletikaolomouc.cz\/wp-content\/gallery\/nesmer-2022-foto-jarda-vychodil\/thumbs\/thumbs_DSC_1616.jpg\"\n               data-image-id=\"18004\"\n               data-title=\"DSC_1616\"\n               data-description=\"\"\n               data-image-slug=\"dsc_1616-81\"\n               class=\"ngg-simplelightbox\" rel=\"c68f919fa0b128bb141c0b8c41c4bc01\">\n                <img\n                    title=\"DSC_1616\"\n                    alt=\"DSC_1616\"\n                    src=\"https:\/\/old.atletikaolomouc.cz\/wp-content\/gallery\/nesmer-2022-foto-jarda-vychodil\/thumbs\/thumbs_DSC_1616.jpg\"\n                    width=\"240\"\n                    height=\"160\"\n                    style=\"max-width:100%;\"\n                \/>\n            <\/a>\n        <\/div>\n\t\t\t\t\t\t\t<\/div> \n\t\t\t\n\t\t\t\t<div id=\"ngg-image-84\" class=\"ngg-gallery-thumbnail-box ngg-11-columns\" >\n\t\t\t\t        <div class=\"ngg-gallery-thumbnail\">\n            <a href=\"https:\/\/old.atletikaolomouc.cz\/wp-content\/gallery\/nesmer-2022-foto-jarda-vychodil\/DSC_1617.jpg\"\n               title=\"\"\n               data-src=\"https:\/\/old.atletikaolomouc.cz\/wp-content\/gallery\/nesmer-2022-foto-jarda-vychodil\/DSC_1617.jpg\"\n               data-thumbnail=\"https:\/\/old.atletikaolomouc.cz\/wp-content\/gallery\/nesmer-2022-foto-jarda-vychodil\/thumbs\/thumbs_DSC_1617.jpg\"\n               data-image-id=\"18008\"\n               data-title=\"DSC_1617\"\n               data-description=\"\"\n               data-image-slug=\"dsc_1617-81\"\n               class=\"ngg-simplelightbox\" rel=\"c68f919fa0b128bb141c0b8c41c4bc01\">\n                <img\n                    title=\"DSC_1617\"\n                    alt=\"DSC_1617\"\n                    src=\"https:\/\/old.atletikaolomouc.cz\/wp-content\/gallery\/nesmer-2022-foto-jarda-vychodil\/thumbs\/thumbs_DSC_1617.jpg\"\n                    width=\"240\"\n                    height=\"160\"\n                    style=\"max-width:100%;\"\n                \/>\n            <\/a>\n        <\/div>\n\t\t\t\t\t\t\t<\/div> \n\t\t\t\n\t\t\t\t<div id=\"ngg-image-85\" class=\"ngg-gallery-thumbnail-box ngg-11-columns\" >\n\t\t\t\t        <div class=\"ngg-gallery-thumbnail\">\n            <a href=\"https:\/\/old.atletikaolomouc.cz\/wp-content\/gallery\/nesmer-2022-foto-jarda-vychodil\/DSC_1618.jpg\"\n               title=\"\"\n               data-src=\"https:\/\/old.atletikaolomouc.cz\/wp-content\/gallery\/nesmer-2022-foto-jarda-vychodil\/DSC_1618.jpg\"\n               data-thumbnail=\"https:\/\/old.atletikaolomouc.cz\/wp-content\/gallery\/nesmer-2022-foto-jarda-vychodil\/thumbs\/thumbs_DSC_1618.jpg\"\n               data-image-id=\"18011\"\n               data-title=\"DSC_1618\"\n               data-description=\"\"\n               data-image-slug=\"dsc_1618\"\n               class=\"ngg-simplelightbox\" rel=\"c68f919fa0b128bb141c0b8c41c4bc01\">\n                <img\n                    title=\"DSC_1618\"\n                    alt=\"DSC_1618\"\n                    src=\"https:\/\/old.atletikaolomouc.cz\/wp-content\/gallery\/nesmer-2022-foto-jarda-vychodil\/thumbs\/thumbs_DSC_1618.jpg\"\n                    width=\"240\"\n                    height=\"160\"\n                    style=\"max-width:100%;\"\n                \/>\n            <\/a>\n        <\/div>\n\t\t\t\t\t\t\t<\/div> \n\t\t\t\n\t\t\t\t<div id=\"ngg-image-86\" class=\"ngg-gallery-thumbnail-box ngg-11-columns\" >\n\t\t\t\t        <div class=\"ngg-gallery-thumbnail\">\n            <a href=\"https:\/\/old.atletikaolomouc.cz\/wp-content\/gallery\/nesmer-2022-foto-jarda-vychodil\/DSC_1619.jpg\"\n               title=\"\"\n               data-src=\"https:\/\/old.atletikaolomouc.cz\/wp-content\/gallery\/nesmer-2022-foto-jarda-vychodil\/DSC_1619.jpg\"\n               data-thumbnail=\"https:\/\/old.atletikaolomouc.cz\/wp-content\/gallery\/nesmer-2022-foto-jarda-vychodil\/thumbs\/thumbs_DSC_1619.jpg\"\n               data-image-id=\"18013\"\n               data-title=\"DSC_1619\"\n               data-description=\"\"\n               data-image-slug=\"dsc_1619-81\"\n               class=\"ngg-simplelightbox\" rel=\"c68f919fa0b128bb141c0b8c41c4bc01\">\n                <img\n                    title=\"DSC_1619\"\n                    alt=\"DSC_1619\"\n                    src=\"https:\/\/old.atletikaolomouc.cz\/wp-content\/gallery\/nesmer-2022-foto-jarda-vychodil\/thumbs\/thumbs_DSC_1619.jpg\"\n                    width=\"240\"\n                    height=\"160\"\n                    style=\"max-width:100%;\"\n                \/>\n            <\/a>\n        <\/div>\n\t\t\t\t\t\t\t<\/div> \n\t\t\t\n\t\t\t\t<div id=\"ngg-image-87\" class=\"ngg-gallery-thumbnail-box ngg-11-columns\" >\n\t\t\t\t        <div class=\"ngg-gallery-thumbnail\">\n            <a href=\"https:\/\/old.atletikaolomouc.cz\/wp-content\/gallery\/nesmer-2022-foto-jarda-vychodil\/DSC_1620.jpg\"\n               title=\"\"\n               data-src=\"https:\/\/old.atletikaolomouc.cz\/wp-content\/gallery\/nesmer-2022-foto-jarda-vychodil\/DSC_1620.jpg\"\n               data-thumbnail=\"https:\/\/old.atletikaolomouc.cz\/wp-content\/gallery\/nesmer-2022-foto-jarda-vychodil\/thumbs\/thumbs_DSC_1620.jpg\"\n               data-image-id=\"18017\"\n               data-title=\"DSC_1620\"\n               data-description=\"\"\n               data-image-slug=\"dsc_1620-81\"\n               class=\"ngg-simplelightbox\" rel=\"c68f919fa0b128bb141c0b8c41c4bc01\">\n                <img\n                    title=\"DSC_1620\"\n                    alt=\"DSC_1620\"\n                    src=\"https:\/\/old.atletikaolomouc.cz\/wp-content\/gallery\/nesmer-2022-foto-jarda-vychodil\/thumbs\/thumbs_DSC_1620.jpg\"\n                    width=\"240\"\n                    height=\"160\"\n                    style=\"max-width:100%;\"\n                \/>\n            <\/a>\n        <\/div>\n\t\t\t\t\t\t\t<\/div> \n\t\t\t\n\t\t\t\t<div id=\"ngg-image-88\" class=\"ngg-gallery-thumbnail-box ngg-11-columns\" >\n\t\t\t\t        <div class=\"ngg-gallery-thumbnail\">\n            <a href=\"https:\/\/old.atletikaolomouc.cz\/wp-content\/gallery\/nesmer-2022-foto-jarda-vychodil\/DSC_1621.jpg\"\n               title=\"\"\n               data-src=\"https:\/\/old.atletikaolomouc.cz\/wp-content\/gallery\/nesmer-2022-foto-jarda-vychodil\/DSC_1621.jpg\"\n               data-thumbnail=\"https:\/\/old.atletikaolomouc.cz\/wp-content\/gallery\/nesmer-2022-foto-jarda-vychodil\/thumbs\/thumbs_DSC_1621.jpg\"\n               data-image-id=\"18019\"\n               data-title=\"DSC_1621\"\n               data-description=\"\"\n               data-image-slug=\"dsc_1621-81\"\n               class=\"ngg-simplelightbox\" rel=\"c68f919fa0b128bb141c0b8c41c4bc01\">\n                <img\n                    title=\"DSC_1621\"\n                    alt=\"DSC_1621\"\n                    src=\"https:\/\/old.atletikaolomouc.cz\/wp-content\/gallery\/nesmer-2022-foto-jarda-vychodil\/thumbs\/thumbs_DSC_1621.jpg\"\n                    width=\"240\"\n                    height=\"160\"\n                    style=\"max-width:100%;\"\n                \/>\n            <\/a>\n        <\/div>\n\t\t\t\t\t\t\t<\/div> \n\t\t\t\n\t\t\t\t<div id=\"ngg-image-89\" class=\"ngg-gallery-thumbnail-box ngg-11-columns\" >\n\t\t\t\t        <div class=\"ngg-gallery-thumbnail\">\n            <a href=\"https:\/\/old.atletikaolomouc.cz\/wp-content\/gallery\/nesmer-2022-foto-jarda-vychodil\/DSC_1623.jpg\"\n               title=\"\"\n               data-src=\"https:\/\/old.atletikaolomouc.cz\/wp-content\/gallery\/nesmer-2022-foto-jarda-vychodil\/DSC_1623.jpg\"\n               data-thumbnail=\"https:\/\/old.atletikaolomouc.cz\/wp-content\/gallery\/nesmer-2022-foto-jarda-vychodil\/thumbs\/thumbs_DSC_1623.jpg\"\n               data-image-id=\"18021\"\n               data-title=\"DSC_1623\"\n               data-description=\"\"\n               data-image-slug=\"dsc_1623-81\"\n               class=\"ngg-simplelightbox\" rel=\"c68f919fa0b128bb141c0b8c41c4bc01\">\n                <img\n                    title=\"DSC_1623\"\n                    alt=\"DSC_1623\"\n                    src=\"https:\/\/old.atletikaolomouc.cz\/wp-content\/gallery\/nesmer-2022-foto-jarda-vychodil\/thumbs\/thumbs_DSC_1623.jpg\"\n                    width=\"240\"\n                    height=\"160\"\n                    style=\"max-width:100%;\"\n                \/>\n            <\/a>\n        <\/div>\n\t\t\t\t\t\t\t<\/div> \n\t\t\t\n\t\t\t\t<div id=\"ngg-image-90\" class=\"ngg-gallery-thumbnail-box ngg-11-columns\" >\n\t\t\t\t        <div class=\"ngg-gallery-thumbnail\">\n            <a href=\"https:\/\/old.atletikaolomouc.cz\/wp-content\/gallery\/nesmer-2022-foto-jarda-vychodil\/DSC_1624.jpg\"\n               title=\"\"\n               data-src=\"https:\/\/old.atletikaolomouc.cz\/wp-content\/gallery\/nesmer-2022-foto-jarda-vychodil\/DSC_1624.jpg\"\n               data-thumbnail=\"https:\/\/old.atletikaolomouc.cz\/wp-content\/gallery\/nesmer-2022-foto-jarda-vychodil\/thumbs\/thumbs_DSC_1624.jpg\"\n               data-image-id=\"18024\"\n               data-title=\"DSC_1624\"\n               data-description=\"\"\n               data-image-slug=\"dsc_1624-81\"\n               class=\"ngg-simplelightbox\" rel=\"c68f919fa0b128bb141c0b8c41c4bc01\">\n                <img\n                    title=\"DSC_1624\"\n                    alt=\"DSC_1624\"\n                    src=\"https:\/\/old.atletikaolomouc.cz\/wp-content\/gallery\/nesmer-2022-foto-jarda-vychodil\/thumbs\/thumbs_DSC_1624.jpg\"\n                    width=\"240\"\n                    height=\"160\"\n                    style=\"max-width:100%;\"\n                \/>\n            <\/a>\n        <\/div>\n\t\t\t\t\t\t\t<\/div> \n\t\t\t\n\t\t\t\t<div id=\"ngg-image-91\" class=\"ngg-gallery-thumbnail-box ngg-11-columns\" >\n\t\t\t\t        <div class=\"ngg-gallery-thumbnail\">\n            <a href=\"https:\/\/old.atletikaolomouc.cz\/wp-content\/gallery\/nesmer-2022-foto-jarda-vychodil\/DSC_1625.jpg\"\n               title=\"\"\n               data-src=\"https:\/\/old.atletikaolomouc.cz\/wp-content\/gallery\/nesmer-2022-foto-jarda-vychodil\/DSC_1625.jpg\"\n               data-thumbnail=\"https:\/\/old.atletikaolomouc.cz\/wp-content\/gallery\/nesmer-2022-foto-jarda-vychodil\/thumbs\/thumbs_DSC_1625.jpg\"\n               data-image-id=\"18027\"\n               data-title=\"DSC_1625\"\n               data-description=\"\"\n               data-image-slug=\"dsc_1625\"\n               class=\"ngg-simplelightbox\" rel=\"c68f919fa0b128bb141c0b8c41c4bc01\">\n                <img\n                    title=\"DSC_1625\"\n                    alt=\"DSC_1625\"\n                    src=\"https:\/\/old.atletikaolomouc.cz\/wp-content\/gallery\/nesmer-2022-foto-jarda-vychodil\/thumbs\/thumbs_DSC_1625.jpg\"\n                    width=\"240\"\n                    height=\"160\"\n                    style=\"max-width:100%;\"\n                \/>\n            <\/a>\n        <\/div>\n\t\t\t\t\t\t\t<\/div> \n\t\t\t\n\t\t\t\t<div id=\"ngg-image-92\" class=\"ngg-gallery-thumbnail-box ngg-11-columns\" >\n\t\t\t\t        <div class=\"ngg-gallery-thumbnail\">\n            <a href=\"https:\/\/old.atletikaolomouc.cz\/wp-content\/gallery\/nesmer-2022-foto-jarda-vychodil\/DSC_1627.jpg\"\n               title=\"\"\n               data-src=\"https:\/\/old.atletikaolomouc.cz\/wp-content\/gallery\/nesmer-2022-foto-jarda-vychodil\/DSC_1627.jpg\"\n               data-thumbnail=\"https:\/\/old.atletikaolomouc.cz\/wp-content\/gallery\/nesmer-2022-foto-jarda-vychodil\/thumbs\/thumbs_DSC_1627.jpg\"\n               data-image-id=\"18029\"\n               data-title=\"DSC_1627\"\n               data-description=\"\"\n               data-image-slug=\"dsc_1627-81\"\n               class=\"ngg-simplelightbox\" rel=\"c68f919fa0b128bb141c0b8c41c4bc01\">\n                <img\n                    title=\"DSC_1627\"\n                    alt=\"DSC_1627\"\n                    src=\"https:\/\/old.atletikaolomouc.cz\/wp-content\/gallery\/nesmer-2022-foto-jarda-vychodil\/thumbs\/thumbs_DSC_1627.jpg\"\n                    width=\"240\"\n                    height=\"160\"\n                    style=\"max-width:100%;\"\n                \/>\n            <\/a>\n        <\/div>\n\t\t\t\t\t\t\t<\/div> \n\t\t\t\n\t\t\t\t<div id=\"ngg-image-93\" class=\"ngg-gallery-thumbnail-box ngg-11-columns\" >\n\t\t\t\t        <div class=\"ngg-gallery-thumbnail\">\n            <a href=\"https:\/\/old.atletikaolomouc.cz\/wp-content\/gallery\/nesmer-2022-foto-jarda-vychodil\/DSC_1628.jpg\"\n               title=\"\"\n               data-src=\"https:\/\/old.atletikaolomouc.cz\/wp-content\/gallery\/nesmer-2022-foto-jarda-vychodil\/DSC_1628.jpg\"\n               data-thumbnail=\"https:\/\/old.atletikaolomouc.cz\/wp-content\/gallery\/nesmer-2022-foto-jarda-vychodil\/thumbs\/thumbs_DSC_1628.jpg\"\n               data-image-id=\"18031\"\n               data-title=\"DSC_1628\"\n               data-description=\"\"\n               data-image-slug=\"dsc_1628-81\"\n               class=\"ngg-simplelightbox\" rel=\"c68f919fa0b128bb141c0b8c41c4bc01\">\n                <img\n                    title=\"DSC_1628\"\n                    alt=\"DSC_1628\"\n                    src=\"https:\/\/old.atletikaolomouc.cz\/wp-content\/gallery\/nesmer-2022-foto-jarda-vychodil\/thumbs\/thumbs_DSC_1628.jpg\"\n                    width=\"240\"\n                    height=\"160\"\n                    style=\"max-width:100%;\"\n                \/>\n            <\/a>\n        <\/div>\n\t\t\t\t\t\t\t<\/div> \n\t\t\t\n\t\t\t\t<div id=\"ngg-image-94\" class=\"ngg-gallery-thumbnail-box ngg-11-columns\" >\n\t\t\t\t        <div class=\"ngg-gallery-thumbnail\">\n            <a href=\"https:\/\/old.atletikaolomouc.cz\/wp-content\/gallery\/nesmer-2022-foto-jarda-vychodil\/DSC_1629.jpg\"\n               title=\"\"\n               data-src=\"https:\/\/old.atletikaolomouc.cz\/wp-content\/gallery\/nesmer-2022-foto-jarda-vychodil\/DSC_1629.jpg\"\n               data-thumbnail=\"https:\/\/old.atletikaolomouc.cz\/wp-content\/gallery\/nesmer-2022-foto-jarda-vychodil\/thumbs\/thumbs_DSC_1629.jpg\"\n               data-image-id=\"18033\"\n               data-title=\"DSC_1629\"\n               data-description=\"\"\n               data-image-slug=\"dsc_1629\"\n               class=\"ngg-simplelightbox\" rel=\"c68f919fa0b128bb141c0b8c41c4bc01\">\n                <img\n                    title=\"DSC_1629\"\n                    alt=\"DSC_1629\"\n                    src=\"https:\/\/old.atletikaolomouc.cz\/wp-content\/gallery\/nesmer-2022-foto-jarda-vychodil\/thumbs\/thumbs_DSC_1629.jpg\"\n                    width=\"240\"\n                    height=\"160\"\n                    style=\"max-width:100%;\"\n                \/>\n            <\/a>\n        <\/div>\n\t\t\t\t\t\t\t<\/div> \n\t\t\t\n\t\t\t\t<div id=\"ngg-image-95\" class=\"ngg-gallery-thumbnail-box ngg-11-columns\" >\n\t\t\t\t        <div class=\"ngg-gallery-thumbnail\">\n            <a href=\"https:\/\/old.atletikaolomouc.cz\/wp-content\/gallery\/nesmer-2022-foto-jarda-vychodil\/DSC_1632.jpg\"\n               title=\"\"\n               data-src=\"https:\/\/old.atletikaolomouc.cz\/wp-content\/gallery\/nesmer-2022-foto-jarda-vychodil\/DSC_1632.jpg\"\n               data-thumbnail=\"https:\/\/old.atletikaolomouc.cz\/wp-content\/gallery\/nesmer-2022-foto-jarda-vychodil\/thumbs\/thumbs_DSC_1632.jpg\"\n               data-image-id=\"18036\"\n               data-title=\"DSC_1632\"\n               data-description=\"\"\n               data-image-slug=\"dsc_1632\"\n               class=\"ngg-simplelightbox\" rel=\"c68f919fa0b128bb141c0b8c41c4bc01\">\n                <img\n                    title=\"DSC_1632\"\n                    alt=\"DSC_1632\"\n                    src=\"https:\/\/old.atletikaolomouc.cz\/wp-content\/gallery\/nesmer-2022-foto-jarda-vychodil\/thumbs\/thumbs_DSC_1632.jpg\"\n                    width=\"240\"\n                    height=\"160\"\n                    style=\"max-width:100%;\"\n                \/>\n            <\/a>\n        <\/div>\n\t\t\t\t\t\t\t<\/div> \n\t\t\t\n\t\t\t\t<div id=\"ngg-image-96\" class=\"ngg-gallery-thumbnail-box ngg-11-columns\" >\n\t\t\t\t        <div class=\"ngg-gallery-thumbnail\">\n            <a href=\"https:\/\/old.atletikaolomouc.cz\/wp-content\/gallery\/nesmer-2022-foto-jarda-vychodil\/DSC_1633.jpg\"\n               title=\"\"\n               data-src=\"https:\/\/old.atletikaolomouc.cz\/wp-content\/gallery\/nesmer-2022-foto-jarda-vychodil\/DSC_1633.jpg\"\n               data-thumbnail=\"https:\/\/old.atletikaolomouc.cz\/wp-content\/gallery\/nesmer-2022-foto-jarda-vychodil\/thumbs\/thumbs_DSC_1633.jpg\"\n               data-image-id=\"18038\"\n               data-title=\"DSC_1633\"\n               data-description=\"\"\n               data-image-slug=\"dsc_1633\"\n               class=\"ngg-simplelightbox\" rel=\"c68f919fa0b128bb141c0b8c41c4bc01\">\n                <img\n                    title=\"DSC_1633\"\n                    alt=\"DSC_1633\"\n                    src=\"https:\/\/old.atletikaolomouc.cz\/wp-content\/gallery\/nesmer-2022-foto-jarda-vychodil\/thumbs\/thumbs_DSC_1633.jpg\"\n                    width=\"240\"\n                    height=\"160\"\n                    style=\"max-width:100%;\"\n                \/>\n            <\/a>\n        <\/div>\n\t\t\t\t\t\t\t<\/div> \n\t\t\t\n\t\t\t\t<div id=\"ngg-image-97\" class=\"ngg-gallery-thumbnail-box ngg-11-columns\" >\n\t\t\t\t        <div class=\"ngg-gallery-thumbnail\">\n            <a href=\"https:\/\/old.atletikaolomouc.cz\/wp-content\/gallery\/nesmer-2022-foto-jarda-vychodil\/DSC_1634.jpg\"\n               title=\"\"\n               data-src=\"https:\/\/old.atletikaolomouc.cz\/wp-content\/gallery\/nesmer-2022-foto-jarda-vychodil\/DSC_1634.jpg\"\n               data-thumbnail=\"https:\/\/old.atletikaolomouc.cz\/wp-content\/gallery\/nesmer-2022-foto-jarda-vychodil\/thumbs\/thumbs_DSC_1634.jpg\"\n               data-image-id=\"18042\"\n               data-title=\"DSC_1634\"\n               data-description=\"\"\n               data-image-slug=\"dsc_1634-81\"\n               class=\"ngg-simplelightbox\" rel=\"c68f919fa0b128bb141c0b8c41c4bc01\">\n                <img\n                    title=\"DSC_1634\"\n                    alt=\"DSC_1634\"\n                    src=\"https:\/\/old.atletikaolomouc.cz\/wp-content\/gallery\/nesmer-2022-foto-jarda-vychodil\/thumbs\/thumbs_DSC_1634.jpg\"\n                    width=\"240\"\n                    height=\"160\"\n                    style=\"max-width:100%;\"\n                \/>\n            <\/a>\n        <\/div>\n\t\t\t\t\t\t\t<\/div> \n\t\t\t\n\t\t\t\t<div id=\"ngg-image-98\" class=\"ngg-gallery-thumbnail-box ngg-11-columns\" >\n\t\t\t\t        <div class=\"ngg-gallery-thumbnail\">\n            <a href=\"https:\/\/old.atletikaolomouc.cz\/wp-content\/gallery\/nesmer-2022-foto-jarda-vychodil\/DSC_1635.jpg\"\n               title=\"\"\n               data-src=\"https:\/\/old.atletikaolomouc.cz\/wp-content\/gallery\/nesmer-2022-foto-jarda-vychodil\/DSC_1635.jpg\"\n               data-thumbnail=\"https:\/\/old.atletikaolomouc.cz\/wp-content\/gallery\/nesmer-2022-foto-jarda-vychodil\/thumbs\/thumbs_DSC_1635.jpg\"\n               data-image-id=\"18047\"\n               data-title=\"DSC_1635\"\n               data-description=\"\"\n               data-image-slug=\"dsc_1635-81\"\n               class=\"ngg-simplelightbox\" rel=\"c68f919fa0b128bb141c0b8c41c4bc01\">\n                <img\n                    title=\"DSC_1635\"\n                    alt=\"DSC_1635\"\n                    src=\"https:\/\/old.atletikaolomouc.cz\/wp-content\/gallery\/nesmer-2022-foto-jarda-vychodil\/thumbs\/thumbs_DSC_1635.jpg\"\n                    width=\"240\"\n                    height=\"160\"\n                    style=\"max-width:100%;\"\n                \/>\n            <\/a>\n        <\/div>\n\t\t\t\t\t\t\t<\/div> \n\t\t\t\n\t\t\t\t<div id=\"ngg-image-99\" class=\"ngg-gallery-thumbnail-box ngg-11-columns\" >\n\t\t\t\t        <div class=\"ngg-gallery-thumbnail\">\n            <a href=\"https:\/\/old.atletikaolomouc.cz\/wp-content\/gallery\/nesmer-2022-foto-jarda-vychodil\/DSC_1636.jpg\"\n               title=\"\"\n               data-src=\"https:\/\/old.atletikaolomouc.cz\/wp-content\/gallery\/nesmer-2022-foto-jarda-vychodil\/DSC_1636.jpg\"\n               data-thumbnail=\"https:\/\/old.atletikaolomouc.cz\/wp-content\/gallery\/nesmer-2022-foto-jarda-vychodil\/thumbs\/thumbs_DSC_1636.jpg\"\n               data-image-id=\"18050\"\n               data-title=\"DSC_1636\"\n               data-description=\"\"\n               data-image-slug=\"dsc_1636-81\"\n               class=\"ngg-simplelightbox\" rel=\"c68f919fa0b128bb141c0b8c41c4bc01\">\n                <img\n                    title=\"DSC_1636\"\n                    alt=\"DSC_1636\"\n                    src=\"https:\/\/old.atletikaolomouc.cz\/wp-content\/gallery\/nesmer-2022-foto-jarda-vychodil\/thumbs\/thumbs_DSC_1636.jpg\"\n                    width=\"240\"\n                    height=\"160\"\n                    style=\"max-width:100%;\"\n                \/>\n            <\/a>\n        <\/div>\n\t\t\t\t\t\t\t<\/div> \n\t\t\t\n\t\t\t\t<div id=\"ngg-image-100\" class=\"ngg-gallery-thumbnail-box ngg-11-columns\" >\n\t\t\t\t        <div class=\"ngg-gallery-thumbnail\">\n            <a href=\"https:\/\/old.atletikaolomouc.cz\/wp-content\/gallery\/nesmer-2022-foto-jarda-vychodil\/DSC_1637.jpg\"\n               title=\"\"\n               data-src=\"https:\/\/old.atletikaolomouc.cz\/wp-content\/gallery\/nesmer-2022-foto-jarda-vychodil\/DSC_1637.jpg\"\n               data-thumbnail=\"https:\/\/old.atletikaolomouc.cz\/wp-content\/gallery\/nesmer-2022-foto-jarda-vychodil\/thumbs\/thumbs_DSC_1637.jpg\"\n               data-image-id=\"18053\"\n               data-title=\"DSC_1637\"\n               data-description=\"\"\n               data-image-slug=\"dsc_1637-81\"\n               class=\"ngg-simplelightbox\" rel=\"c68f919fa0b128bb141c0b8c41c4bc01\">\n                <img\n                    title=\"DSC_1637\"\n                    alt=\"DSC_1637\"\n                    src=\"https:\/\/old.atletikaolomouc.cz\/wp-content\/gallery\/nesmer-2022-foto-jarda-vychodil\/thumbs\/thumbs_DSC_1637.jpg\"\n                    width=\"240\"\n                    height=\"160\"\n                    style=\"max-width:100%;\"\n                \/>\n            <\/a>\n        <\/div>\n\t\t\t\t\t\t\t<\/div> \n\t\t\t\n\t\t\t\t<div id=\"ngg-image-101\" class=\"ngg-gallery-thumbnail-box ngg-11-columns\" >\n\t\t\t\t        <div class=\"ngg-gallery-thumbnail\">\n            <a href=\"https:\/\/old.atletikaolomouc.cz\/wp-content\/gallery\/nesmer-2022-foto-jarda-vychodil\/DSC_1638.jpg\"\n               title=\"\"\n               data-src=\"https:\/\/old.atletikaolomouc.cz\/wp-content\/gallery\/nesmer-2022-foto-jarda-vychodil\/DSC_1638.jpg\"\n               data-thumbnail=\"https:\/\/old.atletikaolomouc.cz\/wp-content\/gallery\/nesmer-2022-foto-jarda-vychodil\/thumbs\/thumbs_DSC_1638.jpg\"\n               data-image-id=\"18055\"\n               data-title=\"DSC_1638\"\n               data-description=\"\"\n               data-image-slug=\"dsc_1638\"\n               class=\"ngg-simplelightbox\" rel=\"c68f919fa0b128bb141c0b8c41c4bc01\">\n                <img\n                    title=\"DSC_1638\"\n                    alt=\"DSC_1638\"\n                    src=\"https:\/\/old.atletikaolomouc.cz\/wp-content\/gallery\/nesmer-2022-foto-jarda-vychodil\/thumbs\/thumbs_DSC_1638.jpg\"\n                    width=\"240\"\n                    height=\"160\"\n                    style=\"max-width:100%;\"\n                \/>\n            <\/a>\n        <\/div>\n\t\t\t\t\t\t\t<\/div> \n\t\t\t\n\t\t\t\t<div id=\"ngg-image-102\" class=\"ngg-gallery-thumbnail-box ngg-11-columns\" >\n\t\t\t\t        <div class=\"ngg-gallery-thumbnail\">\n            <a href=\"https:\/\/old.atletikaolomouc.cz\/wp-content\/gallery\/nesmer-2022-foto-jarda-vychodil\/DSC_1639.jpg\"\n               title=\"\"\n               data-src=\"https:\/\/old.atletikaolomouc.cz\/wp-content\/gallery\/nesmer-2022-foto-jarda-vychodil\/DSC_1639.jpg\"\n               data-thumbnail=\"https:\/\/old.atletikaolomouc.cz\/wp-content\/gallery\/nesmer-2022-foto-jarda-vychodil\/thumbs\/thumbs_DSC_1639.jpg\"\n               data-image-id=\"18058\"\n               data-title=\"DSC_1639\"\n               data-description=\"\"\n               data-image-slug=\"dsc_1639-81\"\n               class=\"ngg-simplelightbox\" rel=\"c68f919fa0b128bb141c0b8c41c4bc01\">\n                <img\n                    title=\"DSC_1639\"\n                    alt=\"DSC_1639\"\n                    src=\"https:\/\/old.atletikaolomouc.cz\/wp-content\/gallery\/nesmer-2022-foto-jarda-vychodil\/thumbs\/thumbs_DSC_1639.jpg\"\n                    width=\"240\"\n                    height=\"160\"\n                    style=\"max-width:100%;\"\n                \/>\n            <\/a>\n        <\/div>\n\t\t\t\t\t\t\t<\/div> \n\t\t\t\n\t\t\t\t<div id=\"ngg-image-103\" class=\"ngg-gallery-thumbnail-box ngg-11-columns\" >\n\t\t\t\t        <div class=\"ngg-gallery-thumbnail\">\n            <a href=\"https:\/\/old.atletikaolomouc.cz\/wp-content\/gallery\/nesmer-2022-foto-jarda-vychodil\/DSC_1640.jpg\"\n               title=\"\"\n               data-src=\"https:\/\/old.atletikaolomouc.cz\/wp-content\/gallery\/nesmer-2022-foto-jarda-vychodil\/DSC_1640.jpg\"\n               data-thumbnail=\"https:\/\/old.atletikaolomouc.cz\/wp-content\/gallery\/nesmer-2022-foto-jarda-vychodil\/thumbs\/thumbs_DSC_1640.jpg\"\n               data-image-id=\"18061\"\n               data-title=\"DSC_1640\"\n               data-description=\"\"\n               data-image-slug=\"dsc_1640-81\"\n               class=\"ngg-simplelightbox\" rel=\"c68f919fa0b128bb141c0b8c41c4bc01\">\n                <img\n                    title=\"DSC_1640\"\n                    alt=\"DSC_1640\"\n                    src=\"https:\/\/old.atletikaolomouc.cz\/wp-content\/gallery\/nesmer-2022-foto-jarda-vychodil\/thumbs\/thumbs_DSC_1640.jpg\"\n                    width=\"240\"\n                    height=\"160\"\n                    style=\"max-width:100%;\"\n                \/>\n            <\/a>\n        <\/div>\n\t\t\t\t\t\t\t<\/div> \n\t\t\t\n\t\t\t\t<div id=\"ngg-image-104\" class=\"ngg-gallery-thumbnail-box ngg-11-columns\" >\n\t\t\t\t        <div class=\"ngg-gallery-thumbnail\">\n            <a href=\"https:\/\/old.atletikaolomouc.cz\/wp-content\/gallery\/nesmer-2022-foto-jarda-vychodil\/DSC_1641.jpg\"\n               title=\"\"\n               data-src=\"https:\/\/old.atletikaolomouc.cz\/wp-content\/gallery\/nesmer-2022-foto-jarda-vychodil\/DSC_1641.jpg\"\n               data-thumbnail=\"https:\/\/old.atletikaolomouc.cz\/wp-content\/gallery\/nesmer-2022-foto-jarda-vychodil\/thumbs\/thumbs_DSC_1641.jpg\"\n               data-image-id=\"18064\"\n               data-title=\"DSC_1641\"\n               data-description=\"\"\n               data-image-slug=\"dsc_1641\"\n               class=\"ngg-simplelightbox\" rel=\"c68f919fa0b128bb141c0b8c41c4bc01\">\n                <img\n                    title=\"DSC_1641\"\n                    alt=\"DSC_1641\"\n                    src=\"https:\/\/old.atletikaolomouc.cz\/wp-content\/gallery\/nesmer-2022-foto-jarda-vychodil\/thumbs\/thumbs_DSC_1641.jpg\"\n                    width=\"240\"\n                    height=\"160\"\n                    style=\"max-width:100%;\"\n                \/>\n            <\/a>\n        <\/div>\n\t\t\t\t\t\t\t<\/div> \n\t\t\t\n\t\t\t\t<div id=\"ngg-image-105\" class=\"ngg-gallery-thumbnail-box ngg-11-columns\" >\n\t\t\t\t        <div class=\"ngg-gallery-thumbnail\">\n            <a href=\"https:\/\/old.atletikaolomouc.cz\/wp-content\/gallery\/nesmer-2022-foto-jarda-vychodil\/DSC_1642.jpg\"\n               title=\"\"\n               data-src=\"https:\/\/old.atletikaolomouc.cz\/wp-content\/gallery\/nesmer-2022-foto-jarda-vychodil\/DSC_1642.jpg\"\n               data-thumbnail=\"https:\/\/old.atletikaolomouc.cz\/wp-content\/gallery\/nesmer-2022-foto-jarda-vychodil\/thumbs\/thumbs_DSC_1642.jpg\"\n               data-image-id=\"18068\"\n               data-title=\"DSC_1642\"\n               data-description=\"\"\n               data-image-slug=\"dsc_1642-81\"\n               class=\"ngg-simplelightbox\" rel=\"c68f919fa0b128bb141c0b8c41c4bc01\">\n                <img\n                    title=\"DSC_1642\"\n                    alt=\"DSC_1642\"\n                    src=\"https:\/\/old.atletikaolomouc.cz\/wp-content\/gallery\/nesmer-2022-foto-jarda-vychodil\/thumbs\/thumbs_DSC_1642.jpg\"\n                    width=\"240\"\n                    height=\"160\"\n                    style=\"max-width:100%;\"\n                \/>\n            <\/a>\n        <\/div>\n\t\t\t\t\t\t\t<\/div> \n\t\t\t\n\t\t\t\t<div id=\"ngg-image-106\" class=\"ngg-gallery-thumbnail-box ngg-11-columns\" >\n\t\t\t\t        <div class=\"ngg-gallery-thumbnail\">\n            <a href=\"https:\/\/old.atletikaolomouc.cz\/wp-content\/gallery\/nesmer-2022-foto-jarda-vychodil\/DSC_1643.jpg\"\n               title=\"\"\n               data-src=\"https:\/\/old.atletikaolomouc.cz\/wp-content\/gallery\/nesmer-2022-foto-jarda-vychodil\/DSC_1643.jpg\"\n               data-thumbnail=\"https:\/\/old.atletikaolomouc.cz\/wp-content\/gallery\/nesmer-2022-foto-jarda-vychodil\/thumbs\/thumbs_DSC_1643.jpg\"\n               data-image-id=\"18071\"\n               data-title=\"DSC_1643\"\n               data-description=\"\"\n               data-image-slug=\"dsc_1643\"\n               class=\"ngg-simplelightbox\" rel=\"c68f919fa0b128bb141c0b8c41c4bc01\">\n                <img\n                    title=\"DSC_1643\"\n                    alt=\"DSC_1643\"\n                    src=\"https:\/\/old.atletikaolomouc.cz\/wp-content\/gallery\/nesmer-2022-foto-jarda-vychodil\/thumbs\/thumbs_DSC_1643.jpg\"\n                    width=\"240\"\n                    height=\"160\"\n                    style=\"max-width:100%;\"\n                \/>\n            <\/a>\n        <\/div>\n\t\t\t\t\t\t\t<\/div> \n\t\t\t\n\t\t\t\t<div id=\"ngg-image-107\" class=\"ngg-gallery-thumbnail-box ngg-11-columns\" >\n\t\t\t\t        <div class=\"ngg-gallery-thumbnail\">\n            <a href=\"https:\/\/old.atletikaolomouc.cz\/wp-content\/gallery\/nesmer-2022-foto-jarda-vychodil\/DSC_1644.jpg\"\n               title=\"\"\n               data-src=\"https:\/\/old.atletikaolomouc.cz\/wp-content\/gallery\/nesmer-2022-foto-jarda-vychodil\/DSC_1644.jpg\"\n               data-thumbnail=\"https:\/\/old.atletikaolomouc.cz\/wp-content\/gallery\/nesmer-2022-foto-jarda-vychodil\/thumbs\/thumbs_DSC_1644.jpg\"\n               data-image-id=\"18074\"\n               data-title=\"DSC_1644\"\n               data-description=\"\"\n               data-image-slug=\"dsc_1644-81\"\n               class=\"ngg-simplelightbox\" rel=\"c68f919fa0b128bb141c0b8c41c4bc01\">\n                <img\n                    title=\"DSC_1644\"\n                    alt=\"DSC_1644\"\n                    src=\"https:\/\/old.atletikaolomouc.cz\/wp-content\/gallery\/nesmer-2022-foto-jarda-vychodil\/thumbs\/thumbs_DSC_1644.jpg\"\n                    width=\"240\"\n                    height=\"160\"\n                    style=\"max-width:100%;\"\n                \/>\n            <\/a>\n        <\/div>\n\t\t\t\t\t\t\t<\/div> \n\t\t\t\n\t\t\t\t<div id=\"ngg-image-108\" class=\"ngg-gallery-thumbnail-box ngg-11-columns\" >\n\t\t\t\t        <div class=\"ngg-gallery-thumbnail\">\n            <a href=\"https:\/\/old.atletikaolomouc.cz\/wp-content\/gallery\/nesmer-2022-foto-jarda-vychodil\/DSC_1645.jpg\"\n               title=\"\"\n               data-src=\"https:\/\/old.atletikaolomouc.cz\/wp-content\/gallery\/nesmer-2022-foto-jarda-vychodil\/DSC_1645.jpg\"\n               data-thumbnail=\"https:\/\/old.atletikaolomouc.cz\/wp-content\/gallery\/nesmer-2022-foto-jarda-vychodil\/thumbs\/thumbs_DSC_1645.jpg\"\n               data-image-id=\"18078\"\n               data-title=\"DSC_1645\"\n               data-description=\"\"\n               data-image-slug=\"dsc_1645\"\n               class=\"ngg-simplelightbox\" rel=\"c68f919fa0b128bb141c0b8c41c4bc01\">\n                <img\n                    title=\"DSC_1645\"\n                    alt=\"DSC_1645\"\n                    src=\"https:\/\/old.atletikaolomouc.cz\/wp-content\/gallery\/nesmer-2022-foto-jarda-vychodil\/thumbs\/thumbs_DSC_1645.jpg\"\n                    width=\"240\"\n                    height=\"160\"\n                    style=\"max-width:100%;\"\n                \/>\n            <\/a>\n        <\/div>\n\t\t\t\t\t\t\t<\/div> \n\t\t\t\n\t\t\t\t<div id=\"ngg-image-109\" class=\"ngg-gallery-thumbnail-box ngg-11-columns\" >\n\t\t\t\t        <div class=\"ngg-gallery-thumbnail\">\n            <a href=\"https:\/\/old.atletikaolomouc.cz\/wp-content\/gallery\/nesmer-2022-foto-jarda-vychodil\/DSC_1646.jpg\"\n               title=\"\"\n               data-src=\"https:\/\/old.atletikaolomouc.cz\/wp-content\/gallery\/nesmer-2022-foto-jarda-vychodil\/DSC_1646.jpg\"\n               data-thumbnail=\"https:\/\/old.atletikaolomouc.cz\/wp-content\/gallery\/nesmer-2022-foto-jarda-vychodil\/thumbs\/thumbs_DSC_1646.jpg\"\n               data-image-id=\"18081\"\n               data-title=\"DSC_1646\"\n               data-description=\"\"\n               data-image-slug=\"dsc_1646-81\"\n               class=\"ngg-simplelightbox\" rel=\"c68f919fa0b128bb141c0b8c41c4bc01\">\n                <img\n                    title=\"DSC_1646\"\n                    alt=\"DSC_1646\"\n                    src=\"https:\/\/old.atletikaolomouc.cz\/wp-content\/gallery\/nesmer-2022-foto-jarda-vychodil\/thumbs\/thumbs_DSC_1646.jpg\"\n                    width=\"240\"\n                    height=\"160\"\n                    style=\"max-width:100%;\"\n                \/>\n            <\/a>\n        <\/div>\n\t\t\t\t\t\t\t<\/div> \n\t\t\t\n\t\t\t\t<div id=\"ngg-image-110\" class=\"ngg-gallery-thumbnail-box ngg-11-columns\" >\n\t\t\t\t        <div class=\"ngg-gallery-thumbnail\">\n            <a href=\"https:\/\/old.atletikaolomouc.cz\/wp-content\/gallery\/nesmer-2022-foto-jarda-vychodil\/DSC_1647.jpg\"\n               title=\"\"\n               data-src=\"https:\/\/old.atletikaolomouc.cz\/wp-content\/gallery\/nesmer-2022-foto-jarda-vychodil\/DSC_1647.jpg\"\n               data-thumbnail=\"https:\/\/old.atletikaolomouc.cz\/wp-content\/gallery\/nesmer-2022-foto-jarda-vychodil\/thumbs\/thumbs_DSC_1647.jpg\"\n               data-image-id=\"18083\"\n               data-title=\"DSC_1647\"\n               data-description=\"\"\n               data-image-slug=\"dsc_1647\"\n               class=\"ngg-simplelightbox\" rel=\"c68f919fa0b128bb141c0b8c41c4bc01\">\n                <img\n                    title=\"DSC_1647\"\n                    alt=\"DSC_1647\"\n                    src=\"https:\/\/old.atletikaolomouc.cz\/wp-content\/gallery\/nesmer-2022-foto-jarda-vychodil\/thumbs\/thumbs_DSC_1647.jpg\"\n                    width=\"240\"\n                    height=\"160\"\n                    style=\"max-width:100%;\"\n                \/>\n            <\/a>\n        <\/div>\n\t\t\t\t\t\t\t<\/div> \n\t\t\t\n\t\t\t\t<div id=\"ngg-image-111\" class=\"ngg-gallery-thumbnail-box ngg-11-columns\" >\n\t\t\t\t        <div class=\"ngg-gallery-thumbnail\">\n            <a href=\"https:\/\/old.atletikaolomouc.cz\/wp-content\/gallery\/nesmer-2022-foto-jarda-vychodil\/DSC_1648.jpg\"\n               title=\"\"\n               data-src=\"https:\/\/old.atletikaolomouc.cz\/wp-content\/gallery\/nesmer-2022-foto-jarda-vychodil\/DSC_1648.jpg\"\n               data-thumbnail=\"https:\/\/old.atletikaolomouc.cz\/wp-content\/gallery\/nesmer-2022-foto-jarda-vychodil\/thumbs\/thumbs_DSC_1648.jpg\"\n               data-image-id=\"18087\"\n               data-title=\"DSC_1648\"\n               data-description=\"\"\n               data-image-slug=\"dsc_1648-81\"\n               class=\"ngg-simplelightbox\" rel=\"c68f919fa0b128bb141c0b8c41c4bc01\">\n                <img\n                    title=\"DSC_1648\"\n                    alt=\"DSC_1648\"\n                    src=\"https:\/\/old.atletikaolomouc.cz\/wp-content\/gallery\/nesmer-2022-foto-jarda-vychodil\/thumbs\/thumbs_DSC_1648.jpg\"\n                    width=\"240\"\n                    height=\"160\"\n                    style=\"max-width:100%;\"\n                \/>\n            <\/a>\n        <\/div>\n\t\t\t\t\t\t\t<\/div> \n\t\t\t\n\t\t\t\t<div id=\"ngg-image-112\" class=\"ngg-gallery-thumbnail-box ngg-11-columns\" >\n\t\t\t\t        <div class=\"ngg-gallery-thumbnail\">\n            <a href=\"https:\/\/old.atletikaolomouc.cz\/wp-content\/gallery\/nesmer-2022-foto-jarda-vychodil\/DSC_1649.jpg\"\n               title=\"\"\n               data-src=\"https:\/\/old.atletikaolomouc.cz\/wp-content\/gallery\/nesmer-2022-foto-jarda-vychodil\/DSC_1649.jpg\"\n               data-thumbnail=\"https:\/\/old.atletikaolomouc.cz\/wp-content\/gallery\/nesmer-2022-foto-jarda-vychodil\/thumbs\/thumbs_DSC_1649.jpg\"\n               data-image-id=\"18088\"\n               data-title=\"DSC_1649\"\n               data-description=\"\"\n               data-image-slug=\"dsc_1649-81\"\n               class=\"ngg-simplelightbox\" rel=\"c68f919fa0b128bb141c0b8c41c4bc01\">\n                <img\n                    title=\"DSC_1649\"\n                    alt=\"DSC_1649\"\n                    src=\"https:\/\/old.atletikaolomouc.cz\/wp-content\/gallery\/nesmer-2022-foto-jarda-vychodil\/thumbs\/thumbs_DSC_1649.jpg\"\n                    width=\"240\"\n                    height=\"160\"\n                    style=\"max-width:100%;\"\n                \/>\n            <\/a>\n        <\/div>\n\t\t\t\t\t\t\t<\/div> \n\t\t\t\n\t\t\t\t<div id=\"ngg-image-113\" class=\"ngg-gallery-thumbnail-box ngg-11-columns\" >\n\t\t\t\t        <div class=\"ngg-gallery-thumbnail\">\n            <a href=\"https:\/\/old.atletikaolomouc.cz\/wp-content\/gallery\/nesmer-2022-foto-jarda-vychodil\/DSC_1650.jpg\"\n               title=\"\"\n               data-src=\"https:\/\/old.atletikaolomouc.cz\/wp-content\/gallery\/nesmer-2022-foto-jarda-vychodil\/DSC_1650.jpg\"\n               data-thumbnail=\"https:\/\/old.atletikaolomouc.cz\/wp-content\/gallery\/nesmer-2022-foto-jarda-vychodil\/thumbs\/thumbs_DSC_1650.jpg\"\n               data-image-id=\"18089\"\n               data-title=\"DSC_1650\"\n               data-description=\"\"\n               data-image-slug=\"dsc_1650-81\"\n               class=\"ngg-simplelightbox\" rel=\"c68f919fa0b128bb141c0b8c41c4bc01\">\n                <img\n                    title=\"DSC_1650\"\n                    alt=\"DSC_1650\"\n                    src=\"https:\/\/old.atletikaolomouc.cz\/wp-content\/gallery\/nesmer-2022-foto-jarda-vychodil\/thumbs\/thumbs_DSC_1650.jpg\"\n                    width=\"240\"\n                    height=\"160\"\n                    style=\"max-width:100%;\"\n                \/>\n            <\/a>\n        <\/div>\n\t\t\t\t\t\t\t<\/div> \n\t\t\t\n\t\t\t\t<div id=\"ngg-image-114\" class=\"ngg-gallery-thumbnail-box ngg-11-columns\" >\n\t\t\t\t        <div class=\"ngg-gallery-thumbnail\">\n            <a href=\"https:\/\/old.atletikaolomouc.cz\/wp-content\/gallery\/nesmer-2022-foto-jarda-vychodil\/DSC_1651.jpg\"\n               title=\"\"\n               data-src=\"https:\/\/old.atletikaolomouc.cz\/wp-content\/gallery\/nesmer-2022-foto-jarda-vychodil\/DSC_1651.jpg\"\n               data-thumbnail=\"https:\/\/old.atletikaolomouc.cz\/wp-content\/gallery\/nesmer-2022-foto-jarda-vychodil\/thumbs\/thumbs_DSC_1651.jpg\"\n               data-image-id=\"18090\"\n               data-title=\"DSC_1651\"\n               data-description=\"\"\n               data-image-slug=\"dsc_1651\"\n               class=\"ngg-simplelightbox\" rel=\"c68f919fa0b128bb141c0b8c41c4bc01\">\n                <img\n                    title=\"DSC_1651\"\n                    alt=\"DSC_1651\"\n                    src=\"https:\/\/old.atletikaolomouc.cz\/wp-content\/gallery\/nesmer-2022-foto-jarda-vychodil\/thumbs\/thumbs_DSC_1651.jpg\"\n                    width=\"240\"\n                    height=\"160\"\n                    style=\"max-width:100%;\"\n                \/>\n            <\/a>\n        <\/div>\n\t\t\t\t\t\t\t<\/div> \n\t\t\t\n\t\t\t\t<div id=\"ngg-image-115\" class=\"ngg-gallery-thumbnail-box ngg-11-columns\" >\n\t\t\t\t        <div class=\"ngg-gallery-thumbnail\">\n            <a href=\"https:\/\/old.atletikaolomouc.cz\/wp-content\/gallery\/nesmer-2022-foto-jarda-vychodil\/DSC_1652.jpg\"\n               title=\"\"\n               data-src=\"https:\/\/old.atletikaolomouc.cz\/wp-content\/gallery\/nesmer-2022-foto-jarda-vychodil\/DSC_1652.jpg\"\n               data-thumbnail=\"https:\/\/old.atletikaolomouc.cz\/wp-content\/gallery\/nesmer-2022-foto-jarda-vychodil\/thumbs\/thumbs_DSC_1652.jpg\"\n               data-image-id=\"18091\"\n               data-title=\"DSC_1652\"\n               data-description=\"\"\n               data-image-slug=\"dsc_1652-81\"\n               class=\"ngg-simplelightbox\" rel=\"c68f919fa0b128bb141c0b8c41c4bc01\">\n                <img\n                    title=\"DSC_1652\"\n                    alt=\"DSC_1652\"\n                    src=\"https:\/\/old.atletikaolomouc.cz\/wp-content\/gallery\/nesmer-2022-foto-jarda-vychodil\/thumbs\/thumbs_DSC_1652.jpg\"\n                    width=\"240\"\n                    height=\"160\"\n                    style=\"max-width:100%;\"\n                \/>\n            <\/a>\n        <\/div>\n\t\t\t\t\t\t\t<\/div> \n\t\t\t\n\t\t\t\t<div id=\"ngg-image-116\" class=\"ngg-gallery-thumbnail-box ngg-11-columns\" >\n\t\t\t\t        <div class=\"ngg-gallery-thumbnail\">\n            <a href=\"https:\/\/old.atletikaolomouc.cz\/wp-content\/gallery\/nesmer-2022-foto-jarda-vychodil\/DSC_1653.jpg\"\n               title=\"\"\n               data-src=\"https:\/\/old.atletikaolomouc.cz\/wp-content\/gallery\/nesmer-2022-foto-jarda-vychodil\/DSC_1653.jpg\"\n               data-thumbnail=\"https:\/\/old.atletikaolomouc.cz\/wp-content\/gallery\/nesmer-2022-foto-jarda-vychodil\/thumbs\/thumbs_DSC_1653.jpg\"\n               data-image-id=\"18092\"\n               data-title=\"DSC_1653\"\n               data-description=\"\"\n               data-image-slug=\"dsc_1653-81\"\n               class=\"ngg-simplelightbox\" rel=\"c68f919fa0b128bb141c0b8c41c4bc01\">\n                <img\n                    title=\"DSC_1653\"\n                    alt=\"DSC_1653\"\n                    src=\"https:\/\/old.atletikaolomouc.cz\/wp-content\/gallery\/nesmer-2022-foto-jarda-vychodil\/thumbs\/thumbs_DSC_1653.jpg\"\n                    width=\"240\"\n                    height=\"160\"\n                    style=\"max-width:100%;\"\n                \/>\n            <\/a>\n        <\/div>\n\t\t\t\t\t\t\t<\/div> \n\t\t\t\n\t\t\t\t<div id=\"ngg-image-117\" class=\"ngg-gallery-thumbnail-box ngg-11-columns\" >\n\t\t\t\t        <div class=\"ngg-gallery-thumbnail\">\n            <a href=\"https:\/\/old.atletikaolomouc.cz\/wp-content\/gallery\/nesmer-2022-foto-jarda-vychodil\/DSC_1654.jpg\"\n               title=\"\"\n               data-src=\"https:\/\/old.atletikaolomouc.cz\/wp-content\/gallery\/nesmer-2022-foto-jarda-vychodil\/DSC_1654.jpg\"\n               data-thumbnail=\"https:\/\/old.atletikaolomouc.cz\/wp-content\/gallery\/nesmer-2022-foto-jarda-vychodil\/thumbs\/thumbs_DSC_1654.jpg\"\n               data-image-id=\"18093\"\n               data-title=\"DSC_1654\"\n               data-description=\"\"\n               data-image-slug=\"dsc_1654\"\n               class=\"ngg-simplelightbox\" rel=\"c68f919fa0b128bb141c0b8c41c4bc01\">\n                <img\n                    title=\"DSC_1654\"\n                    alt=\"DSC_1654\"\n                    src=\"https:\/\/old.atletikaolomouc.cz\/wp-content\/gallery\/nesmer-2022-foto-jarda-vychodil\/thumbs\/thumbs_DSC_1654.jpg\"\n                    width=\"240\"\n                    height=\"160\"\n                    style=\"max-width:100%;\"\n                \/>\n            <\/a>\n        <\/div>\n\t\t\t\t\t\t\t<\/div> \n\t\t\t\n\t\t\t\t<div id=\"ngg-image-118\" class=\"ngg-gallery-thumbnail-box ngg-11-columns\" >\n\t\t\t\t        <div class=\"ngg-gallery-thumbnail\">\n            <a href=\"https:\/\/old.atletikaolomouc.cz\/wp-content\/gallery\/nesmer-2022-foto-jarda-vychodil\/DSC_1655.jpg\"\n               title=\"\"\n               data-src=\"https:\/\/old.atletikaolomouc.cz\/wp-content\/gallery\/nesmer-2022-foto-jarda-vychodil\/DSC_1655.jpg\"\n               data-thumbnail=\"https:\/\/old.atletikaolomouc.cz\/wp-content\/gallery\/nesmer-2022-foto-jarda-vychodil\/thumbs\/thumbs_DSC_1655.jpg\"\n               data-image-id=\"18094\"\n               data-title=\"DSC_1655\"\n               data-description=\"\"\n               data-image-slug=\"dsc_1655-81\"\n               class=\"ngg-simplelightbox\" rel=\"c68f919fa0b128bb141c0b8c41c4bc01\">\n                <img\n                    title=\"DSC_1655\"\n                    alt=\"DSC_1655\"\n                    src=\"https:\/\/old.atletikaolomouc.cz\/wp-content\/gallery\/nesmer-2022-foto-jarda-vychodil\/thumbs\/thumbs_DSC_1655.jpg\"\n                    width=\"240\"\n                    height=\"160\"\n                    style=\"max-width:100%;\"\n                \/>\n            <\/a>\n        <\/div>\n\t\t\t\t\t\t\t<\/div> \n\t\t\t\n\t\t\t\t<div id=\"ngg-image-119\" class=\"ngg-gallery-thumbnail-box ngg-11-columns\" >\n\t\t\t\t        <div class=\"ngg-gallery-thumbnail\">\n            <a href=\"https:\/\/old.atletikaolomouc.cz\/wp-content\/gallery\/nesmer-2022-foto-jarda-vychodil\/DSC_1656.jpg\"\n               title=\"\"\n               data-src=\"https:\/\/old.atletikaolomouc.cz\/wp-content\/gallery\/nesmer-2022-foto-jarda-vychodil\/DSC_1656.jpg\"\n               data-thumbnail=\"https:\/\/old.atletikaolomouc.cz\/wp-content\/gallery\/nesmer-2022-foto-jarda-vychodil\/thumbs\/thumbs_DSC_1656.jpg\"\n               data-image-id=\"18095\"\n               data-title=\"DSC_1656\"\n               data-description=\"\"\n               data-image-slug=\"dsc_1656-81\"\n               class=\"ngg-simplelightbox\" rel=\"c68f919fa0b128bb141c0b8c41c4bc01\">\n                <img\n                    title=\"DSC_1656\"\n                    alt=\"DSC_1656\"\n                    src=\"https:\/\/old.atletikaolomouc.cz\/wp-content\/gallery\/nesmer-2022-foto-jarda-vychodil\/thumbs\/thumbs_DSC_1656.jpg\"\n                    width=\"240\"\n                    height=\"160\"\n                    style=\"max-width:100%;\"\n                \/>\n            <\/a>\n        <\/div>\n\t\t\t\t\t\t\t<\/div> \n\t\t\t\n\t\t\t\t<div id=\"ngg-image-120\" class=\"ngg-gallery-thumbnail-box ngg-11-columns\" >\n\t\t\t\t        <div class=\"ngg-gallery-thumbnail\">\n            <a href=\"https:\/\/old.atletikaolomouc.cz\/wp-content\/gallery\/nesmer-2022-foto-jarda-vychodil\/DSC_1657.jpg\"\n               title=\"\"\n               data-src=\"https:\/\/old.atletikaolomouc.cz\/wp-content\/gallery\/nesmer-2022-foto-jarda-vychodil\/DSC_1657.jpg\"\n               data-thumbnail=\"https:\/\/old.atletikaolomouc.cz\/wp-content\/gallery\/nesmer-2022-foto-jarda-vychodil\/thumbs\/thumbs_DSC_1657.jpg\"\n               data-image-id=\"18096\"\n               data-title=\"DSC_1657\"\n               data-description=\"\"\n               data-image-slug=\"dsc_1657\"\n               class=\"ngg-simplelightbox\" rel=\"c68f919fa0b128bb141c0b8c41c4bc01\">\n                <img\n                    title=\"DSC_1657\"\n                    alt=\"DSC_1657\"\n                    src=\"https:\/\/old.atletikaolomouc.cz\/wp-content\/gallery\/nesmer-2022-foto-jarda-vychodil\/thumbs\/thumbs_DSC_1657.jpg\"\n                    width=\"240\"\n                    height=\"160\"\n                    style=\"max-width:100%;\"\n                \/>\n            <\/a>\n        <\/div>\n\t\t\t\t\t\t\t<\/div> \n\t\t\t\n\t\t\t\t<div id=\"ngg-image-121\" class=\"ngg-gallery-thumbnail-box ngg-11-columns\" >\n\t\t\t\t        <div class=\"ngg-gallery-thumbnail\">\n            <a href=\"https:\/\/old.atletikaolomouc.cz\/wp-content\/gallery\/nesmer-2022-foto-jarda-vychodil\/DSC_1658.jpg\"\n               title=\"\"\n               data-src=\"https:\/\/old.atletikaolomouc.cz\/wp-content\/gallery\/nesmer-2022-foto-jarda-vychodil\/DSC_1658.jpg\"\n               data-thumbnail=\"https:\/\/old.atletikaolomouc.cz\/wp-content\/gallery\/nesmer-2022-foto-jarda-vychodil\/thumbs\/thumbs_DSC_1658.jpg\"\n               data-image-id=\"18097\"\n               data-title=\"DSC_1658\"\n               data-description=\"\"\n               data-image-slug=\"dsc_1658-81\"\n               class=\"ngg-simplelightbox\" rel=\"c68f919fa0b128bb141c0b8c41c4bc01\">\n                <img\n                    title=\"DSC_1658\"\n                    alt=\"DSC_1658\"\n                    src=\"https:\/\/old.atletikaolomouc.cz\/wp-content\/gallery\/nesmer-2022-foto-jarda-vychodil\/thumbs\/thumbs_DSC_1658.jpg\"\n                    width=\"240\"\n                    height=\"160\"\n                    style=\"max-width:100%;\"\n                \/>\n            <\/a>\n        <\/div>\n\t\t\t\t\t\t\t<\/div> \n\t\t\t\n\t\t\t\t<div id=\"ngg-image-122\" class=\"ngg-gallery-thumbnail-box ngg-11-columns\" >\n\t\t\t\t        <div class=\"ngg-gallery-thumbnail\">\n            <a href=\"https:\/\/old.atletikaolomouc.cz\/wp-content\/gallery\/nesmer-2022-foto-jarda-vychodil\/DSC_1659.jpg\"\n               title=\"\"\n               data-src=\"https:\/\/old.atletikaolomouc.cz\/wp-content\/gallery\/nesmer-2022-foto-jarda-vychodil\/DSC_1659.jpg\"\n               data-thumbnail=\"https:\/\/old.atletikaolomouc.cz\/wp-content\/gallery\/nesmer-2022-foto-jarda-vychodil\/thumbs\/thumbs_DSC_1659.jpg\"\n               data-image-id=\"18098\"\n               data-title=\"DSC_1659\"\n               data-description=\"\"\n               data-image-slug=\"dsc_1659-81\"\n               class=\"ngg-simplelightbox\" rel=\"c68f919fa0b128bb141c0b8c41c4bc01\">\n                <img\n                    title=\"DSC_1659\"\n                    alt=\"DSC_1659\"\n                    src=\"https:\/\/old.atletikaolomouc.cz\/wp-content\/gallery\/nesmer-2022-foto-jarda-vychodil\/thumbs\/thumbs_DSC_1659.jpg\"\n                    width=\"240\"\n                    height=\"160\"\n                    style=\"max-width:100%;\"\n                \/>\n            <\/a>\n        <\/div>\n\t\t\t\t\t\t\t<\/div> \n\t\t\t\n\t\t\t\t<div id=\"ngg-image-123\" class=\"ngg-gallery-thumbnail-box ngg-11-columns\" >\n\t\t\t\t        <div class=\"ngg-gallery-thumbnail\">\n            <a href=\"https:\/\/old.atletikaolomouc.cz\/wp-content\/gallery\/nesmer-2022-foto-jarda-vychodil\/DSC_1660.jpg\"\n               title=\"\"\n               data-src=\"https:\/\/old.atletikaolomouc.cz\/wp-content\/gallery\/nesmer-2022-foto-jarda-vychodil\/DSC_1660.jpg\"\n               data-thumbnail=\"https:\/\/old.atletikaolomouc.cz\/wp-content\/gallery\/nesmer-2022-foto-jarda-vychodil\/thumbs\/thumbs_DSC_1660.jpg\"\n               data-image-id=\"18099\"\n               data-title=\"DSC_1660\"\n               data-description=\"\"\n               data-image-slug=\"dsc_1660-81\"\n               class=\"ngg-simplelightbox\" rel=\"c68f919fa0b128bb141c0b8c41c4bc01\">\n                <img\n                    title=\"DSC_1660\"\n                    alt=\"DSC_1660\"\n                    src=\"https:\/\/old.atletikaolomouc.cz\/wp-content\/gallery\/nesmer-2022-foto-jarda-vychodil\/thumbs\/thumbs_DSC_1660.jpg\"\n                    width=\"240\"\n                    height=\"160\"\n                    style=\"max-width:100%;\"\n                \/>\n            <\/a>\n        <\/div>\n\t\t\t\t\t\t\t<\/div> \n\t\t\t\n\t\t\t\t<div id=\"ngg-image-124\" class=\"ngg-gallery-thumbnail-box ngg-11-columns\" >\n\t\t\t\t        <div class=\"ngg-gallery-thumbnail\">\n            <a href=\"https:\/\/old.atletikaolomouc.cz\/wp-content\/gallery\/nesmer-2022-foto-jarda-vychodil\/DSC_1661.jpg\"\n               title=\"\"\n               data-src=\"https:\/\/old.atletikaolomouc.cz\/wp-content\/gallery\/nesmer-2022-foto-jarda-vychodil\/DSC_1661.jpg\"\n               data-thumbnail=\"https:\/\/old.atletikaolomouc.cz\/wp-content\/gallery\/nesmer-2022-foto-jarda-vychodil\/thumbs\/thumbs_DSC_1661.jpg\"\n               data-image-id=\"18100\"\n               data-title=\"DSC_1661\"\n               data-description=\"\"\n               data-image-slug=\"dsc_1661\"\n               class=\"ngg-simplelightbox\" rel=\"c68f919fa0b128bb141c0b8c41c4bc01\">\n                <img\n                    title=\"DSC_1661\"\n                    alt=\"DSC_1661\"\n                    src=\"https:\/\/old.atletikaolomouc.cz\/wp-content\/gallery\/nesmer-2022-foto-jarda-vychodil\/thumbs\/thumbs_DSC_1661.jpg\"\n                    width=\"240\"\n                    height=\"160\"\n                    style=\"max-width:100%;\"\n                \/>\n            <\/a>\n        <\/div>\n\t\t\t\t\t\t\t<\/div> \n\t\t\t\n\t\t\t\t<div id=\"ngg-image-125\" class=\"ngg-gallery-thumbnail-box ngg-11-columns\" >\n\t\t\t\t        <div class=\"ngg-gallery-thumbnail\">\n            <a href=\"https:\/\/old.atletikaolomouc.cz\/wp-content\/gallery\/nesmer-2022-foto-jarda-vychodil\/DSC_1662.jpg\"\n               title=\"\"\n               data-src=\"https:\/\/old.atletikaolomouc.cz\/wp-content\/gallery\/nesmer-2022-foto-jarda-vychodil\/DSC_1662.jpg\"\n               data-thumbnail=\"https:\/\/old.atletikaolomouc.cz\/wp-content\/gallery\/nesmer-2022-foto-jarda-vychodil\/thumbs\/thumbs_DSC_1662.jpg\"\n               data-image-id=\"18101\"\n               data-title=\"DSC_1662\"\n               data-description=\"\"\n               data-image-slug=\"dsc_1662-81\"\n               class=\"ngg-simplelightbox\" rel=\"c68f919fa0b128bb141c0b8c41c4bc01\">\n                <img\n                    title=\"DSC_1662\"\n                    alt=\"DSC_1662\"\n                    src=\"https:\/\/old.atletikaolomouc.cz\/wp-content\/gallery\/nesmer-2022-foto-jarda-vychodil\/thumbs\/thumbs_DSC_1662.jpg\"\n                    width=\"240\"\n                    height=\"160\"\n                    style=\"max-width:100%;\"\n                \/>\n            <\/a>\n        <\/div>\n\t\t\t\t\t\t\t<\/div> \n\t\t\t\n\t\t\t\t<div id=\"ngg-image-126\" class=\"ngg-gallery-thumbnail-box ngg-11-columns\" >\n\t\t\t\t        <div class=\"ngg-gallery-thumbnail\">\n            <a href=\"https:\/\/old.atletikaolomouc.cz\/wp-content\/gallery\/nesmer-2022-foto-jarda-vychodil\/DSC_1663.jpg\"\n               title=\"\"\n               data-src=\"https:\/\/old.atletikaolomouc.cz\/wp-content\/gallery\/nesmer-2022-foto-jarda-vychodil\/DSC_1663.jpg\"\n               data-thumbnail=\"https:\/\/old.atletikaolomouc.cz\/wp-content\/gallery\/nesmer-2022-foto-jarda-vychodil\/thumbs\/thumbs_DSC_1663.jpg\"\n               data-image-id=\"18102\"\n               data-title=\"DSC_1663\"\n               data-description=\"\"\n               data-image-slug=\"dsc_1663\"\n               class=\"ngg-simplelightbox\" rel=\"c68f919fa0b128bb141c0b8c41c4bc01\">\n                <img\n                    title=\"DSC_1663\"\n                    alt=\"DSC_1663\"\n                    src=\"https:\/\/old.atletikaolomouc.cz\/wp-content\/gallery\/nesmer-2022-foto-jarda-vychodil\/thumbs\/thumbs_DSC_1663.jpg\"\n                    width=\"240\"\n                    height=\"160\"\n                    style=\"max-width:100%;\"\n                \/>\n            <\/a>\n        <\/div>\n\t\t\t\t\t\t\t<\/div> \n\t\t\t\n\t\t\t\t<div id=\"ngg-image-127\" class=\"ngg-gallery-thumbnail-box ngg-11-columns\" >\n\t\t\t\t        <div class=\"ngg-gallery-thumbnail\">\n            <a href=\"https:\/\/old.atletikaolomouc.cz\/wp-content\/gallery\/nesmer-2022-foto-jarda-vychodil\/DSC_1665.jpg\"\n               title=\"\"\n               data-src=\"https:\/\/old.atletikaolomouc.cz\/wp-content\/gallery\/nesmer-2022-foto-jarda-vychodil\/DSC_1665.jpg\"\n               data-thumbnail=\"https:\/\/old.atletikaolomouc.cz\/wp-content\/gallery\/nesmer-2022-foto-jarda-vychodil\/thumbs\/thumbs_DSC_1665.jpg\"\n               data-image-id=\"18103\"\n               data-title=\"DSC_1665\"\n               data-description=\"\"\n               data-image-slug=\"dsc_1665\"\n               class=\"ngg-simplelightbox\" rel=\"c68f919fa0b128bb141c0b8c41c4bc01\">\n                <img\n                    title=\"DSC_1665\"\n                    alt=\"DSC_1665\"\n                    src=\"https:\/\/old.atletikaolomouc.cz\/wp-content\/gallery\/nesmer-2022-foto-jarda-vychodil\/thumbs\/thumbs_DSC_1665.jpg\"\n                    width=\"240\"\n                    height=\"160\"\n                    style=\"max-width:100%;\"\n                \/>\n            <\/a>\n        <\/div>\n\t\t\t\t\t\t\t<\/div> \n\t\t\t\n\t\t\t\t<div id=\"ngg-image-128\" class=\"ngg-gallery-thumbnail-box ngg-11-columns\" >\n\t\t\t\t        <div class=\"ngg-gallery-thumbnail\">\n            <a href=\"https:\/\/old.atletikaolomouc.cz\/wp-content\/gallery\/nesmer-2022-foto-jarda-vychodil\/DSC_1666.jpg\"\n               title=\"\"\n               data-src=\"https:\/\/old.atletikaolomouc.cz\/wp-content\/gallery\/nesmer-2022-foto-jarda-vychodil\/DSC_1666.jpg\"\n               data-thumbnail=\"https:\/\/old.atletikaolomouc.cz\/wp-content\/gallery\/nesmer-2022-foto-jarda-vychodil\/thumbs\/thumbs_DSC_1666.jpg\"\n               data-image-id=\"18104\"\n               data-title=\"DSC_1666\"\n               data-description=\"\"\n               data-image-slug=\"dsc_1666-81\"\n               class=\"ngg-simplelightbox\" rel=\"c68f919fa0b128bb141c0b8c41c4bc01\">\n                <img\n                    title=\"DSC_1666\"\n                    alt=\"DSC_1666\"\n                    src=\"https:\/\/old.atletikaolomouc.cz\/wp-content\/gallery\/nesmer-2022-foto-jarda-vychodil\/thumbs\/thumbs_DSC_1666.jpg\"\n                    width=\"240\"\n                    height=\"160\"\n                    style=\"max-width:100%;\"\n                \/>\n            <\/a>\n        <\/div>\n\t\t\t\t\t\t\t<\/div> \n\t\t\t\n\t\t\t\t<div id=\"ngg-image-129\" class=\"ngg-gallery-thumbnail-box ngg-11-columns\" >\n\t\t\t\t        <div class=\"ngg-gallery-thumbnail\">\n            <a href=\"https:\/\/old.atletikaolomouc.cz\/wp-content\/gallery\/nesmer-2022-foto-jarda-vychodil\/DSC_1667.jpg\"\n               title=\"\"\n               data-src=\"https:\/\/old.atletikaolomouc.cz\/wp-content\/gallery\/nesmer-2022-foto-jarda-vychodil\/DSC_1667.jpg\"\n               data-thumbnail=\"https:\/\/old.atletikaolomouc.cz\/wp-content\/gallery\/nesmer-2022-foto-jarda-vychodil\/thumbs\/thumbs_DSC_1667.jpg\"\n               data-image-id=\"18105\"\n               data-title=\"DSC_1667\"\n               data-description=\"\"\n               data-image-slug=\"dsc_1667-81\"\n               class=\"ngg-simplelightbox\" rel=\"c68f919fa0b128bb141c0b8c41c4bc01\">\n                <img\n                    title=\"DSC_1667\"\n                    alt=\"DSC_1667\"\n                    src=\"https:\/\/old.atletikaolomouc.cz\/wp-content\/gallery\/nesmer-2022-foto-jarda-vychodil\/thumbs\/thumbs_DSC_1667.jpg\"\n                    width=\"240\"\n                    height=\"160\"\n                    style=\"max-width:100%;\"\n                \/>\n            <\/a>\n        <\/div>\n\t\t\t\t\t\t\t<\/div> \n\t\t\t\n\t\t\t\t<div id=\"ngg-image-130\" class=\"ngg-gallery-thumbnail-box ngg-11-columns\" >\n\t\t\t\t        <div class=\"ngg-gallery-thumbnail\">\n            <a href=\"https:\/\/old.atletikaolomouc.cz\/wp-content\/gallery\/nesmer-2022-foto-jarda-vychodil\/DSC_1668.jpg\"\n               title=\"\"\n               data-src=\"https:\/\/old.atletikaolomouc.cz\/wp-content\/gallery\/nesmer-2022-foto-jarda-vychodil\/DSC_1668.jpg\"\n               data-thumbnail=\"https:\/\/old.atletikaolomouc.cz\/wp-content\/gallery\/nesmer-2022-foto-jarda-vychodil\/thumbs\/thumbs_DSC_1668.jpg\"\n               data-image-id=\"18106\"\n               data-title=\"DSC_1668\"\n               data-description=\"\"\n               data-image-slug=\"dsc_1668-81\"\n               class=\"ngg-simplelightbox\" rel=\"c68f919fa0b128bb141c0b8c41c4bc01\">\n                <img\n                    title=\"DSC_1668\"\n                    alt=\"DSC_1668\"\n                    src=\"https:\/\/old.atletikaolomouc.cz\/wp-content\/gallery\/nesmer-2022-foto-jarda-vychodil\/thumbs\/thumbs_DSC_1668.jpg\"\n                    width=\"240\"\n                    height=\"160\"\n                    style=\"max-width:100%;\"\n                \/>\n            <\/a>\n        <\/div>\n\t\t\t\t\t\t\t<\/div> \n\t\t\t\n\t\t\t\t<div id=\"ngg-image-131\" class=\"ngg-gallery-thumbnail-box ngg-11-columns\" >\n\t\t\t\t        <div class=\"ngg-gallery-thumbnail\">\n            <a href=\"https:\/\/old.atletikaolomouc.cz\/wp-content\/gallery\/nesmer-2022-foto-jarda-vychodil\/DSC_1669.jpg\"\n               title=\"\"\n               data-src=\"https:\/\/old.atletikaolomouc.cz\/wp-content\/gallery\/nesmer-2022-foto-jarda-vychodil\/DSC_1669.jpg\"\n               data-thumbnail=\"https:\/\/old.atletikaolomouc.cz\/wp-content\/gallery\/nesmer-2022-foto-jarda-vychodil\/thumbs\/thumbs_DSC_1669.jpg\"\n               data-image-id=\"18107\"\n               data-title=\"DSC_1669\"\n               data-description=\"\"\n               data-image-slug=\"dsc_1669-81\"\n               class=\"ngg-simplelightbox\" rel=\"c68f919fa0b128bb141c0b8c41c4bc01\">\n                <img\n                    title=\"DSC_1669\"\n                    alt=\"DSC_1669\"\n                    src=\"https:\/\/old.atletikaolomouc.cz\/wp-content\/gallery\/nesmer-2022-foto-jarda-vychodil\/thumbs\/thumbs_DSC_1669.jpg\"\n                    width=\"240\"\n                    height=\"160\"\n                    style=\"max-width:100%;\"\n                \/>\n            <\/a>\n        <\/div>\n\t\t\t\t\t\t\t<\/div> \n\t\t\t\n\t\t\t\t<div id=\"ngg-image-132\" class=\"ngg-gallery-thumbnail-box ngg-11-columns\" >\n\t\t\t\t        <div class=\"ngg-gallery-thumbnail\">\n            <a href=\"https:\/\/old.atletikaolomouc.cz\/wp-content\/gallery\/nesmer-2022-foto-jarda-vychodil\/DSC_1670.jpg\"\n               title=\"\"\n               data-src=\"https:\/\/old.atletikaolomouc.cz\/wp-content\/gallery\/nesmer-2022-foto-jarda-vychodil\/DSC_1670.jpg\"\n               data-thumbnail=\"https:\/\/old.atletikaolomouc.cz\/wp-content\/gallery\/nesmer-2022-foto-jarda-vychodil\/thumbs\/thumbs_DSC_1670.jpg\"\n               data-image-id=\"18108\"\n               data-title=\"DSC_1670\"\n               data-description=\"\"\n               data-image-slug=\"dsc_1670\"\n               class=\"ngg-simplelightbox\" rel=\"c68f919fa0b128bb141c0b8c41c4bc01\">\n                <img\n                    title=\"DSC_1670\"\n                    alt=\"DSC_1670\"\n                    src=\"https:\/\/old.atletikaolomouc.cz\/wp-content\/gallery\/nesmer-2022-foto-jarda-vychodil\/thumbs\/thumbs_DSC_1670.jpg\"\n                    width=\"240\"\n                    height=\"160\"\n                    style=\"max-width:100%;\"\n                \/>\n            <\/a>\n        <\/div>\n\t\t\t\t\t\t\t<\/div> \n\t\t\t\n\t\t\t\t<div id=\"ngg-image-133\" class=\"ngg-gallery-thumbnail-box ngg-11-columns\" >\n\t\t\t\t        <div class=\"ngg-gallery-thumbnail\">\n            <a href=\"https:\/\/old.atletikaolomouc.cz\/wp-content\/gallery\/nesmer-2022-foto-jarda-vychodil\/DSC_1671.jpg\"\n               title=\"\"\n               data-src=\"https:\/\/old.atletikaolomouc.cz\/wp-content\/gallery\/nesmer-2022-foto-jarda-vychodil\/DSC_1671.jpg\"\n               data-thumbnail=\"https:\/\/old.atletikaolomouc.cz\/wp-content\/gallery\/nesmer-2022-foto-jarda-vychodil\/thumbs\/thumbs_DSC_1671.jpg\"\n               data-image-id=\"18109\"\n               data-title=\"DSC_1671\"\n               data-description=\"\"\n               data-image-slug=\"dsc_1671\"\n               class=\"ngg-simplelightbox\" rel=\"c68f919fa0b128bb141c0b8c41c4bc01\">\n                <img\n                    title=\"DSC_1671\"\n                    alt=\"DSC_1671\"\n                    src=\"https:\/\/old.atletikaolomouc.cz\/wp-content\/gallery\/nesmer-2022-foto-jarda-vychodil\/thumbs\/thumbs_DSC_1671.jpg\"\n                    width=\"240\"\n                    height=\"160\"\n                    style=\"max-width:100%;\"\n                \/>\n            <\/a>\n        <\/div>\n\t\t\t\t\t\t\t<\/div> \n\t\t\t\n\t\t\t\t<div id=\"ngg-image-134\" class=\"ngg-gallery-thumbnail-box ngg-11-columns\" >\n\t\t\t\t        <div class=\"ngg-gallery-thumbnail\">\n            <a href=\"https:\/\/old.atletikaolomouc.cz\/wp-content\/gallery\/nesmer-2022-foto-jarda-vychodil\/DSC_1672.jpg\"\n               title=\"\"\n               data-src=\"https:\/\/old.atletikaolomouc.cz\/wp-content\/gallery\/nesmer-2022-foto-jarda-vychodil\/DSC_1672.jpg\"\n               data-thumbnail=\"https:\/\/old.atletikaolomouc.cz\/wp-content\/gallery\/nesmer-2022-foto-jarda-vychodil\/thumbs\/thumbs_DSC_1672.jpg\"\n               data-image-id=\"18110\"\n               data-title=\"DSC_1672\"\n               data-description=\"\"\n               data-image-slug=\"dsc_1672-81\"\n               class=\"ngg-simplelightbox\" rel=\"c68f919fa0b128bb141c0b8c41c4bc01\">\n                <img\n                    title=\"DSC_1672\"\n                    alt=\"DSC_1672\"\n                    src=\"https:\/\/old.atletikaolomouc.cz\/wp-content\/gallery\/nesmer-2022-foto-jarda-vychodil\/thumbs\/thumbs_DSC_1672.jpg\"\n                    width=\"240\"\n                    height=\"160\"\n                    style=\"max-width:100%;\"\n                \/>\n            <\/a>\n        <\/div>\n\t\t\t\t\t\t\t<\/div> \n\t\t\t\n\t\t\t\t<div id=\"ngg-image-135\" class=\"ngg-gallery-thumbnail-box ngg-11-columns\" >\n\t\t\t\t        <div class=\"ngg-gallery-thumbnail\">\n            <a href=\"https:\/\/old.atletikaolomouc.cz\/wp-content\/gallery\/nesmer-2022-foto-jarda-vychodil\/DSC_1673.jpg\"\n               title=\"\"\n               data-src=\"https:\/\/old.atletikaolomouc.cz\/wp-content\/gallery\/nesmer-2022-foto-jarda-vychodil\/DSC_1673.jpg\"\n               data-thumbnail=\"https:\/\/old.atletikaolomouc.cz\/wp-content\/gallery\/nesmer-2022-foto-jarda-vychodil\/thumbs\/thumbs_DSC_1673.jpg\"\n               data-image-id=\"18111\"\n               data-title=\"DSC_1673\"\n               data-description=\"\"\n               data-image-slug=\"dsc_1673-81\"\n               class=\"ngg-simplelightbox\" rel=\"c68f919fa0b128bb141c0b8c41c4bc01\">\n                <img\n                    title=\"DSC_1673\"\n                    alt=\"DSC_1673\"\n                    src=\"https:\/\/old.atletikaolomouc.cz\/wp-content\/gallery\/nesmer-2022-foto-jarda-vychodil\/thumbs\/thumbs_DSC_1673.jpg\"\n                    width=\"240\"\n                    height=\"160\"\n                    style=\"max-width:100%;\"\n                \/>\n            <\/a>\n        <\/div>\n\t\t\t\t\t\t\t<\/div> \n\t\t\t\n\t\t\t\t<div id=\"ngg-image-136\" class=\"ngg-gallery-thumbnail-box ngg-11-columns\" >\n\t\t\t\t        <div class=\"ngg-gallery-thumbnail\">\n            <a href=\"https:\/\/old.atletikaolomouc.cz\/wp-content\/gallery\/nesmer-2022-foto-jarda-vychodil\/DSC_1674.jpg\"\n               title=\"\"\n               data-src=\"https:\/\/old.atletikaolomouc.cz\/wp-content\/gallery\/nesmer-2022-foto-jarda-vychodil\/DSC_1674.jpg\"\n               data-thumbnail=\"https:\/\/old.atletikaolomouc.cz\/wp-content\/gallery\/nesmer-2022-foto-jarda-vychodil\/thumbs\/thumbs_DSC_1674.jpg\"\n               data-image-id=\"18112\"\n               data-title=\"DSC_1674\"\n               data-description=\"\"\n               data-image-slug=\"dsc_1674\"\n               class=\"ngg-simplelightbox\" rel=\"c68f919fa0b128bb141c0b8c41c4bc01\">\n                <img\n                    title=\"DSC_1674\"\n                    alt=\"DSC_1674\"\n                    src=\"https:\/\/old.atletikaolomouc.cz\/wp-content\/gallery\/nesmer-2022-foto-jarda-vychodil\/thumbs\/thumbs_DSC_1674.jpg\"\n                    width=\"240\"\n                    height=\"160\"\n                    style=\"max-width:100%;\"\n                \/>\n            <\/a>\n        <\/div>\n\t\t\t\t\t\t\t<\/div> \n\t\t\t\n\t\t\t\t<div id=\"ngg-image-137\" class=\"ngg-gallery-thumbnail-box ngg-11-columns\" >\n\t\t\t\t        <div class=\"ngg-gallery-thumbnail\">\n            <a href=\"https:\/\/old.atletikaolomouc.cz\/wp-content\/gallery\/nesmer-2022-foto-jarda-vychodil\/DSC_1675.jpg\"\n               title=\"\"\n               data-src=\"https:\/\/old.atletikaolomouc.cz\/wp-content\/gallery\/nesmer-2022-foto-jarda-vychodil\/DSC_1675.jpg\"\n               data-thumbnail=\"https:\/\/old.atletikaolomouc.cz\/wp-content\/gallery\/nesmer-2022-foto-jarda-vychodil\/thumbs\/thumbs_DSC_1675.jpg\"\n               data-image-id=\"18113\"\n               data-title=\"DSC_1675\"\n               data-description=\"\"\n               data-image-slug=\"dsc_1675-81\"\n               class=\"ngg-simplelightbox\" rel=\"c68f919fa0b128bb141c0b8c41c4bc01\">\n                <img\n                    title=\"DSC_1675\"\n                    alt=\"DSC_1675\"\n                    src=\"https:\/\/old.atletikaolomouc.cz\/wp-content\/gallery\/nesmer-2022-foto-jarda-vychodil\/thumbs\/thumbs_DSC_1675.jpg\"\n                    width=\"240\"\n                    height=\"160\"\n                    style=\"max-width:100%;\"\n                \/>\n            <\/a>\n        <\/div>\n\t\t\t\t\t\t\t<\/div> \n\t\t\t\n\t\t\t\t<div id=\"ngg-image-138\" class=\"ngg-gallery-thumbnail-box ngg-11-columns\" >\n\t\t\t\t        <div class=\"ngg-gallery-thumbnail\">\n            <a href=\"https:\/\/old.atletikaolomouc.cz\/wp-content\/gallery\/nesmer-2022-foto-jarda-vychodil\/DSC_1676.jpg\"\n               title=\"\"\n               data-src=\"https:\/\/old.atletikaolomouc.cz\/wp-content\/gallery\/nesmer-2022-foto-jarda-vychodil\/DSC_1676.jpg\"\n               data-thumbnail=\"https:\/\/old.atletikaolomouc.cz\/wp-content\/gallery\/nesmer-2022-foto-jarda-vychodil\/thumbs\/thumbs_DSC_1676.jpg\"\n               data-image-id=\"18114\"\n               data-title=\"DSC_1676\"\n               data-description=\"\"\n               data-image-slug=\"dsc_1676-81\"\n               class=\"ngg-simplelightbox\" rel=\"c68f919fa0b128bb141c0b8c41c4bc01\">\n                <img\n                    title=\"DSC_1676\"\n                    alt=\"DSC_1676\"\n                    src=\"https:\/\/old.atletikaolomouc.cz\/wp-content\/gallery\/nesmer-2022-foto-jarda-vychodil\/thumbs\/thumbs_DSC_1676.jpg\"\n                    width=\"240\"\n                    height=\"160\"\n                    style=\"max-width:100%;\"\n                \/>\n            <\/a>\n        <\/div>\n\t\t\t\t\t\t\t<\/div> \n\t\t\t\n\t\t\t\t<div id=\"ngg-image-139\" class=\"ngg-gallery-thumbnail-box ngg-11-columns\" >\n\t\t\t\t        <div class=\"ngg-gallery-thumbnail\">\n            <a href=\"https:\/\/old.atletikaolomouc.cz\/wp-content\/gallery\/nesmer-2022-foto-jarda-vychodil\/DSC_1677.jpg\"\n               title=\"\"\n               data-src=\"https:\/\/old.atletikaolomouc.cz\/wp-content\/gallery\/nesmer-2022-foto-jarda-vychodil\/DSC_1677.jpg\"\n               data-thumbnail=\"https:\/\/old.atletikaolomouc.cz\/wp-content\/gallery\/nesmer-2022-foto-jarda-vychodil\/thumbs\/thumbs_DSC_1677.jpg\"\n               data-image-id=\"18115\"\n               data-title=\"DSC_1677\"\n               data-description=\"\"\n               data-image-slug=\"dsc_1677\"\n               class=\"ngg-simplelightbox\" rel=\"c68f919fa0b128bb141c0b8c41c4bc01\">\n                <img\n                    title=\"DSC_1677\"\n                    alt=\"DSC_1677\"\n                    src=\"https:\/\/old.atletikaolomouc.cz\/wp-content\/gallery\/nesmer-2022-foto-jarda-vychodil\/thumbs\/thumbs_DSC_1677.jpg\"\n                    width=\"240\"\n                    height=\"160\"\n                    style=\"max-width:100%;\"\n                \/>\n            <\/a>\n        <\/div>\n\t\t\t\t\t\t\t<\/div> \n\t\t\t\n\t\t\t\t<div id=\"ngg-image-140\" class=\"ngg-gallery-thumbnail-box ngg-11-columns\" >\n\t\t\t\t        <div class=\"ngg-gallery-thumbnail\">\n            <a href=\"https:\/\/old.atletikaolomouc.cz\/wp-content\/gallery\/nesmer-2022-foto-jarda-vychodil\/DSC_1678.jpg\"\n               title=\"\"\n               data-src=\"https:\/\/old.atletikaolomouc.cz\/wp-content\/gallery\/nesmer-2022-foto-jarda-vychodil\/DSC_1678.jpg\"\n               data-thumbnail=\"https:\/\/old.atletikaolomouc.cz\/wp-content\/gallery\/nesmer-2022-foto-jarda-vychodil\/thumbs\/thumbs_DSC_1678.jpg\"\n               data-image-id=\"18116\"\n               data-title=\"DSC_1678\"\n               data-description=\"\"\n               data-image-slug=\"dsc_1678\"\n               class=\"ngg-simplelightbox\" rel=\"c68f919fa0b128bb141c0b8c41c4bc01\">\n                <img\n                    title=\"DSC_1678\"\n                    alt=\"DSC_1678\"\n                    src=\"https:\/\/old.atletikaolomouc.cz\/wp-content\/gallery\/nesmer-2022-foto-jarda-vychodil\/thumbs\/thumbs_DSC_1678.jpg\"\n                    width=\"240\"\n                    height=\"160\"\n                    style=\"max-width:100%;\"\n                \/>\n            <\/a>\n        <\/div>\n\t\t\t\t\t\t\t<\/div> \n\t\t\t\n\t\t\t\t<div id=\"ngg-image-141\" class=\"ngg-gallery-thumbnail-box ngg-11-columns\" >\n\t\t\t\t        <div class=\"ngg-gallery-thumbnail\">\n            <a href=\"https:\/\/old.atletikaolomouc.cz\/wp-content\/gallery\/nesmer-2022-foto-jarda-vychodil\/DSC_1679.jpg\"\n               title=\"\"\n               data-src=\"https:\/\/old.atletikaolomouc.cz\/wp-content\/gallery\/nesmer-2022-foto-jarda-vychodil\/DSC_1679.jpg\"\n               data-thumbnail=\"https:\/\/old.atletikaolomouc.cz\/wp-content\/gallery\/nesmer-2022-foto-jarda-vychodil\/thumbs\/thumbs_DSC_1679.jpg\"\n               data-image-id=\"18117\"\n               data-title=\"DSC_1679\"\n               data-description=\"\"\n               data-image-slug=\"dsc_1679-81\"\n               class=\"ngg-simplelightbox\" rel=\"c68f919fa0b128bb141c0b8c41c4bc01\">\n                <img\n                    title=\"DSC_1679\"\n                    alt=\"DSC_1679\"\n                    src=\"https:\/\/old.atletikaolomouc.cz\/wp-content\/gallery\/nesmer-2022-foto-jarda-vychodil\/thumbs\/thumbs_DSC_1679.jpg\"\n                    width=\"240\"\n                    height=\"160\"\n                    style=\"max-width:100%;\"\n                \/>\n            <\/a>\n        <\/div>\n\t\t\t\t\t\t\t<\/div> \n\t\t\t\n\t\t\t\t<div id=\"ngg-image-142\" class=\"ngg-gallery-thumbnail-box ngg-11-columns\" >\n\t\t\t\t        <div class=\"ngg-gallery-thumbnail\">\n            <a href=\"https:\/\/old.atletikaolomouc.cz\/wp-content\/gallery\/nesmer-2022-foto-jarda-vychodil\/DSC_1680.jpg\"\n               title=\"\"\n               data-src=\"https:\/\/old.atletikaolomouc.cz\/wp-content\/gallery\/nesmer-2022-foto-jarda-vychodil\/DSC_1680.jpg\"\n               data-thumbnail=\"https:\/\/old.atletikaolomouc.cz\/wp-content\/gallery\/nesmer-2022-foto-jarda-vychodil\/thumbs\/thumbs_DSC_1680.jpg\"\n               data-image-id=\"18118\"\n               data-title=\"DSC_1680\"\n               data-description=\"\"\n               data-image-slug=\"dsc_1680\"\n               class=\"ngg-simplelightbox\" rel=\"c68f919fa0b128bb141c0b8c41c4bc01\">\n                <img\n                    title=\"DSC_1680\"\n                    alt=\"DSC_1680\"\n                    src=\"https:\/\/old.atletikaolomouc.cz\/wp-content\/gallery\/nesmer-2022-foto-jarda-vychodil\/thumbs\/thumbs_DSC_1680.jpg\"\n                    width=\"240\"\n                    height=\"160\"\n                    style=\"max-width:100%;\"\n                \/>\n            <\/a>\n        <\/div>\n\t\t\t\t\t\t\t<\/div> \n\t\t\t\n\t\t\t\t<div id=\"ngg-image-143\" class=\"ngg-gallery-thumbnail-box ngg-11-columns\" >\n\t\t\t\t        <div class=\"ngg-gallery-thumbnail\">\n            <a href=\"https:\/\/old.atletikaolomouc.cz\/wp-content\/gallery\/nesmer-2022-foto-jarda-vychodil\/DSC_1681.jpg\"\n               title=\"\"\n               data-src=\"https:\/\/old.atletikaolomouc.cz\/wp-content\/gallery\/nesmer-2022-foto-jarda-vychodil\/DSC_1681.jpg\"\n               data-thumbnail=\"https:\/\/old.atletikaolomouc.cz\/wp-content\/gallery\/nesmer-2022-foto-jarda-vychodil\/thumbs\/thumbs_DSC_1681.jpg\"\n               data-image-id=\"18119\"\n               data-title=\"DSC_1681\"\n               data-description=\"\"\n               data-image-slug=\"dsc_1681\"\n               class=\"ngg-simplelightbox\" rel=\"c68f919fa0b128bb141c0b8c41c4bc01\">\n                <img\n                    title=\"DSC_1681\"\n                    alt=\"DSC_1681\"\n                    src=\"https:\/\/old.atletikaolomouc.cz\/wp-content\/gallery\/nesmer-2022-foto-jarda-vychodil\/thumbs\/thumbs_DSC_1681.jpg\"\n                    width=\"240\"\n                    height=\"160\"\n                    style=\"max-width:100%;\"\n                \/>\n            <\/a>\n        <\/div>\n\t\t\t\t\t\t\t<\/div> \n\t\t\t\n\t\t\t\t<div id=\"ngg-image-144\" class=\"ngg-gallery-thumbnail-box ngg-11-columns\" >\n\t\t\t\t        <div class=\"ngg-gallery-thumbnail\">\n            <a href=\"https:\/\/old.atletikaolomouc.cz\/wp-content\/gallery\/nesmer-2022-foto-jarda-vychodil\/DSC_1682.jpg\"\n               title=\"\"\n               data-src=\"https:\/\/old.atletikaolomouc.cz\/wp-content\/gallery\/nesmer-2022-foto-jarda-vychodil\/DSC_1682.jpg\"\n               data-thumbnail=\"https:\/\/old.atletikaolomouc.cz\/wp-content\/gallery\/nesmer-2022-foto-jarda-vychodil\/thumbs\/thumbs_DSC_1682.jpg\"\n               data-image-id=\"18120\"\n               data-title=\"DSC_1682\"\n               data-description=\"\"\n               data-image-slug=\"dsc_1682-81\"\n               class=\"ngg-simplelightbox\" rel=\"c68f919fa0b128bb141c0b8c41c4bc01\">\n                <img\n                    title=\"DSC_1682\"\n                    alt=\"DSC_1682\"\n                    src=\"https:\/\/old.atletikaolomouc.cz\/wp-content\/gallery\/nesmer-2022-foto-jarda-vychodil\/thumbs\/thumbs_DSC_1682.jpg\"\n                    width=\"240\"\n                    height=\"160\"\n                    style=\"max-width:100%;\"\n                \/>\n            <\/a>\n        <\/div>\n\t\t\t\t\t\t\t<\/div> \n\t\t\t\n\t\t\t\t<div id=\"ngg-image-145\" class=\"ngg-gallery-thumbnail-box ngg-11-columns\" >\n\t\t\t\t        <div class=\"ngg-gallery-thumbnail\">\n            <a href=\"https:\/\/old.atletikaolomouc.cz\/wp-content\/gallery\/nesmer-2022-foto-jarda-vychodil\/DSC_1683.jpg\"\n               title=\"\"\n               data-src=\"https:\/\/old.atletikaolomouc.cz\/wp-content\/gallery\/nesmer-2022-foto-jarda-vychodil\/DSC_1683.jpg\"\n               data-thumbnail=\"https:\/\/old.atletikaolomouc.cz\/wp-content\/gallery\/nesmer-2022-foto-jarda-vychodil\/thumbs\/thumbs_DSC_1683.jpg\"\n               data-image-id=\"18121\"\n               data-title=\"DSC_1683\"\n               data-description=\"\"\n               data-image-slug=\"dsc_1683-81\"\n               class=\"ngg-simplelightbox\" rel=\"c68f919fa0b128bb141c0b8c41c4bc01\">\n                <img\n                    title=\"DSC_1683\"\n                    alt=\"DSC_1683\"\n                    src=\"https:\/\/old.atletikaolomouc.cz\/wp-content\/gallery\/nesmer-2022-foto-jarda-vychodil\/thumbs\/thumbs_DSC_1683.jpg\"\n                    width=\"240\"\n                    height=\"160\"\n                    style=\"max-width:100%;\"\n                \/>\n            <\/a>\n        <\/div>\n\t\t\t\t\t\t\t<\/div> \n\t\t\t\n\t\t\t\t<div id=\"ngg-image-146\" class=\"ngg-gallery-thumbnail-box ngg-11-columns\" >\n\t\t\t\t        <div class=\"ngg-gallery-thumbnail\">\n            <a href=\"https:\/\/old.atletikaolomouc.cz\/wp-content\/gallery\/nesmer-2022-foto-jarda-vychodil\/DSC_1684.jpg\"\n               title=\"\"\n               data-src=\"https:\/\/old.atletikaolomouc.cz\/wp-content\/gallery\/nesmer-2022-foto-jarda-vychodil\/DSC_1684.jpg\"\n               data-thumbnail=\"https:\/\/old.atletikaolomouc.cz\/wp-content\/gallery\/nesmer-2022-foto-jarda-vychodil\/thumbs\/thumbs_DSC_1684.jpg\"\n               data-image-id=\"18122\"\n               data-title=\"DSC_1684\"\n               data-description=\"\"\n               data-image-slug=\"dsc_1684\"\n               class=\"ngg-simplelightbox\" rel=\"c68f919fa0b128bb141c0b8c41c4bc01\">\n                <img\n                    title=\"DSC_1684\"\n                    alt=\"DSC_1684\"\n                    src=\"https:\/\/old.atletikaolomouc.cz\/wp-content\/gallery\/nesmer-2022-foto-jarda-vychodil\/thumbs\/thumbs_DSC_1684.jpg\"\n                    width=\"240\"\n                    height=\"160\"\n                    style=\"max-width:100%;\"\n                \/>\n            <\/a>\n        <\/div>\n\t\t\t\t\t\t\t<\/div> \n\t\t\t\n\t\t\t\t<div id=\"ngg-image-147\" class=\"ngg-gallery-thumbnail-box ngg-11-columns\" >\n\t\t\t\t        <div class=\"ngg-gallery-thumbnail\">\n            <a href=\"https:\/\/old.atletikaolomouc.cz\/wp-content\/gallery\/nesmer-2022-foto-jarda-vychodil\/DSC_1685.jpg\"\n               title=\"\"\n               data-src=\"https:\/\/old.atletikaolomouc.cz\/wp-content\/gallery\/nesmer-2022-foto-jarda-vychodil\/DSC_1685.jpg\"\n               data-thumbnail=\"https:\/\/old.atletikaolomouc.cz\/wp-content\/gallery\/nesmer-2022-foto-jarda-vychodil\/thumbs\/thumbs_DSC_1685.jpg\"\n               data-image-id=\"18123\"\n               data-title=\"DSC_1685\"\n               data-description=\"\"\n               data-image-slug=\"dsc_1685\"\n               class=\"ngg-simplelightbox\" rel=\"c68f919fa0b128bb141c0b8c41c4bc01\">\n                <img\n                    title=\"DSC_1685\"\n                    alt=\"DSC_1685\"\n                    src=\"https:\/\/old.atletikaolomouc.cz\/wp-content\/gallery\/nesmer-2022-foto-jarda-vychodil\/thumbs\/thumbs_DSC_1685.jpg\"\n                    width=\"240\"\n                    height=\"160\"\n                    style=\"max-width:100%;\"\n                \/>\n            <\/a>\n        <\/div>\n\t\t\t\t\t\t\t<\/div> \n\t\t\t\n\t\t\t\t<div id=\"ngg-image-148\" class=\"ngg-gallery-thumbnail-box ngg-11-columns\" >\n\t\t\t\t        <div class=\"ngg-gallery-thumbnail\">\n            <a href=\"https:\/\/old.atletikaolomouc.cz\/wp-content\/gallery\/nesmer-2022-foto-jarda-vychodil\/DSC_1686.jpg\"\n               title=\"\"\n               data-src=\"https:\/\/old.atletikaolomouc.cz\/wp-content\/gallery\/nesmer-2022-foto-jarda-vychodil\/DSC_1686.jpg\"\n               data-thumbnail=\"https:\/\/old.atletikaolomouc.cz\/wp-content\/gallery\/nesmer-2022-foto-jarda-vychodil\/thumbs\/thumbs_DSC_1686.jpg\"\n               data-image-id=\"18124\"\n               data-title=\"DSC_1686\"\n               data-description=\"\"\n               data-image-slug=\"dsc_1686-81\"\n               class=\"ngg-simplelightbox\" rel=\"c68f919fa0b128bb141c0b8c41c4bc01\">\n                <img\n                    title=\"DSC_1686\"\n                    alt=\"DSC_1686\"\n                    src=\"https:\/\/old.atletikaolomouc.cz\/wp-content\/gallery\/nesmer-2022-foto-jarda-vychodil\/thumbs\/thumbs_DSC_1686.jpg\"\n                    width=\"240\"\n                    height=\"160\"\n                    style=\"max-width:100%;\"\n                \/>\n            <\/a>\n        <\/div>\n\t\t\t\t\t\t\t<\/div> \n\t\t\t\n\t\t\t\t<div id=\"ngg-image-149\" class=\"ngg-gallery-thumbnail-box ngg-11-columns\" >\n\t\t\t\t        <div class=\"ngg-gallery-thumbnail\">\n            <a href=\"https:\/\/old.atletikaolomouc.cz\/wp-content\/gallery\/nesmer-2022-foto-jarda-vychodil\/DSC_1687.jpg\"\n               title=\"\"\n               data-src=\"https:\/\/old.atletikaolomouc.cz\/wp-content\/gallery\/nesmer-2022-foto-jarda-vychodil\/DSC_1687.jpg\"\n               data-thumbnail=\"https:\/\/old.atletikaolomouc.cz\/wp-content\/gallery\/nesmer-2022-foto-jarda-vychodil\/thumbs\/thumbs_DSC_1687.jpg\"\n               data-image-id=\"18125\"\n               data-title=\"DSC_1687\"\n               data-description=\"\"\n               data-image-slug=\"dsc_1687-81\"\n               class=\"ngg-simplelightbox\" rel=\"c68f919fa0b128bb141c0b8c41c4bc01\">\n                <img\n                    title=\"DSC_1687\"\n                    alt=\"DSC_1687\"\n                    src=\"https:\/\/old.atletikaolomouc.cz\/wp-content\/gallery\/nesmer-2022-foto-jarda-vychodil\/thumbs\/thumbs_DSC_1687.jpg\"\n                    width=\"240\"\n                    height=\"160\"\n                    style=\"max-width:100%;\"\n                \/>\n            <\/a>\n        <\/div>\n\t\t\t\t\t\t\t<\/div> \n\t\t\t\n\t\t\t\t<div id=\"ngg-image-150\" class=\"ngg-gallery-thumbnail-box ngg-11-columns\" >\n\t\t\t\t        <div class=\"ngg-gallery-thumbnail\">\n            <a href=\"https:\/\/old.atletikaolomouc.cz\/wp-content\/gallery\/nesmer-2022-foto-jarda-vychodil\/DSC_1688.jpg\"\n               title=\"\"\n               data-src=\"https:\/\/old.atletikaolomouc.cz\/wp-content\/gallery\/nesmer-2022-foto-jarda-vychodil\/DSC_1688.jpg\"\n               data-thumbnail=\"https:\/\/old.atletikaolomouc.cz\/wp-content\/gallery\/nesmer-2022-foto-jarda-vychodil\/thumbs\/thumbs_DSC_1688.jpg\"\n               data-image-id=\"18126\"\n               data-title=\"DSC_1688\"\n               data-description=\"\"\n               data-image-slug=\"dsc_1688-81\"\n               class=\"ngg-simplelightbox\" rel=\"c68f919fa0b128bb141c0b8c41c4bc01\">\n                <img\n                    title=\"DSC_1688\"\n                    alt=\"DSC_1688\"\n                    src=\"https:\/\/old.atletikaolomouc.cz\/wp-content\/gallery\/nesmer-2022-foto-jarda-vychodil\/thumbs\/thumbs_DSC_1688.jpg\"\n                    width=\"240\"\n                    height=\"160\"\n                    style=\"max-width:100%;\"\n                \/>\n            <\/a>\n        <\/div>\n\t\t\t\t\t\t\t<\/div> \n\t\t\t\n\t\t\t\t<div id=\"ngg-image-151\" class=\"ngg-gallery-thumbnail-box ngg-11-columns\" >\n\t\t\t\t        <div class=\"ngg-gallery-thumbnail\">\n            <a href=\"https:\/\/old.atletikaolomouc.cz\/wp-content\/gallery\/nesmer-2022-foto-jarda-vychodil\/DSC_1689.jpg\"\n               title=\"\"\n               data-src=\"https:\/\/old.atletikaolomouc.cz\/wp-content\/gallery\/nesmer-2022-foto-jarda-vychodil\/DSC_1689.jpg\"\n               data-thumbnail=\"https:\/\/old.atletikaolomouc.cz\/wp-content\/gallery\/nesmer-2022-foto-jarda-vychodil\/thumbs\/thumbs_DSC_1689.jpg\"\n               data-image-id=\"18127\"\n               data-title=\"DSC_1689\"\n               data-description=\"\"\n               data-image-slug=\"dsc_1689-81\"\n               class=\"ngg-simplelightbox\" rel=\"c68f919fa0b128bb141c0b8c41c4bc01\">\n                <img\n                    title=\"DSC_1689\"\n                    alt=\"DSC_1689\"\n                    src=\"https:\/\/old.atletikaolomouc.cz\/wp-content\/gallery\/nesmer-2022-foto-jarda-vychodil\/thumbs\/thumbs_DSC_1689.jpg\"\n                    width=\"240\"\n                    height=\"160\"\n                    style=\"max-width:100%;\"\n                \/>\n            <\/a>\n        <\/div>\n\t\t\t\t\t\t\t<\/div> \n\t\t\t\n\t\t\t\t<div id=\"ngg-image-152\" class=\"ngg-gallery-thumbnail-box ngg-11-columns\" >\n\t\t\t\t        <div class=\"ngg-gallery-thumbnail\">\n            <a href=\"https:\/\/old.atletikaolomouc.cz\/wp-content\/gallery\/nesmer-2022-foto-jarda-vychodil\/DSC_1690.jpg\"\n               title=\"\"\n               data-src=\"https:\/\/old.atletikaolomouc.cz\/wp-content\/gallery\/nesmer-2022-foto-jarda-vychodil\/DSC_1690.jpg\"\n               data-thumbnail=\"https:\/\/old.atletikaolomouc.cz\/wp-content\/gallery\/nesmer-2022-foto-jarda-vychodil\/thumbs\/thumbs_DSC_1690.jpg\"\n               data-image-id=\"18128\"\n               data-title=\"DSC_1690\"\n               data-description=\"\"\n               data-image-slug=\"dsc_1690-81\"\n               class=\"ngg-simplelightbox\" rel=\"c68f919fa0b128bb141c0b8c41c4bc01\">\n                <img\n                    title=\"DSC_1690\"\n                    alt=\"DSC_1690\"\n                    src=\"https:\/\/old.atletikaolomouc.cz\/wp-content\/gallery\/nesmer-2022-foto-jarda-vychodil\/thumbs\/thumbs_DSC_1690.jpg\"\n                    width=\"240\"\n                    height=\"160\"\n                    style=\"max-width:100%;\"\n                \/>\n            <\/a>\n        <\/div>\n\t\t\t\t\t\t\t<\/div> \n\t\t\t\n\t\t\t\t<div id=\"ngg-image-153\" class=\"ngg-gallery-thumbnail-box ngg-11-columns\" >\n\t\t\t\t        <div class=\"ngg-gallery-thumbnail\">\n            <a href=\"https:\/\/old.atletikaolomouc.cz\/wp-content\/gallery\/nesmer-2022-foto-jarda-vychodil\/DSC_1691.jpg\"\n               title=\"\"\n               data-src=\"https:\/\/old.atletikaolomouc.cz\/wp-content\/gallery\/nesmer-2022-foto-jarda-vychodil\/DSC_1691.jpg\"\n               data-thumbnail=\"https:\/\/old.atletikaolomouc.cz\/wp-content\/gallery\/nesmer-2022-foto-jarda-vychodil\/thumbs\/thumbs_DSC_1691.jpg\"\n               data-image-id=\"18129\"\n               data-title=\"DSC_1691\"\n               data-description=\"\"\n               data-image-slug=\"dsc_1691-81\"\n               class=\"ngg-simplelightbox\" rel=\"c68f919fa0b128bb141c0b8c41c4bc01\">\n                <img\n                    title=\"DSC_1691\"\n                    alt=\"DSC_1691\"\n                    src=\"https:\/\/old.atletikaolomouc.cz\/wp-content\/gallery\/nesmer-2022-foto-jarda-vychodil\/thumbs\/thumbs_DSC_1691.jpg\"\n                    width=\"240\"\n                    height=\"160\"\n                    style=\"max-width:100%;\"\n                \/>\n            <\/a>\n        <\/div>\n\t\t\t\t\t\t\t<\/div> \n\t\t\t\n\t\t\t\t<div id=\"ngg-image-154\" class=\"ngg-gallery-thumbnail-box ngg-11-columns\" >\n\t\t\t\t        <div class=\"ngg-gallery-thumbnail\">\n            <a href=\"https:\/\/old.atletikaolomouc.cz\/wp-content\/gallery\/nesmer-2022-foto-jarda-vychodil\/DSC_1692.jpg\"\n               title=\"\"\n               data-src=\"https:\/\/old.atletikaolomouc.cz\/wp-content\/gallery\/nesmer-2022-foto-jarda-vychodil\/DSC_1692.jpg\"\n               data-thumbnail=\"https:\/\/old.atletikaolomouc.cz\/wp-content\/gallery\/nesmer-2022-foto-jarda-vychodil\/thumbs\/thumbs_DSC_1692.jpg\"\n               data-image-id=\"18130\"\n               data-title=\"DSC_1692\"\n               data-description=\"\"\n               data-image-slug=\"dsc_1692\"\n               class=\"ngg-simplelightbox\" rel=\"c68f919fa0b128bb141c0b8c41c4bc01\">\n                <img\n                    title=\"DSC_1692\"\n                    alt=\"DSC_1692\"\n                    src=\"https:\/\/old.atletikaolomouc.cz\/wp-content\/gallery\/nesmer-2022-foto-jarda-vychodil\/thumbs\/thumbs_DSC_1692.jpg\"\n                    width=\"240\"\n                    height=\"160\"\n                    style=\"max-width:100%;\"\n                \/>\n            <\/a>\n        <\/div>\n\t\t\t\t\t\t\t<\/div> \n\t\t\t\n\t\t\t\t<div id=\"ngg-image-155\" class=\"ngg-gallery-thumbnail-box ngg-11-columns\" >\n\t\t\t\t        <div class=\"ngg-gallery-thumbnail\">\n            <a href=\"https:\/\/old.atletikaolomouc.cz\/wp-content\/gallery\/nesmer-2022-foto-jarda-vychodil\/DSC_1693.jpg\"\n               title=\"\"\n               data-src=\"https:\/\/old.atletikaolomouc.cz\/wp-content\/gallery\/nesmer-2022-foto-jarda-vychodil\/DSC_1693.jpg\"\n               data-thumbnail=\"https:\/\/old.atletikaolomouc.cz\/wp-content\/gallery\/nesmer-2022-foto-jarda-vychodil\/thumbs\/thumbs_DSC_1693.jpg\"\n               data-image-id=\"18131\"\n               data-title=\"DSC_1693\"\n               data-description=\"\"\n               data-image-slug=\"dsc_1693-81\"\n               class=\"ngg-simplelightbox\" rel=\"c68f919fa0b128bb141c0b8c41c4bc01\">\n                <img\n                    title=\"DSC_1693\"\n                    alt=\"DSC_1693\"\n                    src=\"https:\/\/old.atletikaolomouc.cz\/wp-content\/gallery\/nesmer-2022-foto-jarda-vychodil\/thumbs\/thumbs_DSC_1693.jpg\"\n                    width=\"240\"\n                    height=\"160\"\n                    style=\"max-width:100%;\"\n                \/>\n            <\/a>\n        <\/div>\n\t\t\t\t\t\t\t<\/div> \n\t\t\t\n\t\t\t\t<div id=\"ngg-image-156\" class=\"ngg-gallery-thumbnail-box ngg-11-columns\" >\n\t\t\t\t        <div class=\"ngg-gallery-thumbnail\">\n            <a href=\"https:\/\/old.atletikaolomouc.cz\/wp-content\/gallery\/nesmer-2022-foto-jarda-vychodil\/DSC_1694.jpg\"\n               title=\"\"\n               data-src=\"https:\/\/old.atletikaolomouc.cz\/wp-content\/gallery\/nesmer-2022-foto-jarda-vychodil\/DSC_1694.jpg\"\n               data-thumbnail=\"https:\/\/old.atletikaolomouc.cz\/wp-content\/gallery\/nesmer-2022-foto-jarda-vychodil\/thumbs\/thumbs_DSC_1694.jpg\"\n               data-image-id=\"18132\"\n               data-title=\"DSC_1694\"\n               data-description=\"\"\n               data-image-slug=\"dsc_1694-81\"\n               class=\"ngg-simplelightbox\" rel=\"c68f919fa0b128bb141c0b8c41c4bc01\">\n                <img\n                    title=\"DSC_1694\"\n                    alt=\"DSC_1694\"\n                    src=\"https:\/\/old.atletikaolomouc.cz\/wp-content\/gallery\/nesmer-2022-foto-jarda-vychodil\/thumbs\/thumbs_DSC_1694.jpg\"\n                    width=\"240\"\n                    height=\"160\"\n                    style=\"max-width:100%;\"\n                \/>\n            <\/a>\n        <\/div>\n\t\t\t\t\t\t\t<\/div> \n\t\t\t\n\t\t\t\t<div id=\"ngg-image-157\" class=\"ngg-gallery-thumbnail-box ngg-11-columns\" >\n\t\t\t\t        <div class=\"ngg-gallery-thumbnail\">\n            <a href=\"https:\/\/old.atletikaolomouc.cz\/wp-content\/gallery\/nesmer-2022-foto-jarda-vychodil\/DSC_1695.jpg\"\n               title=\"\"\n               data-src=\"https:\/\/old.atletikaolomouc.cz\/wp-content\/gallery\/nesmer-2022-foto-jarda-vychodil\/DSC_1695.jpg\"\n               data-thumbnail=\"https:\/\/old.atletikaolomouc.cz\/wp-content\/gallery\/nesmer-2022-foto-jarda-vychodil\/thumbs\/thumbs_DSC_1695.jpg\"\n               data-image-id=\"18133\"\n               data-title=\"DSC_1695\"\n               data-description=\"\"\n               data-image-slug=\"dsc_1695-81\"\n               class=\"ngg-simplelightbox\" rel=\"c68f919fa0b128bb141c0b8c41c4bc01\">\n                <img\n                    title=\"DSC_1695\"\n                    alt=\"DSC_1695\"\n                    src=\"https:\/\/old.atletikaolomouc.cz\/wp-content\/gallery\/nesmer-2022-foto-jarda-vychodil\/thumbs\/thumbs_DSC_1695.jpg\"\n                    width=\"240\"\n                    height=\"160\"\n                    style=\"max-width:100%;\"\n                \/>\n            <\/a>\n        <\/div>\n\t\t\t\t\t\t\t<\/div> \n\t\t\t\n\t\t\t\t<div id=\"ngg-image-158\" class=\"ngg-gallery-thumbnail-box ngg-11-columns\" >\n\t\t\t\t        <div class=\"ngg-gallery-thumbnail\">\n            <a href=\"https:\/\/old.atletikaolomouc.cz\/wp-content\/gallery\/nesmer-2022-foto-jarda-vychodil\/DSC_1696.jpg\"\n               title=\"\"\n               data-src=\"https:\/\/old.atletikaolomouc.cz\/wp-content\/gallery\/nesmer-2022-foto-jarda-vychodil\/DSC_1696.jpg\"\n               data-thumbnail=\"https:\/\/old.atletikaolomouc.cz\/wp-content\/gallery\/nesmer-2022-foto-jarda-vychodil\/thumbs\/thumbs_DSC_1696.jpg\"\n               data-image-id=\"18134\"\n               data-title=\"DSC_1696\"\n               data-description=\"\"\n               data-image-slug=\"dsc_1696\"\n               class=\"ngg-simplelightbox\" rel=\"c68f919fa0b128bb141c0b8c41c4bc01\">\n                <img\n                    title=\"DSC_1696\"\n                    alt=\"DSC_1696\"\n                    src=\"https:\/\/old.atletikaolomouc.cz\/wp-content\/gallery\/nesmer-2022-foto-jarda-vychodil\/thumbs\/thumbs_DSC_1696.jpg\"\n                    width=\"240\"\n                    height=\"160\"\n                    style=\"max-width:100%;\"\n                \/>\n            <\/a>\n        <\/div>\n\t\t\t\t\t\t\t<\/div> \n\t\t\t\n\t\t\t\t<div id=\"ngg-image-159\" class=\"ngg-gallery-thumbnail-box ngg-11-columns\" >\n\t\t\t\t        <div class=\"ngg-gallery-thumbnail\">\n            <a href=\"https:\/\/old.atletikaolomouc.cz\/wp-content\/gallery\/nesmer-2022-foto-jarda-vychodil\/DSC_1697.jpg\"\n               title=\"\"\n               data-src=\"https:\/\/old.atletikaolomouc.cz\/wp-content\/gallery\/nesmer-2022-foto-jarda-vychodil\/DSC_1697.jpg\"\n               data-thumbnail=\"https:\/\/old.atletikaolomouc.cz\/wp-content\/gallery\/nesmer-2022-foto-jarda-vychodil\/thumbs\/thumbs_DSC_1697.jpg\"\n               data-image-id=\"18135\"\n               data-title=\"DSC_1697\"\n               data-description=\"\"\n               data-image-slug=\"dsc_1697-81\"\n               class=\"ngg-simplelightbox\" rel=\"c68f919fa0b128bb141c0b8c41c4bc01\">\n                <img\n                    title=\"DSC_1697\"\n                    alt=\"DSC_1697\"\n                    src=\"https:\/\/old.atletikaolomouc.cz\/wp-content\/gallery\/nesmer-2022-foto-jarda-vychodil\/thumbs\/thumbs_DSC_1697.jpg\"\n                    width=\"240\"\n                    height=\"160\"\n                    style=\"max-width:100%;\"\n                \/>\n            <\/a>\n        <\/div>\n\t\t\t\t\t\t\t<\/div> \n\t\t\t\n\t\t\t\t<div id=\"ngg-image-160\" class=\"ngg-gallery-thumbnail-box ngg-11-columns\" >\n\t\t\t\t        <div class=\"ngg-gallery-thumbnail\">\n            <a href=\"https:\/\/old.atletikaolomouc.cz\/wp-content\/gallery\/nesmer-2022-foto-jarda-vychodil\/DSC_1698.jpg\"\n               title=\"\"\n               data-src=\"https:\/\/old.atletikaolomouc.cz\/wp-content\/gallery\/nesmer-2022-foto-jarda-vychodil\/DSC_1698.jpg\"\n               data-thumbnail=\"https:\/\/old.atletikaolomouc.cz\/wp-content\/gallery\/nesmer-2022-foto-jarda-vychodil\/thumbs\/thumbs_DSC_1698.jpg\"\n               data-image-id=\"18136\"\n               data-title=\"DSC_1698\"\n               data-description=\"\"\n               data-image-slug=\"dsc_1698\"\n               class=\"ngg-simplelightbox\" rel=\"c68f919fa0b128bb141c0b8c41c4bc01\">\n                <img\n                    title=\"DSC_1698\"\n                    alt=\"DSC_1698\"\n                    src=\"https:\/\/old.atletikaolomouc.cz\/wp-content\/gallery\/nesmer-2022-foto-jarda-vychodil\/thumbs\/thumbs_DSC_1698.jpg\"\n                    width=\"240\"\n                    height=\"160\"\n                    style=\"max-width:100%;\"\n                \/>\n            <\/a>\n        <\/div>\n\t\t\t\t\t\t\t<\/div> \n\t\t\t\n\t\t\t\t<div id=\"ngg-image-161\" class=\"ngg-gallery-thumbnail-box ngg-11-columns\" >\n\t\t\t\t        <div class=\"ngg-gallery-thumbnail\">\n            <a href=\"https:\/\/old.atletikaolomouc.cz\/wp-content\/gallery\/nesmer-2022-foto-jarda-vychodil\/DSC_1699.jpg\"\n               title=\"\"\n               data-src=\"https:\/\/old.atletikaolomouc.cz\/wp-content\/gallery\/nesmer-2022-foto-jarda-vychodil\/DSC_1699.jpg\"\n               data-thumbnail=\"https:\/\/old.atletikaolomouc.cz\/wp-content\/gallery\/nesmer-2022-foto-jarda-vychodil\/thumbs\/thumbs_DSC_1699.jpg\"\n               data-image-id=\"18137\"\n               data-title=\"DSC_1699\"\n               data-description=\"\"\n               data-image-slug=\"dsc_1699-81\"\n               class=\"ngg-simplelightbox\" rel=\"c68f919fa0b128bb141c0b8c41c4bc01\">\n                <img\n                    title=\"DSC_1699\"\n                    alt=\"DSC_1699\"\n                    src=\"https:\/\/old.atletikaolomouc.cz\/wp-content\/gallery\/nesmer-2022-foto-jarda-vychodil\/thumbs\/thumbs_DSC_1699.jpg\"\n                    width=\"240\"\n                    height=\"160\"\n                    style=\"max-width:100%;\"\n                \/>\n            <\/a>\n        <\/div>\n\t\t\t\t\t\t\t<\/div> \n\t\t\t\n\t\t\t\t<div id=\"ngg-image-162\" class=\"ngg-gallery-thumbnail-box ngg-11-columns\" >\n\t\t\t\t        <div class=\"ngg-gallery-thumbnail\">\n            <a href=\"https:\/\/old.atletikaolomouc.cz\/wp-content\/gallery\/nesmer-2022-foto-jarda-vychodil\/DSC_1700.jpg\"\n               title=\"\"\n               data-src=\"https:\/\/old.atletikaolomouc.cz\/wp-content\/gallery\/nesmer-2022-foto-jarda-vychodil\/DSC_1700.jpg\"\n               data-thumbnail=\"https:\/\/old.atletikaolomouc.cz\/wp-content\/gallery\/nesmer-2022-foto-jarda-vychodil\/thumbs\/thumbs_DSC_1700.jpg\"\n               data-image-id=\"18138\"\n               data-title=\"DSC_1700\"\n               data-description=\"\"\n               data-image-slug=\"dsc_1700-81\"\n               class=\"ngg-simplelightbox\" rel=\"c68f919fa0b128bb141c0b8c41c4bc01\">\n                <img\n                    title=\"DSC_1700\"\n                    alt=\"DSC_1700\"\n                    src=\"https:\/\/old.atletikaolomouc.cz\/wp-content\/gallery\/nesmer-2022-foto-jarda-vychodil\/thumbs\/thumbs_DSC_1700.jpg\"\n                    width=\"240\"\n                    height=\"160\"\n                    style=\"max-width:100%;\"\n                \/>\n            <\/a>\n        <\/div>\n\t\t\t\t\t\t\t<\/div> \n\t\t\t\n\t\t\t\t<div id=\"ngg-image-163\" class=\"ngg-gallery-thumbnail-box ngg-11-columns\" >\n\t\t\t\t        <div class=\"ngg-gallery-thumbnail\">\n            <a href=\"https:\/\/old.atletikaolomouc.cz\/wp-content\/gallery\/nesmer-2022-foto-jarda-vychodil\/DSC_1701.jpg\"\n               title=\"\"\n               data-src=\"https:\/\/old.atletikaolomouc.cz\/wp-content\/gallery\/nesmer-2022-foto-jarda-vychodil\/DSC_1701.jpg\"\n               data-thumbnail=\"https:\/\/old.atletikaolomouc.cz\/wp-content\/gallery\/nesmer-2022-foto-jarda-vychodil\/thumbs\/thumbs_DSC_1701.jpg\"\n               data-image-id=\"18139\"\n               data-title=\"DSC_1701\"\n               data-description=\"\"\n               data-image-slug=\"dsc_1701-81\"\n               class=\"ngg-simplelightbox\" rel=\"c68f919fa0b128bb141c0b8c41c4bc01\">\n                <img\n                    title=\"DSC_1701\"\n                    alt=\"DSC_1701\"\n                    src=\"https:\/\/old.atletikaolomouc.cz\/wp-content\/gallery\/nesmer-2022-foto-jarda-vychodil\/thumbs\/thumbs_DSC_1701.jpg\"\n                    width=\"240\"\n                    height=\"160\"\n                    style=\"max-width:100%;\"\n                \/>\n            <\/a>\n        <\/div>\n\t\t\t\t\t\t\t<\/div> \n\t\t\t\n\t\t\t\t<div id=\"ngg-image-164\" class=\"ngg-gallery-thumbnail-box ngg-11-columns\" >\n\t\t\t\t        <div class=\"ngg-gallery-thumbnail\">\n            <a href=\"https:\/\/old.atletikaolomouc.cz\/wp-content\/gallery\/nesmer-2022-foto-jarda-vychodil\/DSC_1702.jpg\"\n               title=\"\"\n               data-src=\"https:\/\/old.atletikaolomouc.cz\/wp-content\/gallery\/nesmer-2022-foto-jarda-vychodil\/DSC_1702.jpg\"\n               data-thumbnail=\"https:\/\/old.atletikaolomouc.cz\/wp-content\/gallery\/nesmer-2022-foto-jarda-vychodil\/thumbs\/thumbs_DSC_1702.jpg\"\n               data-image-id=\"18140\"\n               data-title=\"DSC_1702\"\n               data-description=\"\"\n               data-image-slug=\"dsc_1702-81\"\n               class=\"ngg-simplelightbox\" rel=\"c68f919fa0b128bb141c0b8c41c4bc01\">\n                <img\n                    title=\"DSC_1702\"\n                    alt=\"DSC_1702\"\n                    src=\"https:\/\/old.atletikaolomouc.cz\/wp-content\/gallery\/nesmer-2022-foto-jarda-vychodil\/thumbs\/thumbs_DSC_1702.jpg\"\n                    width=\"240\"\n                    height=\"160\"\n                    style=\"max-width:100%;\"\n                \/>\n            <\/a>\n        <\/div>\n\t\t\t\t\t\t\t<\/div> \n\t\t\t\n\t\t\t\t<div id=\"ngg-image-165\" class=\"ngg-gallery-thumbnail-box ngg-11-columns\" >\n\t\t\t\t        <div class=\"ngg-gallery-thumbnail\">\n            <a href=\"https:\/\/old.atletikaolomouc.cz\/wp-content\/gallery\/nesmer-2022-foto-jarda-vychodil\/DSC_1703.jpg\"\n               title=\"\"\n               data-src=\"https:\/\/old.atletikaolomouc.cz\/wp-content\/gallery\/nesmer-2022-foto-jarda-vychodil\/DSC_1703.jpg\"\n               data-thumbnail=\"https:\/\/old.atletikaolomouc.cz\/wp-content\/gallery\/nesmer-2022-foto-jarda-vychodil\/thumbs\/thumbs_DSC_1703.jpg\"\n               data-image-id=\"18141\"\n               data-title=\"DSC_1703\"\n               data-description=\"\"\n               data-image-slug=\"dsc_1703\"\n               class=\"ngg-simplelightbox\" rel=\"c68f919fa0b128bb141c0b8c41c4bc01\">\n                <img\n                    title=\"DSC_1703\"\n                    alt=\"DSC_1703\"\n                    src=\"https:\/\/old.atletikaolomouc.cz\/wp-content\/gallery\/nesmer-2022-foto-jarda-vychodil\/thumbs\/thumbs_DSC_1703.jpg\"\n                    width=\"240\"\n                    height=\"160\"\n                    style=\"max-width:100%;\"\n                \/>\n            <\/a>\n        <\/div>\n\t\t\t\t\t\t\t<\/div> \n\t\t\t\n\t\n\t<br style=\"clear: both\" \/>\n\n\t\n\t\t<!-- Pagination -->\n\t<div class='ngg-clear'><\/div>\t<\/div>\n\n<p><strong>Foto: Petra Esterkov\u00e1, David Uhl\u00ed\u0159<\/strong><\/p>\n<!-- default-view.php -->\n<div\n\tclass=\"ngg-galleryoverview default-view \"\n\tid=\"ngg-gallery-b99381b2a1aa79ad3008aeccc747c659-1\">\n\n\t\t<!-- Thumbnails -->\n\t\t\t\t<div id=\"ngg-image-0\" class=\"ngg-gallery-thumbnail-box ngg-11-columns\" >\n\t\t\t\t        <div class=\"ngg-gallery-thumbnail\">\n            <a href=\"https:\/\/old.atletikaolomouc.cz\/wp-content\/gallery\/nesmer-2022-foto-peta-e-a-dave\/PHOTO-2022-08-14-16-33-52-1.jpg\"\n               title=\"\"\n               data-src=\"https:\/\/old.atletikaolomouc.cz\/wp-content\/gallery\/nesmer-2022-foto-peta-e-a-dave\/PHOTO-2022-08-14-16-33-52-1.jpg\"\n               data-thumbnail=\"https:\/\/old.atletikaolomouc.cz\/wp-content\/gallery\/nesmer-2022-foto-peta-e-a-dave\/thumbs\/thumbs_PHOTO-2022-08-14-16-33-52-1.jpg\"\n               data-image-id=\"17849\"\n               data-title=\"PHOTO-2022-08-14-16-33-52-1\"\n               data-description=\"\"\n               data-image-slug=\"photo-2022-08-14-16-33-52-1\"\n               class=\"ngg-simplelightbox\" rel=\"b99381b2a1aa79ad3008aeccc747c659\">\n                <img\n                    title=\"PHOTO-2022-08-14-16-33-52-1\"\n                    alt=\"PHOTO-2022-08-14-16-33-52-1\"\n                    src=\"https:\/\/old.atletikaolomouc.cz\/wp-content\/gallery\/nesmer-2022-foto-peta-e-a-dave\/thumbs\/thumbs_PHOTO-2022-08-14-16-33-52-1.jpg\"\n                    width=\"240\"\n                    height=\"160\"\n                    style=\"max-width:100%;\"\n                \/>\n            <\/a>\n        <\/div>\n\t\t\t\t\t\t\t<\/div> \n\t\t\t\n\t\t\t\t<div id=\"ngg-image-1\" class=\"ngg-gallery-thumbnail-box ngg-11-columns\" >\n\t\t\t\t        <div class=\"ngg-gallery-thumbnail\">\n            <a href=\"https:\/\/old.atletikaolomouc.cz\/wp-content\/gallery\/nesmer-2022-foto-peta-e-a-dave\/PHOTO-2022-08-14-16-33-52-2.jpg\"\n               title=\"\"\n               data-src=\"https:\/\/old.atletikaolomouc.cz\/wp-content\/gallery\/nesmer-2022-foto-peta-e-a-dave\/PHOTO-2022-08-14-16-33-52-2.jpg\"\n               data-thumbnail=\"https:\/\/old.atletikaolomouc.cz\/wp-content\/gallery\/nesmer-2022-foto-peta-e-a-dave\/thumbs\/thumbs_PHOTO-2022-08-14-16-33-52-2.jpg\"\n               data-image-id=\"17851\"\n               data-title=\"PHOTO-2022-08-14-16-33-52-2\"\n               data-description=\"\"\n               data-image-slug=\"photo-2022-08-14-16-33-52-2\"\n               class=\"ngg-simplelightbox\" rel=\"b99381b2a1aa79ad3008aeccc747c659\">\n                <img\n                    title=\"PHOTO-2022-08-14-16-33-52-2\"\n                    alt=\"PHOTO-2022-08-14-16-33-52-2\"\n                    src=\"https:\/\/old.atletikaolomouc.cz\/wp-content\/gallery\/nesmer-2022-foto-peta-e-a-dave\/thumbs\/thumbs_PHOTO-2022-08-14-16-33-52-2.jpg\"\n                    width=\"240\"\n                    height=\"160\"\n                    style=\"max-width:100%;\"\n                \/>\n            <\/a>\n        <\/div>\n\t\t\t\t\t\t\t<\/div> \n\t\t\t\n\t\t\t\t<div id=\"ngg-image-2\" class=\"ngg-gallery-thumbnail-box ngg-11-columns\" >\n\t\t\t\t        <div class=\"ngg-gallery-thumbnail\">\n            <a href=\"https:\/\/old.atletikaolomouc.cz\/wp-content\/gallery\/nesmer-2022-foto-peta-e-a-dave\/PHOTO-2022-08-14-16-33-52-3.jpg\"\n               title=\"\"\n               data-src=\"https:\/\/old.atletikaolomouc.cz\/wp-content\/gallery\/nesmer-2022-foto-peta-e-a-dave\/PHOTO-2022-08-14-16-33-52-3.jpg\"\n               data-thumbnail=\"https:\/\/old.atletikaolomouc.cz\/wp-content\/gallery\/nesmer-2022-foto-peta-e-a-dave\/thumbs\/thumbs_PHOTO-2022-08-14-16-33-52-3.jpg\"\n               data-image-id=\"17853\"\n               data-title=\"PHOTO-2022-08-14-16-33-52-3\"\n               data-description=\"\"\n               data-image-slug=\"photo-2022-08-14-16-33-52-3\"\n               class=\"ngg-simplelightbox\" rel=\"b99381b2a1aa79ad3008aeccc747c659\">\n                <img\n                    title=\"PHOTO-2022-08-14-16-33-52-3\"\n                    alt=\"PHOTO-2022-08-14-16-33-52-3\"\n                    src=\"https:\/\/old.atletikaolomouc.cz\/wp-content\/gallery\/nesmer-2022-foto-peta-e-a-dave\/thumbs\/thumbs_PHOTO-2022-08-14-16-33-52-3.jpg\"\n                    width=\"240\"\n                    height=\"160\"\n                    style=\"max-width:100%;\"\n                \/>\n            <\/a>\n        <\/div>\n\t\t\t\t\t\t\t<\/div> \n\t\t\t\n\t\t\t\t<div id=\"ngg-image-3\" class=\"ngg-gallery-thumbnail-box ngg-11-columns\" >\n\t\t\t\t        <div class=\"ngg-gallery-thumbnail\">\n            <a href=\"https:\/\/old.atletikaolomouc.cz\/wp-content\/gallery\/nesmer-2022-foto-peta-e-a-dave\/PHOTO-2022-08-14-16-33-52.jpg\"\n               title=\"\"\n               data-src=\"https:\/\/old.atletikaolomouc.cz\/wp-content\/gallery\/nesmer-2022-foto-peta-e-a-dave\/PHOTO-2022-08-14-16-33-52.jpg\"\n               data-thumbnail=\"https:\/\/old.atletikaolomouc.cz\/wp-content\/gallery\/nesmer-2022-foto-peta-e-a-dave\/thumbs\/thumbs_PHOTO-2022-08-14-16-33-52.jpg\"\n               data-image-id=\"17855\"\n               data-title=\"PHOTO-2022-08-14-16-33-52\"\n               data-description=\"\"\n               data-image-slug=\"photo-2022-08-14-16-33-52-4\"\n               class=\"ngg-simplelightbox\" rel=\"b99381b2a1aa79ad3008aeccc747c659\">\n                <img\n                    title=\"PHOTO-2022-08-14-16-33-52\"\n                    alt=\"PHOTO-2022-08-14-16-33-52\"\n                    src=\"https:\/\/old.atletikaolomouc.cz\/wp-content\/gallery\/nesmer-2022-foto-peta-e-a-dave\/thumbs\/thumbs_PHOTO-2022-08-14-16-33-52.jpg\"\n                    width=\"240\"\n                    height=\"160\"\n                    style=\"max-width:100%;\"\n                \/>\n            <\/a>\n        <\/div>\n\t\t\t\t\t\t\t<\/div> \n\t\t\t\n\t\t\t\t<div id=\"ngg-image-4\" class=\"ngg-gallery-thumbnail-box ngg-11-columns\" >\n\t\t\t\t        <div class=\"ngg-gallery-thumbnail\">\n            <a href=\"https:\/\/old.atletikaolomouc.cz\/wp-content\/gallery\/nesmer-2022-foto-peta-e-a-dave\/PHOTO-2022-08-14-16-33-53-1.jpg\"\n               title=\"\"\n               data-src=\"https:\/\/old.atletikaolomouc.cz\/wp-content\/gallery\/nesmer-2022-foto-peta-e-a-dave\/PHOTO-2022-08-14-16-33-53-1.jpg\"\n               data-thumbnail=\"https:\/\/old.atletikaolomouc.cz\/wp-content\/gallery\/nesmer-2022-foto-peta-e-a-dave\/thumbs\/thumbs_PHOTO-2022-08-14-16-33-53-1.jpg\"\n               data-image-id=\"17857\"\n               data-title=\"PHOTO-2022-08-14-16-33-53-1\"\n               data-description=\"\"\n               data-image-slug=\"photo-2022-08-14-16-33-53-1\"\n               class=\"ngg-simplelightbox\" rel=\"b99381b2a1aa79ad3008aeccc747c659\">\n                <img\n                    title=\"PHOTO-2022-08-14-16-33-53-1\"\n                    alt=\"PHOTO-2022-08-14-16-33-53-1\"\n                    src=\"https:\/\/old.atletikaolomouc.cz\/wp-content\/gallery\/nesmer-2022-foto-peta-e-a-dave\/thumbs\/thumbs_PHOTO-2022-08-14-16-33-53-1.jpg\"\n                    width=\"240\"\n                    height=\"160\"\n                    style=\"max-width:100%;\"\n                \/>\n            <\/a>\n        <\/div>\n\t\t\t\t\t\t\t<\/div> \n\t\t\t\n\t\t\t\t<div id=\"ngg-image-5\" class=\"ngg-gallery-thumbnail-box ngg-11-columns\" >\n\t\t\t\t        <div class=\"ngg-gallery-thumbnail\">\n            <a href=\"https:\/\/old.atletikaolomouc.cz\/wp-content\/gallery\/nesmer-2022-foto-peta-e-a-dave\/PHOTO-2022-08-14-16-33-53-2.jpg\"\n               title=\"\"\n               data-src=\"https:\/\/old.atletikaolomouc.cz\/wp-content\/gallery\/nesmer-2022-foto-peta-e-a-dave\/PHOTO-2022-08-14-16-33-53-2.jpg\"\n               data-thumbnail=\"https:\/\/old.atletikaolomouc.cz\/wp-content\/gallery\/nesmer-2022-foto-peta-e-a-dave\/thumbs\/thumbs_PHOTO-2022-08-14-16-33-53-2.jpg\"\n               data-image-id=\"17858\"\n               data-title=\"PHOTO-2022-08-14-16-33-53-2\"\n               data-description=\"\"\n               data-image-slug=\"photo-2022-08-14-16-33-53-2\"\n               class=\"ngg-simplelightbox\" rel=\"b99381b2a1aa79ad3008aeccc747c659\">\n                <img\n                    title=\"PHOTO-2022-08-14-16-33-53-2\"\n                    alt=\"PHOTO-2022-08-14-16-33-53-2\"\n                    src=\"https:\/\/old.atletikaolomouc.cz\/wp-content\/gallery\/nesmer-2022-foto-peta-e-a-dave\/thumbs\/thumbs_PHOTO-2022-08-14-16-33-53-2.jpg\"\n                    width=\"240\"\n                    height=\"160\"\n                    style=\"max-width:100%;\"\n                \/>\n            <\/a>\n        <\/div>\n\t\t\t\t\t\t\t<\/div> \n\t\t\t\n\t\t\t\t<div id=\"ngg-image-6\" class=\"ngg-gallery-thumbnail-box ngg-11-columns\" >\n\t\t\t\t        <div class=\"ngg-gallery-thumbnail\">\n            <a href=\"https:\/\/old.atletikaolomouc.cz\/wp-content\/gallery\/nesmer-2022-foto-peta-e-a-dave\/PHOTO-2022-08-14-16-33-53-3.jpg\"\n               title=\"\"\n               data-src=\"https:\/\/old.atletikaolomouc.cz\/wp-content\/gallery\/nesmer-2022-foto-peta-e-a-dave\/PHOTO-2022-08-14-16-33-53-3.jpg\"\n               data-thumbnail=\"https:\/\/old.atletikaolomouc.cz\/wp-content\/gallery\/nesmer-2022-foto-peta-e-a-dave\/thumbs\/thumbs_PHOTO-2022-08-14-16-33-53-3.jpg\"\n               data-image-id=\"17860\"\n               data-title=\"PHOTO-2022-08-14-16-33-53-3\"\n               data-description=\"\"\n               data-image-slug=\"photo-2022-08-14-16-33-53-3\"\n               class=\"ngg-simplelightbox\" rel=\"b99381b2a1aa79ad3008aeccc747c659\">\n                <img\n                    title=\"PHOTO-2022-08-14-16-33-53-3\"\n                    alt=\"PHOTO-2022-08-14-16-33-53-3\"\n                    src=\"https:\/\/old.atletikaolomouc.cz\/wp-content\/gallery\/nesmer-2022-foto-peta-e-a-dave\/thumbs\/thumbs_PHOTO-2022-08-14-16-33-53-3.jpg\"\n                    width=\"240\"\n                    height=\"160\"\n                    style=\"max-width:100%;\"\n                \/>\n            <\/a>\n        <\/div>\n\t\t\t\t\t\t\t<\/div> \n\t\t\t\n\t\t\t\t<div id=\"ngg-image-7\" class=\"ngg-gallery-thumbnail-box ngg-11-columns\" >\n\t\t\t\t        <div class=\"ngg-gallery-thumbnail\">\n            <a href=\"https:\/\/old.atletikaolomouc.cz\/wp-content\/gallery\/nesmer-2022-foto-peta-e-a-dave\/PHOTO-2022-08-14-16-33-53-4.jpg\"\n               title=\"\"\n               data-src=\"https:\/\/old.atletikaolomouc.cz\/wp-content\/gallery\/nesmer-2022-foto-peta-e-a-dave\/PHOTO-2022-08-14-16-33-53-4.jpg\"\n               data-thumbnail=\"https:\/\/old.atletikaolomouc.cz\/wp-content\/gallery\/nesmer-2022-foto-peta-e-a-dave\/thumbs\/thumbs_PHOTO-2022-08-14-16-33-53-4.jpg\"\n               data-image-id=\"17862\"\n               data-title=\"PHOTO-2022-08-14-16-33-53-4\"\n               data-description=\"\"\n               data-image-slug=\"photo-2022-08-14-16-33-53-4\"\n               class=\"ngg-simplelightbox\" rel=\"b99381b2a1aa79ad3008aeccc747c659\">\n                <img\n                    title=\"PHOTO-2022-08-14-16-33-53-4\"\n                    alt=\"PHOTO-2022-08-14-16-33-53-4\"\n                    src=\"https:\/\/old.atletikaolomouc.cz\/wp-content\/gallery\/nesmer-2022-foto-peta-e-a-dave\/thumbs\/thumbs_PHOTO-2022-08-14-16-33-53-4.jpg\"\n                    width=\"240\"\n                    height=\"160\"\n                    style=\"max-width:100%;\"\n                \/>\n            <\/a>\n        <\/div>\n\t\t\t\t\t\t\t<\/div> \n\t\t\t\n\t\t\t\t<div id=\"ngg-image-8\" class=\"ngg-gallery-thumbnail-box ngg-11-columns\" >\n\t\t\t\t        <div class=\"ngg-gallery-thumbnail\">\n            <a href=\"https:\/\/old.atletikaolomouc.cz\/wp-content\/gallery\/nesmer-2022-foto-peta-e-a-dave\/PHOTO-2022-08-14-16-33-53-5.jpg\"\n               title=\"\"\n               data-src=\"https:\/\/old.atletikaolomouc.cz\/wp-content\/gallery\/nesmer-2022-foto-peta-e-a-dave\/PHOTO-2022-08-14-16-33-53-5.jpg\"\n               data-thumbnail=\"https:\/\/old.atletikaolomouc.cz\/wp-content\/gallery\/nesmer-2022-foto-peta-e-a-dave\/thumbs\/thumbs_PHOTO-2022-08-14-16-33-53-5.jpg\"\n               data-image-id=\"17864\"\n               data-title=\"PHOTO-2022-08-14-16-33-53-5\"\n               data-description=\"\"\n               data-image-slug=\"photo-2022-08-14-16-33-53-5\"\n               class=\"ngg-simplelightbox\" rel=\"b99381b2a1aa79ad3008aeccc747c659\">\n                <img\n                    title=\"PHOTO-2022-08-14-16-33-53-5\"\n                    alt=\"PHOTO-2022-08-14-16-33-53-5\"\n                    src=\"https:\/\/old.atletikaolomouc.cz\/wp-content\/gallery\/nesmer-2022-foto-peta-e-a-dave\/thumbs\/thumbs_PHOTO-2022-08-14-16-33-53-5.jpg\"\n                    width=\"240\"\n                    height=\"160\"\n                    style=\"max-width:100%;\"\n                \/>\n            <\/a>\n        <\/div>\n\t\t\t\t\t\t\t<\/div> \n\t\t\t\n\t\t\t\t<div id=\"ngg-image-9\" class=\"ngg-gallery-thumbnail-box ngg-11-columns\" >\n\t\t\t\t        <div class=\"ngg-gallery-thumbnail\">\n            <a href=\"https:\/\/old.atletikaolomouc.cz\/wp-content\/gallery\/nesmer-2022-foto-peta-e-a-dave\/PHOTO-2022-08-14-16-33-53.jpg\"\n               title=\"\"\n               data-src=\"https:\/\/old.atletikaolomouc.cz\/wp-content\/gallery\/nesmer-2022-foto-peta-e-a-dave\/PHOTO-2022-08-14-16-33-53.jpg\"\n               data-thumbnail=\"https:\/\/old.atletikaolomouc.cz\/wp-content\/gallery\/nesmer-2022-foto-peta-e-a-dave\/thumbs\/thumbs_PHOTO-2022-08-14-16-33-53.jpg\"\n               data-image-id=\"17865\"\n               data-title=\"PHOTO-2022-08-14-16-33-53\"\n               data-description=\"\"\n               data-image-slug=\"photo-2022-08-14-16-33-53-6\"\n               class=\"ngg-simplelightbox\" rel=\"b99381b2a1aa79ad3008aeccc747c659\">\n                <img\n                    title=\"PHOTO-2022-08-14-16-33-53\"\n                    alt=\"PHOTO-2022-08-14-16-33-53\"\n                    src=\"https:\/\/old.atletikaolomouc.cz\/wp-content\/gallery\/nesmer-2022-foto-peta-e-a-dave\/thumbs\/thumbs_PHOTO-2022-08-14-16-33-53.jpg\"\n                    width=\"240\"\n                    height=\"160\"\n                    style=\"max-width:100%;\"\n                \/>\n            <\/a>\n        <\/div>\n\t\t\t\t\t\t\t<\/div> \n\t\t\t\n\t\t\t\t<div id=\"ngg-image-10\" class=\"ngg-gallery-thumbnail-box ngg-11-columns\" >\n\t\t\t\t        <div class=\"ngg-gallery-thumbnail\">\n            <a href=\"https:\/\/old.atletikaolomouc.cz\/wp-content\/gallery\/nesmer-2022-foto-peta-e-a-dave\/PHOTO-2022-08-14-16-33-54-1.jpg\"\n               title=\"\"\n               data-src=\"https:\/\/old.atletikaolomouc.cz\/wp-content\/gallery\/nesmer-2022-foto-peta-e-a-dave\/PHOTO-2022-08-14-16-33-54-1.jpg\"\n               data-thumbnail=\"https:\/\/old.atletikaolomouc.cz\/wp-content\/gallery\/nesmer-2022-foto-peta-e-a-dave\/thumbs\/thumbs_PHOTO-2022-08-14-16-33-54-1.jpg\"\n               data-image-id=\"17866\"\n               data-title=\"PHOTO-2022-08-14-16-33-54-1\"\n               data-description=\"\"\n               data-image-slug=\"photo-2022-08-14-16-33-54-1\"\n               class=\"ngg-simplelightbox\" rel=\"b99381b2a1aa79ad3008aeccc747c659\">\n                <img\n                    title=\"PHOTO-2022-08-14-16-33-54-1\"\n                    alt=\"PHOTO-2022-08-14-16-33-54-1\"\n                    src=\"https:\/\/old.atletikaolomouc.cz\/wp-content\/gallery\/nesmer-2022-foto-peta-e-a-dave\/thumbs\/thumbs_PHOTO-2022-08-14-16-33-54-1.jpg\"\n                    width=\"240\"\n                    height=\"160\"\n                    style=\"max-width:100%;\"\n                \/>\n            <\/a>\n        <\/div>\n\t\t\t\t\t\t\t<\/div> \n\t\t\t\n\t\t\t\t<div id=\"ngg-image-11\" class=\"ngg-gallery-thumbnail-box ngg-11-columns\" >\n\t\t\t\t        <div class=\"ngg-gallery-thumbnail\">\n            <a href=\"https:\/\/old.atletikaolomouc.cz\/wp-content\/gallery\/nesmer-2022-foto-peta-e-a-dave\/PHOTO-2022-08-14-16-33-54-2.jpg\"\n               title=\"\"\n               data-src=\"https:\/\/old.atletikaolomouc.cz\/wp-content\/gallery\/nesmer-2022-foto-peta-e-a-dave\/PHOTO-2022-08-14-16-33-54-2.jpg\"\n               data-thumbnail=\"https:\/\/old.atletikaolomouc.cz\/wp-content\/gallery\/nesmer-2022-foto-peta-e-a-dave\/thumbs\/thumbs_PHOTO-2022-08-14-16-33-54-2.jpg\"\n               data-image-id=\"17868\"\n               data-title=\"PHOTO-2022-08-14-16-33-54-2\"\n               data-description=\"\"\n               data-image-slug=\"photo-2022-08-14-16-33-54-2\"\n               class=\"ngg-simplelightbox\" rel=\"b99381b2a1aa79ad3008aeccc747c659\">\n                <img\n                    title=\"PHOTO-2022-08-14-16-33-54-2\"\n                    alt=\"PHOTO-2022-08-14-16-33-54-2\"\n                    src=\"https:\/\/old.atletikaolomouc.cz\/wp-content\/gallery\/nesmer-2022-foto-peta-e-a-dave\/thumbs\/thumbs_PHOTO-2022-08-14-16-33-54-2.jpg\"\n                    width=\"240\"\n                    height=\"160\"\n                    style=\"max-width:100%;\"\n                \/>\n            <\/a>\n        <\/div>\n\t\t\t\t\t\t\t<\/div> \n\t\t\t\n\t\t\t\t<div id=\"ngg-image-12\" class=\"ngg-gallery-thumbnail-box ngg-11-columns\" >\n\t\t\t\t        <div class=\"ngg-gallery-thumbnail\">\n            <a href=\"https:\/\/old.atletikaolomouc.cz\/wp-content\/gallery\/nesmer-2022-foto-peta-e-a-dave\/PHOTO-2022-08-14-16-33-54.jpg\"\n               title=\"\"\n               data-src=\"https:\/\/old.atletikaolomouc.cz\/wp-content\/gallery\/nesmer-2022-foto-peta-e-a-dave\/PHOTO-2022-08-14-16-33-54.jpg\"\n               data-thumbnail=\"https:\/\/old.atletikaolomouc.cz\/wp-content\/gallery\/nesmer-2022-foto-peta-e-a-dave\/thumbs\/thumbs_PHOTO-2022-08-14-16-33-54.jpg\"\n               data-image-id=\"17869\"\n               data-title=\"PHOTO-2022-08-14-16-33-54\"\n               data-description=\"\"\n               data-image-slug=\"photo-2022-08-14-16-33-54-3\"\n               class=\"ngg-simplelightbox\" rel=\"b99381b2a1aa79ad3008aeccc747c659\">\n                <img\n                    title=\"PHOTO-2022-08-14-16-33-54\"\n                    alt=\"PHOTO-2022-08-14-16-33-54\"\n                    src=\"https:\/\/old.atletikaolomouc.cz\/wp-content\/gallery\/nesmer-2022-foto-peta-e-a-dave\/thumbs\/thumbs_PHOTO-2022-08-14-16-33-54.jpg\"\n                    width=\"240\"\n                    height=\"160\"\n                    style=\"max-width:100%;\"\n                \/>\n            <\/a>\n        <\/div>\n\t\t\t\t\t\t\t<\/div> \n\t\t\t\n\t\t\t\t<div id=\"ngg-image-13\" class=\"ngg-gallery-thumbnail-box ngg-11-columns\" >\n\t\t\t\t        <div class=\"ngg-gallery-thumbnail\">\n            <a href=\"https:\/\/old.atletikaolomouc.cz\/wp-content\/gallery\/nesmer-2022-foto-peta-e-a-dave\/PHOTO-2022-08-14-18-43-59.jpg\"\n               title=\"\"\n               data-src=\"https:\/\/old.atletikaolomouc.cz\/wp-content\/gallery\/nesmer-2022-foto-peta-e-a-dave\/PHOTO-2022-08-14-18-43-59.jpg\"\n               data-thumbnail=\"https:\/\/old.atletikaolomouc.cz\/wp-content\/gallery\/nesmer-2022-foto-peta-e-a-dave\/thumbs\/thumbs_PHOTO-2022-08-14-18-43-59.jpg\"\n               data-image-id=\"17871\"\n               data-title=\"PHOTO-2022-08-14-18-43-59\"\n               data-description=\"\"\n               data-image-slug=\"photo-2022-08-14-18-43-59\"\n               class=\"ngg-simplelightbox\" rel=\"b99381b2a1aa79ad3008aeccc747c659\">\n                <img\n                    title=\"PHOTO-2022-08-14-18-43-59\"\n                    alt=\"PHOTO-2022-08-14-18-43-59\"\n                    src=\"https:\/\/old.atletikaolomouc.cz\/wp-content\/gallery\/nesmer-2022-foto-peta-e-a-dave\/thumbs\/thumbs_PHOTO-2022-08-14-18-43-59.jpg\"\n                    width=\"240\"\n                    height=\"160\"\n                    style=\"max-width:100%;\"\n                \/>\n            <\/a>\n        <\/div>\n\t\t\t\t\t\t\t<\/div> \n\t\t\t\n\t\t\t\t<div id=\"ngg-image-14\" class=\"ngg-gallery-thumbnail-box ngg-11-columns\" >\n\t\t\t\t        <div class=\"ngg-gallery-thumbnail\">\n            <a href=\"https:\/\/old.atletikaolomouc.cz\/wp-content\/gallery\/nesmer-2022-foto-peta-e-a-dave\/PHOTO-2022-08-14-18-44-01.jpg\"\n               title=\"\"\n               data-src=\"https:\/\/old.atletikaolomouc.cz\/wp-content\/gallery\/nesmer-2022-foto-peta-e-a-dave\/PHOTO-2022-08-14-18-44-01.jpg\"\n               data-thumbnail=\"https:\/\/old.atletikaolomouc.cz\/wp-content\/gallery\/nesmer-2022-foto-peta-e-a-dave\/thumbs\/thumbs_PHOTO-2022-08-14-18-44-01.jpg\"\n               data-image-id=\"17873\"\n               data-title=\"PHOTO-2022-08-14-18-44-01\"\n               data-description=\"\"\n               data-image-slug=\"photo-2022-08-14-18-44-01\"\n               class=\"ngg-simplelightbox\" rel=\"b99381b2a1aa79ad3008aeccc747c659\">\n                <img\n                    title=\"PHOTO-2022-08-14-18-44-01\"\n                    alt=\"PHOTO-2022-08-14-18-44-01\"\n                    src=\"https:\/\/old.atletikaolomouc.cz\/wp-content\/gallery\/nesmer-2022-foto-peta-e-a-dave\/thumbs\/thumbs_PHOTO-2022-08-14-18-44-01.jpg\"\n                    width=\"240\"\n                    height=\"160\"\n                    style=\"max-width:100%;\"\n                \/>\n            <\/a>\n        <\/div>\n\t\t\t\t\t\t\t<\/div> \n\t\t\t\n\t\t\t\t<div id=\"ngg-image-15\" class=\"ngg-gallery-thumbnail-box ngg-11-columns\" >\n\t\t\t\t        <div class=\"ngg-gallery-thumbnail\">\n            <a href=\"https:\/\/old.atletikaolomouc.cz\/wp-content\/gallery\/nesmer-2022-foto-peta-e-a-dave\/PHOTO-2022-08-14-18-44-02.jpg\"\n               title=\"\"\n               data-src=\"https:\/\/old.atletikaolomouc.cz\/wp-content\/gallery\/nesmer-2022-foto-peta-e-a-dave\/PHOTO-2022-08-14-18-44-02.jpg\"\n               data-thumbnail=\"https:\/\/old.atletikaolomouc.cz\/wp-content\/gallery\/nesmer-2022-foto-peta-e-a-dave\/thumbs\/thumbs_PHOTO-2022-08-14-18-44-02.jpg\"\n               data-image-id=\"17875\"\n               data-title=\"PHOTO-2022-08-14-18-44-02\"\n               data-description=\"\"\n               data-image-slug=\"photo-2022-08-14-18-44-02\"\n               class=\"ngg-simplelightbox\" rel=\"b99381b2a1aa79ad3008aeccc747c659\">\n                <img\n                    title=\"PHOTO-2022-08-14-18-44-02\"\n                    alt=\"PHOTO-2022-08-14-18-44-02\"\n                    src=\"https:\/\/old.atletikaolomouc.cz\/wp-content\/gallery\/nesmer-2022-foto-peta-e-a-dave\/thumbs\/thumbs_PHOTO-2022-08-14-18-44-02.jpg\"\n                    width=\"240\"\n                    height=\"160\"\n                    style=\"max-width:100%;\"\n                \/>\n            <\/a>\n        <\/div>\n\t\t\t\t\t\t\t<\/div> \n\t\t\t\n\t\t\t\t<div id=\"ngg-image-16\" class=\"ngg-gallery-thumbnail-box ngg-11-columns\" >\n\t\t\t\t        <div class=\"ngg-gallery-thumbnail\">\n            <a href=\"https:\/\/old.atletikaolomouc.cz\/wp-content\/gallery\/nesmer-2022-foto-peta-e-a-dave\/PHOTO-2022-08-14-18-44-03.jpg\"\n               title=\"\"\n               data-src=\"https:\/\/old.atletikaolomouc.cz\/wp-content\/gallery\/nesmer-2022-foto-peta-e-a-dave\/PHOTO-2022-08-14-18-44-03.jpg\"\n               data-thumbnail=\"https:\/\/old.atletikaolomouc.cz\/wp-content\/gallery\/nesmer-2022-foto-peta-e-a-dave\/thumbs\/thumbs_PHOTO-2022-08-14-18-44-03.jpg\"\n               data-image-id=\"17877\"\n               data-title=\"PHOTO-2022-08-14-18-44-03\"\n               data-description=\"\"\n               data-image-slug=\"photo-2022-08-14-18-44-03\"\n               class=\"ngg-simplelightbox\" rel=\"b99381b2a1aa79ad3008aeccc747c659\">\n                <img\n                    title=\"PHOTO-2022-08-14-18-44-03\"\n                    alt=\"PHOTO-2022-08-14-18-44-03\"\n                    src=\"https:\/\/old.atletikaolomouc.cz\/wp-content\/gallery\/nesmer-2022-foto-peta-e-a-dave\/thumbs\/thumbs_PHOTO-2022-08-14-18-44-03.jpg\"\n                    width=\"240\"\n                    height=\"160\"\n                    style=\"max-width:100%;\"\n                \/>\n            <\/a>\n        <\/div>\n\t\t\t\t\t\t\t<\/div> \n\t\t\t\n\t\t\t\t<div id=\"ngg-image-17\" class=\"ngg-gallery-thumbnail-box ngg-11-columns\" >\n\t\t\t\t        <div class=\"ngg-gallery-thumbnail\">\n            <a href=\"https:\/\/old.atletikaolomouc.cz\/wp-content\/gallery\/nesmer-2022-foto-peta-e-a-dave\/PHOTO-2022-08-14-18-44-08.jpg\"\n               title=\"\"\n               data-src=\"https:\/\/old.atletikaolomouc.cz\/wp-content\/gallery\/nesmer-2022-foto-peta-e-a-dave\/PHOTO-2022-08-14-18-44-08.jpg\"\n               data-thumbnail=\"https:\/\/old.atletikaolomouc.cz\/wp-content\/gallery\/nesmer-2022-foto-peta-e-a-dave\/thumbs\/thumbs_PHOTO-2022-08-14-18-44-08.jpg\"\n               data-image-id=\"17879\"\n               data-title=\"PHOTO-2022-08-14-18-44-08\"\n               data-description=\"\"\n               data-image-slug=\"photo-2022-08-14-18-44-08\"\n               class=\"ngg-simplelightbox\" rel=\"b99381b2a1aa79ad3008aeccc747c659\">\n                <img\n                    title=\"PHOTO-2022-08-14-18-44-08\"\n                    alt=\"PHOTO-2022-08-14-18-44-08\"\n                    src=\"https:\/\/old.atletikaolomouc.cz\/wp-content\/gallery\/nesmer-2022-foto-peta-e-a-dave\/thumbs\/thumbs_PHOTO-2022-08-14-18-44-08.jpg\"\n                    width=\"240\"\n                    height=\"160\"\n                    style=\"max-width:100%;\"\n                \/>\n            <\/a>\n        <\/div>\n\t\t\t\t\t\t\t<\/div> \n\t\t\t\n\t\t\t\t<div id=\"ngg-image-18\" class=\"ngg-gallery-thumbnail-box ngg-11-columns\" >\n\t\t\t\t        <div class=\"ngg-gallery-thumbnail\">\n            <a href=\"https:\/\/old.atletikaolomouc.cz\/wp-content\/gallery\/nesmer-2022-foto-peta-e-a-dave\/PHOTO-2022-08-14-18-44-10.jpg\"\n               title=\"\"\n               data-src=\"https:\/\/old.atletikaolomouc.cz\/wp-content\/gallery\/nesmer-2022-foto-peta-e-a-dave\/PHOTO-2022-08-14-18-44-10.jpg\"\n               data-thumbnail=\"https:\/\/old.atletikaolomouc.cz\/wp-content\/gallery\/nesmer-2022-foto-peta-e-a-dave\/thumbs\/thumbs_PHOTO-2022-08-14-18-44-10.jpg\"\n               data-image-id=\"17880\"\n               data-title=\"PHOTO-2022-08-14-18-44-10\"\n               data-description=\"\"\n               data-image-slug=\"photo-2022-08-14-18-44-10\"\n               class=\"ngg-simplelightbox\" rel=\"b99381b2a1aa79ad3008aeccc747c659\">\n                <img\n                    title=\"PHOTO-2022-08-14-18-44-10\"\n                    alt=\"PHOTO-2022-08-14-18-44-10\"\n                    src=\"https:\/\/old.atletikaolomouc.cz\/wp-content\/gallery\/nesmer-2022-foto-peta-e-a-dave\/thumbs\/thumbs_PHOTO-2022-08-14-18-44-10.jpg\"\n                    width=\"240\"\n                    height=\"160\"\n                    style=\"max-width:100%;\"\n                \/>\n            <\/a>\n        <\/div>\n\t\t\t\t\t\t\t<\/div> \n\t\t\t\n\t\t\t\t<div id=\"ngg-image-19\" class=\"ngg-gallery-thumbnail-box ngg-11-columns\" >\n\t\t\t\t        <div class=\"ngg-gallery-thumbnail\">\n            <a href=\"https:\/\/old.atletikaolomouc.cz\/wp-content\/gallery\/nesmer-2022-foto-peta-e-a-dave\/PHOTO-2022-08-14-18-44-11.jpg\"\n               title=\"\"\n               data-src=\"https:\/\/old.atletikaolomouc.cz\/wp-content\/gallery\/nesmer-2022-foto-peta-e-a-dave\/PHOTO-2022-08-14-18-44-11.jpg\"\n               data-thumbnail=\"https:\/\/old.atletikaolomouc.cz\/wp-content\/gallery\/nesmer-2022-foto-peta-e-a-dave\/thumbs\/thumbs_PHOTO-2022-08-14-18-44-11.jpg\"\n               data-image-id=\"17882\"\n               data-title=\"PHOTO-2022-08-14-18-44-11\"\n               data-description=\"\"\n               data-image-slug=\"photo-2022-08-14-18-44-11\"\n               class=\"ngg-simplelightbox\" rel=\"b99381b2a1aa79ad3008aeccc747c659\">\n                <img\n                    title=\"PHOTO-2022-08-14-18-44-11\"\n                    alt=\"PHOTO-2022-08-14-18-44-11\"\n                    src=\"https:\/\/old.atletikaolomouc.cz\/wp-content\/gallery\/nesmer-2022-foto-peta-e-a-dave\/thumbs\/thumbs_PHOTO-2022-08-14-18-44-11.jpg\"\n                    width=\"240\"\n                    height=\"160\"\n                    style=\"max-width:100%;\"\n                \/>\n            <\/a>\n        <\/div>\n\t\t\t\t\t\t\t<\/div> \n\t\t\t\n\t\t\t\t<div id=\"ngg-image-20\" class=\"ngg-gallery-thumbnail-box ngg-11-columns\" >\n\t\t\t\t        <div class=\"ngg-gallery-thumbnail\">\n            <a href=\"https:\/\/old.atletikaolomouc.cz\/wp-content\/gallery\/nesmer-2022-foto-peta-e-a-dave\/PHOTO-2022-08-14-18-44-14.jpg\"\n               title=\"\"\n               data-src=\"https:\/\/old.atletikaolomouc.cz\/wp-content\/gallery\/nesmer-2022-foto-peta-e-a-dave\/PHOTO-2022-08-14-18-44-14.jpg\"\n               data-thumbnail=\"https:\/\/old.atletikaolomouc.cz\/wp-content\/gallery\/nesmer-2022-foto-peta-e-a-dave\/thumbs\/thumbs_PHOTO-2022-08-14-18-44-14.jpg\"\n               data-image-id=\"17884\"\n               data-title=\"PHOTO-2022-08-14-18-44-14\"\n               data-description=\"\"\n               data-image-slug=\"photo-2022-08-14-18-44-14\"\n               class=\"ngg-simplelightbox\" rel=\"b99381b2a1aa79ad3008aeccc747c659\">\n                <img\n                    title=\"PHOTO-2022-08-14-18-44-14\"\n                    alt=\"PHOTO-2022-08-14-18-44-14\"\n                    src=\"https:\/\/old.atletikaolomouc.cz\/wp-content\/gallery\/nesmer-2022-foto-peta-e-a-dave\/thumbs\/thumbs_PHOTO-2022-08-14-18-44-14.jpg\"\n                    width=\"240\"\n                    height=\"160\"\n                    style=\"max-width:100%;\"\n                \/>\n            <\/a>\n        <\/div>\n\t\t\t\t\t\t\t<\/div> \n\t\t\t\n\t\t\t\t<div id=\"ngg-image-21\" class=\"ngg-gallery-thumbnail-box ngg-11-columns\" >\n\t\t\t\t        <div class=\"ngg-gallery-thumbnail\">\n            <a href=\"https:\/\/old.atletikaolomouc.cz\/wp-content\/gallery\/nesmer-2022-foto-peta-e-a-dave\/PHOTO-2022-08-14-18-44-15-2.jpg\"\n               title=\"\"\n               data-src=\"https:\/\/old.atletikaolomouc.cz\/wp-content\/gallery\/nesmer-2022-foto-peta-e-a-dave\/PHOTO-2022-08-14-18-44-15-2.jpg\"\n               data-thumbnail=\"https:\/\/old.atletikaolomouc.cz\/wp-content\/gallery\/nesmer-2022-foto-peta-e-a-dave\/thumbs\/thumbs_PHOTO-2022-08-14-18-44-15-2.jpg\"\n               data-image-id=\"17886\"\n               data-title=\"PHOTO-2022-08-14-18-44-15-2\"\n               data-description=\"\"\n               data-image-slug=\"photo-2022-08-14-18-44-15-2\"\n               class=\"ngg-simplelightbox\" rel=\"b99381b2a1aa79ad3008aeccc747c659\">\n                <img\n                    title=\"PHOTO-2022-08-14-18-44-15-2\"\n                    alt=\"PHOTO-2022-08-14-18-44-15-2\"\n                    src=\"https:\/\/old.atletikaolomouc.cz\/wp-content\/gallery\/nesmer-2022-foto-peta-e-a-dave\/thumbs\/thumbs_PHOTO-2022-08-14-18-44-15-2.jpg\"\n                    width=\"240\"\n                    height=\"160\"\n                    style=\"max-width:100%;\"\n                \/>\n            <\/a>\n        <\/div>\n\t\t\t\t\t\t\t<\/div> \n\t\t\t\n\t\t\t\t<div id=\"ngg-image-22\" class=\"ngg-gallery-thumbnail-box ngg-11-columns\" >\n\t\t\t\t        <div class=\"ngg-gallery-thumbnail\">\n            <a href=\"https:\/\/old.atletikaolomouc.cz\/wp-content\/gallery\/nesmer-2022-foto-peta-e-a-dave\/PHOTO-2022-08-14-18-44-15-3.jpg\"\n               title=\"\"\n               data-src=\"https:\/\/old.atletikaolomouc.cz\/wp-content\/gallery\/nesmer-2022-foto-peta-e-a-dave\/PHOTO-2022-08-14-18-44-15-3.jpg\"\n               data-thumbnail=\"https:\/\/old.atletikaolomouc.cz\/wp-content\/gallery\/nesmer-2022-foto-peta-e-a-dave\/thumbs\/thumbs_PHOTO-2022-08-14-18-44-15-3.jpg\"\n               data-image-id=\"17888\"\n               data-title=\"PHOTO-2022-08-14-18-44-15-3\"\n               data-description=\"\"\n               data-image-slug=\"photo-2022-08-14-18-44-15-3\"\n               class=\"ngg-simplelightbox\" rel=\"b99381b2a1aa79ad3008aeccc747c659\">\n                <img\n                    title=\"PHOTO-2022-08-14-18-44-15-3\"\n                    alt=\"PHOTO-2022-08-14-18-44-15-3\"\n                    src=\"https:\/\/old.atletikaolomouc.cz\/wp-content\/gallery\/nesmer-2022-foto-peta-e-a-dave\/thumbs\/thumbs_PHOTO-2022-08-14-18-44-15-3.jpg\"\n                    width=\"240\"\n                    height=\"160\"\n                    style=\"max-width:100%;\"\n                \/>\n            <\/a>\n        <\/div>\n\t\t\t\t\t\t\t<\/div> \n\t\t\t\n\t\t\t\t<div id=\"ngg-image-23\" class=\"ngg-gallery-thumbnail-box ngg-11-columns\" >\n\t\t\t\t        <div class=\"ngg-gallery-thumbnail\">\n            <a href=\"https:\/\/old.atletikaolomouc.cz\/wp-content\/gallery\/nesmer-2022-foto-peta-e-a-dave\/PHOTO-2022-08-14-18-44-15.jpg\"\n               title=\"\"\n               data-src=\"https:\/\/old.atletikaolomouc.cz\/wp-content\/gallery\/nesmer-2022-foto-peta-e-a-dave\/PHOTO-2022-08-14-18-44-15.jpg\"\n               data-thumbnail=\"https:\/\/old.atletikaolomouc.cz\/wp-content\/gallery\/nesmer-2022-foto-peta-e-a-dave\/thumbs\/thumbs_PHOTO-2022-08-14-18-44-15.jpg\"\n               data-image-id=\"17890\"\n               data-title=\"PHOTO-2022-08-14-18-44-15\"\n               data-description=\"\"\n               data-image-slug=\"photo-2022-08-14-18-44-15-4\"\n               class=\"ngg-simplelightbox\" rel=\"b99381b2a1aa79ad3008aeccc747c659\">\n                <img\n                    title=\"PHOTO-2022-08-14-18-44-15\"\n                    alt=\"PHOTO-2022-08-14-18-44-15\"\n                    src=\"https:\/\/old.atletikaolomouc.cz\/wp-content\/gallery\/nesmer-2022-foto-peta-e-a-dave\/thumbs\/thumbs_PHOTO-2022-08-14-18-44-15.jpg\"\n                    width=\"240\"\n                    height=\"160\"\n                    style=\"max-width:100%;\"\n                \/>\n            <\/a>\n        <\/div>\n\t\t\t\t\t\t\t<\/div> \n\t\t\t\n\t\t\t\t<div id=\"ngg-image-24\" class=\"ngg-gallery-thumbnail-box ngg-11-columns\" >\n\t\t\t\t        <div class=\"ngg-gallery-thumbnail\">\n            <a href=\"https:\/\/old.atletikaolomouc.cz\/wp-content\/gallery\/nesmer-2022-foto-peta-e-a-dave\/PHOTO-2022-08-15-19-52-48.jpg\"\n               title=\"\"\n               data-src=\"https:\/\/old.atletikaolomouc.cz\/wp-content\/gallery\/nesmer-2022-foto-peta-e-a-dave\/PHOTO-2022-08-15-19-52-48.jpg\"\n               data-thumbnail=\"https:\/\/old.atletikaolomouc.cz\/wp-content\/gallery\/nesmer-2022-foto-peta-e-a-dave\/thumbs\/thumbs_PHOTO-2022-08-15-19-52-48.jpg\"\n               data-image-id=\"17891\"\n               data-title=\"PHOTO-2022-08-15-19-52-48\"\n               data-description=\"\"\n               data-image-slug=\"photo-2022-08-15-19-52-48\"\n               class=\"ngg-simplelightbox\" rel=\"b99381b2a1aa79ad3008aeccc747c659\">\n                <img\n                    title=\"PHOTO-2022-08-15-19-52-48\"\n                    alt=\"PHOTO-2022-08-15-19-52-48\"\n                    src=\"https:\/\/old.atletikaolomouc.cz\/wp-content\/gallery\/nesmer-2022-foto-peta-e-a-dave\/thumbs\/thumbs_PHOTO-2022-08-15-19-52-48.jpg\"\n                    width=\"240\"\n                    height=\"160\"\n                    style=\"max-width:100%;\"\n                \/>\n            <\/a>\n        <\/div>\n\t\t\t\t\t\t\t<\/div> \n\t\t\t\n\t\t\t\t<div id=\"ngg-image-25\" class=\"ngg-gallery-thumbnail-box ngg-11-columns\" >\n\t\t\t\t        <div class=\"ngg-gallery-thumbnail\">\n            <a href=\"https:\/\/old.atletikaolomouc.cz\/wp-content\/gallery\/nesmer-2022-foto-peta-e-a-dave\/PHOTO-2022-08-15-19-52-49.jpg\"\n               title=\"\"\n               data-src=\"https:\/\/old.atletikaolomouc.cz\/wp-content\/gallery\/nesmer-2022-foto-peta-e-a-dave\/PHOTO-2022-08-15-19-52-49.jpg\"\n               data-thumbnail=\"https:\/\/old.atletikaolomouc.cz\/wp-content\/gallery\/nesmer-2022-foto-peta-e-a-dave\/thumbs\/thumbs_PHOTO-2022-08-15-19-52-49.jpg\"\n               data-image-id=\"17893\"\n               data-title=\"PHOTO-2022-08-15-19-52-49\"\n               data-description=\"\"\n               data-image-slug=\"photo-2022-08-15-19-52-49\"\n               class=\"ngg-simplelightbox\" rel=\"b99381b2a1aa79ad3008aeccc747c659\">\n                <img\n                    title=\"PHOTO-2022-08-15-19-52-49\"\n                    alt=\"PHOTO-2022-08-15-19-52-49\"\n                    src=\"https:\/\/old.atletikaolomouc.cz\/wp-content\/gallery\/nesmer-2022-foto-peta-e-a-dave\/thumbs\/thumbs_PHOTO-2022-08-15-19-52-49.jpg\"\n                    width=\"240\"\n                    height=\"160\"\n                    style=\"max-width:100%;\"\n                \/>\n            <\/a>\n        <\/div>\n\t\t\t\t\t\t\t<\/div> \n\t\t\t\n\t\t\t\t<div id=\"ngg-image-26\" class=\"ngg-gallery-thumbnail-box ngg-11-columns\" >\n\t\t\t\t        <div class=\"ngg-gallery-thumbnail\">\n            <a href=\"https:\/\/old.atletikaolomouc.cz\/wp-content\/gallery\/nesmer-2022-foto-peta-e-a-dave\/PHOTO-2022-08-15-19-52-51-1.jpg\"\n               title=\"\"\n               data-src=\"https:\/\/old.atletikaolomouc.cz\/wp-content\/gallery\/nesmer-2022-foto-peta-e-a-dave\/PHOTO-2022-08-15-19-52-51-1.jpg\"\n               data-thumbnail=\"https:\/\/old.atletikaolomouc.cz\/wp-content\/gallery\/nesmer-2022-foto-peta-e-a-dave\/thumbs\/thumbs_PHOTO-2022-08-15-19-52-51-1.jpg\"\n               data-image-id=\"17894\"\n               data-title=\"PHOTO-2022-08-15-19-52-51-1\"\n               data-description=\"\"\n               data-image-slug=\"photo-2022-08-15-19-52-51-1\"\n               class=\"ngg-simplelightbox\" rel=\"b99381b2a1aa79ad3008aeccc747c659\">\n                <img\n                    title=\"PHOTO-2022-08-15-19-52-51-1\"\n                    alt=\"PHOTO-2022-08-15-19-52-51-1\"\n                    src=\"https:\/\/old.atletikaolomouc.cz\/wp-content\/gallery\/nesmer-2022-foto-peta-e-a-dave\/thumbs\/thumbs_PHOTO-2022-08-15-19-52-51-1.jpg\"\n                    width=\"240\"\n                    height=\"160\"\n                    style=\"max-width:100%;\"\n                \/>\n            <\/a>\n        <\/div>\n\t\t\t\t\t\t\t<\/div> \n\t\t\t\n\t\t\t\t<div id=\"ngg-image-27\" class=\"ngg-gallery-thumbnail-box ngg-11-columns\" >\n\t\t\t\t        <div class=\"ngg-gallery-thumbnail\">\n            <a href=\"https:\/\/old.atletikaolomouc.cz\/wp-content\/gallery\/nesmer-2022-foto-peta-e-a-dave\/PHOTO-2022-08-15-19-52-51-2.jpg\"\n               title=\"\"\n               data-src=\"https:\/\/old.atletikaolomouc.cz\/wp-content\/gallery\/nesmer-2022-foto-peta-e-a-dave\/PHOTO-2022-08-15-19-52-51-2.jpg\"\n               data-thumbnail=\"https:\/\/old.atletikaolomouc.cz\/wp-content\/gallery\/nesmer-2022-foto-peta-e-a-dave\/thumbs\/thumbs_PHOTO-2022-08-15-19-52-51-2.jpg\"\n               data-image-id=\"17896\"\n               data-title=\"PHOTO-2022-08-15-19-52-51-2\"\n               data-description=\"\"\n               data-image-slug=\"photo-2022-08-15-19-52-51-2\"\n               class=\"ngg-simplelightbox\" rel=\"b99381b2a1aa79ad3008aeccc747c659\">\n                <img\n                    title=\"PHOTO-2022-08-15-19-52-51-2\"\n                    alt=\"PHOTO-2022-08-15-19-52-51-2\"\n                    src=\"https:\/\/old.atletikaolomouc.cz\/wp-content\/gallery\/nesmer-2022-foto-peta-e-a-dave\/thumbs\/thumbs_PHOTO-2022-08-15-19-52-51-2.jpg\"\n                    width=\"240\"\n                    height=\"160\"\n                    style=\"max-width:100%;\"\n                \/>\n            <\/a>\n        <\/div>\n\t\t\t\t\t\t\t<\/div> \n\t\t\t\n\t\t\t\t<div id=\"ngg-image-28\" class=\"ngg-gallery-thumbnail-box ngg-11-columns\" >\n\t\t\t\t        <div class=\"ngg-gallery-thumbnail\">\n            <a href=\"https:\/\/old.atletikaolomouc.cz\/wp-content\/gallery\/nesmer-2022-foto-peta-e-a-dave\/PHOTO-2022-08-15-19-52-51.jpg\"\n               title=\"\"\n               data-src=\"https:\/\/old.atletikaolomouc.cz\/wp-content\/gallery\/nesmer-2022-foto-peta-e-a-dave\/PHOTO-2022-08-15-19-52-51.jpg\"\n               data-thumbnail=\"https:\/\/old.atletikaolomouc.cz\/wp-content\/gallery\/nesmer-2022-foto-peta-e-a-dave\/thumbs\/thumbs_PHOTO-2022-08-15-19-52-51.jpg\"\n               data-image-id=\"17898\"\n               data-title=\"PHOTO-2022-08-15-19-52-51\"\n               data-description=\"\"\n               data-image-slug=\"photo-2022-08-15-19-52-51-3\"\n               class=\"ngg-simplelightbox\" rel=\"b99381b2a1aa79ad3008aeccc747c659\">\n                <img\n                    title=\"PHOTO-2022-08-15-19-52-51\"\n                    alt=\"PHOTO-2022-08-15-19-52-51\"\n                    src=\"https:\/\/old.atletikaolomouc.cz\/wp-content\/gallery\/nesmer-2022-foto-peta-e-a-dave\/thumbs\/thumbs_PHOTO-2022-08-15-19-52-51.jpg\"\n                    width=\"240\"\n                    height=\"160\"\n                    style=\"max-width:100%;\"\n                \/>\n            <\/a>\n        <\/div>\n\t\t\t\t\t\t\t<\/div> \n\t\t\t\n\t\t\t\t<div id=\"ngg-image-29\" class=\"ngg-gallery-thumbnail-box ngg-11-columns\" >\n\t\t\t\t        <div class=\"ngg-gallery-thumbnail\">\n            <a href=\"https:\/\/old.atletikaolomouc.cz\/wp-content\/gallery\/nesmer-2022-foto-peta-e-a-dave\/PHOTO-2022-08-15-19-52-52-1.jpg\"\n               title=\"\"\n               data-src=\"https:\/\/old.atletikaolomouc.cz\/wp-content\/gallery\/nesmer-2022-foto-peta-e-a-dave\/PHOTO-2022-08-15-19-52-52-1.jpg\"\n               data-thumbnail=\"https:\/\/old.atletikaolomouc.cz\/wp-content\/gallery\/nesmer-2022-foto-peta-e-a-dave\/thumbs\/thumbs_PHOTO-2022-08-15-19-52-52-1.jpg\"\n               data-image-id=\"17899\"\n               data-title=\"PHOTO-2022-08-15-19-52-52-1\"\n               data-description=\"\"\n               data-image-slug=\"photo-2022-08-15-19-52-52-1\"\n               class=\"ngg-simplelightbox\" rel=\"b99381b2a1aa79ad3008aeccc747c659\">\n                <img\n                    title=\"PHOTO-2022-08-15-19-52-52-1\"\n                    alt=\"PHOTO-2022-08-15-19-52-52-1\"\n                    src=\"https:\/\/old.atletikaolomouc.cz\/wp-content\/gallery\/nesmer-2022-foto-peta-e-a-dave\/thumbs\/thumbs_PHOTO-2022-08-15-19-52-52-1.jpg\"\n                    width=\"240\"\n                    height=\"160\"\n                    style=\"max-width:100%;\"\n                \/>\n            <\/a>\n        <\/div>\n\t\t\t\t\t\t\t<\/div> \n\t\t\t\n\t\t\t\t<div id=\"ngg-image-30\" class=\"ngg-gallery-thumbnail-box ngg-11-columns\" >\n\t\t\t\t        <div class=\"ngg-gallery-thumbnail\">\n            <a href=\"https:\/\/old.atletikaolomouc.cz\/wp-content\/gallery\/nesmer-2022-foto-peta-e-a-dave\/PHOTO-2022-08-15-19-52-52.jpg\"\n               title=\"\"\n               data-src=\"https:\/\/old.atletikaolomouc.cz\/wp-content\/gallery\/nesmer-2022-foto-peta-e-a-dave\/PHOTO-2022-08-15-19-52-52.jpg\"\n               data-thumbnail=\"https:\/\/old.atletikaolomouc.cz\/wp-content\/gallery\/nesmer-2022-foto-peta-e-a-dave\/thumbs\/thumbs_PHOTO-2022-08-15-19-52-52.jpg\"\n               data-image-id=\"17901\"\n               data-title=\"PHOTO-2022-08-15-19-52-52\"\n               data-description=\"\"\n               data-image-slug=\"photo-2022-08-15-19-52-52-2\"\n               class=\"ngg-simplelightbox\" rel=\"b99381b2a1aa79ad3008aeccc747c659\">\n                <img\n                    title=\"PHOTO-2022-08-15-19-52-52\"\n                    alt=\"PHOTO-2022-08-15-19-52-52\"\n                    src=\"https:\/\/old.atletikaolomouc.cz\/wp-content\/gallery\/nesmer-2022-foto-peta-e-a-dave\/thumbs\/thumbs_PHOTO-2022-08-15-19-52-52.jpg\"\n                    width=\"240\"\n                    height=\"160\"\n                    style=\"max-width:100%;\"\n                \/>\n            <\/a>\n        <\/div>\n\t\t\t\t\t\t\t<\/div> \n\t\t\t\n\t\t\t\t<div id=\"ngg-image-31\" class=\"ngg-gallery-thumbnail-box ngg-11-columns\" >\n\t\t\t\t        <div class=\"ngg-gallery-thumbnail\">\n            <a href=\"https:\/\/old.atletikaolomouc.cz\/wp-content\/gallery\/nesmer-2022-foto-peta-e-a-dave\/PHOTO-2022-08-15-19-52-53-1.jpg\"\n               title=\"\"\n               data-src=\"https:\/\/old.atletikaolomouc.cz\/wp-content\/gallery\/nesmer-2022-foto-peta-e-a-dave\/PHOTO-2022-08-15-19-52-53-1.jpg\"\n               data-thumbnail=\"https:\/\/old.atletikaolomouc.cz\/wp-content\/gallery\/nesmer-2022-foto-peta-e-a-dave\/thumbs\/thumbs_PHOTO-2022-08-15-19-52-53-1.jpg\"\n               data-image-id=\"17903\"\n               data-title=\"PHOTO-2022-08-15-19-52-53-1\"\n               data-description=\"\"\n               data-image-slug=\"photo-2022-08-15-19-52-53-1\"\n               class=\"ngg-simplelightbox\" rel=\"b99381b2a1aa79ad3008aeccc747c659\">\n                <img\n                    title=\"PHOTO-2022-08-15-19-52-53-1\"\n                    alt=\"PHOTO-2022-08-15-19-52-53-1\"\n                    src=\"https:\/\/old.atletikaolomouc.cz\/wp-content\/gallery\/nesmer-2022-foto-peta-e-a-dave\/thumbs\/thumbs_PHOTO-2022-08-15-19-52-53-1.jpg\"\n                    width=\"240\"\n                    height=\"160\"\n                    style=\"max-width:100%;\"\n                \/>\n            <\/a>\n        <\/div>\n\t\t\t\t\t\t\t<\/div> \n\t\t\t\n\t\t\t\t<div id=\"ngg-image-32\" class=\"ngg-gallery-thumbnail-box ngg-11-columns\" >\n\t\t\t\t        <div class=\"ngg-gallery-thumbnail\">\n            <a href=\"https:\/\/old.atletikaolomouc.cz\/wp-content\/gallery\/nesmer-2022-foto-peta-e-a-dave\/PHOTO-2022-08-15-19-52-53-2.jpg\"\n               title=\"\"\n               data-src=\"https:\/\/old.atletikaolomouc.cz\/wp-content\/gallery\/nesmer-2022-foto-peta-e-a-dave\/PHOTO-2022-08-15-19-52-53-2.jpg\"\n               data-thumbnail=\"https:\/\/old.atletikaolomouc.cz\/wp-content\/gallery\/nesmer-2022-foto-peta-e-a-dave\/thumbs\/thumbs_PHOTO-2022-08-15-19-52-53-2.jpg\"\n               data-image-id=\"17905\"\n               data-title=\"PHOTO-2022-08-15-19-52-53-2\"\n               data-description=\"\"\n               data-image-slug=\"photo-2022-08-15-19-52-53-2\"\n               class=\"ngg-simplelightbox\" rel=\"b99381b2a1aa79ad3008aeccc747c659\">\n                <img\n                    title=\"PHOTO-2022-08-15-19-52-53-2\"\n                    alt=\"PHOTO-2022-08-15-19-52-53-2\"\n                    src=\"https:\/\/old.atletikaolomouc.cz\/wp-content\/gallery\/nesmer-2022-foto-peta-e-a-dave\/thumbs\/thumbs_PHOTO-2022-08-15-19-52-53-2.jpg\"\n                    width=\"240\"\n                    height=\"160\"\n                    style=\"max-width:100%;\"\n                \/>\n            <\/a>\n        <\/div>\n\t\t\t\t\t\t\t<\/div> \n\t\t\t\n\t\t\t\t<div id=\"ngg-image-33\" class=\"ngg-gallery-thumbnail-box ngg-11-columns\" >\n\t\t\t\t        <div class=\"ngg-gallery-thumbnail\">\n            <a href=\"https:\/\/old.atletikaolomouc.cz\/wp-content\/gallery\/nesmer-2022-foto-peta-e-a-dave\/PHOTO-2022-08-15-19-52-53-3.jpg\"\n               title=\"\"\n               data-src=\"https:\/\/old.atletikaolomouc.cz\/wp-content\/gallery\/nesmer-2022-foto-peta-e-a-dave\/PHOTO-2022-08-15-19-52-53-3.jpg\"\n               data-thumbnail=\"https:\/\/old.atletikaolomouc.cz\/wp-content\/gallery\/nesmer-2022-foto-peta-e-a-dave\/thumbs\/thumbs_PHOTO-2022-08-15-19-52-53-3.jpg\"\n               data-image-id=\"17907\"\n               data-title=\"PHOTO-2022-08-15-19-52-53-3\"\n               data-description=\"\"\n               data-image-slug=\"photo-2022-08-15-19-52-53-3\"\n               class=\"ngg-simplelightbox\" rel=\"b99381b2a1aa79ad3008aeccc747c659\">\n                <img\n                    title=\"PHOTO-2022-08-15-19-52-53-3\"\n                    alt=\"PHOTO-2022-08-15-19-52-53-3\"\n                    src=\"https:\/\/old.atletikaolomouc.cz\/wp-content\/gallery\/nesmer-2022-foto-peta-e-a-dave\/thumbs\/thumbs_PHOTO-2022-08-15-19-52-53-3.jpg\"\n                    width=\"240\"\n                    height=\"160\"\n                    style=\"max-width:100%;\"\n                \/>\n            <\/a>\n        <\/div>\n\t\t\t\t\t\t\t<\/div> \n\t\t\t\n\t\t\t\t<div id=\"ngg-image-34\" class=\"ngg-gallery-thumbnail-box ngg-11-columns\" >\n\t\t\t\t        <div class=\"ngg-gallery-thumbnail\">\n            <a href=\"https:\/\/old.atletikaolomouc.cz\/wp-content\/gallery\/nesmer-2022-foto-peta-e-a-dave\/PHOTO-2022-08-15-19-52-53-4.jpg\"\n               title=\"\"\n               data-src=\"https:\/\/old.atletikaolomouc.cz\/wp-content\/gallery\/nesmer-2022-foto-peta-e-a-dave\/PHOTO-2022-08-15-19-52-53-4.jpg\"\n               data-thumbnail=\"https:\/\/old.atletikaolomouc.cz\/wp-content\/gallery\/nesmer-2022-foto-peta-e-a-dave\/thumbs\/thumbs_PHOTO-2022-08-15-19-52-53-4.jpg\"\n               data-image-id=\"17909\"\n               data-title=\"PHOTO-2022-08-15-19-52-53-4\"\n               data-description=\"\"\n               data-image-slug=\"photo-2022-08-15-19-52-53-4\"\n               class=\"ngg-simplelightbox\" rel=\"b99381b2a1aa79ad3008aeccc747c659\">\n                <img\n                    title=\"PHOTO-2022-08-15-19-52-53-4\"\n                    alt=\"PHOTO-2022-08-15-19-52-53-4\"\n                    src=\"https:\/\/old.atletikaolomouc.cz\/wp-content\/gallery\/nesmer-2022-foto-peta-e-a-dave\/thumbs\/thumbs_PHOTO-2022-08-15-19-52-53-4.jpg\"\n                    width=\"240\"\n                    height=\"160\"\n                    style=\"max-width:100%;\"\n                \/>\n            <\/a>\n        <\/div>\n\t\t\t\t\t\t\t<\/div> \n\t\t\t\n\t\t\t\t<div id=\"ngg-image-35\" class=\"ngg-gallery-thumbnail-box ngg-11-columns\" >\n\t\t\t\t        <div class=\"ngg-gallery-thumbnail\">\n            <a href=\"https:\/\/old.atletikaolomouc.cz\/wp-content\/gallery\/nesmer-2022-foto-peta-e-a-dave\/PHOTO-2022-08-15-19-52-53.jpg\"\n               title=\"\"\n               data-src=\"https:\/\/old.atletikaolomouc.cz\/wp-content\/gallery\/nesmer-2022-foto-peta-e-a-dave\/PHOTO-2022-08-15-19-52-53.jpg\"\n               data-thumbnail=\"https:\/\/old.atletikaolomouc.cz\/wp-content\/gallery\/nesmer-2022-foto-peta-e-a-dave\/thumbs\/thumbs_PHOTO-2022-08-15-19-52-53.jpg\"\n               data-image-id=\"17910\"\n               data-title=\"PHOTO-2022-08-15-19-52-53\"\n               data-description=\"\"\n               data-image-slug=\"photo-2022-08-15-19-52-53-5\"\n               class=\"ngg-simplelightbox\" rel=\"b99381b2a1aa79ad3008aeccc747c659\">\n                <img\n                    title=\"PHOTO-2022-08-15-19-52-53\"\n                    alt=\"PHOTO-2022-08-15-19-52-53\"\n                    src=\"https:\/\/old.atletikaolomouc.cz\/wp-content\/gallery\/nesmer-2022-foto-peta-e-a-dave\/thumbs\/thumbs_PHOTO-2022-08-15-19-52-53.jpg\"\n                    width=\"240\"\n                    height=\"160\"\n                    style=\"max-width:100%;\"\n                \/>\n            <\/a>\n        <\/div>\n\t\t\t\t\t\t\t<\/div> \n\t\t\t\n\t\t\t\t<div id=\"ngg-image-36\" class=\"ngg-gallery-thumbnail-box ngg-11-columns\" >\n\t\t\t\t        <div class=\"ngg-gallery-thumbnail\">\n            <a href=\"https:\/\/old.atletikaolomouc.cz\/wp-content\/gallery\/nesmer-2022-foto-peta-e-a-dave\/PHOTO-2022-08-15-19-53-45.jpg\"\n               title=\"\"\n               data-src=\"https:\/\/old.atletikaolomouc.cz\/wp-content\/gallery\/nesmer-2022-foto-peta-e-a-dave\/PHOTO-2022-08-15-19-53-45.jpg\"\n               data-thumbnail=\"https:\/\/old.atletikaolomouc.cz\/wp-content\/gallery\/nesmer-2022-foto-peta-e-a-dave\/thumbs\/thumbs_PHOTO-2022-08-15-19-53-45.jpg\"\n               data-image-id=\"17912\"\n               data-title=\"PHOTO-2022-08-15-19-53-45\"\n               data-description=\"\"\n               data-image-slug=\"photo-2022-08-15-19-53-45\"\n               class=\"ngg-simplelightbox\" rel=\"b99381b2a1aa79ad3008aeccc747c659\">\n                <img\n                    title=\"PHOTO-2022-08-15-19-53-45\"\n                    alt=\"PHOTO-2022-08-15-19-53-45\"\n                    src=\"https:\/\/old.atletikaolomouc.cz\/wp-content\/gallery\/nesmer-2022-foto-peta-e-a-dave\/thumbs\/thumbs_PHOTO-2022-08-15-19-53-45.jpg\"\n                    width=\"240\"\n                    height=\"160\"\n                    style=\"max-width:100%;\"\n                \/>\n            <\/a>\n        <\/div>\n\t\t\t\t\t\t\t<\/div> \n\t\t\t\n\t\t\t\t<div id=\"ngg-image-37\" class=\"ngg-gallery-thumbnail-box ngg-11-columns\" >\n\t\t\t\t        <div class=\"ngg-gallery-thumbnail\">\n            <a href=\"https:\/\/old.atletikaolomouc.cz\/wp-content\/gallery\/nesmer-2022-foto-peta-e-a-dave\/PHOTO-2022-08-15-19-53-46.jpg\"\n               title=\"\"\n               data-src=\"https:\/\/old.atletikaolomouc.cz\/wp-content\/gallery\/nesmer-2022-foto-peta-e-a-dave\/PHOTO-2022-08-15-19-53-46.jpg\"\n               data-thumbnail=\"https:\/\/old.atletikaolomouc.cz\/wp-content\/gallery\/nesmer-2022-foto-peta-e-a-dave\/thumbs\/thumbs_PHOTO-2022-08-15-19-53-46.jpg\"\n               data-image-id=\"17913\"\n               data-title=\"PHOTO-2022-08-15-19-53-46\"\n               data-description=\"\"\n               data-image-slug=\"photo-2022-08-15-19-53-46\"\n               class=\"ngg-simplelightbox\" rel=\"b99381b2a1aa79ad3008aeccc747c659\">\n                <img\n                    title=\"PHOTO-2022-08-15-19-53-46\"\n                    alt=\"PHOTO-2022-08-15-19-53-46\"\n                    src=\"https:\/\/old.atletikaolomouc.cz\/wp-content\/gallery\/nesmer-2022-foto-peta-e-a-dave\/thumbs\/thumbs_PHOTO-2022-08-15-19-53-46.jpg\"\n                    width=\"240\"\n                    height=\"160\"\n                    style=\"max-width:100%;\"\n                \/>\n            <\/a>\n        <\/div>\n\t\t\t\t\t\t\t<\/div> \n\t\t\t\n\t\t\t\t<div id=\"ngg-image-38\" class=\"ngg-gallery-thumbnail-box ngg-11-columns\" >\n\t\t\t\t        <div class=\"ngg-gallery-thumbnail\">\n            <a href=\"https:\/\/old.atletikaolomouc.cz\/wp-content\/gallery\/nesmer-2022-foto-peta-e-a-dave\/PHOTO-2022-08-15-19-53-48-1.jpg\"\n               title=\"\"\n               data-src=\"https:\/\/old.atletikaolomouc.cz\/wp-content\/gallery\/nesmer-2022-foto-peta-e-a-dave\/PHOTO-2022-08-15-19-53-48-1.jpg\"\n               data-thumbnail=\"https:\/\/old.atletikaolomouc.cz\/wp-content\/gallery\/nesmer-2022-foto-peta-e-a-dave\/thumbs\/thumbs_PHOTO-2022-08-15-19-53-48-1.jpg\"\n               data-image-id=\"17915\"\n               data-title=\"PHOTO-2022-08-15-19-53-48-1\"\n               data-description=\"\"\n               data-image-slug=\"photo-2022-08-15-19-53-48-1\"\n               class=\"ngg-simplelightbox\" rel=\"b99381b2a1aa79ad3008aeccc747c659\">\n                <img\n                    title=\"PHOTO-2022-08-15-19-53-48-1\"\n                    alt=\"PHOTO-2022-08-15-19-53-48-1\"\n                    src=\"https:\/\/old.atletikaolomouc.cz\/wp-content\/gallery\/nesmer-2022-foto-peta-e-a-dave\/thumbs\/thumbs_PHOTO-2022-08-15-19-53-48-1.jpg\"\n                    width=\"240\"\n                    height=\"160\"\n                    style=\"max-width:100%;\"\n                \/>\n            <\/a>\n        <\/div>\n\t\t\t\t\t\t\t<\/div> \n\t\t\t\n\t\t\t\t<div id=\"ngg-image-39\" class=\"ngg-gallery-thumbnail-box ngg-11-columns\" >\n\t\t\t\t        <div class=\"ngg-gallery-thumbnail\">\n            <a href=\"https:\/\/old.atletikaolomouc.cz\/wp-content\/gallery\/nesmer-2022-foto-peta-e-a-dave\/PHOTO-2022-08-15-19-53-48-2.jpg\"\n               title=\"\"\n               data-src=\"https:\/\/old.atletikaolomouc.cz\/wp-content\/gallery\/nesmer-2022-foto-peta-e-a-dave\/PHOTO-2022-08-15-19-53-48-2.jpg\"\n               data-thumbnail=\"https:\/\/old.atletikaolomouc.cz\/wp-content\/gallery\/nesmer-2022-foto-peta-e-a-dave\/thumbs\/thumbs_PHOTO-2022-08-15-19-53-48-2.jpg\"\n               data-image-id=\"17916\"\n               data-title=\"PHOTO-2022-08-15-19-53-48-2\"\n               data-description=\"\"\n               data-image-slug=\"photo-2022-08-15-19-53-48-2\"\n               class=\"ngg-simplelightbox\" rel=\"b99381b2a1aa79ad3008aeccc747c659\">\n                <img\n                    title=\"PHOTO-2022-08-15-19-53-48-2\"\n                    alt=\"PHOTO-2022-08-15-19-53-48-2\"\n                    src=\"https:\/\/old.atletikaolomouc.cz\/wp-content\/gallery\/nesmer-2022-foto-peta-e-a-dave\/thumbs\/thumbs_PHOTO-2022-08-15-19-53-48-2.jpg\"\n                    width=\"240\"\n                    height=\"160\"\n                    style=\"max-width:100%;\"\n                \/>\n            <\/a>\n        <\/div>\n\t\t\t\t\t\t\t<\/div> \n\t\t\t\n\t\t\t\t<div id=\"ngg-image-40\" class=\"ngg-gallery-thumbnail-box ngg-11-columns\" >\n\t\t\t\t        <div class=\"ngg-gallery-thumbnail\">\n            <a href=\"https:\/\/old.atletikaolomouc.cz\/wp-content\/gallery\/nesmer-2022-foto-peta-e-a-dave\/PHOTO-2022-08-15-19-53-48.jpg\"\n               title=\"\"\n               data-src=\"https:\/\/old.atletikaolomouc.cz\/wp-content\/gallery\/nesmer-2022-foto-peta-e-a-dave\/PHOTO-2022-08-15-19-53-48.jpg\"\n               data-thumbnail=\"https:\/\/old.atletikaolomouc.cz\/wp-content\/gallery\/nesmer-2022-foto-peta-e-a-dave\/thumbs\/thumbs_PHOTO-2022-08-15-19-53-48.jpg\"\n               data-image-id=\"17918\"\n               data-title=\"PHOTO-2022-08-15-19-53-48\"\n               data-description=\"\"\n               data-image-slug=\"photo-2022-08-15-19-53-48-3\"\n               class=\"ngg-simplelightbox\" rel=\"b99381b2a1aa79ad3008aeccc747c659\">\n                <img\n                    title=\"PHOTO-2022-08-15-19-53-48\"\n                    alt=\"PHOTO-2022-08-15-19-53-48\"\n                    src=\"https:\/\/old.atletikaolomouc.cz\/wp-content\/gallery\/nesmer-2022-foto-peta-e-a-dave\/thumbs\/thumbs_PHOTO-2022-08-15-19-53-48.jpg\"\n                    width=\"240\"\n                    height=\"160\"\n                    style=\"max-width:100%;\"\n                \/>\n            <\/a>\n        <\/div>\n\t\t\t\t\t\t\t<\/div> \n\t\t\t\n\t\t\t\t<div id=\"ngg-image-41\" class=\"ngg-gallery-thumbnail-box ngg-11-columns\" >\n\t\t\t\t        <div class=\"ngg-gallery-thumbnail\">\n            <a href=\"https:\/\/old.atletikaolomouc.cz\/wp-content\/gallery\/nesmer-2022-foto-peta-e-a-dave\/PHOTO-2022-08-15-19-53-49-1.jpg\"\n               title=\"\"\n               data-src=\"https:\/\/old.atletikaolomouc.cz\/wp-content\/gallery\/nesmer-2022-foto-peta-e-a-dave\/PHOTO-2022-08-15-19-53-49-1.jpg\"\n               data-thumbnail=\"https:\/\/old.atletikaolomouc.cz\/wp-content\/gallery\/nesmer-2022-foto-peta-e-a-dave\/thumbs\/thumbs_PHOTO-2022-08-15-19-53-49-1.jpg\"\n               data-image-id=\"17920\"\n               data-title=\"PHOTO-2022-08-15-19-53-49-1\"\n               data-description=\"\"\n               data-image-slug=\"photo-2022-08-15-19-53-49-1\"\n               class=\"ngg-simplelightbox\" rel=\"b99381b2a1aa79ad3008aeccc747c659\">\n                <img\n                    title=\"PHOTO-2022-08-15-19-53-49-1\"\n                    alt=\"PHOTO-2022-08-15-19-53-49-1\"\n                    src=\"https:\/\/old.atletikaolomouc.cz\/wp-content\/gallery\/nesmer-2022-foto-peta-e-a-dave\/thumbs\/thumbs_PHOTO-2022-08-15-19-53-49-1.jpg\"\n                    width=\"240\"\n                    height=\"160\"\n                    style=\"max-width:100%;\"\n                \/>\n            <\/a>\n        <\/div>\n\t\t\t\t\t\t\t<\/div> \n\t\t\t\n\t\t\t\t<div id=\"ngg-image-42\" class=\"ngg-gallery-thumbnail-box ngg-11-columns\" >\n\t\t\t\t        <div class=\"ngg-gallery-thumbnail\">\n            <a href=\"https:\/\/old.atletikaolomouc.cz\/wp-content\/gallery\/nesmer-2022-foto-peta-e-a-dave\/PHOTO-2022-08-15-19-53-49.jpg\"\n               title=\"\"\n               data-src=\"https:\/\/old.atletikaolomouc.cz\/wp-content\/gallery\/nesmer-2022-foto-peta-e-a-dave\/PHOTO-2022-08-15-19-53-49.jpg\"\n               data-thumbnail=\"https:\/\/old.atletikaolomouc.cz\/wp-content\/gallery\/nesmer-2022-foto-peta-e-a-dave\/thumbs\/thumbs_PHOTO-2022-08-15-19-53-49.jpg\"\n               data-image-id=\"17922\"\n               data-title=\"PHOTO-2022-08-15-19-53-49\"\n               data-description=\"\"\n               data-image-slug=\"photo-2022-08-15-19-53-49-2\"\n               class=\"ngg-simplelightbox\" rel=\"b99381b2a1aa79ad3008aeccc747c659\">\n                <img\n                    title=\"PHOTO-2022-08-15-19-53-49\"\n                    alt=\"PHOTO-2022-08-15-19-53-49\"\n                    src=\"https:\/\/old.atletikaolomouc.cz\/wp-content\/gallery\/nesmer-2022-foto-peta-e-a-dave\/thumbs\/thumbs_PHOTO-2022-08-15-19-53-49.jpg\"\n                    width=\"240\"\n                    height=\"160\"\n                    style=\"max-width:100%;\"\n                \/>\n            <\/a>\n        <\/div>\n\t\t\t\t\t\t\t<\/div> \n\t\t\t\n\t\t\t\t<div id=\"ngg-image-43\" class=\"ngg-gallery-thumbnail-box ngg-11-columns\" >\n\t\t\t\t        <div class=\"ngg-gallery-thumbnail\">\n            <a href=\"https:\/\/old.atletikaolomouc.cz\/wp-content\/gallery\/nesmer-2022-foto-peta-e-a-dave\/PHOTO-2022-08-15-19-58-41-1.jpg\"\n               title=\"\"\n               data-src=\"https:\/\/old.atletikaolomouc.cz\/wp-content\/gallery\/nesmer-2022-foto-peta-e-a-dave\/PHOTO-2022-08-15-19-58-41-1.jpg\"\n               data-thumbnail=\"https:\/\/old.atletikaolomouc.cz\/wp-content\/gallery\/nesmer-2022-foto-peta-e-a-dave\/thumbs\/thumbs_PHOTO-2022-08-15-19-58-41-1.jpg\"\n               data-image-id=\"17923\"\n               data-title=\"PHOTO-2022-08-15-19-58-41-1\"\n               data-description=\"\"\n               data-image-slug=\"photo-2022-08-15-19-58-41-1\"\n               class=\"ngg-simplelightbox\" rel=\"b99381b2a1aa79ad3008aeccc747c659\">\n                <img\n                    title=\"PHOTO-2022-08-15-19-58-41-1\"\n                    alt=\"PHOTO-2022-08-15-19-58-41-1\"\n                    src=\"https:\/\/old.atletikaolomouc.cz\/wp-content\/gallery\/nesmer-2022-foto-peta-e-a-dave\/thumbs\/thumbs_PHOTO-2022-08-15-19-58-41-1.jpg\"\n                    width=\"240\"\n                    height=\"160\"\n                    style=\"max-width:100%;\"\n                \/>\n            <\/a>\n        <\/div>\n\t\t\t\t\t\t\t<\/div> \n\t\t\t\n\t\t\t\t<div id=\"ngg-image-44\" class=\"ngg-gallery-thumbnail-box ngg-11-columns\" >\n\t\t\t\t        <div class=\"ngg-gallery-thumbnail\">\n            <a href=\"https:\/\/old.atletikaolomouc.cz\/wp-content\/gallery\/nesmer-2022-foto-peta-e-a-dave\/PHOTO-2022-08-15-19-58-41.jpg\"\n               title=\"\"\n               data-src=\"https:\/\/old.atletikaolomouc.cz\/wp-content\/gallery\/nesmer-2022-foto-peta-e-a-dave\/PHOTO-2022-08-15-19-58-41.jpg\"\n               data-thumbnail=\"https:\/\/old.atletikaolomouc.cz\/wp-content\/gallery\/nesmer-2022-foto-peta-e-a-dave\/thumbs\/thumbs_PHOTO-2022-08-15-19-58-41.jpg\"\n               data-image-id=\"17925\"\n               data-title=\"PHOTO-2022-08-15-19-58-41\"\n               data-description=\"\"\n               data-image-slug=\"photo-2022-08-15-19-58-41-2\"\n               class=\"ngg-simplelightbox\" rel=\"b99381b2a1aa79ad3008aeccc747c659\">\n                <img\n                    title=\"PHOTO-2022-08-15-19-58-41\"\n                    alt=\"PHOTO-2022-08-15-19-58-41\"\n                    src=\"https:\/\/old.atletikaolomouc.cz\/wp-content\/gallery\/nesmer-2022-foto-peta-e-a-dave\/thumbs\/thumbs_PHOTO-2022-08-15-19-58-41.jpg\"\n                    width=\"240\"\n                    height=\"160\"\n                    style=\"max-width:100%;\"\n                \/>\n            <\/a>\n        <\/div>\n\t\t\t\t\t\t\t<\/div> \n\t\t\t\n\t\t\t\t<div id=\"ngg-image-45\" class=\"ngg-gallery-thumbnail-box ngg-11-columns\" >\n\t\t\t\t        <div class=\"ngg-gallery-thumbnail\">\n            <a href=\"https:\/\/old.atletikaolomouc.cz\/wp-content\/gallery\/nesmer-2022-foto-peta-e-a-dave\/PHOTO-2022-08-15-19-58-42-1.jpg\"\n               title=\"\"\n               data-src=\"https:\/\/old.atletikaolomouc.cz\/wp-content\/gallery\/nesmer-2022-foto-peta-e-a-dave\/PHOTO-2022-08-15-19-58-42-1.jpg\"\n               data-thumbnail=\"https:\/\/old.atletikaolomouc.cz\/wp-content\/gallery\/nesmer-2022-foto-peta-e-a-dave\/thumbs\/thumbs_PHOTO-2022-08-15-19-58-42-1.jpg\"\n               data-image-id=\"17927\"\n               data-title=\"PHOTO-2022-08-15-19-58-42-1\"\n               data-description=\"\"\n               data-image-slug=\"photo-2022-08-15-19-58-42-1\"\n               class=\"ngg-simplelightbox\" rel=\"b99381b2a1aa79ad3008aeccc747c659\">\n                <img\n                    title=\"PHOTO-2022-08-15-19-58-42-1\"\n                    alt=\"PHOTO-2022-08-15-19-58-42-1\"\n                    src=\"https:\/\/old.atletikaolomouc.cz\/wp-content\/gallery\/nesmer-2022-foto-peta-e-a-dave\/thumbs\/thumbs_PHOTO-2022-08-15-19-58-42-1.jpg\"\n                    width=\"240\"\n                    height=\"160\"\n                    style=\"max-width:100%;\"\n                \/>\n            <\/a>\n        <\/div>\n\t\t\t\t\t\t\t<\/div> \n\t\t\t\n\t\t\t\t<div id=\"ngg-image-46\" class=\"ngg-gallery-thumbnail-box ngg-11-columns\" >\n\t\t\t\t        <div class=\"ngg-gallery-thumbnail\">\n            <a href=\"https:\/\/old.atletikaolomouc.cz\/wp-content\/gallery\/nesmer-2022-foto-peta-e-a-dave\/PHOTO-2022-08-15-19-58-42.jpg\"\n               title=\"\"\n               data-src=\"https:\/\/old.atletikaolomouc.cz\/wp-content\/gallery\/nesmer-2022-foto-peta-e-a-dave\/PHOTO-2022-08-15-19-58-42.jpg\"\n               data-thumbnail=\"https:\/\/old.atletikaolomouc.cz\/wp-content\/gallery\/nesmer-2022-foto-peta-e-a-dave\/thumbs\/thumbs_PHOTO-2022-08-15-19-58-42.jpg\"\n               data-image-id=\"17928\"\n               data-title=\"PHOTO-2022-08-15-19-58-42\"\n               data-description=\"\"\n               data-image-slug=\"photo-2022-08-15-19-58-42-2\"\n               class=\"ngg-simplelightbox\" rel=\"b99381b2a1aa79ad3008aeccc747c659\">\n                <img\n                    title=\"PHOTO-2022-08-15-19-58-42\"\n                    alt=\"PHOTO-2022-08-15-19-58-42\"\n                    src=\"https:\/\/old.atletikaolomouc.cz\/wp-content\/gallery\/nesmer-2022-foto-peta-e-a-dave\/thumbs\/thumbs_PHOTO-2022-08-15-19-58-42.jpg\"\n                    width=\"240\"\n                    height=\"160\"\n                    style=\"max-width:100%;\"\n                \/>\n            <\/a>\n        <\/div>\n\t\t\t\t\t\t\t<\/div> \n\t\t\t\n\t\t\t\t<div id=\"ngg-image-47\" class=\"ngg-gallery-thumbnail-box ngg-11-columns\" >\n\t\t\t\t        <div class=\"ngg-gallery-thumbnail\">\n            <a href=\"https:\/\/old.atletikaolomouc.cz\/wp-content\/gallery\/nesmer-2022-foto-peta-e-a-dave\/PHOTO-2022-08-17-18-26-16-1.jpg\"\n               title=\"\"\n               data-src=\"https:\/\/old.atletikaolomouc.cz\/wp-content\/gallery\/nesmer-2022-foto-peta-e-a-dave\/PHOTO-2022-08-17-18-26-16-1.jpg\"\n               data-thumbnail=\"https:\/\/old.atletikaolomouc.cz\/wp-content\/gallery\/nesmer-2022-foto-peta-e-a-dave\/thumbs\/thumbs_PHOTO-2022-08-17-18-26-16-1.jpg\"\n               data-image-id=\"17930\"\n               data-title=\"PHOTO-2022-08-17-18-26-16-1\"\n               data-description=\"\"\n               data-image-slug=\"photo-2022-08-17-18-26-16-1\"\n               class=\"ngg-simplelightbox\" rel=\"b99381b2a1aa79ad3008aeccc747c659\">\n                <img\n                    title=\"PHOTO-2022-08-17-18-26-16-1\"\n                    alt=\"PHOTO-2022-08-17-18-26-16-1\"\n                    src=\"https:\/\/old.atletikaolomouc.cz\/wp-content\/gallery\/nesmer-2022-foto-peta-e-a-dave\/thumbs\/thumbs_PHOTO-2022-08-17-18-26-16-1.jpg\"\n                    width=\"240\"\n                    height=\"160\"\n                    style=\"max-width:100%;\"\n                \/>\n            <\/a>\n        <\/div>\n\t\t\t\t\t\t\t<\/div> \n\t\t\t\n\t\t\t\t<div id=\"ngg-image-48\" class=\"ngg-gallery-thumbnail-box ngg-11-columns\" >\n\t\t\t\t        <div class=\"ngg-gallery-thumbnail\">\n            <a href=\"https:\/\/old.atletikaolomouc.cz\/wp-content\/gallery\/nesmer-2022-foto-peta-e-a-dave\/PHOTO-2022-08-17-18-26-16.jpg\"\n               title=\"\"\n               data-src=\"https:\/\/old.atletikaolomouc.cz\/wp-content\/gallery\/nesmer-2022-foto-peta-e-a-dave\/PHOTO-2022-08-17-18-26-16.jpg\"\n               data-thumbnail=\"https:\/\/old.atletikaolomouc.cz\/wp-content\/gallery\/nesmer-2022-foto-peta-e-a-dave\/thumbs\/thumbs_PHOTO-2022-08-17-18-26-16.jpg\"\n               data-image-id=\"17932\"\n               data-title=\"PHOTO-2022-08-17-18-26-16\"\n               data-description=\"\"\n               data-image-slug=\"photo-2022-08-17-18-26-16-2\"\n               class=\"ngg-simplelightbox\" rel=\"b99381b2a1aa79ad3008aeccc747c659\">\n                <img\n                    title=\"PHOTO-2022-08-17-18-26-16\"\n                    alt=\"PHOTO-2022-08-17-18-26-16\"\n                    src=\"https:\/\/old.atletikaolomouc.cz\/wp-content\/gallery\/nesmer-2022-foto-peta-e-a-dave\/thumbs\/thumbs_PHOTO-2022-08-17-18-26-16.jpg\"\n                    width=\"240\"\n                    height=\"160\"\n                    style=\"max-width:100%;\"\n                \/>\n            <\/a>\n        <\/div>\n\t\t\t\t\t\t\t<\/div> \n\t\t\t\n\t\t\t\t<div id=\"ngg-image-49\" class=\"ngg-gallery-thumbnail-box ngg-11-columns\" >\n\t\t\t\t        <div class=\"ngg-gallery-thumbnail\">\n            <a href=\"https:\/\/old.atletikaolomouc.cz\/wp-content\/gallery\/nesmer-2022-foto-peta-e-a-dave\/PHOTO-2022-08-17-18-26-18.jpg\"\n               title=\"\"\n               data-src=\"https:\/\/old.atletikaolomouc.cz\/wp-content\/gallery\/nesmer-2022-foto-peta-e-a-dave\/PHOTO-2022-08-17-18-26-18.jpg\"\n               data-thumbnail=\"https:\/\/old.atletikaolomouc.cz\/wp-content\/gallery\/nesmer-2022-foto-peta-e-a-dave\/thumbs\/thumbs_PHOTO-2022-08-17-18-26-18.jpg\"\n               data-image-id=\"17934\"\n               data-title=\"PHOTO-2022-08-17-18-26-18\"\n               data-description=\"\"\n               data-image-slug=\"photo-2022-08-17-18-26-18\"\n               class=\"ngg-simplelightbox\" rel=\"b99381b2a1aa79ad3008aeccc747c659\">\n                <img\n                    title=\"PHOTO-2022-08-17-18-26-18\"\n                    alt=\"PHOTO-2022-08-17-18-26-18\"\n                    src=\"https:\/\/old.atletikaolomouc.cz\/wp-content\/gallery\/nesmer-2022-foto-peta-e-a-dave\/thumbs\/thumbs_PHOTO-2022-08-17-18-26-18.jpg\"\n                    width=\"240\"\n                    height=\"160\"\n                    style=\"max-width:100%;\"\n                \/>\n            <\/a>\n        <\/div>\n\t\t\t\t\t\t\t<\/div> \n\t\t\t\n\t\t\t\t<div id=\"ngg-image-50\" class=\"ngg-gallery-thumbnail-box ngg-11-columns\" >\n\t\t\t\t        <div class=\"ngg-gallery-thumbnail\">\n            <a href=\"https:\/\/old.atletikaolomouc.cz\/wp-content\/gallery\/nesmer-2022-foto-peta-e-a-dave\/PHOTO-2022-08-17-18-26-39-1.jpg\"\n               title=\"\"\n               data-src=\"https:\/\/old.atletikaolomouc.cz\/wp-content\/gallery\/nesmer-2022-foto-peta-e-a-dave\/PHOTO-2022-08-17-18-26-39-1.jpg\"\n               data-thumbnail=\"https:\/\/old.atletikaolomouc.cz\/wp-content\/gallery\/nesmer-2022-foto-peta-e-a-dave\/thumbs\/thumbs_PHOTO-2022-08-17-18-26-39-1.jpg\"\n               data-image-id=\"17935\"\n               data-title=\"PHOTO-2022-08-17-18-26-39-1\"\n               data-description=\"\"\n               data-image-slug=\"photo-2022-08-17-18-26-39-1\"\n               class=\"ngg-simplelightbox\" rel=\"b99381b2a1aa79ad3008aeccc747c659\">\n                <img\n                    title=\"PHOTO-2022-08-17-18-26-39-1\"\n                    alt=\"PHOTO-2022-08-17-18-26-39-1\"\n                    src=\"https:\/\/old.atletikaolomouc.cz\/wp-content\/gallery\/nesmer-2022-foto-peta-e-a-dave\/thumbs\/thumbs_PHOTO-2022-08-17-18-26-39-1.jpg\"\n                    width=\"240\"\n                    height=\"160\"\n                    style=\"max-width:100%;\"\n                \/>\n            <\/a>\n        <\/div>\n\t\t\t\t\t\t\t<\/div> \n\t\t\t\n\t\t\t\t<div id=\"ngg-image-51\" class=\"ngg-gallery-thumbnail-box ngg-11-columns\" >\n\t\t\t\t        <div class=\"ngg-gallery-thumbnail\">\n            <a href=\"https:\/\/old.atletikaolomouc.cz\/wp-content\/gallery\/nesmer-2022-foto-peta-e-a-dave\/PHOTO-2022-08-17-18-26-39-2.jpg\"\n               title=\"\"\n               data-src=\"https:\/\/old.atletikaolomouc.cz\/wp-content\/gallery\/nesmer-2022-foto-peta-e-a-dave\/PHOTO-2022-08-17-18-26-39-2.jpg\"\n               data-thumbnail=\"https:\/\/old.atletikaolomouc.cz\/wp-content\/gallery\/nesmer-2022-foto-peta-e-a-dave\/thumbs\/thumbs_PHOTO-2022-08-17-18-26-39-2.jpg\"\n               data-image-id=\"17937\"\n               data-title=\"PHOTO-2022-08-17-18-26-39-2\"\n               data-description=\"\"\n               data-image-slug=\"photo-2022-08-17-18-26-39-2\"\n               class=\"ngg-simplelightbox\" rel=\"b99381b2a1aa79ad3008aeccc747c659\">\n                <img\n                    title=\"PHOTO-2022-08-17-18-26-39-2\"\n                    alt=\"PHOTO-2022-08-17-18-26-39-2\"\n                    src=\"https:\/\/old.atletikaolomouc.cz\/wp-content\/gallery\/nesmer-2022-foto-peta-e-a-dave\/thumbs\/thumbs_PHOTO-2022-08-17-18-26-39-2.jpg\"\n                    width=\"240\"\n                    height=\"160\"\n                    style=\"max-width:100%;\"\n                \/>\n            <\/a>\n        <\/div>\n\t\t\t\t\t\t\t<\/div> \n\t\t\t\n\t\t\t\t<div id=\"ngg-image-52\" class=\"ngg-gallery-thumbnail-box ngg-11-columns\" >\n\t\t\t\t        <div class=\"ngg-gallery-thumbnail\">\n            <a href=\"https:\/\/old.atletikaolomouc.cz\/wp-content\/gallery\/nesmer-2022-foto-peta-e-a-dave\/PHOTO-2022-08-17-18-26-39-3.jpg\"\n               title=\"\"\n               data-src=\"https:\/\/old.atletikaolomouc.cz\/wp-content\/gallery\/nesmer-2022-foto-peta-e-a-dave\/PHOTO-2022-08-17-18-26-39-3.jpg\"\n               data-thumbnail=\"https:\/\/old.atletikaolomouc.cz\/wp-content\/gallery\/nesmer-2022-foto-peta-e-a-dave\/thumbs\/thumbs_PHOTO-2022-08-17-18-26-39-3.jpg\"\n               data-image-id=\"17938\"\n               data-title=\"PHOTO-2022-08-17-18-26-39-3\"\n               data-description=\"\"\n               data-image-slug=\"photo-2022-08-17-18-26-39-3\"\n               class=\"ngg-simplelightbox\" rel=\"b99381b2a1aa79ad3008aeccc747c659\">\n                <img\n                    title=\"PHOTO-2022-08-17-18-26-39-3\"\n                    alt=\"PHOTO-2022-08-17-18-26-39-3\"\n                    src=\"https:\/\/old.atletikaolomouc.cz\/wp-content\/gallery\/nesmer-2022-foto-peta-e-a-dave\/thumbs\/thumbs_PHOTO-2022-08-17-18-26-39-3.jpg\"\n                    width=\"240\"\n                    height=\"160\"\n                    style=\"max-width:100%;\"\n                \/>\n            <\/a>\n        <\/div>\n\t\t\t\t\t\t\t<\/div> \n\t\t\t\n\t\t\t\t<div id=\"ngg-image-53\" class=\"ngg-gallery-thumbnail-box ngg-11-columns\" >\n\t\t\t\t        <div class=\"ngg-gallery-thumbnail\">\n            <a href=\"https:\/\/old.atletikaolomouc.cz\/wp-content\/gallery\/nesmer-2022-foto-peta-e-a-dave\/PHOTO-2022-08-17-18-26-39-4.jpg\"\n               title=\"\"\n               data-src=\"https:\/\/old.atletikaolomouc.cz\/wp-content\/gallery\/nesmer-2022-foto-peta-e-a-dave\/PHOTO-2022-08-17-18-26-39-4.jpg\"\n               data-thumbnail=\"https:\/\/old.atletikaolomouc.cz\/wp-content\/gallery\/nesmer-2022-foto-peta-e-a-dave\/thumbs\/thumbs_PHOTO-2022-08-17-18-26-39-4.jpg\"\n               data-image-id=\"17940\"\n               data-title=\"PHOTO-2022-08-17-18-26-39-4\"\n               data-description=\"\"\n               data-image-slug=\"photo-2022-08-17-18-26-39-4\"\n               class=\"ngg-simplelightbox\" rel=\"b99381b2a1aa79ad3008aeccc747c659\">\n                <img\n                    title=\"PHOTO-2022-08-17-18-26-39-4\"\n                    alt=\"PHOTO-2022-08-17-18-26-39-4\"\n                    src=\"https:\/\/old.atletikaolomouc.cz\/wp-content\/gallery\/nesmer-2022-foto-peta-e-a-dave\/thumbs\/thumbs_PHOTO-2022-08-17-18-26-39-4.jpg\"\n                    width=\"240\"\n                    height=\"160\"\n                    style=\"max-width:100%;\"\n                \/>\n            <\/a>\n        <\/div>\n\t\t\t\t\t\t\t<\/div> \n\t\t\t\n\t\t\t\t<div id=\"ngg-image-54\" class=\"ngg-gallery-thumbnail-box ngg-11-columns\" >\n\t\t\t\t        <div class=\"ngg-gallery-thumbnail\">\n            <a href=\"https:\/\/old.atletikaolomouc.cz\/wp-content\/gallery\/nesmer-2022-foto-peta-e-a-dave\/PHOTO-2022-08-17-18-26-39-5.jpg\"\n               title=\"\"\n               data-src=\"https:\/\/old.atletikaolomouc.cz\/wp-content\/gallery\/nesmer-2022-foto-peta-e-a-dave\/PHOTO-2022-08-17-18-26-39-5.jpg\"\n               data-thumbnail=\"https:\/\/old.atletikaolomouc.cz\/wp-content\/gallery\/nesmer-2022-foto-peta-e-a-dave\/thumbs\/thumbs_PHOTO-2022-08-17-18-26-39-5.jpg\"\n               data-image-id=\"17941\"\n               data-title=\"PHOTO-2022-08-17-18-26-39-5\"\n               data-description=\"\"\n               data-image-slug=\"photo-2022-08-17-18-26-39-5\"\n               class=\"ngg-simplelightbox\" rel=\"b99381b2a1aa79ad3008aeccc747c659\">\n                <img\n                    title=\"PHOTO-2022-08-17-18-26-39-5\"\n                    alt=\"PHOTO-2022-08-17-18-26-39-5\"\n                    src=\"https:\/\/old.atletikaolomouc.cz\/wp-content\/gallery\/nesmer-2022-foto-peta-e-a-dave\/thumbs\/thumbs_PHOTO-2022-08-17-18-26-39-5.jpg\"\n                    width=\"240\"\n                    height=\"160\"\n                    style=\"max-width:100%;\"\n                \/>\n            <\/a>\n        <\/div>\n\t\t\t\t\t\t\t<\/div> \n\t\t\t\n\t\t\t\t<div id=\"ngg-image-55\" class=\"ngg-gallery-thumbnail-box ngg-11-columns\" >\n\t\t\t\t        <div class=\"ngg-gallery-thumbnail\">\n            <a href=\"https:\/\/old.atletikaolomouc.cz\/wp-content\/gallery\/nesmer-2022-foto-peta-e-a-dave\/PHOTO-2022-08-17-18-26-39-6.jpg\"\n               title=\"\"\n               data-src=\"https:\/\/old.atletikaolomouc.cz\/wp-content\/gallery\/nesmer-2022-foto-peta-e-a-dave\/PHOTO-2022-08-17-18-26-39-6.jpg\"\n               data-thumbnail=\"https:\/\/old.atletikaolomouc.cz\/wp-content\/gallery\/nesmer-2022-foto-peta-e-a-dave\/thumbs\/thumbs_PHOTO-2022-08-17-18-26-39-6.jpg\"\n               data-image-id=\"17943\"\n               data-title=\"PHOTO-2022-08-17-18-26-39-6\"\n               data-description=\"\"\n               data-image-slug=\"photo-2022-08-17-18-26-39-6\"\n               class=\"ngg-simplelightbox\" rel=\"b99381b2a1aa79ad3008aeccc747c659\">\n                <img\n                    title=\"PHOTO-2022-08-17-18-26-39-6\"\n                    alt=\"PHOTO-2022-08-17-18-26-39-6\"\n                    src=\"https:\/\/old.atletikaolomouc.cz\/wp-content\/gallery\/nesmer-2022-foto-peta-e-a-dave\/thumbs\/thumbs_PHOTO-2022-08-17-18-26-39-6.jpg\"\n                    width=\"240\"\n                    height=\"160\"\n                    style=\"max-width:100%;\"\n                \/>\n            <\/a>\n        <\/div>\n\t\t\t\t\t\t\t<\/div> \n\t\t\t\n\t\t\t\t<div id=\"ngg-image-56\" class=\"ngg-gallery-thumbnail-box ngg-11-columns\" >\n\t\t\t\t        <div class=\"ngg-gallery-thumbnail\">\n            <a href=\"https:\/\/old.atletikaolomouc.cz\/wp-content\/gallery\/nesmer-2022-foto-peta-e-a-dave\/PHOTO-2022-08-17-18-26-39.jpg\"\n               title=\"\"\n               data-src=\"https:\/\/old.atletikaolomouc.cz\/wp-content\/gallery\/nesmer-2022-foto-peta-e-a-dave\/PHOTO-2022-08-17-18-26-39.jpg\"\n               data-thumbnail=\"https:\/\/old.atletikaolomouc.cz\/wp-content\/gallery\/nesmer-2022-foto-peta-e-a-dave\/thumbs\/thumbs_PHOTO-2022-08-17-18-26-39.jpg\"\n               data-image-id=\"17944\"\n               data-title=\"PHOTO-2022-08-17-18-26-39\"\n               data-description=\"\"\n               data-image-slug=\"photo-2022-08-17-18-26-39-7\"\n               class=\"ngg-simplelightbox\" rel=\"b99381b2a1aa79ad3008aeccc747c659\">\n                <img\n                    title=\"PHOTO-2022-08-17-18-26-39\"\n                    alt=\"PHOTO-2022-08-17-18-26-39\"\n                    src=\"https:\/\/old.atletikaolomouc.cz\/wp-content\/gallery\/nesmer-2022-foto-peta-e-a-dave\/thumbs\/thumbs_PHOTO-2022-08-17-18-26-39.jpg\"\n                    width=\"240\"\n                    height=\"160\"\n                    style=\"max-width:100%;\"\n                \/>\n            <\/a>\n        <\/div>\n\t\t\t\t\t\t\t<\/div> \n\t\t\t\n\t\t\t\t<div id=\"ngg-image-57\" class=\"ngg-gallery-thumbnail-box ngg-11-columns\" >\n\t\t\t\t        <div class=\"ngg-gallery-thumbnail\">\n            <a href=\"https:\/\/old.atletikaolomouc.cz\/wp-content\/gallery\/nesmer-2022-foto-peta-e-a-dave\/PHOTO-2022-08-17-18-26-40-1.jpg\"\n               title=\"\"\n               data-src=\"https:\/\/old.atletikaolomouc.cz\/wp-content\/gallery\/nesmer-2022-foto-peta-e-a-dave\/PHOTO-2022-08-17-18-26-40-1.jpg\"\n               data-thumbnail=\"https:\/\/old.atletikaolomouc.cz\/wp-content\/gallery\/nesmer-2022-foto-peta-e-a-dave\/thumbs\/thumbs_PHOTO-2022-08-17-18-26-40-1.jpg\"\n               data-image-id=\"17946\"\n               data-title=\"PHOTO-2022-08-17-18-26-40-1\"\n               data-description=\"\"\n               data-image-slug=\"photo-2022-08-17-18-26-40-1\"\n               class=\"ngg-simplelightbox\" rel=\"b99381b2a1aa79ad3008aeccc747c659\">\n                <img\n                    title=\"PHOTO-2022-08-17-18-26-40-1\"\n                    alt=\"PHOTO-2022-08-17-18-26-40-1\"\n                    src=\"https:\/\/old.atletikaolomouc.cz\/wp-content\/gallery\/nesmer-2022-foto-peta-e-a-dave\/thumbs\/thumbs_PHOTO-2022-08-17-18-26-40-1.jpg\"\n                    width=\"240\"\n                    height=\"160\"\n                    style=\"max-width:100%;\"\n                \/>\n            <\/a>\n        <\/div>\n\t\t\t\t\t\t\t<\/div> \n\t\t\t\n\t\t\t\t<div id=\"ngg-image-58\" class=\"ngg-gallery-thumbnail-box ngg-11-columns\" >\n\t\t\t\t        <div class=\"ngg-gallery-thumbnail\">\n            <a href=\"https:\/\/old.atletikaolomouc.cz\/wp-content\/gallery\/nesmer-2022-foto-peta-e-a-dave\/PHOTO-2022-08-17-18-26-40-2.jpg\"\n               title=\"\"\n               data-src=\"https:\/\/old.atletikaolomouc.cz\/wp-content\/gallery\/nesmer-2022-foto-peta-e-a-dave\/PHOTO-2022-08-17-18-26-40-2.jpg\"\n               data-thumbnail=\"https:\/\/old.atletikaolomouc.cz\/wp-content\/gallery\/nesmer-2022-foto-peta-e-a-dave\/thumbs\/thumbs_PHOTO-2022-08-17-18-26-40-2.jpg\"\n               data-image-id=\"17948\"\n               data-title=\"PHOTO-2022-08-17-18-26-40-2\"\n               data-description=\"\"\n               data-image-slug=\"photo-2022-08-17-18-26-40-2\"\n               class=\"ngg-simplelightbox\" rel=\"b99381b2a1aa79ad3008aeccc747c659\">\n                <img\n                    title=\"PHOTO-2022-08-17-18-26-40-2\"\n                    alt=\"PHOTO-2022-08-17-18-26-40-2\"\n                    src=\"https:\/\/old.atletikaolomouc.cz\/wp-content\/gallery\/nesmer-2022-foto-peta-e-a-dave\/thumbs\/thumbs_PHOTO-2022-08-17-18-26-40-2.jpg\"\n                    width=\"240\"\n                    height=\"160\"\n                    style=\"max-width:100%;\"\n                \/>\n            <\/a>\n        <\/div>\n\t\t\t\t\t\t\t<\/div> \n\t\t\t\n\t\t\t\t<div id=\"ngg-image-59\" class=\"ngg-gallery-thumbnail-box ngg-11-columns\" >\n\t\t\t\t        <div class=\"ngg-gallery-thumbnail\">\n            <a href=\"https:\/\/old.atletikaolomouc.cz\/wp-content\/gallery\/nesmer-2022-foto-peta-e-a-dave\/PHOTO-2022-08-17-18-26-40-3.jpg\"\n               title=\"\"\n               data-src=\"https:\/\/old.atletikaolomouc.cz\/wp-content\/gallery\/nesmer-2022-foto-peta-e-a-dave\/PHOTO-2022-08-17-18-26-40-3.jpg\"\n               data-thumbnail=\"https:\/\/old.atletikaolomouc.cz\/wp-content\/gallery\/nesmer-2022-foto-peta-e-a-dave\/thumbs\/thumbs_PHOTO-2022-08-17-18-26-40-3.jpg\"\n               data-image-id=\"17950\"\n               data-title=\"PHOTO-2022-08-17-18-26-40-3\"\n               data-description=\"\"\n               data-image-slug=\"photo-2022-08-17-18-26-40-3\"\n               class=\"ngg-simplelightbox\" rel=\"b99381b2a1aa79ad3008aeccc747c659\">\n                <img\n                    title=\"PHOTO-2022-08-17-18-26-40-3\"\n                    alt=\"PHOTO-2022-08-17-18-26-40-3\"\n                    src=\"https:\/\/old.atletikaolomouc.cz\/wp-content\/gallery\/nesmer-2022-foto-peta-e-a-dave\/thumbs\/thumbs_PHOTO-2022-08-17-18-26-40-3.jpg\"\n                    width=\"240\"\n                    height=\"160\"\n                    style=\"max-width:100%;\"\n                \/>\n            <\/a>\n        <\/div>\n\t\t\t\t\t\t\t<\/div> \n\t\t\t\n\t\t\t\t<div id=\"ngg-image-60\" class=\"ngg-gallery-thumbnail-box ngg-11-columns\" >\n\t\t\t\t        <div class=\"ngg-gallery-thumbnail\">\n            <a href=\"https:\/\/old.atletikaolomouc.cz\/wp-content\/gallery\/nesmer-2022-foto-peta-e-a-dave\/PHOTO-2022-08-17-18-26-40-4.jpg\"\n               title=\"\"\n               data-src=\"https:\/\/old.atletikaolomouc.cz\/wp-content\/gallery\/nesmer-2022-foto-peta-e-a-dave\/PHOTO-2022-08-17-18-26-40-4.jpg\"\n               data-thumbnail=\"https:\/\/old.atletikaolomouc.cz\/wp-content\/gallery\/nesmer-2022-foto-peta-e-a-dave\/thumbs\/thumbs_PHOTO-2022-08-17-18-26-40-4.jpg\"\n               data-image-id=\"17952\"\n               data-title=\"PHOTO-2022-08-17-18-26-40-4\"\n               data-description=\"\"\n               data-image-slug=\"photo-2022-08-17-18-26-40-4\"\n               class=\"ngg-simplelightbox\" rel=\"b99381b2a1aa79ad3008aeccc747c659\">\n                <img\n                    title=\"PHOTO-2022-08-17-18-26-40-4\"\n                    alt=\"PHOTO-2022-08-17-18-26-40-4\"\n                    src=\"https:\/\/old.atletikaolomouc.cz\/wp-content\/gallery\/nesmer-2022-foto-peta-e-a-dave\/thumbs\/thumbs_PHOTO-2022-08-17-18-26-40-4.jpg\"\n                    width=\"240\"\n                    height=\"160\"\n                    style=\"max-width:100%;\"\n                \/>\n            <\/a>\n        <\/div>\n\t\t\t\t\t\t\t<\/div> \n\t\t\t\n\t\t\t\t<div id=\"ngg-image-61\" class=\"ngg-gallery-thumbnail-box ngg-11-columns\" >\n\t\t\t\t        <div class=\"ngg-gallery-thumbnail\">\n            <a href=\"https:\/\/old.atletikaolomouc.cz\/wp-content\/gallery\/nesmer-2022-foto-peta-e-a-dave\/PHOTO-2022-08-17-18-26-40-5.jpg\"\n               title=\"\"\n               data-src=\"https:\/\/old.atletikaolomouc.cz\/wp-content\/gallery\/nesmer-2022-foto-peta-e-a-dave\/PHOTO-2022-08-17-18-26-40-5.jpg\"\n               data-thumbnail=\"https:\/\/old.atletikaolomouc.cz\/wp-content\/gallery\/nesmer-2022-foto-peta-e-a-dave\/thumbs\/thumbs_PHOTO-2022-08-17-18-26-40-5.jpg\"\n               data-image-id=\"17954\"\n               data-title=\"PHOTO-2022-08-17-18-26-40-5\"\n               data-description=\"\"\n               data-image-slug=\"photo-2022-08-17-18-26-40-5\"\n               class=\"ngg-simplelightbox\" rel=\"b99381b2a1aa79ad3008aeccc747c659\">\n                <img\n                    title=\"PHOTO-2022-08-17-18-26-40-5\"\n                    alt=\"PHOTO-2022-08-17-18-26-40-5\"\n                    src=\"https:\/\/old.atletikaolomouc.cz\/wp-content\/gallery\/nesmer-2022-foto-peta-e-a-dave\/thumbs\/thumbs_PHOTO-2022-08-17-18-26-40-5.jpg\"\n                    width=\"240\"\n                    height=\"160\"\n                    style=\"max-width:100%;\"\n                \/>\n            <\/a>\n        <\/div>\n\t\t\t\t\t\t\t<\/div> \n\t\t\t\n\t\t\t\t<div id=\"ngg-image-62\" class=\"ngg-gallery-thumbnail-box ngg-11-columns\" >\n\t\t\t\t        <div class=\"ngg-gallery-thumbnail\">\n            <a href=\"https:\/\/old.atletikaolomouc.cz\/wp-content\/gallery\/nesmer-2022-foto-peta-e-a-dave\/PHOTO-2022-08-17-18-26-40-6.jpg\"\n               title=\"\"\n               data-src=\"https:\/\/old.atletikaolomouc.cz\/wp-content\/gallery\/nesmer-2022-foto-peta-e-a-dave\/PHOTO-2022-08-17-18-26-40-6.jpg\"\n               data-thumbnail=\"https:\/\/old.atletikaolomouc.cz\/wp-content\/gallery\/nesmer-2022-foto-peta-e-a-dave\/thumbs\/thumbs_PHOTO-2022-08-17-18-26-40-6.jpg\"\n               data-image-id=\"17956\"\n               data-title=\"PHOTO-2022-08-17-18-26-40-6\"\n               data-description=\"\"\n               data-image-slug=\"photo-2022-08-17-18-26-40-6\"\n               class=\"ngg-simplelightbox\" rel=\"b99381b2a1aa79ad3008aeccc747c659\">\n                <img\n                    title=\"PHOTO-2022-08-17-18-26-40-6\"\n                    alt=\"PHOTO-2022-08-17-18-26-40-6\"\n                    src=\"https:\/\/old.atletikaolomouc.cz\/wp-content\/gallery\/nesmer-2022-foto-peta-e-a-dave\/thumbs\/thumbs_PHOTO-2022-08-17-18-26-40-6.jpg\"\n                    width=\"240\"\n                    height=\"160\"\n                    style=\"max-width:100%;\"\n                \/>\n            <\/a>\n        <\/div>\n\t\t\t\t\t\t\t<\/div> \n\t\t\t\n\t\t\t\t<div id=\"ngg-image-63\" class=\"ngg-gallery-thumbnail-box ngg-11-columns\" >\n\t\t\t\t        <div class=\"ngg-gallery-thumbnail\">\n            <a href=\"https:\/\/old.atletikaolomouc.cz\/wp-content\/gallery\/nesmer-2022-foto-peta-e-a-dave\/PHOTO-2022-08-17-18-26-40-7.jpg\"\n               title=\"\"\n               data-src=\"https:\/\/old.atletikaolomouc.cz\/wp-content\/gallery\/nesmer-2022-foto-peta-e-a-dave\/PHOTO-2022-08-17-18-26-40-7.jpg\"\n               data-thumbnail=\"https:\/\/old.atletikaolomouc.cz\/wp-content\/gallery\/nesmer-2022-foto-peta-e-a-dave\/thumbs\/thumbs_PHOTO-2022-08-17-18-26-40-7.jpg\"\n               data-image-id=\"17958\"\n               data-title=\"PHOTO-2022-08-17-18-26-40-7\"\n               data-description=\"\"\n               data-image-slug=\"photo-2022-08-17-18-26-40-7\"\n               class=\"ngg-simplelightbox\" rel=\"b99381b2a1aa79ad3008aeccc747c659\">\n                <img\n                    title=\"PHOTO-2022-08-17-18-26-40-7\"\n                    alt=\"PHOTO-2022-08-17-18-26-40-7\"\n                    src=\"https:\/\/old.atletikaolomouc.cz\/wp-content\/gallery\/nesmer-2022-foto-peta-e-a-dave\/thumbs\/thumbs_PHOTO-2022-08-17-18-26-40-7.jpg\"\n                    width=\"240\"\n                    height=\"160\"\n                    style=\"max-width:100%;\"\n                \/>\n            <\/a>\n        <\/div>\n\t\t\t\t\t\t\t<\/div> \n\t\t\t\n\t\t\t\t<div id=\"ngg-image-64\" class=\"ngg-gallery-thumbnail-box ngg-11-columns\" >\n\t\t\t\t        <div class=\"ngg-gallery-thumbnail\">\n            <a href=\"https:\/\/old.atletikaolomouc.cz\/wp-content\/gallery\/nesmer-2022-foto-peta-e-a-dave\/PHOTO-2022-08-17-18-26-40.jpg\"\n               title=\"\"\n               data-src=\"https:\/\/old.atletikaolomouc.cz\/wp-content\/gallery\/nesmer-2022-foto-peta-e-a-dave\/PHOTO-2022-08-17-18-26-40.jpg\"\n               data-thumbnail=\"https:\/\/old.atletikaolomouc.cz\/wp-content\/gallery\/nesmer-2022-foto-peta-e-a-dave\/thumbs\/thumbs_PHOTO-2022-08-17-18-26-40.jpg\"\n               data-image-id=\"17959\"\n               data-title=\"PHOTO-2022-08-17-18-26-40\"\n               data-description=\"\"\n               data-image-slug=\"photo-2022-08-17-18-26-40-8\"\n               class=\"ngg-simplelightbox\" rel=\"b99381b2a1aa79ad3008aeccc747c659\">\n                <img\n                    title=\"PHOTO-2022-08-17-18-26-40\"\n                    alt=\"PHOTO-2022-08-17-18-26-40\"\n                    src=\"https:\/\/old.atletikaolomouc.cz\/wp-content\/gallery\/nesmer-2022-foto-peta-e-a-dave\/thumbs\/thumbs_PHOTO-2022-08-17-18-26-40.jpg\"\n                    width=\"240\"\n                    height=\"160\"\n                    style=\"max-width:100%;\"\n                \/>\n            <\/a>\n        <\/div>\n\t\t\t\t\t\t\t<\/div> \n\t\t\t\n\t\t\t\t<div id=\"ngg-image-65\" class=\"ngg-gallery-thumbnail-box ngg-11-columns\" >\n\t\t\t\t        <div class=\"ngg-gallery-thumbnail\">\n            <a href=\"https:\/\/old.atletikaolomouc.cz\/wp-content\/gallery\/nesmer-2022-foto-peta-e-a-dave\/PHOTO-2022-08-17-18-26-41-1.jpg\"\n               title=\"\"\n               data-src=\"https:\/\/old.atletikaolomouc.cz\/wp-content\/gallery\/nesmer-2022-foto-peta-e-a-dave\/PHOTO-2022-08-17-18-26-41-1.jpg\"\n               data-thumbnail=\"https:\/\/old.atletikaolomouc.cz\/wp-content\/gallery\/nesmer-2022-foto-peta-e-a-dave\/thumbs\/thumbs_PHOTO-2022-08-17-18-26-41-1.jpg\"\n               data-image-id=\"17961\"\n               data-title=\"PHOTO-2022-08-17-18-26-41-1\"\n               data-description=\"\"\n               data-image-slug=\"photo-2022-08-17-18-26-41-1\"\n               class=\"ngg-simplelightbox\" rel=\"b99381b2a1aa79ad3008aeccc747c659\">\n                <img\n                    title=\"PHOTO-2022-08-17-18-26-41-1\"\n                    alt=\"PHOTO-2022-08-17-18-26-41-1\"\n                    src=\"https:\/\/old.atletikaolomouc.cz\/wp-content\/gallery\/nesmer-2022-foto-peta-e-a-dave\/thumbs\/thumbs_PHOTO-2022-08-17-18-26-41-1.jpg\"\n                    width=\"240\"\n                    height=\"160\"\n                    style=\"max-width:100%;\"\n                \/>\n            <\/a>\n        <\/div>\n\t\t\t\t\t\t\t<\/div> \n\t\t\t\n\t\t\t\t<div id=\"ngg-image-66\" class=\"ngg-gallery-thumbnail-box ngg-11-columns\" >\n\t\t\t\t        <div class=\"ngg-gallery-thumbnail\">\n            <a href=\"https:\/\/old.atletikaolomouc.cz\/wp-content\/gallery\/nesmer-2022-foto-peta-e-a-dave\/PHOTO-2022-08-17-18-26-41-2.jpg\"\n               title=\"\"\n               data-src=\"https:\/\/old.atletikaolomouc.cz\/wp-content\/gallery\/nesmer-2022-foto-peta-e-a-dave\/PHOTO-2022-08-17-18-26-41-2.jpg\"\n               data-thumbnail=\"https:\/\/old.atletikaolomouc.cz\/wp-content\/gallery\/nesmer-2022-foto-peta-e-a-dave\/thumbs\/thumbs_PHOTO-2022-08-17-18-26-41-2.jpg\"\n               data-image-id=\"17962\"\n               data-title=\"PHOTO-2022-08-17-18-26-41-2\"\n               data-description=\"\"\n               data-image-slug=\"photo-2022-08-17-18-26-41-2\"\n               class=\"ngg-simplelightbox\" rel=\"b99381b2a1aa79ad3008aeccc747c659\">\n                <img\n                    title=\"PHOTO-2022-08-17-18-26-41-2\"\n                    alt=\"PHOTO-2022-08-17-18-26-41-2\"\n                    src=\"https:\/\/old.atletikaolomouc.cz\/wp-content\/gallery\/nesmer-2022-foto-peta-e-a-dave\/thumbs\/thumbs_PHOTO-2022-08-17-18-26-41-2.jpg\"\n                    width=\"240\"\n                    height=\"160\"\n                    style=\"max-width:100%;\"\n                \/>\n            <\/a>\n        <\/div>\n\t\t\t\t\t\t\t<\/div> \n\t\t\t\n\t\t\t\t<div id=\"ngg-image-67\" class=\"ngg-gallery-thumbnail-box ngg-11-columns\" >\n\t\t\t\t        <div class=\"ngg-gallery-thumbnail\">\n            <a href=\"https:\/\/old.atletikaolomouc.cz\/wp-content\/gallery\/nesmer-2022-foto-peta-e-a-dave\/PHOTO-2022-08-17-18-26-41-3.jpg\"\n               title=\"\"\n               data-src=\"https:\/\/old.atletikaolomouc.cz\/wp-content\/gallery\/nesmer-2022-foto-peta-e-a-dave\/PHOTO-2022-08-17-18-26-41-3.jpg\"\n               data-thumbnail=\"https:\/\/old.atletikaolomouc.cz\/wp-content\/gallery\/nesmer-2022-foto-peta-e-a-dave\/thumbs\/thumbs_PHOTO-2022-08-17-18-26-41-3.jpg\"\n               data-image-id=\"17964\"\n               data-title=\"PHOTO-2022-08-17-18-26-41-3\"\n               data-description=\"\"\n               data-image-slug=\"photo-2022-08-17-18-26-41-3\"\n               class=\"ngg-simplelightbox\" rel=\"b99381b2a1aa79ad3008aeccc747c659\">\n                <img\n                    title=\"PHOTO-2022-08-17-18-26-41-3\"\n                    alt=\"PHOTO-2022-08-17-18-26-41-3\"\n                    src=\"https:\/\/old.atletikaolomouc.cz\/wp-content\/gallery\/nesmer-2022-foto-peta-e-a-dave\/thumbs\/thumbs_PHOTO-2022-08-17-18-26-41-3.jpg\"\n                    width=\"240\"\n                    height=\"160\"\n                    style=\"max-width:100%;\"\n                \/>\n            <\/a>\n        <\/div>\n\t\t\t\t\t\t\t<\/div> \n\t\t\t\n\t\t\t\t<div id=\"ngg-image-68\" class=\"ngg-gallery-thumbnail-box ngg-11-columns\" >\n\t\t\t\t        <div class=\"ngg-gallery-thumbnail\">\n            <a href=\"https:\/\/old.atletikaolomouc.cz\/wp-content\/gallery\/nesmer-2022-foto-peta-e-a-dave\/PHOTO-2022-08-17-18-26-41-4.jpg\"\n               title=\"\"\n               data-src=\"https:\/\/old.atletikaolomouc.cz\/wp-content\/gallery\/nesmer-2022-foto-peta-e-a-dave\/PHOTO-2022-08-17-18-26-41-4.jpg\"\n               data-thumbnail=\"https:\/\/old.atletikaolomouc.cz\/wp-content\/gallery\/nesmer-2022-foto-peta-e-a-dave\/thumbs\/thumbs_PHOTO-2022-08-17-18-26-41-4.jpg\"\n               data-image-id=\"17966\"\n               data-title=\"PHOTO-2022-08-17-18-26-41-4\"\n               data-description=\"\"\n               data-image-slug=\"photo-2022-08-17-18-26-41-4\"\n               class=\"ngg-simplelightbox\" rel=\"b99381b2a1aa79ad3008aeccc747c659\">\n                <img\n                    title=\"PHOTO-2022-08-17-18-26-41-4\"\n                    alt=\"PHOTO-2022-08-17-18-26-41-4\"\n                    src=\"https:\/\/old.atletikaolomouc.cz\/wp-content\/gallery\/nesmer-2022-foto-peta-e-a-dave\/thumbs\/thumbs_PHOTO-2022-08-17-18-26-41-4.jpg\"\n                    width=\"240\"\n                    height=\"160\"\n                    style=\"max-width:100%;\"\n                \/>\n            <\/a>\n        <\/div>\n\t\t\t\t\t\t\t<\/div> \n\t\t\t\n\t\t\t\t<div id=\"ngg-image-69\" class=\"ngg-gallery-thumbnail-box ngg-11-columns\" >\n\t\t\t\t        <div class=\"ngg-gallery-thumbnail\">\n            <a href=\"https:\/\/old.atletikaolomouc.cz\/wp-content\/gallery\/nesmer-2022-foto-peta-e-a-dave\/PHOTO-2022-08-17-18-26-41-5.jpg\"\n               title=\"\"\n               data-src=\"https:\/\/old.atletikaolomouc.cz\/wp-content\/gallery\/nesmer-2022-foto-peta-e-a-dave\/PHOTO-2022-08-17-18-26-41-5.jpg\"\n               data-thumbnail=\"https:\/\/old.atletikaolomouc.cz\/wp-content\/gallery\/nesmer-2022-foto-peta-e-a-dave\/thumbs\/thumbs_PHOTO-2022-08-17-18-26-41-5.jpg\"\n               data-image-id=\"17968\"\n               data-title=\"PHOTO-2022-08-17-18-26-41-5\"\n               data-description=\"\"\n               data-image-slug=\"photo-2022-08-17-18-26-41-5\"\n               class=\"ngg-simplelightbox\" rel=\"b99381b2a1aa79ad3008aeccc747c659\">\n                <img\n                    title=\"PHOTO-2022-08-17-18-26-41-5\"\n                    alt=\"PHOTO-2022-08-17-18-26-41-5\"\n                    src=\"https:\/\/old.atletikaolomouc.cz\/wp-content\/gallery\/nesmer-2022-foto-peta-e-a-dave\/thumbs\/thumbs_PHOTO-2022-08-17-18-26-41-5.jpg\"\n                    width=\"240\"\n                    height=\"160\"\n                    style=\"max-width:100%;\"\n                \/>\n            <\/a>\n        <\/div>\n\t\t\t\t\t\t\t<\/div> \n\t\t\t\n\t\t\t\t<div id=\"ngg-image-70\" class=\"ngg-gallery-thumbnail-box ngg-11-columns\" >\n\t\t\t\t        <div class=\"ngg-gallery-thumbnail\">\n            <a href=\"https:\/\/old.atletikaolomouc.cz\/wp-content\/gallery\/nesmer-2022-foto-peta-e-a-dave\/PHOTO-2022-08-17-18-26-41-6.jpg\"\n               title=\"\"\n               data-src=\"https:\/\/old.atletikaolomouc.cz\/wp-content\/gallery\/nesmer-2022-foto-peta-e-a-dave\/PHOTO-2022-08-17-18-26-41-6.jpg\"\n               data-thumbnail=\"https:\/\/old.atletikaolomouc.cz\/wp-content\/gallery\/nesmer-2022-foto-peta-e-a-dave\/thumbs\/thumbs_PHOTO-2022-08-17-18-26-41-6.jpg\"\n               data-image-id=\"17970\"\n               data-title=\"PHOTO-2022-08-17-18-26-41-6\"\n               data-description=\"\"\n               data-image-slug=\"photo-2022-08-17-18-26-41-6\"\n               class=\"ngg-simplelightbox\" rel=\"b99381b2a1aa79ad3008aeccc747c659\">\n                <img\n                    title=\"PHOTO-2022-08-17-18-26-41-6\"\n                    alt=\"PHOTO-2022-08-17-18-26-41-6\"\n                    src=\"https:\/\/old.atletikaolomouc.cz\/wp-content\/gallery\/nesmer-2022-foto-peta-e-a-dave\/thumbs\/thumbs_PHOTO-2022-08-17-18-26-41-6.jpg\"\n                    width=\"240\"\n                    height=\"160\"\n                    style=\"max-width:100%;\"\n                \/>\n            <\/a>\n        <\/div>\n\t\t\t\t\t\t\t<\/div> \n\t\t\t\n\t\t\t\t<div id=\"ngg-image-71\" class=\"ngg-gallery-thumbnail-box ngg-11-columns\" >\n\t\t\t\t        <div class=\"ngg-gallery-thumbnail\">\n            <a href=\"https:\/\/old.atletikaolomouc.cz\/wp-content\/gallery\/nesmer-2022-foto-peta-e-a-dave\/PHOTO-2022-08-17-18-26-41-7.jpg\"\n               title=\"\"\n               data-src=\"https:\/\/old.atletikaolomouc.cz\/wp-content\/gallery\/nesmer-2022-foto-peta-e-a-dave\/PHOTO-2022-08-17-18-26-41-7.jpg\"\n               data-thumbnail=\"https:\/\/old.atletikaolomouc.cz\/wp-content\/gallery\/nesmer-2022-foto-peta-e-a-dave\/thumbs\/thumbs_PHOTO-2022-08-17-18-26-41-7.jpg\"\n               data-image-id=\"17972\"\n               data-title=\"PHOTO-2022-08-17-18-26-41-7\"\n               data-description=\"\"\n               data-image-slug=\"photo-2022-08-17-18-26-41-7\"\n               class=\"ngg-simplelightbox\" rel=\"b99381b2a1aa79ad3008aeccc747c659\">\n                <img\n                    title=\"PHOTO-2022-08-17-18-26-41-7\"\n                    alt=\"PHOTO-2022-08-17-18-26-41-7\"\n                    src=\"https:\/\/old.atletikaolomouc.cz\/wp-content\/gallery\/nesmer-2022-foto-peta-e-a-dave\/thumbs\/thumbs_PHOTO-2022-08-17-18-26-41-7.jpg\"\n                    width=\"240\"\n                    height=\"160\"\n                    style=\"max-width:100%;\"\n                \/>\n            <\/a>\n        <\/div>\n\t\t\t\t\t\t\t<\/div> \n\t\t\t\n\t\t\t\t<div id=\"ngg-image-72\" class=\"ngg-gallery-thumbnail-box ngg-11-columns\" >\n\t\t\t\t        <div class=\"ngg-gallery-thumbnail\">\n            <a href=\"https:\/\/old.atletikaolomouc.cz\/wp-content\/gallery\/nesmer-2022-foto-peta-e-a-dave\/PHOTO-2022-08-17-18-26-41.jpg\"\n               title=\"\"\n               data-src=\"https:\/\/old.atletikaolomouc.cz\/wp-content\/gallery\/nesmer-2022-foto-peta-e-a-dave\/PHOTO-2022-08-17-18-26-41.jpg\"\n               data-thumbnail=\"https:\/\/old.atletikaolomouc.cz\/wp-content\/gallery\/nesmer-2022-foto-peta-e-a-dave\/thumbs\/thumbs_PHOTO-2022-08-17-18-26-41.jpg\"\n               data-image-id=\"17974\"\n               data-title=\"PHOTO-2022-08-17-18-26-41\"\n               data-description=\"\"\n               data-image-slug=\"photo-2022-08-17-18-26-41-8\"\n               class=\"ngg-simplelightbox\" rel=\"b99381b2a1aa79ad3008aeccc747c659\">\n                <img\n                    title=\"PHOTO-2022-08-17-18-26-41\"\n                    alt=\"PHOTO-2022-08-17-18-26-41\"\n                    src=\"https:\/\/old.atletikaolomouc.cz\/wp-content\/gallery\/nesmer-2022-foto-peta-e-a-dave\/thumbs\/thumbs_PHOTO-2022-08-17-18-26-41.jpg\"\n                    width=\"240\"\n                    height=\"160\"\n                    style=\"max-width:100%;\"\n                \/>\n            <\/a>\n        <\/div>\n\t\t\t\t\t\t\t<\/div> \n\t\t\t\n\t\t\t\t<div id=\"ngg-image-73\" class=\"ngg-gallery-thumbnail-box ngg-11-columns\" >\n\t\t\t\t        <div class=\"ngg-gallery-thumbnail\">\n            <a href=\"https:\/\/old.atletikaolomouc.cz\/wp-content\/gallery\/nesmer-2022-foto-peta-e-a-dave\/PHOTO-2022-08-17-18-26-42-1.jpg\"\n               title=\"\"\n               data-src=\"https:\/\/old.atletikaolomouc.cz\/wp-content\/gallery\/nesmer-2022-foto-peta-e-a-dave\/PHOTO-2022-08-17-18-26-42-1.jpg\"\n               data-thumbnail=\"https:\/\/old.atletikaolomouc.cz\/wp-content\/gallery\/nesmer-2022-foto-peta-e-a-dave\/thumbs\/thumbs_PHOTO-2022-08-17-18-26-42-1.jpg\"\n               data-image-id=\"17976\"\n               data-title=\"PHOTO-2022-08-17-18-26-42-1\"\n               data-description=\"\"\n               data-image-slug=\"photo-2022-08-17-18-26-42-1\"\n               class=\"ngg-simplelightbox\" rel=\"b99381b2a1aa79ad3008aeccc747c659\">\n                <img\n                    title=\"PHOTO-2022-08-17-18-26-42-1\"\n                    alt=\"PHOTO-2022-08-17-18-26-42-1\"\n                    src=\"https:\/\/old.atletikaolomouc.cz\/wp-content\/gallery\/nesmer-2022-foto-peta-e-a-dave\/thumbs\/thumbs_PHOTO-2022-08-17-18-26-42-1.jpg\"\n                    width=\"240\"\n                    height=\"160\"\n                    style=\"max-width:100%;\"\n                \/>\n            <\/a>\n        <\/div>\n\t\t\t\t\t\t\t<\/div> \n\t\t\t\n\t\t\t\t<div id=\"ngg-image-74\" class=\"ngg-gallery-thumbnail-box ngg-11-columns\" >\n\t\t\t\t        <div class=\"ngg-gallery-thumbnail\">\n            <a href=\"https:\/\/old.atletikaolomouc.cz\/wp-content\/gallery\/nesmer-2022-foto-peta-e-a-dave\/PHOTO-2022-08-17-18-26-42-2.jpg\"\n               title=\"\"\n               data-src=\"https:\/\/old.atletikaolomouc.cz\/wp-content\/gallery\/nesmer-2022-foto-peta-e-a-dave\/PHOTO-2022-08-17-18-26-42-2.jpg\"\n               data-thumbnail=\"https:\/\/old.atletikaolomouc.cz\/wp-content\/gallery\/nesmer-2022-foto-peta-e-a-dave\/thumbs\/thumbs_PHOTO-2022-08-17-18-26-42-2.jpg\"\n               data-image-id=\"17977\"\n               data-title=\"PHOTO-2022-08-17-18-26-42-2\"\n               data-description=\"\"\n               data-image-slug=\"photo-2022-08-17-18-26-42-2\"\n               class=\"ngg-simplelightbox\" rel=\"b99381b2a1aa79ad3008aeccc747c659\">\n                <img\n                    title=\"PHOTO-2022-08-17-18-26-42-2\"\n                    alt=\"PHOTO-2022-08-17-18-26-42-2\"\n                    src=\"https:\/\/old.atletikaolomouc.cz\/wp-content\/gallery\/nesmer-2022-foto-peta-e-a-dave\/thumbs\/thumbs_PHOTO-2022-08-17-18-26-42-2.jpg\"\n                    width=\"240\"\n                    height=\"160\"\n                    style=\"max-width:100%;\"\n                \/>\n            <\/a>\n        <\/div>\n\t\t\t\t\t\t\t<\/div> \n\t\t\t\n\t\t\t\t<div id=\"ngg-image-75\" class=\"ngg-gallery-thumbnail-box ngg-11-columns\" >\n\t\t\t\t        <div class=\"ngg-gallery-thumbnail\">\n            <a href=\"https:\/\/old.atletikaolomouc.cz\/wp-content\/gallery\/nesmer-2022-foto-peta-e-a-dave\/PHOTO-2022-08-17-18-26-42.jpg\"\n               title=\"\"\n               data-src=\"https:\/\/old.atletikaolomouc.cz\/wp-content\/gallery\/nesmer-2022-foto-peta-e-a-dave\/PHOTO-2022-08-17-18-26-42.jpg\"\n               data-thumbnail=\"https:\/\/old.atletikaolomouc.cz\/wp-content\/gallery\/nesmer-2022-foto-peta-e-a-dave\/thumbs\/thumbs_PHOTO-2022-08-17-18-26-42.jpg\"\n               data-image-id=\"17979\"\n               data-title=\"PHOTO-2022-08-17-18-26-42\"\n               data-description=\"\"\n               data-image-slug=\"photo-2022-08-17-18-26-42-3\"\n               class=\"ngg-simplelightbox\" rel=\"b99381b2a1aa79ad3008aeccc747c659\">\n                <img\n                    title=\"PHOTO-2022-08-17-18-26-42\"\n                    alt=\"PHOTO-2022-08-17-18-26-42\"\n                    src=\"https:\/\/old.atletikaolomouc.cz\/wp-content\/gallery\/nesmer-2022-foto-peta-e-a-dave\/thumbs\/thumbs_PHOTO-2022-08-17-18-26-42.jpg\"\n                    width=\"240\"\n                    height=\"160\"\n                    style=\"max-width:100%;\"\n                \/>\n            <\/a>\n        <\/div>\n\t\t\t\t\t\t\t<\/div> \n\t\t\t\n\t\t\t\t<div id=\"ngg-image-76\" class=\"ngg-gallery-thumbnail-box ngg-11-columns\" >\n\t\t\t\t        <div class=\"ngg-gallery-thumbnail\">\n            <a href=\"https:\/\/old.atletikaolomouc.cz\/wp-content\/gallery\/nesmer-2022-foto-peta-e-a-dave\/PHOTO-2022-08-17-18-27-35.jpg\"\n               title=\"\"\n               data-src=\"https:\/\/old.atletikaolomouc.cz\/wp-content\/gallery\/nesmer-2022-foto-peta-e-a-dave\/PHOTO-2022-08-17-18-27-35.jpg\"\n               data-thumbnail=\"https:\/\/old.atletikaolomouc.cz\/wp-content\/gallery\/nesmer-2022-foto-peta-e-a-dave\/thumbs\/thumbs_PHOTO-2022-08-17-18-27-35.jpg\"\n               data-image-id=\"17981\"\n               data-title=\"PHOTO-2022-08-17-18-27-35\"\n               data-description=\"\"\n               data-image-slug=\"photo-2022-08-17-18-27-35\"\n               class=\"ngg-simplelightbox\" rel=\"b99381b2a1aa79ad3008aeccc747c659\">\n                <img\n                    title=\"PHOTO-2022-08-17-18-27-35\"\n                    alt=\"PHOTO-2022-08-17-18-27-35\"\n                    src=\"https:\/\/old.atletikaolomouc.cz\/wp-content\/gallery\/nesmer-2022-foto-peta-e-a-dave\/thumbs\/thumbs_PHOTO-2022-08-17-18-27-35.jpg\"\n                    width=\"240\"\n                    height=\"160\"\n                    style=\"max-width:100%;\"\n                \/>\n            <\/a>\n        <\/div>\n\t\t\t\t\t\t\t<\/div> \n\t\t\t\n\t\t\t\t<div id=\"ngg-image-77\" class=\"ngg-gallery-thumbnail-box ngg-11-columns\" >\n\t\t\t\t        <div class=\"ngg-gallery-thumbnail\">\n            <a href=\"https:\/\/old.atletikaolomouc.cz\/wp-content\/gallery\/nesmer-2022-foto-peta-e-a-dave\/PHOTO-2022-08-17-18-27-37.jpg\"\n               title=\"\"\n               data-src=\"https:\/\/old.atletikaolomouc.cz\/wp-content\/gallery\/nesmer-2022-foto-peta-e-a-dave\/PHOTO-2022-08-17-18-27-37.jpg\"\n               data-thumbnail=\"https:\/\/old.atletikaolomouc.cz\/wp-content\/gallery\/nesmer-2022-foto-peta-e-a-dave\/thumbs\/thumbs_PHOTO-2022-08-17-18-27-37.jpg\"\n               data-image-id=\"17983\"\n               data-title=\"PHOTO-2022-08-17-18-27-37\"\n               data-description=\"\"\n               data-image-slug=\"photo-2022-08-17-18-27-37\"\n               class=\"ngg-simplelightbox\" rel=\"b99381b2a1aa79ad3008aeccc747c659\">\n                <img\n                    title=\"PHOTO-2022-08-17-18-27-37\"\n                    alt=\"PHOTO-2022-08-17-18-27-37\"\n                    src=\"https:\/\/old.atletikaolomouc.cz\/wp-content\/gallery\/nesmer-2022-foto-peta-e-a-dave\/thumbs\/thumbs_PHOTO-2022-08-17-18-27-37.jpg\"\n                    width=\"240\"\n                    height=\"160\"\n                    style=\"max-width:100%;\"\n                \/>\n            <\/a>\n        <\/div>\n\t\t\t\t\t\t\t<\/div> \n\t\t\t\n\t\t\t\t<div id=\"ngg-image-78\" class=\"ngg-gallery-thumbnail-box ngg-11-columns\" >\n\t\t\t\t        <div class=\"ngg-gallery-thumbnail\">\n            <a href=\"https:\/\/old.atletikaolomouc.cz\/wp-content\/gallery\/nesmer-2022-foto-peta-e-a-dave\/PHOTO-2022-08-17-18-27-40.jpg\"\n               title=\"\"\n               data-src=\"https:\/\/old.atletikaolomouc.cz\/wp-content\/gallery\/nesmer-2022-foto-peta-e-a-dave\/PHOTO-2022-08-17-18-27-40.jpg\"\n               data-thumbnail=\"https:\/\/old.atletikaolomouc.cz\/wp-content\/gallery\/nesmer-2022-foto-peta-e-a-dave\/thumbs\/thumbs_PHOTO-2022-08-17-18-27-40.jpg\"\n               data-image-id=\"17984\"\n               data-title=\"PHOTO-2022-08-17-18-27-40\"\n               data-description=\"\"\n               data-image-slug=\"photo-2022-08-17-18-27-40\"\n               class=\"ngg-simplelightbox\" rel=\"b99381b2a1aa79ad3008aeccc747c659\">\n                <img\n                    title=\"PHOTO-2022-08-17-18-27-40\"\n                    alt=\"PHOTO-2022-08-17-18-27-40\"\n                    src=\"https:\/\/old.atletikaolomouc.cz\/wp-content\/gallery\/nesmer-2022-foto-peta-e-a-dave\/thumbs\/thumbs_PHOTO-2022-08-17-18-27-40.jpg\"\n                    width=\"240\"\n                    height=\"160\"\n                    style=\"max-width:100%;\"\n                \/>\n            <\/a>\n        <\/div>\n\t\t\t\t\t\t\t<\/div> \n\t\t\t\n\t\t\t\t<div id=\"ngg-image-79\" class=\"ngg-gallery-thumbnail-box ngg-11-columns\" >\n\t\t\t\t        <div class=\"ngg-gallery-thumbnail\">\n            <a href=\"https:\/\/old.atletikaolomouc.cz\/wp-content\/gallery\/nesmer-2022-foto-peta-e-a-dave\/PHOTO-2022-08-17-18-27-42.jpg\"\n               title=\"\"\n               data-src=\"https:\/\/old.atletikaolomouc.cz\/wp-content\/gallery\/nesmer-2022-foto-peta-e-a-dave\/PHOTO-2022-08-17-18-27-42.jpg\"\n               data-thumbnail=\"https:\/\/old.atletikaolomouc.cz\/wp-content\/gallery\/nesmer-2022-foto-peta-e-a-dave\/thumbs\/thumbs_PHOTO-2022-08-17-18-27-42.jpg\"\n               data-image-id=\"17986\"\n               data-title=\"PHOTO-2022-08-17-18-27-42\"\n               data-description=\"\"\n               data-image-slug=\"photo-2022-08-17-18-27-42\"\n               class=\"ngg-simplelightbox\" rel=\"b99381b2a1aa79ad3008aeccc747c659\">\n                <img\n                    title=\"PHOTO-2022-08-17-18-27-42\"\n                    alt=\"PHOTO-2022-08-17-18-27-42\"\n                    src=\"https:\/\/old.atletikaolomouc.cz\/wp-content\/gallery\/nesmer-2022-foto-peta-e-a-dave\/thumbs\/thumbs_PHOTO-2022-08-17-18-27-42.jpg\"\n                    width=\"240\"\n                    height=\"160\"\n                    style=\"max-width:100%;\"\n                \/>\n            <\/a>\n        <\/div>\n\t\t\t\t\t\t\t<\/div> \n\t\t\t\n\t\t\t\t<div id=\"ngg-image-80\" class=\"ngg-gallery-thumbnail-box ngg-11-columns\" >\n\t\t\t\t        <div class=\"ngg-gallery-thumbnail\">\n            <a href=\"https:\/\/old.atletikaolomouc.cz\/wp-content\/gallery\/nesmer-2022-foto-peta-e-a-dave\/PHOTO-2022-08-17-18-27-45.jpg\"\n               title=\"\"\n               data-src=\"https:\/\/old.atletikaolomouc.cz\/wp-content\/gallery\/nesmer-2022-foto-peta-e-a-dave\/PHOTO-2022-08-17-18-27-45.jpg\"\n               data-thumbnail=\"https:\/\/old.atletikaolomouc.cz\/wp-content\/gallery\/nesmer-2022-foto-peta-e-a-dave\/thumbs\/thumbs_PHOTO-2022-08-17-18-27-45.jpg\"\n               data-image-id=\"17988\"\n               data-title=\"PHOTO-2022-08-17-18-27-45\"\n               data-description=\"\"\n               data-image-slug=\"photo-2022-08-17-18-27-45\"\n               class=\"ngg-simplelightbox\" rel=\"b99381b2a1aa79ad3008aeccc747c659\">\n                <img\n                    title=\"PHOTO-2022-08-17-18-27-45\"\n                    alt=\"PHOTO-2022-08-17-18-27-45\"\n                    src=\"https:\/\/old.atletikaolomouc.cz\/wp-content\/gallery\/nesmer-2022-foto-peta-e-a-dave\/thumbs\/thumbs_PHOTO-2022-08-17-18-27-45.jpg\"\n                    width=\"240\"\n                    height=\"160\"\n                    style=\"max-width:100%;\"\n                \/>\n            <\/a>\n        <\/div>\n\t\t\t\t\t\t\t<\/div> \n\t\t\t\n\t\t\t\t<div id=\"ngg-image-81\" class=\"ngg-gallery-thumbnail-box ngg-11-columns\" >\n\t\t\t\t        <div class=\"ngg-gallery-thumbnail\">\n            <a href=\"https:\/\/old.atletikaolomouc.cz\/wp-content\/gallery\/nesmer-2022-foto-peta-e-a-dave\/PHOTO-2022-08-17-18-27-46.jpg\"\n               title=\"\"\n               data-src=\"https:\/\/old.atletikaolomouc.cz\/wp-content\/gallery\/nesmer-2022-foto-peta-e-a-dave\/PHOTO-2022-08-17-18-27-46.jpg\"\n               data-thumbnail=\"https:\/\/old.atletikaolomouc.cz\/wp-content\/gallery\/nesmer-2022-foto-peta-e-a-dave\/thumbs\/thumbs_PHOTO-2022-08-17-18-27-46.jpg\"\n               data-image-id=\"17989\"\n               data-title=\"PHOTO-2022-08-17-18-27-46\"\n               data-description=\"\"\n               data-image-slug=\"photo-2022-08-17-18-27-46\"\n               class=\"ngg-simplelightbox\" rel=\"b99381b2a1aa79ad3008aeccc747c659\">\n                <img\n                    title=\"PHOTO-2022-08-17-18-27-46\"\n                    alt=\"PHOTO-2022-08-17-18-27-46\"\n                    src=\"https:\/\/old.atletikaolomouc.cz\/wp-content\/gallery\/nesmer-2022-foto-peta-e-a-dave\/thumbs\/thumbs_PHOTO-2022-08-17-18-27-46.jpg\"\n                    width=\"240\"\n                    height=\"160\"\n                    style=\"max-width:100%;\"\n                \/>\n            <\/a>\n        <\/div>\n\t\t\t\t\t\t\t<\/div> \n\t\t\t\n\t\t\t\t<div id=\"ngg-image-82\" class=\"ngg-gallery-thumbnail-box ngg-11-columns\" >\n\t\t\t\t        <div class=\"ngg-gallery-thumbnail\">\n            <a href=\"https:\/\/old.atletikaolomouc.cz\/wp-content\/gallery\/nesmer-2022-foto-peta-e-a-dave\/PHOTO-2022-08-17-18-27-49.jpg\"\n               title=\"\"\n               data-src=\"https:\/\/old.atletikaolomouc.cz\/wp-content\/gallery\/nesmer-2022-foto-peta-e-a-dave\/PHOTO-2022-08-17-18-27-49.jpg\"\n               data-thumbnail=\"https:\/\/old.atletikaolomouc.cz\/wp-content\/gallery\/nesmer-2022-foto-peta-e-a-dave\/thumbs\/thumbs_PHOTO-2022-08-17-18-27-49.jpg\"\n               data-image-id=\"17991\"\n               data-title=\"PHOTO-2022-08-17-18-27-49\"\n               data-description=\"\"\n               data-image-slug=\"photo-2022-08-17-18-27-49\"\n               class=\"ngg-simplelightbox\" rel=\"b99381b2a1aa79ad3008aeccc747c659\">\n                <img\n                    title=\"PHOTO-2022-08-17-18-27-49\"\n                    alt=\"PHOTO-2022-08-17-18-27-49\"\n                    src=\"https:\/\/old.atletikaolomouc.cz\/wp-content\/gallery\/nesmer-2022-foto-peta-e-a-dave\/thumbs\/thumbs_PHOTO-2022-08-17-18-27-49.jpg\"\n                    width=\"240\"\n                    height=\"160\"\n                    style=\"max-width:100%;\"\n                \/>\n            <\/a>\n        <\/div>\n\t\t\t\t\t\t\t<\/div> \n\t\t\t\n\t\t\t\t<div id=\"ngg-image-83\" class=\"ngg-gallery-thumbnail-box ngg-11-columns\" >\n\t\t\t\t        <div class=\"ngg-gallery-thumbnail\">\n            <a href=\"https:\/\/old.atletikaolomouc.cz\/wp-content\/gallery\/nesmer-2022-foto-peta-e-a-dave\/PHOTO-2022-08-17-18-27-51.jpg\"\n               title=\"\"\n               data-src=\"https:\/\/old.atletikaolomouc.cz\/wp-content\/gallery\/nesmer-2022-foto-peta-e-a-dave\/PHOTO-2022-08-17-18-27-51.jpg\"\n               data-thumbnail=\"https:\/\/old.atletikaolomouc.cz\/wp-content\/gallery\/nesmer-2022-foto-peta-e-a-dave\/thumbs\/thumbs_PHOTO-2022-08-17-18-27-51.jpg\"\n               data-image-id=\"17992\"\n               data-title=\"PHOTO-2022-08-17-18-27-51\"\n               data-description=\"\"\n               data-image-slug=\"photo-2022-08-17-18-27-51\"\n               class=\"ngg-simplelightbox\" rel=\"b99381b2a1aa79ad3008aeccc747c659\">\n                <img\n                    title=\"PHOTO-2022-08-17-18-27-51\"\n                    alt=\"PHOTO-2022-08-17-18-27-51\"\n                    src=\"https:\/\/old.atletikaolomouc.cz\/wp-content\/gallery\/nesmer-2022-foto-peta-e-a-dave\/thumbs\/thumbs_PHOTO-2022-08-17-18-27-51.jpg\"\n                    width=\"240\"\n                    height=\"160\"\n                    style=\"max-width:100%;\"\n                \/>\n            <\/a>\n        <\/div>\n\t\t\t\t\t\t\t<\/div> \n\t\t\t\n\t\t\t\t<div id=\"ngg-image-84\" class=\"ngg-gallery-thumbnail-box ngg-11-columns\" >\n\t\t\t\t        <div class=\"ngg-gallery-thumbnail\">\n            <a href=\"https:\/\/old.atletikaolomouc.cz\/wp-content\/gallery\/nesmer-2022-foto-peta-e-a-dave\/PHOTO-2022-08-17-18-28-01-1.jpg\"\n               title=\"\"\n               data-src=\"https:\/\/old.atletikaolomouc.cz\/wp-content\/gallery\/nesmer-2022-foto-peta-e-a-dave\/PHOTO-2022-08-17-18-28-01-1.jpg\"\n               data-thumbnail=\"https:\/\/old.atletikaolomouc.cz\/wp-content\/gallery\/nesmer-2022-foto-peta-e-a-dave\/thumbs\/thumbs_PHOTO-2022-08-17-18-28-01-1.jpg\"\n               data-image-id=\"17994\"\n               data-title=\"PHOTO-2022-08-17-18-28-01-1\"\n               data-description=\"\"\n               data-image-slug=\"photo-2022-08-17-18-28-01-1\"\n               class=\"ngg-simplelightbox\" rel=\"b99381b2a1aa79ad3008aeccc747c659\">\n                <img\n                    title=\"PHOTO-2022-08-17-18-28-01-1\"\n                    alt=\"PHOTO-2022-08-17-18-28-01-1\"\n                    src=\"https:\/\/old.atletikaolomouc.cz\/wp-content\/gallery\/nesmer-2022-foto-peta-e-a-dave\/thumbs\/thumbs_PHOTO-2022-08-17-18-28-01-1.jpg\"\n                    width=\"240\"\n                    height=\"160\"\n                    style=\"max-width:100%;\"\n                \/>\n            <\/a>\n        <\/div>\n\t\t\t\t\t\t\t<\/div> \n\t\t\t\n\t\t\t\t<div id=\"ngg-image-85\" class=\"ngg-gallery-thumbnail-box ngg-11-columns\" >\n\t\t\t\t        <div class=\"ngg-gallery-thumbnail\">\n            <a href=\"https:\/\/old.atletikaolomouc.cz\/wp-content\/gallery\/nesmer-2022-foto-peta-e-a-dave\/PHOTO-2022-08-17-18-28-01-2.jpg\"\n               title=\"\"\n               data-src=\"https:\/\/old.atletikaolomouc.cz\/wp-content\/gallery\/nesmer-2022-foto-peta-e-a-dave\/PHOTO-2022-08-17-18-28-01-2.jpg\"\n               data-thumbnail=\"https:\/\/old.atletikaolomouc.cz\/wp-content\/gallery\/nesmer-2022-foto-peta-e-a-dave\/thumbs\/thumbs_PHOTO-2022-08-17-18-28-01-2.jpg\"\n               data-image-id=\"17996\"\n               data-title=\"PHOTO-2022-08-17-18-28-01-2\"\n               data-description=\"\"\n               data-image-slug=\"photo-2022-08-17-18-28-01-2\"\n               class=\"ngg-simplelightbox\" rel=\"b99381b2a1aa79ad3008aeccc747c659\">\n                <img\n                    title=\"PHOTO-2022-08-17-18-28-01-2\"\n                    alt=\"PHOTO-2022-08-17-18-28-01-2\"\n                    src=\"https:\/\/old.atletikaolomouc.cz\/wp-content\/gallery\/nesmer-2022-foto-peta-e-a-dave\/thumbs\/thumbs_PHOTO-2022-08-17-18-28-01-2.jpg\"\n                    width=\"240\"\n                    height=\"160\"\n                    style=\"max-width:100%;\"\n                \/>\n            <\/a>\n        <\/div>\n\t\t\t\t\t\t\t<\/div> \n\t\t\t\n\t\t\t\t<div id=\"ngg-image-86\" class=\"ngg-gallery-thumbnail-box ngg-11-columns\" >\n\t\t\t\t        <div class=\"ngg-gallery-thumbnail\">\n            <a href=\"https:\/\/old.atletikaolomouc.cz\/wp-content\/gallery\/nesmer-2022-foto-peta-e-a-dave\/PHOTO-2022-08-17-18-28-01-3.jpg\"\n               title=\"\"\n               data-src=\"https:\/\/old.atletikaolomouc.cz\/wp-content\/gallery\/nesmer-2022-foto-peta-e-a-dave\/PHOTO-2022-08-17-18-28-01-3.jpg\"\n               data-thumbnail=\"https:\/\/old.atletikaolomouc.cz\/wp-content\/gallery\/nesmer-2022-foto-peta-e-a-dave\/thumbs\/thumbs_PHOTO-2022-08-17-18-28-01-3.jpg\"\n               data-image-id=\"17997\"\n               data-title=\"PHOTO-2022-08-17-18-28-01-3\"\n               data-description=\"\"\n               data-image-slug=\"photo-2022-08-17-18-28-01-3\"\n               class=\"ngg-simplelightbox\" rel=\"b99381b2a1aa79ad3008aeccc747c659\">\n                <img\n                    title=\"PHOTO-2022-08-17-18-28-01-3\"\n                    alt=\"PHOTO-2022-08-17-18-28-01-3\"\n                    src=\"https:\/\/old.atletikaolomouc.cz\/wp-content\/gallery\/nesmer-2022-foto-peta-e-a-dave\/thumbs\/thumbs_PHOTO-2022-08-17-18-28-01-3.jpg\"\n                    width=\"240\"\n                    height=\"160\"\n                    style=\"max-width:100%;\"\n                \/>\n            <\/a>\n        <\/div>\n\t\t\t\t\t\t\t<\/div> \n\t\t\t\n\t\t\t\t<div id=\"ngg-image-87\" class=\"ngg-gallery-thumbnail-box ngg-11-columns\" >\n\t\t\t\t        <div class=\"ngg-gallery-thumbnail\">\n            <a href=\"https:\/\/old.atletikaolomouc.cz\/wp-content\/gallery\/nesmer-2022-foto-peta-e-a-dave\/PHOTO-2022-08-17-18-28-01-4.jpg\"\n               title=\"\"\n               data-src=\"https:\/\/old.atletikaolomouc.cz\/wp-content\/gallery\/nesmer-2022-foto-peta-e-a-dave\/PHOTO-2022-08-17-18-28-01-4.jpg\"\n               data-thumbnail=\"https:\/\/old.atletikaolomouc.cz\/wp-content\/gallery\/nesmer-2022-foto-peta-e-a-dave\/thumbs\/thumbs_PHOTO-2022-08-17-18-28-01-4.jpg\"\n               data-image-id=\"17999\"\n               data-title=\"PHOTO-2022-08-17-18-28-01-4\"\n               data-description=\"\"\n               data-image-slug=\"photo-2022-08-17-18-28-01-4\"\n               class=\"ngg-simplelightbox\" rel=\"b99381b2a1aa79ad3008aeccc747c659\">\n                <img\n                    title=\"PHOTO-2022-08-17-18-28-01-4\"\n                    alt=\"PHOTO-2022-08-17-18-28-01-4\"\n                    src=\"https:\/\/old.atletikaolomouc.cz\/wp-content\/gallery\/nesmer-2022-foto-peta-e-a-dave\/thumbs\/thumbs_PHOTO-2022-08-17-18-28-01-4.jpg\"\n                    width=\"240\"\n                    height=\"160\"\n                    style=\"max-width:100%;\"\n                \/>\n            <\/a>\n        <\/div>\n\t\t\t\t\t\t\t<\/div> \n\t\t\t\n\t\t\t\t<div id=\"ngg-image-88\" class=\"ngg-gallery-thumbnail-box ngg-11-columns\" >\n\t\t\t\t        <div class=\"ngg-gallery-thumbnail\">\n            <a href=\"https:\/\/old.atletikaolomouc.cz\/wp-content\/gallery\/nesmer-2022-foto-peta-e-a-dave\/PHOTO-2022-08-17-18-28-01-5.jpg\"\n               title=\"\"\n               data-src=\"https:\/\/old.atletikaolomouc.cz\/wp-content\/gallery\/nesmer-2022-foto-peta-e-a-dave\/PHOTO-2022-08-17-18-28-01-5.jpg\"\n               data-thumbnail=\"https:\/\/old.atletikaolomouc.cz\/wp-content\/gallery\/nesmer-2022-foto-peta-e-a-dave\/thumbs\/thumbs_PHOTO-2022-08-17-18-28-01-5.jpg\"\n               data-image-id=\"18001\"\n               data-title=\"PHOTO-2022-08-17-18-28-01-5\"\n               data-description=\"\"\n               data-image-slug=\"photo-2022-08-17-18-28-01-5\"\n               class=\"ngg-simplelightbox\" rel=\"b99381b2a1aa79ad3008aeccc747c659\">\n                <img\n                    title=\"PHOTO-2022-08-17-18-28-01-5\"\n                    alt=\"PHOTO-2022-08-17-18-28-01-5\"\n                    src=\"https:\/\/old.atletikaolomouc.cz\/wp-content\/gallery\/nesmer-2022-foto-peta-e-a-dave\/thumbs\/thumbs_PHOTO-2022-08-17-18-28-01-5.jpg\"\n                    width=\"240\"\n                    height=\"160\"\n                    style=\"max-width:100%;\"\n                \/>\n            <\/a>\n        <\/div>\n\t\t\t\t\t\t\t<\/div> \n\t\t\t\n\t\t\t\t<div id=\"ngg-image-89\" class=\"ngg-gallery-thumbnail-box ngg-11-columns\" >\n\t\t\t\t        <div class=\"ngg-gallery-thumbnail\">\n            <a href=\"https:\/\/old.atletikaolomouc.cz\/wp-content\/gallery\/nesmer-2022-foto-peta-e-a-dave\/PHOTO-2022-08-17-18-28-01-6.jpg\"\n               title=\"\"\n               data-src=\"https:\/\/old.atletikaolomouc.cz\/wp-content\/gallery\/nesmer-2022-foto-peta-e-a-dave\/PHOTO-2022-08-17-18-28-01-6.jpg\"\n               data-thumbnail=\"https:\/\/old.atletikaolomouc.cz\/wp-content\/gallery\/nesmer-2022-foto-peta-e-a-dave\/thumbs\/thumbs_PHOTO-2022-08-17-18-28-01-6.jpg\"\n               data-image-id=\"18003\"\n               data-title=\"PHOTO-2022-08-17-18-28-01-6\"\n               data-description=\"\"\n               data-image-slug=\"photo-2022-08-17-18-28-01-6\"\n               class=\"ngg-simplelightbox\" rel=\"b99381b2a1aa79ad3008aeccc747c659\">\n                <img\n                    title=\"PHOTO-2022-08-17-18-28-01-6\"\n                    alt=\"PHOTO-2022-08-17-18-28-01-6\"\n                    src=\"https:\/\/old.atletikaolomouc.cz\/wp-content\/gallery\/nesmer-2022-foto-peta-e-a-dave\/thumbs\/thumbs_PHOTO-2022-08-17-18-28-01-6.jpg\"\n                    width=\"240\"\n                    height=\"160\"\n                    style=\"max-width:100%;\"\n                \/>\n            <\/a>\n        <\/div>\n\t\t\t\t\t\t\t<\/div> \n\t\t\t\n\t\t\t\t<div id=\"ngg-image-90\" class=\"ngg-gallery-thumbnail-box ngg-11-columns\" >\n\t\t\t\t        <div class=\"ngg-gallery-thumbnail\">\n            <a href=\"https:\/\/old.atletikaolomouc.cz\/wp-content\/gallery\/nesmer-2022-foto-peta-e-a-dave\/PHOTO-2022-08-17-18-28-01-7.jpg\"\n               title=\"\"\n               data-src=\"https:\/\/old.atletikaolomouc.cz\/wp-content\/gallery\/nesmer-2022-foto-peta-e-a-dave\/PHOTO-2022-08-17-18-28-01-7.jpg\"\n               data-thumbnail=\"https:\/\/old.atletikaolomouc.cz\/wp-content\/gallery\/nesmer-2022-foto-peta-e-a-dave\/thumbs\/thumbs_PHOTO-2022-08-17-18-28-01-7.jpg\"\n               data-image-id=\"18005\"\n               data-title=\"PHOTO-2022-08-17-18-28-01-7\"\n               data-description=\"\"\n               data-image-slug=\"photo-2022-08-17-18-28-01-7\"\n               class=\"ngg-simplelightbox\" rel=\"b99381b2a1aa79ad3008aeccc747c659\">\n                <img\n                    title=\"PHOTO-2022-08-17-18-28-01-7\"\n                    alt=\"PHOTO-2022-08-17-18-28-01-7\"\n                    src=\"https:\/\/old.atletikaolomouc.cz\/wp-content\/gallery\/nesmer-2022-foto-peta-e-a-dave\/thumbs\/thumbs_PHOTO-2022-08-17-18-28-01-7.jpg\"\n                    width=\"240\"\n                    height=\"160\"\n                    style=\"max-width:100%;\"\n                \/>\n            <\/a>\n        <\/div>\n\t\t\t\t\t\t\t<\/div> \n\t\t\t\n\t\t\t\t<div id=\"ngg-image-91\" class=\"ngg-gallery-thumbnail-box ngg-11-columns\" >\n\t\t\t\t        <div class=\"ngg-gallery-thumbnail\">\n            <a href=\"https:\/\/old.atletikaolomouc.cz\/wp-content\/gallery\/nesmer-2022-foto-peta-e-a-dave\/PHOTO-2022-08-17-18-28-01.jpg\"\n               title=\"\"\n               data-src=\"https:\/\/old.atletikaolomouc.cz\/wp-content\/gallery\/nesmer-2022-foto-peta-e-a-dave\/PHOTO-2022-08-17-18-28-01.jpg\"\n               data-thumbnail=\"https:\/\/old.atletikaolomouc.cz\/wp-content\/gallery\/nesmer-2022-foto-peta-e-a-dave\/thumbs\/thumbs_PHOTO-2022-08-17-18-28-01.jpg\"\n               data-image-id=\"18006\"\n               data-title=\"PHOTO-2022-08-17-18-28-01\"\n               data-description=\"\"\n               data-image-slug=\"photo-2022-08-17-18-28-01-8\"\n               class=\"ngg-simplelightbox\" rel=\"b99381b2a1aa79ad3008aeccc747c659\">\n                <img\n                    title=\"PHOTO-2022-08-17-18-28-01\"\n                    alt=\"PHOTO-2022-08-17-18-28-01\"\n                    src=\"https:\/\/old.atletikaolomouc.cz\/wp-content\/gallery\/nesmer-2022-foto-peta-e-a-dave\/thumbs\/thumbs_PHOTO-2022-08-17-18-28-01.jpg\"\n                    width=\"240\"\n                    height=\"160\"\n                    style=\"max-width:100%;\"\n                \/>\n            <\/a>\n        <\/div>\n\t\t\t\t\t\t\t<\/div> \n\t\t\t\n\t\t\t\t<div id=\"ngg-image-92\" class=\"ngg-gallery-thumbnail-box ngg-11-columns\" >\n\t\t\t\t        <div class=\"ngg-gallery-thumbnail\">\n            <a href=\"https:\/\/old.atletikaolomouc.cz\/wp-content\/gallery\/nesmer-2022-foto-peta-e-a-dave\/PHOTO-2022-08-17-18-28-02-1.jpg\"\n               title=\"\"\n               data-src=\"https:\/\/old.atletikaolomouc.cz\/wp-content\/gallery\/nesmer-2022-foto-peta-e-a-dave\/PHOTO-2022-08-17-18-28-02-1.jpg\"\n               data-thumbnail=\"https:\/\/old.atletikaolomouc.cz\/wp-content\/gallery\/nesmer-2022-foto-peta-e-a-dave\/thumbs\/thumbs_PHOTO-2022-08-17-18-28-02-1.jpg\"\n               data-image-id=\"18007\"\n               data-title=\"PHOTO-2022-08-17-18-28-02-1\"\n               data-description=\"\"\n               data-image-slug=\"photo-2022-08-17-18-28-02-1\"\n               class=\"ngg-simplelightbox\" rel=\"b99381b2a1aa79ad3008aeccc747c659\">\n                <img\n                    title=\"PHOTO-2022-08-17-18-28-02-1\"\n                    alt=\"PHOTO-2022-08-17-18-28-02-1\"\n                    src=\"https:\/\/old.atletikaolomouc.cz\/wp-content\/gallery\/nesmer-2022-foto-peta-e-a-dave\/thumbs\/thumbs_PHOTO-2022-08-17-18-28-02-1.jpg\"\n                    width=\"240\"\n                    height=\"160\"\n                    style=\"max-width:100%;\"\n                \/>\n            <\/a>\n        <\/div>\n\t\t\t\t\t\t\t<\/div> \n\t\t\t\n\t\t\t\t<div id=\"ngg-image-93\" class=\"ngg-gallery-thumbnail-box ngg-11-columns\" >\n\t\t\t\t        <div class=\"ngg-gallery-thumbnail\">\n            <a href=\"https:\/\/old.atletikaolomouc.cz\/wp-content\/gallery\/nesmer-2022-foto-peta-e-a-dave\/PHOTO-2022-08-17-18-28-02-2.jpg\"\n               title=\"\"\n               data-src=\"https:\/\/old.atletikaolomouc.cz\/wp-content\/gallery\/nesmer-2022-foto-peta-e-a-dave\/PHOTO-2022-08-17-18-28-02-2.jpg\"\n               data-thumbnail=\"https:\/\/old.atletikaolomouc.cz\/wp-content\/gallery\/nesmer-2022-foto-peta-e-a-dave\/thumbs\/thumbs_PHOTO-2022-08-17-18-28-02-2.jpg\"\n               data-image-id=\"18009\"\n               data-title=\"PHOTO-2022-08-17-18-28-02-2\"\n               data-description=\"\"\n               data-image-slug=\"photo-2022-08-17-18-28-02-2\"\n               class=\"ngg-simplelightbox\" rel=\"b99381b2a1aa79ad3008aeccc747c659\">\n                <img\n                    title=\"PHOTO-2022-08-17-18-28-02-2\"\n                    alt=\"PHOTO-2022-08-17-18-28-02-2\"\n                    src=\"https:\/\/old.atletikaolomouc.cz\/wp-content\/gallery\/nesmer-2022-foto-peta-e-a-dave\/thumbs\/thumbs_PHOTO-2022-08-17-18-28-02-2.jpg\"\n                    width=\"240\"\n                    height=\"160\"\n                    style=\"max-width:100%;\"\n                \/>\n            <\/a>\n        <\/div>\n\t\t\t\t\t\t\t<\/div> \n\t\t\t\n\t\t\t\t<div id=\"ngg-image-94\" class=\"ngg-gallery-thumbnail-box ngg-11-columns\" >\n\t\t\t\t        <div class=\"ngg-gallery-thumbnail\">\n            <a href=\"https:\/\/old.atletikaolomouc.cz\/wp-content\/gallery\/nesmer-2022-foto-peta-e-a-dave\/PHOTO-2022-08-17-18-28-02-3.jpg\"\n               title=\"\"\n               data-src=\"https:\/\/old.atletikaolomouc.cz\/wp-content\/gallery\/nesmer-2022-foto-peta-e-a-dave\/PHOTO-2022-08-17-18-28-02-3.jpg\"\n               data-thumbnail=\"https:\/\/old.atletikaolomouc.cz\/wp-content\/gallery\/nesmer-2022-foto-peta-e-a-dave\/thumbs\/thumbs_PHOTO-2022-08-17-18-28-02-3.jpg\"\n               data-image-id=\"18010\"\n               data-title=\"PHOTO-2022-08-17-18-28-02-3\"\n               data-description=\"\"\n               data-image-slug=\"photo-2022-08-17-18-28-02-3\"\n               class=\"ngg-simplelightbox\" rel=\"b99381b2a1aa79ad3008aeccc747c659\">\n                <img\n                    title=\"PHOTO-2022-08-17-18-28-02-3\"\n                    alt=\"PHOTO-2022-08-17-18-28-02-3\"\n                    src=\"https:\/\/old.atletikaolomouc.cz\/wp-content\/gallery\/nesmer-2022-foto-peta-e-a-dave\/thumbs\/thumbs_PHOTO-2022-08-17-18-28-02-3.jpg\"\n                    width=\"240\"\n                    height=\"160\"\n                    style=\"max-width:100%;\"\n                \/>\n            <\/a>\n        <\/div>\n\t\t\t\t\t\t\t<\/div> \n\t\t\t\n\t\t\t\t<div id=\"ngg-image-95\" class=\"ngg-gallery-thumbnail-box ngg-11-columns\" >\n\t\t\t\t        <div class=\"ngg-gallery-thumbnail\">\n            <a href=\"https:\/\/old.atletikaolomouc.cz\/wp-content\/gallery\/nesmer-2022-foto-peta-e-a-dave\/PHOTO-2022-08-17-18-28-02-4.jpg\"\n               title=\"\"\n               data-src=\"https:\/\/old.atletikaolomouc.cz\/wp-content\/gallery\/nesmer-2022-foto-peta-e-a-dave\/PHOTO-2022-08-17-18-28-02-4.jpg\"\n               data-thumbnail=\"https:\/\/old.atletikaolomouc.cz\/wp-content\/gallery\/nesmer-2022-foto-peta-e-a-dave\/thumbs\/thumbs_PHOTO-2022-08-17-18-28-02-4.jpg\"\n               data-image-id=\"18012\"\n               data-title=\"PHOTO-2022-08-17-18-28-02-4\"\n               data-description=\"\"\n               data-image-slug=\"photo-2022-08-17-18-28-02-4\"\n               class=\"ngg-simplelightbox\" rel=\"b99381b2a1aa79ad3008aeccc747c659\">\n                <img\n                    title=\"PHOTO-2022-08-17-18-28-02-4\"\n                    alt=\"PHOTO-2022-08-17-18-28-02-4\"\n                    src=\"https:\/\/old.atletikaolomouc.cz\/wp-content\/gallery\/nesmer-2022-foto-peta-e-a-dave\/thumbs\/thumbs_PHOTO-2022-08-17-18-28-02-4.jpg\"\n                    width=\"240\"\n                    height=\"160\"\n                    style=\"max-width:100%;\"\n                \/>\n            <\/a>\n        <\/div>\n\t\t\t\t\t\t\t<\/div> \n\t\t\t\n\t\t\t\t<div id=\"ngg-image-96\" class=\"ngg-gallery-thumbnail-box ngg-11-columns\" >\n\t\t\t\t        <div class=\"ngg-gallery-thumbnail\">\n            <a href=\"https:\/\/old.atletikaolomouc.cz\/wp-content\/gallery\/nesmer-2022-foto-peta-e-a-dave\/PHOTO-2022-08-17-18-28-02-5.jpg\"\n               title=\"\"\n               data-src=\"https:\/\/old.atletikaolomouc.cz\/wp-content\/gallery\/nesmer-2022-foto-peta-e-a-dave\/PHOTO-2022-08-17-18-28-02-5.jpg\"\n               data-thumbnail=\"https:\/\/old.atletikaolomouc.cz\/wp-content\/gallery\/nesmer-2022-foto-peta-e-a-dave\/thumbs\/thumbs_PHOTO-2022-08-17-18-28-02-5.jpg\"\n               data-image-id=\"18014\"\n               data-title=\"PHOTO-2022-08-17-18-28-02-5\"\n               data-description=\"\"\n               data-image-slug=\"photo-2022-08-17-18-28-02-5\"\n               class=\"ngg-simplelightbox\" rel=\"b99381b2a1aa79ad3008aeccc747c659\">\n                <img\n                    title=\"PHOTO-2022-08-17-18-28-02-5\"\n                    alt=\"PHOTO-2022-08-17-18-28-02-5\"\n                    src=\"https:\/\/old.atletikaolomouc.cz\/wp-content\/gallery\/nesmer-2022-foto-peta-e-a-dave\/thumbs\/thumbs_PHOTO-2022-08-17-18-28-02-5.jpg\"\n                    width=\"240\"\n                    height=\"160\"\n                    style=\"max-width:100%;\"\n                \/>\n            <\/a>\n        <\/div>\n\t\t\t\t\t\t\t<\/div> \n\t\t\t\n\t\t\t\t<div id=\"ngg-image-97\" class=\"ngg-gallery-thumbnail-box ngg-11-columns\" >\n\t\t\t\t        <div class=\"ngg-gallery-thumbnail\">\n            <a href=\"https:\/\/old.atletikaolomouc.cz\/wp-content\/gallery\/nesmer-2022-foto-peta-e-a-dave\/PHOTO-2022-08-17-18-28-02.jpg\"\n               title=\"\"\n               data-src=\"https:\/\/old.atletikaolomouc.cz\/wp-content\/gallery\/nesmer-2022-foto-peta-e-a-dave\/PHOTO-2022-08-17-18-28-02.jpg\"\n               data-thumbnail=\"https:\/\/old.atletikaolomouc.cz\/wp-content\/gallery\/nesmer-2022-foto-peta-e-a-dave\/thumbs\/thumbs_PHOTO-2022-08-17-18-28-02.jpg\"\n               data-image-id=\"18015\"\n               data-title=\"PHOTO-2022-08-17-18-28-02\"\n               data-description=\"\"\n               data-image-slug=\"photo-2022-08-17-18-28-02-6\"\n               class=\"ngg-simplelightbox\" rel=\"b99381b2a1aa79ad3008aeccc747c659\">\n                <img\n                    title=\"PHOTO-2022-08-17-18-28-02\"\n                    alt=\"PHOTO-2022-08-17-18-28-02\"\n                    src=\"https:\/\/old.atletikaolomouc.cz\/wp-content\/gallery\/nesmer-2022-foto-peta-e-a-dave\/thumbs\/thumbs_PHOTO-2022-08-17-18-28-02.jpg\"\n                    width=\"240\"\n                    height=\"160\"\n                    style=\"max-width:100%;\"\n                \/>\n            <\/a>\n        <\/div>\n\t\t\t\t\t\t\t<\/div> \n\t\t\t\n\t\t\t\t<div id=\"ngg-image-98\" class=\"ngg-gallery-thumbnail-box ngg-11-columns\" >\n\t\t\t\t        <div class=\"ngg-gallery-thumbnail\">\n            <a href=\"https:\/\/old.atletikaolomouc.cz\/wp-content\/gallery\/nesmer-2022-foto-peta-e-a-dave\/PHOTO-2022-08-17-18-28-03-1.jpg\"\n               title=\"\"\n               data-src=\"https:\/\/old.atletikaolomouc.cz\/wp-content\/gallery\/nesmer-2022-foto-peta-e-a-dave\/PHOTO-2022-08-17-18-28-03-1.jpg\"\n               data-thumbnail=\"https:\/\/old.atletikaolomouc.cz\/wp-content\/gallery\/nesmer-2022-foto-peta-e-a-dave\/thumbs\/thumbs_PHOTO-2022-08-17-18-28-03-1.jpg\"\n               data-image-id=\"18016\"\n               data-title=\"PHOTO-2022-08-17-18-28-03-1\"\n               data-description=\"\"\n               data-image-slug=\"photo-2022-08-17-18-28-03-1\"\n               class=\"ngg-simplelightbox\" rel=\"b99381b2a1aa79ad3008aeccc747c659\">\n                <img\n                    title=\"PHOTO-2022-08-17-18-28-03-1\"\n                    alt=\"PHOTO-2022-08-17-18-28-03-1\"\n                    src=\"https:\/\/old.atletikaolomouc.cz\/wp-content\/gallery\/nesmer-2022-foto-peta-e-a-dave\/thumbs\/thumbs_PHOTO-2022-08-17-18-28-03-1.jpg\"\n                    width=\"240\"\n                    height=\"160\"\n                    style=\"max-width:100%;\"\n                \/>\n            <\/a>\n        <\/div>\n\t\t\t\t\t\t\t<\/div> \n\t\t\t\n\t\t\t\t<div id=\"ngg-image-99\" class=\"ngg-gallery-thumbnail-box ngg-11-columns\" >\n\t\t\t\t        <div class=\"ngg-gallery-thumbnail\">\n            <a href=\"https:\/\/old.atletikaolomouc.cz\/wp-content\/gallery\/nesmer-2022-foto-peta-e-a-dave\/PHOTO-2022-08-17-18-28-03-2.jpg\"\n               title=\"\"\n               data-src=\"https:\/\/old.atletikaolomouc.cz\/wp-content\/gallery\/nesmer-2022-foto-peta-e-a-dave\/PHOTO-2022-08-17-18-28-03-2.jpg\"\n               data-thumbnail=\"https:\/\/old.atletikaolomouc.cz\/wp-content\/gallery\/nesmer-2022-foto-peta-e-a-dave\/thumbs\/thumbs_PHOTO-2022-08-17-18-28-03-2.jpg\"\n               data-image-id=\"18018\"\n               data-title=\"PHOTO-2022-08-17-18-28-03-2\"\n               data-description=\"\"\n               data-image-slug=\"photo-2022-08-17-18-28-03-2\"\n               class=\"ngg-simplelightbox\" rel=\"b99381b2a1aa79ad3008aeccc747c659\">\n                <img\n                    title=\"PHOTO-2022-08-17-18-28-03-2\"\n                    alt=\"PHOTO-2022-08-17-18-28-03-2\"\n                    src=\"https:\/\/old.atletikaolomouc.cz\/wp-content\/gallery\/nesmer-2022-foto-peta-e-a-dave\/thumbs\/thumbs_PHOTO-2022-08-17-18-28-03-2.jpg\"\n                    width=\"240\"\n                    height=\"160\"\n                    style=\"max-width:100%;\"\n                \/>\n            <\/a>\n        <\/div>\n\t\t\t\t\t\t\t<\/div> \n\t\t\t\n\t\t\t\t<div id=\"ngg-image-100\" class=\"ngg-gallery-thumbnail-box ngg-11-columns\" >\n\t\t\t\t        <div class=\"ngg-gallery-thumbnail\">\n            <a href=\"https:\/\/old.atletikaolomouc.cz\/wp-content\/gallery\/nesmer-2022-foto-peta-e-a-dave\/PHOTO-2022-08-17-18-28-03-3.jpg\"\n               title=\"\"\n               data-src=\"https:\/\/old.atletikaolomouc.cz\/wp-content\/gallery\/nesmer-2022-foto-peta-e-a-dave\/PHOTO-2022-08-17-18-28-03-3.jpg\"\n               data-thumbnail=\"https:\/\/old.atletikaolomouc.cz\/wp-content\/gallery\/nesmer-2022-foto-peta-e-a-dave\/thumbs\/thumbs_PHOTO-2022-08-17-18-28-03-3.jpg\"\n               data-image-id=\"18020\"\n               data-title=\"PHOTO-2022-08-17-18-28-03-3\"\n               data-description=\"\"\n               data-image-slug=\"photo-2022-08-17-18-28-03-3\"\n               class=\"ngg-simplelightbox\" rel=\"b99381b2a1aa79ad3008aeccc747c659\">\n                <img\n                    title=\"PHOTO-2022-08-17-18-28-03-3\"\n                    alt=\"PHOTO-2022-08-17-18-28-03-3\"\n                    src=\"https:\/\/old.atletikaolomouc.cz\/wp-content\/gallery\/nesmer-2022-foto-peta-e-a-dave\/thumbs\/thumbs_PHOTO-2022-08-17-18-28-03-3.jpg\"\n                    width=\"240\"\n                    height=\"160\"\n                    style=\"max-width:100%;\"\n                \/>\n            <\/a>\n        <\/div>\n\t\t\t\t\t\t\t<\/div> \n\t\t\t\n\t\t\t\t<div id=\"ngg-image-101\" class=\"ngg-gallery-thumbnail-box ngg-11-columns\" >\n\t\t\t\t        <div class=\"ngg-gallery-thumbnail\">\n            <a href=\"https:\/\/old.atletikaolomouc.cz\/wp-content\/gallery\/nesmer-2022-foto-peta-e-a-dave\/PHOTO-2022-08-17-18-28-03-4.jpg\"\n               title=\"\"\n               data-src=\"https:\/\/old.atletikaolomouc.cz\/wp-content\/gallery\/nesmer-2022-foto-peta-e-a-dave\/PHOTO-2022-08-17-18-28-03-4.jpg\"\n               data-thumbnail=\"https:\/\/old.atletikaolomouc.cz\/wp-content\/gallery\/nesmer-2022-foto-peta-e-a-dave\/thumbs\/thumbs_PHOTO-2022-08-17-18-28-03-4.jpg\"\n               data-image-id=\"18022\"\n               data-title=\"PHOTO-2022-08-17-18-28-03-4\"\n               data-description=\"\"\n               data-image-slug=\"photo-2022-08-17-18-28-03-4\"\n               class=\"ngg-simplelightbox\" rel=\"b99381b2a1aa79ad3008aeccc747c659\">\n                <img\n                    title=\"PHOTO-2022-08-17-18-28-03-4\"\n                    alt=\"PHOTO-2022-08-17-18-28-03-4\"\n                    src=\"https:\/\/old.atletikaolomouc.cz\/wp-content\/gallery\/nesmer-2022-foto-peta-e-a-dave\/thumbs\/thumbs_PHOTO-2022-08-17-18-28-03-4.jpg\"\n                    width=\"240\"\n                    height=\"160\"\n                    style=\"max-width:100%;\"\n                \/>\n            <\/a>\n        <\/div>\n\t\t\t\t\t\t\t<\/div> \n\t\t\t\n\t\t\t\t<div id=\"ngg-image-102\" class=\"ngg-gallery-thumbnail-box ngg-11-columns\" >\n\t\t\t\t        <div class=\"ngg-gallery-thumbnail\">\n            <a href=\"https:\/\/old.atletikaolomouc.cz\/wp-content\/gallery\/nesmer-2022-foto-peta-e-a-dave\/PHOTO-2022-08-17-18-28-03-5.jpg\"\n               title=\"\"\n               data-src=\"https:\/\/old.atletikaolomouc.cz\/wp-content\/gallery\/nesmer-2022-foto-peta-e-a-dave\/PHOTO-2022-08-17-18-28-03-5.jpg\"\n               data-thumbnail=\"https:\/\/old.atletikaolomouc.cz\/wp-content\/gallery\/nesmer-2022-foto-peta-e-a-dave\/thumbs\/thumbs_PHOTO-2022-08-17-18-28-03-5.jpg\"\n               data-image-id=\"18023\"\n               data-title=\"PHOTO-2022-08-17-18-28-03-5\"\n               data-description=\"\"\n               data-image-slug=\"photo-2022-08-17-18-28-03-5\"\n               class=\"ngg-simplelightbox\" rel=\"b99381b2a1aa79ad3008aeccc747c659\">\n                <img\n                    title=\"PHOTO-2022-08-17-18-28-03-5\"\n                    alt=\"PHOTO-2022-08-17-18-28-03-5\"\n                    src=\"https:\/\/old.atletikaolomouc.cz\/wp-content\/gallery\/nesmer-2022-foto-peta-e-a-dave\/thumbs\/thumbs_PHOTO-2022-08-17-18-28-03-5.jpg\"\n                    width=\"240\"\n                    height=\"160\"\n                    style=\"max-width:100%;\"\n                \/>\n            <\/a>\n        <\/div>\n\t\t\t\t\t\t\t<\/div> \n\t\t\t\n\t\t\t\t<div id=\"ngg-image-103\" class=\"ngg-gallery-thumbnail-box ngg-11-columns\" >\n\t\t\t\t        <div class=\"ngg-gallery-thumbnail\">\n            <a href=\"https:\/\/old.atletikaolomouc.cz\/wp-content\/gallery\/nesmer-2022-foto-peta-e-a-dave\/PHOTO-2022-08-17-18-28-03-6.jpg\"\n               title=\"\"\n               data-src=\"https:\/\/old.atletikaolomouc.cz\/wp-content\/gallery\/nesmer-2022-foto-peta-e-a-dave\/PHOTO-2022-08-17-18-28-03-6.jpg\"\n               data-thumbnail=\"https:\/\/old.atletikaolomouc.cz\/wp-content\/gallery\/nesmer-2022-foto-peta-e-a-dave\/thumbs\/thumbs_PHOTO-2022-08-17-18-28-03-6.jpg\"\n               data-image-id=\"18025\"\n               data-title=\"PHOTO-2022-08-17-18-28-03-6\"\n               data-description=\"\"\n               data-image-slug=\"photo-2022-08-17-18-28-03-6\"\n               class=\"ngg-simplelightbox\" rel=\"b99381b2a1aa79ad3008aeccc747c659\">\n                <img\n                    title=\"PHOTO-2022-08-17-18-28-03-6\"\n                    alt=\"PHOTO-2022-08-17-18-28-03-6\"\n                    src=\"https:\/\/old.atletikaolomouc.cz\/wp-content\/gallery\/nesmer-2022-foto-peta-e-a-dave\/thumbs\/thumbs_PHOTO-2022-08-17-18-28-03-6.jpg\"\n                    width=\"240\"\n                    height=\"160\"\n                    style=\"max-width:100%;\"\n                \/>\n            <\/a>\n        <\/div>\n\t\t\t\t\t\t\t<\/div> \n\t\t\t\n\t\t\t\t<div id=\"ngg-image-104\" class=\"ngg-gallery-thumbnail-box ngg-11-columns\" >\n\t\t\t\t        <div class=\"ngg-gallery-thumbnail\">\n            <a href=\"https:\/\/old.atletikaolomouc.cz\/wp-content\/gallery\/nesmer-2022-foto-peta-e-a-dave\/PHOTO-2022-08-17-18-28-03.jpg\"\n               title=\"\"\n               data-src=\"https:\/\/old.atletikaolomouc.cz\/wp-content\/gallery\/nesmer-2022-foto-peta-e-a-dave\/PHOTO-2022-08-17-18-28-03.jpg\"\n               data-thumbnail=\"https:\/\/old.atletikaolomouc.cz\/wp-content\/gallery\/nesmer-2022-foto-peta-e-a-dave\/thumbs\/thumbs_PHOTO-2022-08-17-18-28-03.jpg\"\n               data-image-id=\"18026\"\n               data-title=\"PHOTO-2022-08-17-18-28-03\"\n               data-description=\"\"\n               data-image-slug=\"photo-2022-08-17-18-28-03-7\"\n               class=\"ngg-simplelightbox\" rel=\"b99381b2a1aa79ad3008aeccc747c659\">\n                <img\n                    title=\"PHOTO-2022-08-17-18-28-03\"\n                    alt=\"PHOTO-2022-08-17-18-28-03\"\n                    src=\"https:\/\/old.atletikaolomouc.cz\/wp-content\/gallery\/nesmer-2022-foto-peta-e-a-dave\/thumbs\/thumbs_PHOTO-2022-08-17-18-28-03.jpg\"\n                    width=\"240\"\n                    height=\"160\"\n                    style=\"max-width:100%;\"\n                \/>\n            <\/a>\n        <\/div>\n\t\t\t\t\t\t\t<\/div> \n\t\t\t\n\t\t\t\t<div id=\"ngg-image-105\" class=\"ngg-gallery-thumbnail-box ngg-11-columns\" >\n\t\t\t\t        <div class=\"ngg-gallery-thumbnail\">\n            <a href=\"https:\/\/old.atletikaolomouc.cz\/wp-content\/gallery\/nesmer-2022-foto-peta-e-a-dave\/PHOTO-2022-08-17-18-29-07-1.jpg\"\n               title=\"\"\n               data-src=\"https:\/\/old.atletikaolomouc.cz\/wp-content\/gallery\/nesmer-2022-foto-peta-e-a-dave\/PHOTO-2022-08-17-18-29-07-1.jpg\"\n               data-thumbnail=\"https:\/\/old.atletikaolomouc.cz\/wp-content\/gallery\/nesmer-2022-foto-peta-e-a-dave\/thumbs\/thumbs_PHOTO-2022-08-17-18-29-07-1.jpg\"\n               data-image-id=\"18028\"\n               data-title=\"PHOTO-2022-08-17-18-29-07-1\"\n               data-description=\"\"\n               data-image-slug=\"photo-2022-08-17-18-29-07-1\"\n               class=\"ngg-simplelightbox\" rel=\"b99381b2a1aa79ad3008aeccc747c659\">\n                <img\n                    title=\"PHOTO-2022-08-17-18-29-07-1\"\n                    alt=\"PHOTO-2022-08-17-18-29-07-1\"\n                    src=\"https:\/\/old.atletikaolomouc.cz\/wp-content\/gallery\/nesmer-2022-foto-peta-e-a-dave\/thumbs\/thumbs_PHOTO-2022-08-17-18-29-07-1.jpg\"\n                    width=\"240\"\n                    height=\"160\"\n                    style=\"max-width:100%;\"\n                \/>\n            <\/a>\n        <\/div>\n\t\t\t\t\t\t\t<\/div> \n\t\t\t\n\t\t\t\t<div id=\"ngg-image-106\" class=\"ngg-gallery-thumbnail-box ngg-11-columns\" >\n\t\t\t\t        <div class=\"ngg-gallery-thumbnail\">\n            <a href=\"https:\/\/old.atletikaolomouc.cz\/wp-content\/gallery\/nesmer-2022-foto-peta-e-a-dave\/PHOTO-2022-08-17-18-29-07.jpg\"\n               title=\"\"\n               data-src=\"https:\/\/old.atletikaolomouc.cz\/wp-content\/gallery\/nesmer-2022-foto-peta-e-a-dave\/PHOTO-2022-08-17-18-29-07.jpg\"\n               data-thumbnail=\"https:\/\/old.atletikaolomouc.cz\/wp-content\/gallery\/nesmer-2022-foto-peta-e-a-dave\/thumbs\/thumbs_PHOTO-2022-08-17-18-29-07.jpg\"\n               data-image-id=\"18030\"\n               data-title=\"PHOTO-2022-08-17-18-29-07\"\n               data-description=\"\"\n               data-image-slug=\"photo-2022-08-17-18-29-07-2\"\n               class=\"ngg-simplelightbox\" rel=\"b99381b2a1aa79ad3008aeccc747c659\">\n                <img\n                    title=\"PHOTO-2022-08-17-18-29-07\"\n                    alt=\"PHOTO-2022-08-17-18-29-07\"\n                    src=\"https:\/\/old.atletikaolomouc.cz\/wp-content\/gallery\/nesmer-2022-foto-peta-e-a-dave\/thumbs\/thumbs_PHOTO-2022-08-17-18-29-07.jpg\"\n                    width=\"240\"\n                    height=\"160\"\n                    style=\"max-width:100%;\"\n                \/>\n            <\/a>\n        <\/div>\n\t\t\t\t\t\t\t<\/div> \n\t\t\t\n\t\t\t\t<div id=\"ngg-image-107\" class=\"ngg-gallery-thumbnail-box ngg-11-columns\" >\n\t\t\t\t        <div class=\"ngg-gallery-thumbnail\">\n            <a href=\"https:\/\/old.atletikaolomouc.cz\/wp-content\/gallery\/nesmer-2022-foto-peta-e-a-dave\/PHOTO-2022-08-17-18-29-09.jpg\"\n               title=\"\"\n               data-src=\"https:\/\/old.atletikaolomouc.cz\/wp-content\/gallery\/nesmer-2022-foto-peta-e-a-dave\/PHOTO-2022-08-17-18-29-09.jpg\"\n               data-thumbnail=\"https:\/\/old.atletikaolomouc.cz\/wp-content\/gallery\/nesmer-2022-foto-peta-e-a-dave\/thumbs\/thumbs_PHOTO-2022-08-17-18-29-09.jpg\"\n               data-image-id=\"18032\"\n               data-title=\"PHOTO-2022-08-17-18-29-09\"\n               data-description=\"\"\n               data-image-slug=\"photo-2022-08-17-18-29-09\"\n               class=\"ngg-simplelightbox\" rel=\"b99381b2a1aa79ad3008aeccc747c659\">\n                <img\n                    title=\"PHOTO-2022-08-17-18-29-09\"\n                    alt=\"PHOTO-2022-08-17-18-29-09\"\n                    src=\"https:\/\/old.atletikaolomouc.cz\/wp-content\/gallery\/nesmer-2022-foto-peta-e-a-dave\/thumbs\/thumbs_PHOTO-2022-08-17-18-29-09.jpg\"\n                    width=\"240\"\n                    height=\"160\"\n                    style=\"max-width:100%;\"\n                \/>\n            <\/a>\n        <\/div>\n\t\t\t\t\t\t\t<\/div> \n\t\t\t\n\t\t\t\t<div id=\"ngg-image-108\" class=\"ngg-gallery-thumbnail-box ngg-11-columns\" >\n\t\t\t\t        <div class=\"ngg-gallery-thumbnail\">\n            <a href=\"https:\/\/old.atletikaolomouc.cz\/wp-content\/gallery\/nesmer-2022-foto-peta-e-a-dave\/PHOTO-2022-08-17-18-29-10.jpg\"\n               title=\"\"\n               data-src=\"https:\/\/old.atletikaolomouc.cz\/wp-content\/gallery\/nesmer-2022-foto-peta-e-a-dave\/PHOTO-2022-08-17-18-29-10.jpg\"\n               data-thumbnail=\"https:\/\/old.atletikaolomouc.cz\/wp-content\/gallery\/nesmer-2022-foto-peta-e-a-dave\/thumbs\/thumbs_PHOTO-2022-08-17-18-29-10.jpg\"\n               data-image-id=\"18034\"\n               data-title=\"PHOTO-2022-08-17-18-29-10\"\n               data-description=\"\"\n               data-image-slug=\"photo-2022-08-17-18-29-10\"\n               class=\"ngg-simplelightbox\" rel=\"b99381b2a1aa79ad3008aeccc747c659\">\n                <img\n                    title=\"PHOTO-2022-08-17-18-29-10\"\n                    alt=\"PHOTO-2022-08-17-18-29-10\"\n                    src=\"https:\/\/old.atletikaolomouc.cz\/wp-content\/gallery\/nesmer-2022-foto-peta-e-a-dave\/thumbs\/thumbs_PHOTO-2022-08-17-18-29-10.jpg\"\n                    width=\"240\"\n                    height=\"160\"\n                    style=\"max-width:100%;\"\n                \/>\n            <\/a>\n        <\/div>\n\t\t\t\t\t\t\t<\/div> \n\t\t\t\n\t\t\t\t<div id=\"ngg-image-109\" class=\"ngg-gallery-thumbnail-box ngg-11-columns\" >\n\t\t\t\t        <div class=\"ngg-gallery-thumbnail\">\n            <a href=\"https:\/\/old.atletikaolomouc.cz\/wp-content\/gallery\/nesmer-2022-foto-peta-e-a-dave\/PHOTO-2022-08-17-18-29-12.jpg\"\n               title=\"\"\n               data-src=\"https:\/\/old.atletikaolomouc.cz\/wp-content\/gallery\/nesmer-2022-foto-peta-e-a-dave\/PHOTO-2022-08-17-18-29-12.jpg\"\n               data-thumbnail=\"https:\/\/old.atletikaolomouc.cz\/wp-content\/gallery\/nesmer-2022-foto-peta-e-a-dave\/thumbs\/thumbs_PHOTO-2022-08-17-18-29-12.jpg\"\n               data-image-id=\"18035\"\n               data-title=\"PHOTO-2022-08-17-18-29-12\"\n               data-description=\"\"\n               data-image-slug=\"photo-2022-08-17-18-29-12\"\n               class=\"ngg-simplelightbox\" rel=\"b99381b2a1aa79ad3008aeccc747c659\">\n                <img\n                    title=\"PHOTO-2022-08-17-18-29-12\"\n                    alt=\"PHOTO-2022-08-17-18-29-12\"\n                    src=\"https:\/\/old.atletikaolomouc.cz\/wp-content\/gallery\/nesmer-2022-foto-peta-e-a-dave\/thumbs\/thumbs_PHOTO-2022-08-17-18-29-12.jpg\"\n                    width=\"240\"\n                    height=\"160\"\n                    style=\"max-width:100%;\"\n                \/>\n            <\/a>\n        <\/div>\n\t\t\t\t\t\t\t<\/div> \n\t\t\t\n\t\t\t\t<div id=\"ngg-image-110\" class=\"ngg-gallery-thumbnail-box ngg-11-columns\" >\n\t\t\t\t        <div class=\"ngg-gallery-thumbnail\">\n            <a href=\"https:\/\/old.atletikaolomouc.cz\/wp-content\/gallery\/nesmer-2022-foto-peta-e-a-dave\/PHOTO-2022-08-17-18-29-16.jpg\"\n               title=\"\"\n               data-src=\"https:\/\/old.atletikaolomouc.cz\/wp-content\/gallery\/nesmer-2022-foto-peta-e-a-dave\/PHOTO-2022-08-17-18-29-16.jpg\"\n               data-thumbnail=\"https:\/\/old.atletikaolomouc.cz\/wp-content\/gallery\/nesmer-2022-foto-peta-e-a-dave\/thumbs\/thumbs_PHOTO-2022-08-17-18-29-16.jpg\"\n               data-image-id=\"18037\"\n               data-title=\"PHOTO-2022-08-17-18-29-16\"\n               data-description=\"\"\n               data-image-slug=\"photo-2022-08-17-18-29-16\"\n               class=\"ngg-simplelightbox\" rel=\"b99381b2a1aa79ad3008aeccc747c659\">\n                <img\n                    title=\"PHOTO-2022-08-17-18-29-16\"\n                    alt=\"PHOTO-2022-08-17-18-29-16\"\n                    src=\"https:\/\/old.atletikaolomouc.cz\/wp-content\/gallery\/nesmer-2022-foto-peta-e-a-dave\/thumbs\/thumbs_PHOTO-2022-08-17-18-29-16.jpg\"\n                    width=\"240\"\n                    height=\"160\"\n                    style=\"max-width:100%;\"\n                \/>\n            <\/a>\n        <\/div>\n\t\t\t\t\t\t\t<\/div> \n\t\t\t\n\t\t\t\t<div id=\"ngg-image-111\" class=\"ngg-gallery-thumbnail-box ngg-11-columns\" >\n\t\t\t\t        <div class=\"ngg-gallery-thumbnail\">\n            <a href=\"https:\/\/old.atletikaolomouc.cz\/wp-content\/gallery\/nesmer-2022-foto-peta-e-a-dave\/PHOTO-2022-08-17-18-29-17-1.jpg\"\n               title=\"\"\n               data-src=\"https:\/\/old.atletikaolomouc.cz\/wp-content\/gallery\/nesmer-2022-foto-peta-e-a-dave\/PHOTO-2022-08-17-18-29-17-1.jpg\"\n               data-thumbnail=\"https:\/\/old.atletikaolomouc.cz\/wp-content\/gallery\/nesmer-2022-foto-peta-e-a-dave\/thumbs\/thumbs_PHOTO-2022-08-17-18-29-17-1.jpg\"\n               data-image-id=\"18039\"\n               data-title=\"PHOTO-2022-08-17-18-29-17-1\"\n               data-description=\"\"\n               data-image-slug=\"photo-2022-08-17-18-29-17-1\"\n               class=\"ngg-simplelightbox\" rel=\"b99381b2a1aa79ad3008aeccc747c659\">\n                <img\n                    title=\"PHOTO-2022-08-17-18-29-17-1\"\n                    alt=\"PHOTO-2022-08-17-18-29-17-1\"\n                    src=\"https:\/\/old.atletikaolomouc.cz\/wp-content\/gallery\/nesmer-2022-foto-peta-e-a-dave\/thumbs\/thumbs_PHOTO-2022-08-17-18-29-17-1.jpg\"\n                    width=\"240\"\n                    height=\"160\"\n                    style=\"max-width:100%;\"\n                \/>\n            <\/a>\n        <\/div>\n\t\t\t\t\t\t\t<\/div> \n\t\t\t\n\t\t\t\t<div id=\"ngg-image-112\" class=\"ngg-gallery-thumbnail-box ngg-11-columns\" >\n\t\t\t\t        <div class=\"ngg-gallery-thumbnail\">\n            <a href=\"https:\/\/old.atletikaolomouc.cz\/wp-content\/gallery\/nesmer-2022-foto-peta-e-a-dave\/PHOTO-2022-08-17-18-29-17.jpg\"\n               title=\"\"\n               data-src=\"https:\/\/old.atletikaolomouc.cz\/wp-content\/gallery\/nesmer-2022-foto-peta-e-a-dave\/PHOTO-2022-08-17-18-29-17.jpg\"\n               data-thumbnail=\"https:\/\/old.atletikaolomouc.cz\/wp-content\/gallery\/nesmer-2022-foto-peta-e-a-dave\/thumbs\/thumbs_PHOTO-2022-08-17-18-29-17.jpg\"\n               data-image-id=\"18040\"\n               data-title=\"PHOTO-2022-08-17-18-29-17\"\n               data-description=\"\"\n               data-image-slug=\"photo-2022-08-17-18-29-17-2\"\n               class=\"ngg-simplelightbox\" rel=\"b99381b2a1aa79ad3008aeccc747c659\">\n                <img\n                    title=\"PHOTO-2022-08-17-18-29-17\"\n                    alt=\"PHOTO-2022-08-17-18-29-17\"\n                    src=\"https:\/\/old.atletikaolomouc.cz\/wp-content\/gallery\/nesmer-2022-foto-peta-e-a-dave\/thumbs\/thumbs_PHOTO-2022-08-17-18-29-17.jpg\"\n                    width=\"240\"\n                    height=\"160\"\n                    style=\"max-width:100%;\"\n                \/>\n            <\/a>\n        <\/div>\n\t\t\t\t\t\t\t<\/div> \n\t\t\t\n\t\t\t\t<div id=\"ngg-image-113\" class=\"ngg-gallery-thumbnail-box ngg-11-columns\" >\n\t\t\t\t        <div class=\"ngg-gallery-thumbnail\">\n            <a href=\"https:\/\/old.atletikaolomouc.cz\/wp-content\/gallery\/nesmer-2022-foto-peta-e-a-dave\/PHOTO-2022-08-17-18-29-18-1.jpg\"\n               title=\"\"\n               data-src=\"https:\/\/old.atletikaolomouc.cz\/wp-content\/gallery\/nesmer-2022-foto-peta-e-a-dave\/PHOTO-2022-08-17-18-29-18-1.jpg\"\n               data-thumbnail=\"https:\/\/old.atletikaolomouc.cz\/wp-content\/gallery\/nesmer-2022-foto-peta-e-a-dave\/thumbs\/thumbs_PHOTO-2022-08-17-18-29-18-1.jpg\"\n               data-image-id=\"18041\"\n               data-title=\"PHOTO-2022-08-17-18-29-18-1\"\n               data-description=\"\"\n               data-image-slug=\"photo-2022-08-17-18-29-18-1\"\n               class=\"ngg-simplelightbox\" rel=\"b99381b2a1aa79ad3008aeccc747c659\">\n                <img\n                    title=\"PHOTO-2022-08-17-18-29-18-1\"\n                    alt=\"PHOTO-2022-08-17-18-29-18-1\"\n                    src=\"https:\/\/old.atletikaolomouc.cz\/wp-content\/gallery\/nesmer-2022-foto-peta-e-a-dave\/thumbs\/thumbs_PHOTO-2022-08-17-18-29-18-1.jpg\"\n                    width=\"240\"\n                    height=\"160\"\n                    style=\"max-width:100%;\"\n                \/>\n            <\/a>\n        <\/div>\n\t\t\t\t\t\t\t<\/div> \n\t\t\t\n\t\t\t\t<div id=\"ngg-image-114\" class=\"ngg-gallery-thumbnail-box ngg-11-columns\" >\n\t\t\t\t        <div class=\"ngg-gallery-thumbnail\">\n            <a href=\"https:\/\/old.atletikaolomouc.cz\/wp-content\/gallery\/nesmer-2022-foto-peta-e-a-dave\/PHOTO-2022-08-17-18-29-18-2.jpg\"\n               title=\"\"\n               data-src=\"https:\/\/old.atletikaolomouc.cz\/wp-content\/gallery\/nesmer-2022-foto-peta-e-a-dave\/PHOTO-2022-08-17-18-29-18-2.jpg\"\n               data-thumbnail=\"https:\/\/old.atletikaolomouc.cz\/wp-content\/gallery\/nesmer-2022-foto-peta-e-a-dave\/thumbs\/thumbs_PHOTO-2022-08-17-18-29-18-2.jpg\"\n               data-image-id=\"18043\"\n               data-title=\"PHOTO-2022-08-17-18-29-18-2\"\n               data-description=\"\"\n               data-image-slug=\"photo-2022-08-17-18-29-18-2\"\n               class=\"ngg-simplelightbox\" rel=\"b99381b2a1aa79ad3008aeccc747c659\">\n                <img\n                    title=\"PHOTO-2022-08-17-18-29-18-2\"\n                    alt=\"PHOTO-2022-08-17-18-29-18-2\"\n                    src=\"https:\/\/old.atletikaolomouc.cz\/wp-content\/gallery\/nesmer-2022-foto-peta-e-a-dave\/thumbs\/thumbs_PHOTO-2022-08-17-18-29-18-2.jpg\"\n                    width=\"240\"\n                    height=\"160\"\n                    style=\"max-width:100%;\"\n                \/>\n            <\/a>\n        <\/div>\n\t\t\t\t\t\t\t<\/div> \n\t\t\t\n\t\t\t\t<div id=\"ngg-image-115\" class=\"ngg-gallery-thumbnail-box ngg-11-columns\" >\n\t\t\t\t        <div class=\"ngg-gallery-thumbnail\">\n            <a href=\"https:\/\/old.atletikaolomouc.cz\/wp-content\/gallery\/nesmer-2022-foto-peta-e-a-dave\/PHOTO-2022-08-17-18-29-18.jpg\"\n               title=\"\"\n               data-src=\"https:\/\/old.atletikaolomouc.cz\/wp-content\/gallery\/nesmer-2022-foto-peta-e-a-dave\/PHOTO-2022-08-17-18-29-18.jpg\"\n               data-thumbnail=\"https:\/\/old.atletikaolomouc.cz\/wp-content\/gallery\/nesmer-2022-foto-peta-e-a-dave\/thumbs\/thumbs_PHOTO-2022-08-17-18-29-18.jpg\"\n               data-image-id=\"18044\"\n               data-title=\"PHOTO-2022-08-17-18-29-18\"\n               data-description=\"\"\n               data-image-slug=\"photo-2022-08-17-18-29-18-3\"\n               class=\"ngg-simplelightbox\" rel=\"b99381b2a1aa79ad3008aeccc747c659\">\n                <img\n                    title=\"PHOTO-2022-08-17-18-29-18\"\n                    alt=\"PHOTO-2022-08-17-18-29-18\"\n                    src=\"https:\/\/old.atletikaolomouc.cz\/wp-content\/gallery\/nesmer-2022-foto-peta-e-a-dave\/thumbs\/thumbs_PHOTO-2022-08-17-18-29-18.jpg\"\n                    width=\"240\"\n                    height=\"160\"\n                    style=\"max-width:100%;\"\n                \/>\n            <\/a>\n        <\/div>\n\t\t\t\t\t\t\t<\/div> \n\t\t\t\n\t\t\t\t<div id=\"ngg-image-116\" class=\"ngg-gallery-thumbnail-box ngg-11-columns\" >\n\t\t\t\t        <div class=\"ngg-gallery-thumbnail\">\n            <a href=\"https:\/\/old.atletikaolomouc.cz\/wp-content\/gallery\/nesmer-2022-foto-peta-e-a-dave\/PHOTO-2022-08-17-18-29-19-1.jpg\"\n               title=\"\"\n               data-src=\"https:\/\/old.atletikaolomouc.cz\/wp-content\/gallery\/nesmer-2022-foto-peta-e-a-dave\/PHOTO-2022-08-17-18-29-19-1.jpg\"\n               data-thumbnail=\"https:\/\/old.atletikaolomouc.cz\/wp-content\/gallery\/nesmer-2022-foto-peta-e-a-dave\/thumbs\/thumbs_PHOTO-2022-08-17-18-29-19-1.jpg\"\n               data-image-id=\"18045\"\n               data-title=\"PHOTO-2022-08-17-18-29-19-1\"\n               data-description=\"\"\n               data-image-slug=\"photo-2022-08-17-18-29-19-1\"\n               class=\"ngg-simplelightbox\" rel=\"b99381b2a1aa79ad3008aeccc747c659\">\n                <img\n                    title=\"PHOTO-2022-08-17-18-29-19-1\"\n                    alt=\"PHOTO-2022-08-17-18-29-19-1\"\n                    src=\"https:\/\/old.atletikaolomouc.cz\/wp-content\/gallery\/nesmer-2022-foto-peta-e-a-dave\/thumbs\/thumbs_PHOTO-2022-08-17-18-29-19-1.jpg\"\n                    width=\"240\"\n                    height=\"160\"\n                    style=\"max-width:100%;\"\n                \/>\n            <\/a>\n        <\/div>\n\t\t\t\t\t\t\t<\/div> \n\t\t\t\n\t\t\t\t<div id=\"ngg-image-117\" class=\"ngg-gallery-thumbnail-box ngg-11-columns\" >\n\t\t\t\t        <div class=\"ngg-gallery-thumbnail\">\n            <a href=\"https:\/\/old.atletikaolomouc.cz\/wp-content\/gallery\/nesmer-2022-foto-peta-e-a-dave\/PHOTO-2022-08-17-18-29-19-2.jpg\"\n               title=\"\"\n               data-src=\"https:\/\/old.atletikaolomouc.cz\/wp-content\/gallery\/nesmer-2022-foto-peta-e-a-dave\/PHOTO-2022-08-17-18-29-19-2.jpg\"\n               data-thumbnail=\"https:\/\/old.atletikaolomouc.cz\/wp-content\/gallery\/nesmer-2022-foto-peta-e-a-dave\/thumbs\/thumbs_PHOTO-2022-08-17-18-29-19-2.jpg\"\n               data-image-id=\"18046\"\n               data-title=\"PHOTO-2022-08-17-18-29-19-2\"\n               data-description=\"\"\n               data-image-slug=\"photo-2022-08-17-18-29-19-2\"\n               class=\"ngg-simplelightbox\" rel=\"b99381b2a1aa79ad3008aeccc747c659\">\n                <img\n                    title=\"PHOTO-2022-08-17-18-29-19-2\"\n                    alt=\"PHOTO-2022-08-17-18-29-19-2\"\n                    src=\"https:\/\/old.atletikaolomouc.cz\/wp-content\/gallery\/nesmer-2022-foto-peta-e-a-dave\/thumbs\/thumbs_PHOTO-2022-08-17-18-29-19-2.jpg\"\n                    width=\"240\"\n                    height=\"160\"\n                    style=\"max-width:100%;\"\n                \/>\n            <\/a>\n        <\/div>\n\t\t\t\t\t\t\t<\/div> \n\t\t\t\n\t\t\t\t<div id=\"ngg-image-118\" class=\"ngg-gallery-thumbnail-box ngg-11-columns\" >\n\t\t\t\t        <div class=\"ngg-gallery-thumbnail\">\n            <a href=\"https:\/\/old.atletikaolomouc.cz\/wp-content\/gallery\/nesmer-2022-foto-peta-e-a-dave\/PHOTO-2022-08-17-18-29-19.jpg\"\n               title=\"\"\n               data-src=\"https:\/\/old.atletikaolomouc.cz\/wp-content\/gallery\/nesmer-2022-foto-peta-e-a-dave\/PHOTO-2022-08-17-18-29-19.jpg\"\n               data-thumbnail=\"https:\/\/old.atletikaolomouc.cz\/wp-content\/gallery\/nesmer-2022-foto-peta-e-a-dave\/thumbs\/thumbs_PHOTO-2022-08-17-18-29-19.jpg\"\n               data-image-id=\"18048\"\n               data-title=\"PHOTO-2022-08-17-18-29-19\"\n               data-description=\"\"\n               data-image-slug=\"photo-2022-08-17-18-29-19-3\"\n               class=\"ngg-simplelightbox\" rel=\"b99381b2a1aa79ad3008aeccc747c659\">\n                <img\n                    title=\"PHOTO-2022-08-17-18-29-19\"\n                    alt=\"PHOTO-2022-08-17-18-29-19\"\n                    src=\"https:\/\/old.atletikaolomouc.cz\/wp-content\/gallery\/nesmer-2022-foto-peta-e-a-dave\/thumbs\/thumbs_PHOTO-2022-08-17-18-29-19.jpg\"\n                    width=\"240\"\n                    height=\"160\"\n                    style=\"max-width:100%;\"\n                \/>\n            <\/a>\n        <\/div>\n\t\t\t\t\t\t\t<\/div> \n\t\t\t\n\t\t\t\t<div id=\"ngg-image-119\" class=\"ngg-gallery-thumbnail-box ngg-11-columns\" >\n\t\t\t\t        <div class=\"ngg-gallery-thumbnail\">\n            <a href=\"https:\/\/old.atletikaolomouc.cz\/wp-content\/gallery\/nesmer-2022-foto-peta-e-a-dave\/PHOTO-2022-08-17-18-29-20-1.jpg\"\n               title=\"\"\n               data-src=\"https:\/\/old.atletikaolomouc.cz\/wp-content\/gallery\/nesmer-2022-foto-peta-e-a-dave\/PHOTO-2022-08-17-18-29-20-1.jpg\"\n               data-thumbnail=\"https:\/\/old.atletikaolomouc.cz\/wp-content\/gallery\/nesmer-2022-foto-peta-e-a-dave\/thumbs\/thumbs_PHOTO-2022-08-17-18-29-20-1.jpg\"\n               data-image-id=\"18049\"\n               data-title=\"PHOTO-2022-08-17-18-29-20-1\"\n               data-description=\"\"\n               data-image-slug=\"photo-2022-08-17-18-29-20-1\"\n               class=\"ngg-simplelightbox\" rel=\"b99381b2a1aa79ad3008aeccc747c659\">\n                <img\n                    title=\"PHOTO-2022-08-17-18-29-20-1\"\n                    alt=\"PHOTO-2022-08-17-18-29-20-1\"\n                    src=\"https:\/\/old.atletikaolomouc.cz\/wp-content\/gallery\/nesmer-2022-foto-peta-e-a-dave\/thumbs\/thumbs_PHOTO-2022-08-17-18-29-20-1.jpg\"\n                    width=\"240\"\n                    height=\"160\"\n                    style=\"max-width:100%;\"\n                \/>\n            <\/a>\n        <\/div>\n\t\t\t\t\t\t\t<\/div> \n\t\t\t\n\t\t\t\t<div id=\"ngg-image-120\" class=\"ngg-gallery-thumbnail-box ngg-11-columns\" >\n\t\t\t\t        <div class=\"ngg-gallery-thumbnail\">\n            <a href=\"https:\/\/old.atletikaolomouc.cz\/wp-content\/gallery\/nesmer-2022-foto-peta-e-a-dave\/PHOTO-2022-08-17-18-29-20-2.jpg\"\n               title=\"\"\n               data-src=\"https:\/\/old.atletikaolomouc.cz\/wp-content\/gallery\/nesmer-2022-foto-peta-e-a-dave\/PHOTO-2022-08-17-18-29-20-2.jpg\"\n               data-thumbnail=\"https:\/\/old.atletikaolomouc.cz\/wp-content\/gallery\/nesmer-2022-foto-peta-e-a-dave\/thumbs\/thumbs_PHOTO-2022-08-17-18-29-20-2.jpg\"\n               data-image-id=\"18051\"\n               data-title=\"PHOTO-2022-08-17-18-29-20-2\"\n               data-description=\"\"\n               data-image-slug=\"photo-2022-08-17-18-29-20-2\"\n               class=\"ngg-simplelightbox\" rel=\"b99381b2a1aa79ad3008aeccc747c659\">\n                <img\n                    title=\"PHOTO-2022-08-17-18-29-20-2\"\n                    alt=\"PHOTO-2022-08-17-18-29-20-2\"\n                    src=\"https:\/\/old.atletikaolomouc.cz\/wp-content\/gallery\/nesmer-2022-foto-peta-e-a-dave\/thumbs\/thumbs_PHOTO-2022-08-17-18-29-20-2.jpg\"\n                    width=\"240\"\n                    height=\"160\"\n                    style=\"max-width:100%;\"\n                \/>\n            <\/a>\n        <\/div>\n\t\t\t\t\t\t\t<\/div> \n\t\t\t\n\t\t\t\t<div id=\"ngg-image-121\" class=\"ngg-gallery-thumbnail-box ngg-11-columns\" >\n\t\t\t\t        <div class=\"ngg-gallery-thumbnail\">\n            <a href=\"https:\/\/old.atletikaolomouc.cz\/wp-content\/gallery\/nesmer-2022-foto-peta-e-a-dave\/PHOTO-2022-08-17-18-29-20-3.jpg\"\n               title=\"\"\n               data-src=\"https:\/\/old.atletikaolomouc.cz\/wp-content\/gallery\/nesmer-2022-foto-peta-e-a-dave\/PHOTO-2022-08-17-18-29-20-3.jpg\"\n               data-thumbnail=\"https:\/\/old.atletikaolomouc.cz\/wp-content\/gallery\/nesmer-2022-foto-peta-e-a-dave\/thumbs\/thumbs_PHOTO-2022-08-17-18-29-20-3.jpg\"\n               data-image-id=\"18052\"\n               data-title=\"PHOTO-2022-08-17-18-29-20-3\"\n               data-description=\"\"\n               data-image-slug=\"photo-2022-08-17-18-29-20-3\"\n               class=\"ngg-simplelightbox\" rel=\"b99381b2a1aa79ad3008aeccc747c659\">\n                <img\n                    title=\"PHOTO-2022-08-17-18-29-20-3\"\n                    alt=\"PHOTO-2022-08-17-18-29-20-3\"\n                    src=\"https:\/\/old.atletikaolomouc.cz\/wp-content\/gallery\/nesmer-2022-foto-peta-e-a-dave\/thumbs\/thumbs_PHOTO-2022-08-17-18-29-20-3.jpg\"\n                    width=\"240\"\n                    height=\"160\"\n                    style=\"max-width:100%;\"\n                \/>\n            <\/a>\n        <\/div>\n\t\t\t\t\t\t\t<\/div> \n\t\t\t\n\t\t\t\t<div id=\"ngg-image-122\" class=\"ngg-gallery-thumbnail-box ngg-11-columns\" >\n\t\t\t\t        <div class=\"ngg-gallery-thumbnail\">\n            <a href=\"https:\/\/old.atletikaolomouc.cz\/wp-content\/gallery\/nesmer-2022-foto-peta-e-a-dave\/PHOTO-2022-08-17-18-29-20-4.jpg\"\n               title=\"\"\n               data-src=\"https:\/\/old.atletikaolomouc.cz\/wp-content\/gallery\/nesmer-2022-foto-peta-e-a-dave\/PHOTO-2022-08-17-18-29-20-4.jpg\"\n               data-thumbnail=\"https:\/\/old.atletikaolomouc.cz\/wp-content\/gallery\/nesmer-2022-foto-peta-e-a-dave\/thumbs\/thumbs_PHOTO-2022-08-17-18-29-20-4.jpg\"\n               data-image-id=\"18054\"\n               data-title=\"PHOTO-2022-08-17-18-29-20-4\"\n               data-description=\"\"\n               data-image-slug=\"photo-2022-08-17-18-29-20-4\"\n               class=\"ngg-simplelightbox\" rel=\"b99381b2a1aa79ad3008aeccc747c659\">\n                <img\n                    title=\"PHOTO-2022-08-17-18-29-20-4\"\n                    alt=\"PHOTO-2022-08-17-18-29-20-4\"\n                    src=\"https:\/\/old.atletikaolomouc.cz\/wp-content\/gallery\/nesmer-2022-foto-peta-e-a-dave\/thumbs\/thumbs_PHOTO-2022-08-17-18-29-20-4.jpg\"\n                    width=\"240\"\n                    height=\"160\"\n                    style=\"max-width:100%;\"\n                \/>\n            <\/a>\n        <\/div>\n\t\t\t\t\t\t\t<\/div> \n\t\t\t\n\t\t\t\t<div id=\"ngg-image-123\" class=\"ngg-gallery-thumbnail-box ngg-11-columns\" >\n\t\t\t\t        <div class=\"ngg-gallery-thumbnail\">\n            <a href=\"https:\/\/old.atletikaolomouc.cz\/wp-content\/gallery\/nesmer-2022-foto-peta-e-a-dave\/PHOTO-2022-08-17-18-29-20-5.jpg\"\n               title=\"\"\n               data-src=\"https:\/\/old.atletikaolomouc.cz\/wp-content\/gallery\/nesmer-2022-foto-peta-e-a-dave\/PHOTO-2022-08-17-18-29-20-5.jpg\"\n               data-thumbnail=\"https:\/\/old.atletikaolomouc.cz\/wp-content\/gallery\/nesmer-2022-foto-peta-e-a-dave\/thumbs\/thumbs_PHOTO-2022-08-17-18-29-20-5.jpg\"\n               data-image-id=\"18056\"\n               data-title=\"PHOTO-2022-08-17-18-29-20-5\"\n               data-description=\"\"\n               data-image-slug=\"photo-2022-08-17-18-29-20-5\"\n               class=\"ngg-simplelightbox\" rel=\"b99381b2a1aa79ad3008aeccc747c659\">\n                <img\n                    title=\"PHOTO-2022-08-17-18-29-20-5\"\n                    alt=\"PHOTO-2022-08-17-18-29-20-5\"\n                    src=\"https:\/\/old.atletikaolomouc.cz\/wp-content\/gallery\/nesmer-2022-foto-peta-e-a-dave\/thumbs\/thumbs_PHOTO-2022-08-17-18-29-20-5.jpg\"\n                    width=\"240\"\n                    height=\"160\"\n                    style=\"max-width:100%;\"\n                \/>\n            <\/a>\n        <\/div>\n\t\t\t\t\t\t\t<\/div> \n\t\t\t\n\t\t\t\t<div id=\"ngg-image-124\" class=\"ngg-gallery-thumbnail-box ngg-11-columns\" >\n\t\t\t\t        <div class=\"ngg-gallery-thumbnail\">\n            <a href=\"https:\/\/old.atletikaolomouc.cz\/wp-content\/gallery\/nesmer-2022-foto-peta-e-a-dave\/PHOTO-2022-08-17-18-29-20.jpg\"\n               title=\"\"\n               data-src=\"https:\/\/old.atletikaolomouc.cz\/wp-content\/gallery\/nesmer-2022-foto-peta-e-a-dave\/PHOTO-2022-08-17-18-29-20.jpg\"\n               data-thumbnail=\"https:\/\/old.atletikaolomouc.cz\/wp-content\/gallery\/nesmer-2022-foto-peta-e-a-dave\/thumbs\/thumbs_PHOTO-2022-08-17-18-29-20.jpg\"\n               data-image-id=\"18057\"\n               data-title=\"PHOTO-2022-08-17-18-29-20\"\n               data-description=\"\"\n               data-image-slug=\"photo-2022-08-17-18-29-20-6\"\n               class=\"ngg-simplelightbox\" rel=\"b99381b2a1aa79ad3008aeccc747c659\">\n                <img\n                    title=\"PHOTO-2022-08-17-18-29-20\"\n                    alt=\"PHOTO-2022-08-17-18-29-20\"\n                    src=\"https:\/\/old.atletikaolomouc.cz\/wp-content\/gallery\/nesmer-2022-foto-peta-e-a-dave\/thumbs\/thumbs_PHOTO-2022-08-17-18-29-20.jpg\"\n                    width=\"240\"\n                    height=\"160\"\n                    style=\"max-width:100%;\"\n                \/>\n            <\/a>\n        <\/div>\n\t\t\t\t\t\t\t<\/div> \n\t\t\t\n\t\t\t\t<div id=\"ngg-image-125\" class=\"ngg-gallery-thumbnail-box ngg-11-columns\" >\n\t\t\t\t        <div class=\"ngg-gallery-thumbnail\">\n            <a href=\"https:\/\/old.atletikaolomouc.cz\/wp-content\/gallery\/nesmer-2022-foto-peta-e-a-dave\/PHOTO-2022-08-17-18-29-21-1.jpg\"\n               title=\"\"\n               data-src=\"https:\/\/old.atletikaolomouc.cz\/wp-content\/gallery\/nesmer-2022-foto-peta-e-a-dave\/PHOTO-2022-08-17-18-29-21-1.jpg\"\n               data-thumbnail=\"https:\/\/old.atletikaolomouc.cz\/wp-content\/gallery\/nesmer-2022-foto-peta-e-a-dave\/thumbs\/thumbs_PHOTO-2022-08-17-18-29-21-1.jpg\"\n               data-image-id=\"18059\"\n               data-title=\"PHOTO-2022-08-17-18-29-21-1\"\n               data-description=\"\"\n               data-image-slug=\"photo-2022-08-17-18-29-21-1\"\n               class=\"ngg-simplelightbox\" rel=\"b99381b2a1aa79ad3008aeccc747c659\">\n                <img\n                    title=\"PHOTO-2022-08-17-18-29-21-1\"\n                    alt=\"PHOTO-2022-08-17-18-29-21-1\"\n                    src=\"https:\/\/old.atletikaolomouc.cz\/wp-content\/gallery\/nesmer-2022-foto-peta-e-a-dave\/thumbs\/thumbs_PHOTO-2022-08-17-18-29-21-1.jpg\"\n                    width=\"240\"\n                    height=\"160\"\n                    style=\"max-width:100%;\"\n                \/>\n            <\/a>\n        <\/div>\n\t\t\t\t\t\t\t<\/div> \n\t\t\t\n\t\t\t\t<div id=\"ngg-image-126\" class=\"ngg-gallery-thumbnail-box ngg-11-columns\" >\n\t\t\t\t        <div class=\"ngg-gallery-thumbnail\">\n            <a href=\"https:\/\/old.atletikaolomouc.cz\/wp-content\/gallery\/nesmer-2022-foto-peta-e-a-dave\/PHOTO-2022-08-17-18-29-21.jpg\"\n               title=\"\"\n               data-src=\"https:\/\/old.atletikaolomouc.cz\/wp-content\/gallery\/nesmer-2022-foto-peta-e-a-dave\/PHOTO-2022-08-17-18-29-21.jpg\"\n               data-thumbnail=\"https:\/\/old.atletikaolomouc.cz\/wp-content\/gallery\/nesmer-2022-foto-peta-e-a-dave\/thumbs\/thumbs_PHOTO-2022-08-17-18-29-21.jpg\"\n               data-image-id=\"18060\"\n               data-title=\"PHOTO-2022-08-17-18-29-21\"\n               data-description=\"\"\n               data-image-slug=\"photo-2022-08-17-18-29-21-2\"\n               class=\"ngg-simplelightbox\" rel=\"b99381b2a1aa79ad3008aeccc747c659\">\n                <img\n                    title=\"PHOTO-2022-08-17-18-29-21\"\n                    alt=\"PHOTO-2022-08-17-18-29-21\"\n                    src=\"https:\/\/old.atletikaolomouc.cz\/wp-content\/gallery\/nesmer-2022-foto-peta-e-a-dave\/thumbs\/thumbs_PHOTO-2022-08-17-18-29-21.jpg\"\n                    width=\"240\"\n                    height=\"160\"\n                    style=\"max-width:100%;\"\n                \/>\n            <\/a>\n        <\/div>\n\t\t\t\t\t\t\t<\/div> \n\t\t\t\n\t\t\t\t<div id=\"ngg-image-127\" class=\"ngg-gallery-thumbnail-box ngg-11-columns\" >\n\t\t\t\t        <div class=\"ngg-gallery-thumbnail\">\n            <a href=\"https:\/\/old.atletikaolomouc.cz\/wp-content\/gallery\/nesmer-2022-foto-peta-e-a-dave\/PHOTO-2022-08-19-19-13-17.jpg\"\n               title=\"\"\n               data-src=\"https:\/\/old.atletikaolomouc.cz\/wp-content\/gallery\/nesmer-2022-foto-peta-e-a-dave\/PHOTO-2022-08-19-19-13-17.jpg\"\n               data-thumbnail=\"https:\/\/old.atletikaolomouc.cz\/wp-content\/gallery\/nesmer-2022-foto-peta-e-a-dave\/thumbs\/thumbs_PHOTO-2022-08-19-19-13-17.jpg\"\n               data-image-id=\"18062\"\n               data-title=\"PHOTO-2022-08-19-19-13-17\"\n               data-description=\"\"\n               data-image-slug=\"photo-2022-08-19-19-13-17\"\n               class=\"ngg-simplelightbox\" rel=\"b99381b2a1aa79ad3008aeccc747c659\">\n                <img\n                    title=\"PHOTO-2022-08-19-19-13-17\"\n                    alt=\"PHOTO-2022-08-19-19-13-17\"\n                    src=\"https:\/\/old.atletikaolomouc.cz\/wp-content\/gallery\/nesmer-2022-foto-peta-e-a-dave\/thumbs\/thumbs_PHOTO-2022-08-19-19-13-17.jpg\"\n                    width=\"240\"\n                    height=\"160\"\n                    style=\"max-width:100%;\"\n                \/>\n            <\/a>\n        <\/div>\n\t\t\t\t\t\t\t<\/div> \n\t\t\t\n\t\t\t\t<div id=\"ngg-image-128\" class=\"ngg-gallery-thumbnail-box ngg-11-columns\" >\n\t\t\t\t        <div class=\"ngg-gallery-thumbnail\">\n            <a href=\"https:\/\/old.atletikaolomouc.cz\/wp-content\/gallery\/nesmer-2022-foto-peta-e-a-dave\/PHOTO-2022-08-19-19-13-39.jpg\"\n               title=\"\"\n               data-src=\"https:\/\/old.atletikaolomouc.cz\/wp-content\/gallery\/nesmer-2022-foto-peta-e-a-dave\/PHOTO-2022-08-19-19-13-39.jpg\"\n               data-thumbnail=\"https:\/\/old.atletikaolomouc.cz\/wp-content\/gallery\/nesmer-2022-foto-peta-e-a-dave\/thumbs\/thumbs_PHOTO-2022-08-19-19-13-39.jpg\"\n               data-image-id=\"18063\"\n               data-title=\"PHOTO-2022-08-19-19-13-39\"\n               data-description=\"\"\n               data-image-slug=\"photo-2022-08-19-19-13-39\"\n               class=\"ngg-simplelightbox\" rel=\"b99381b2a1aa79ad3008aeccc747c659\">\n                <img\n                    title=\"PHOTO-2022-08-19-19-13-39\"\n                    alt=\"PHOTO-2022-08-19-19-13-39\"\n                    src=\"https:\/\/old.atletikaolomouc.cz\/wp-content\/gallery\/nesmer-2022-foto-peta-e-a-dave\/thumbs\/thumbs_PHOTO-2022-08-19-19-13-39.jpg\"\n                    width=\"240\"\n                    height=\"160\"\n                    style=\"max-width:100%;\"\n                \/>\n            <\/a>\n        <\/div>\n\t\t\t\t\t\t\t<\/div> \n\t\t\t\n\t\t\t\t<div id=\"ngg-image-129\" class=\"ngg-gallery-thumbnail-box ngg-11-columns\" >\n\t\t\t\t        <div class=\"ngg-gallery-thumbnail\">\n            <a href=\"https:\/\/old.atletikaolomouc.cz\/wp-content\/gallery\/nesmer-2022-foto-peta-e-a-dave\/PHOTO-2022-08-19-19-16-40.jpg\"\n               title=\"\"\n               data-src=\"https:\/\/old.atletikaolomouc.cz\/wp-content\/gallery\/nesmer-2022-foto-peta-e-a-dave\/PHOTO-2022-08-19-19-16-40.jpg\"\n               data-thumbnail=\"https:\/\/old.atletikaolomouc.cz\/wp-content\/gallery\/nesmer-2022-foto-peta-e-a-dave\/thumbs\/thumbs_PHOTO-2022-08-19-19-16-40.jpg\"\n               data-image-id=\"18065\"\n               data-title=\"PHOTO-2022-08-19-19-16-40\"\n               data-description=\"\"\n               data-image-slug=\"photo-2022-08-19-19-16-40\"\n               class=\"ngg-simplelightbox\" rel=\"b99381b2a1aa79ad3008aeccc747c659\">\n                <img\n                    title=\"PHOTO-2022-08-19-19-16-40\"\n                    alt=\"PHOTO-2022-08-19-19-16-40\"\n                    src=\"https:\/\/old.atletikaolomouc.cz\/wp-content\/gallery\/nesmer-2022-foto-peta-e-a-dave\/thumbs\/thumbs_PHOTO-2022-08-19-19-16-40.jpg\"\n                    width=\"240\"\n                    height=\"160\"\n                    style=\"max-width:100%;\"\n                \/>\n            <\/a>\n        <\/div>\n\t\t\t\t\t\t\t<\/div> \n\t\t\t\n\t\t\t\t<div id=\"ngg-image-130\" class=\"ngg-gallery-thumbnail-box ngg-11-columns\" >\n\t\t\t\t        <div class=\"ngg-gallery-thumbnail\">\n            <a href=\"https:\/\/old.atletikaolomouc.cz\/wp-content\/gallery\/nesmer-2022-foto-peta-e-a-dave\/PHOTO-2022-08-15-12-18-46.jpg\"\n               title=\"\"\n               data-src=\"https:\/\/old.atletikaolomouc.cz\/wp-content\/gallery\/nesmer-2022-foto-peta-e-a-dave\/PHOTO-2022-08-15-12-18-46.jpg\"\n               data-thumbnail=\"https:\/\/old.atletikaolomouc.cz\/wp-content\/gallery\/nesmer-2022-foto-peta-e-a-dave\/thumbs\/thumbs_PHOTO-2022-08-15-12-18-46.jpg\"\n               data-image-id=\"18066\"\n               data-title=\"PHOTO-2022-08-15-12-18-46\"\n               data-description=\"\"\n               data-image-slug=\"photo-2022-08-15-12-18-46\"\n               class=\"ngg-simplelightbox\" rel=\"b99381b2a1aa79ad3008aeccc747c659\">\n                <img\n                    title=\"PHOTO-2022-08-15-12-18-46\"\n                    alt=\"PHOTO-2022-08-15-12-18-46\"\n                    src=\"https:\/\/old.atletikaolomouc.cz\/wp-content\/gallery\/nesmer-2022-foto-peta-e-a-dave\/thumbs\/thumbs_PHOTO-2022-08-15-12-18-46.jpg\"\n                    width=\"240\"\n                    height=\"160\"\n                    style=\"max-width:100%;\"\n                \/>\n            <\/a>\n        <\/div>\n\t\t\t\t\t\t\t<\/div> \n\t\t\t\n\t\t\t\t<div id=\"ngg-image-131\" class=\"ngg-gallery-thumbnail-box ngg-11-columns\" >\n\t\t\t\t        <div class=\"ngg-gallery-thumbnail\">\n            <a href=\"https:\/\/old.atletikaolomouc.cz\/wp-content\/gallery\/nesmer-2022-foto-peta-e-a-dave\/PHOTO-2022-08-15-12-18-49.jpg\"\n               title=\"\"\n               data-src=\"https:\/\/old.atletikaolomouc.cz\/wp-content\/gallery\/nesmer-2022-foto-peta-e-a-dave\/PHOTO-2022-08-15-12-18-49.jpg\"\n               data-thumbnail=\"https:\/\/old.atletikaolomouc.cz\/wp-content\/gallery\/nesmer-2022-foto-peta-e-a-dave\/thumbs\/thumbs_PHOTO-2022-08-15-12-18-49.jpg\"\n               data-image-id=\"18067\"\n               data-title=\"PHOTO-2022-08-15-12-18-49\"\n               data-description=\"\"\n               data-image-slug=\"photo-2022-08-15-12-18-49\"\n               class=\"ngg-simplelightbox\" rel=\"b99381b2a1aa79ad3008aeccc747c659\">\n                <img\n                    title=\"PHOTO-2022-08-15-12-18-49\"\n                    alt=\"PHOTO-2022-08-15-12-18-49\"\n                    src=\"https:\/\/old.atletikaolomouc.cz\/wp-content\/gallery\/nesmer-2022-foto-peta-e-a-dave\/thumbs\/thumbs_PHOTO-2022-08-15-12-18-49.jpg\"\n                    width=\"240\"\n                    height=\"160\"\n                    style=\"max-width:100%;\"\n                \/>\n            <\/a>\n        <\/div>\n\t\t\t\t\t\t\t<\/div> \n\t\t\t\n\t\t\t\t<div id=\"ngg-image-132\" class=\"ngg-gallery-thumbnail-box ngg-11-columns\" >\n\t\t\t\t        <div class=\"ngg-gallery-thumbnail\">\n            <a href=\"https:\/\/old.atletikaolomouc.cz\/wp-content\/gallery\/nesmer-2022-foto-peta-e-a-dave\/PHOTO-2022-08-15-12-18-50.jpg\"\n               title=\"\"\n               data-src=\"https:\/\/old.atletikaolomouc.cz\/wp-content\/gallery\/nesmer-2022-foto-peta-e-a-dave\/PHOTO-2022-08-15-12-18-50.jpg\"\n               data-thumbnail=\"https:\/\/old.atletikaolomouc.cz\/wp-content\/gallery\/nesmer-2022-foto-peta-e-a-dave\/thumbs\/thumbs_PHOTO-2022-08-15-12-18-50.jpg\"\n               data-image-id=\"18069\"\n               data-title=\"PHOTO-2022-08-15-12-18-50\"\n               data-description=\"\"\n               data-image-slug=\"photo-2022-08-15-12-18-50\"\n               class=\"ngg-simplelightbox\" rel=\"b99381b2a1aa79ad3008aeccc747c659\">\n                <img\n                    title=\"PHOTO-2022-08-15-12-18-50\"\n                    alt=\"PHOTO-2022-08-15-12-18-50\"\n                    src=\"https:\/\/old.atletikaolomouc.cz\/wp-content\/gallery\/nesmer-2022-foto-peta-e-a-dave\/thumbs\/thumbs_PHOTO-2022-08-15-12-18-50.jpg\"\n                    width=\"240\"\n                    height=\"160\"\n                    style=\"max-width:100%;\"\n                \/>\n            <\/a>\n        <\/div>\n\t\t\t\t\t\t\t<\/div> \n\t\t\t\n\t\t\t\t<div id=\"ngg-image-133\" class=\"ngg-gallery-thumbnail-box ngg-11-columns\" >\n\t\t\t\t        <div class=\"ngg-gallery-thumbnail\">\n            <a href=\"https:\/\/old.atletikaolomouc.cz\/wp-content\/gallery\/nesmer-2022-foto-peta-e-a-dave\/PHOTO-2022-08-23-21-00-06-1.jpg\"\n               title=\"\"\n               data-src=\"https:\/\/old.atletikaolomouc.cz\/wp-content\/gallery\/nesmer-2022-foto-peta-e-a-dave\/PHOTO-2022-08-23-21-00-06-1.jpg\"\n               data-thumbnail=\"https:\/\/old.atletikaolomouc.cz\/wp-content\/gallery\/nesmer-2022-foto-peta-e-a-dave\/thumbs\/thumbs_PHOTO-2022-08-23-21-00-06-1.jpg\"\n               data-image-id=\"18070\"\n               data-title=\"PHOTO-2022-08-23-21-00-06-1\"\n               data-description=\"\"\n               data-image-slug=\"photo-2022-08-23-21-00-06-1\"\n               class=\"ngg-simplelightbox\" rel=\"b99381b2a1aa79ad3008aeccc747c659\">\n                <img\n                    title=\"PHOTO-2022-08-23-21-00-06-1\"\n                    alt=\"PHOTO-2022-08-23-21-00-06-1\"\n                    src=\"https:\/\/old.atletikaolomouc.cz\/wp-content\/gallery\/nesmer-2022-foto-peta-e-a-dave\/thumbs\/thumbs_PHOTO-2022-08-23-21-00-06-1.jpg\"\n                    width=\"240\"\n                    height=\"160\"\n                    style=\"max-width:100%;\"\n                \/>\n            <\/a>\n        <\/div>\n\t\t\t\t\t\t\t<\/div> \n\t\t\t\n\t\t\t\t<div id=\"ngg-image-134\" class=\"ngg-gallery-thumbnail-box ngg-11-columns\" >\n\t\t\t\t        <div class=\"ngg-gallery-thumbnail\">\n            <a href=\"https:\/\/old.atletikaolomouc.cz\/wp-content\/gallery\/nesmer-2022-foto-peta-e-a-dave\/PHOTO-2022-08-23-21-00-06.jpg\"\n               title=\"\"\n               data-src=\"https:\/\/old.atletikaolomouc.cz\/wp-content\/gallery\/nesmer-2022-foto-peta-e-a-dave\/PHOTO-2022-08-23-21-00-06.jpg\"\n               data-thumbnail=\"https:\/\/old.atletikaolomouc.cz\/wp-content\/gallery\/nesmer-2022-foto-peta-e-a-dave\/thumbs\/thumbs_PHOTO-2022-08-23-21-00-06.jpg\"\n               data-image-id=\"18072\"\n               data-title=\"PHOTO-2022-08-23-21-00-06\"\n               data-description=\"\"\n               data-image-slug=\"photo-2022-08-23-21-00-06-2\"\n               class=\"ngg-simplelightbox\" rel=\"b99381b2a1aa79ad3008aeccc747c659\">\n                <img\n                    title=\"PHOTO-2022-08-23-21-00-06\"\n                    alt=\"PHOTO-2022-08-23-21-00-06\"\n                    src=\"https:\/\/old.atletikaolomouc.cz\/wp-content\/gallery\/nesmer-2022-foto-peta-e-a-dave\/thumbs\/thumbs_PHOTO-2022-08-23-21-00-06.jpg\"\n                    width=\"240\"\n                    height=\"160\"\n                    style=\"max-width:100%;\"\n                \/>\n            <\/a>\n        <\/div>\n\t\t\t\t\t\t\t<\/div> \n\t\t\t\n\t\t\t\t<div id=\"ngg-image-135\" class=\"ngg-gallery-thumbnail-box ngg-11-columns\" >\n\t\t\t\t        <div class=\"ngg-gallery-thumbnail\">\n            <a href=\"https:\/\/old.atletikaolomouc.cz\/wp-content\/gallery\/nesmer-2022-foto-peta-e-a-dave\/PHOTO-2022-08-23-21-00-07-1.jpg\"\n               title=\"\"\n               data-src=\"https:\/\/old.atletikaolomouc.cz\/wp-content\/gallery\/nesmer-2022-foto-peta-e-a-dave\/PHOTO-2022-08-23-21-00-07-1.jpg\"\n               data-thumbnail=\"https:\/\/old.atletikaolomouc.cz\/wp-content\/gallery\/nesmer-2022-foto-peta-e-a-dave\/thumbs\/thumbs_PHOTO-2022-08-23-21-00-07-1.jpg\"\n               data-image-id=\"18073\"\n               data-title=\"PHOTO-2022-08-23-21-00-07-1\"\n               data-description=\"\"\n               data-image-slug=\"photo-2022-08-23-21-00-07-1\"\n               class=\"ngg-simplelightbox\" rel=\"b99381b2a1aa79ad3008aeccc747c659\">\n                <img\n                    title=\"PHOTO-2022-08-23-21-00-07-1\"\n                    alt=\"PHOTO-2022-08-23-21-00-07-1\"\n                    src=\"https:\/\/old.atletikaolomouc.cz\/wp-content\/gallery\/nesmer-2022-foto-peta-e-a-dave\/thumbs\/thumbs_PHOTO-2022-08-23-21-00-07-1.jpg\"\n                    width=\"240\"\n                    height=\"160\"\n                    style=\"max-width:100%;\"\n                \/>\n            <\/a>\n        <\/div>\n\t\t\t\t\t\t\t<\/div> \n\t\t\t\n\t\t\t\t<div id=\"ngg-image-136\" class=\"ngg-gallery-thumbnail-box ngg-11-columns\" >\n\t\t\t\t        <div class=\"ngg-gallery-thumbnail\">\n            <a href=\"https:\/\/old.atletikaolomouc.cz\/wp-content\/gallery\/nesmer-2022-foto-peta-e-a-dave\/PHOTO-2022-08-23-21-00-07-2.jpg\"\n               title=\"\"\n               data-src=\"https:\/\/old.atletikaolomouc.cz\/wp-content\/gallery\/nesmer-2022-foto-peta-e-a-dave\/PHOTO-2022-08-23-21-00-07-2.jpg\"\n               data-thumbnail=\"https:\/\/old.atletikaolomouc.cz\/wp-content\/gallery\/nesmer-2022-foto-peta-e-a-dave\/thumbs\/thumbs_PHOTO-2022-08-23-21-00-07-2.jpg\"\n               data-image-id=\"18075\"\n               data-title=\"PHOTO-2022-08-23-21-00-07-2\"\n               data-description=\"\"\n               data-image-slug=\"photo-2022-08-23-21-00-07-2\"\n               class=\"ngg-simplelightbox\" rel=\"b99381b2a1aa79ad3008aeccc747c659\">\n                <img\n                    title=\"PHOTO-2022-08-23-21-00-07-2\"\n                    alt=\"PHOTO-2022-08-23-21-00-07-2\"\n                    src=\"https:\/\/old.atletikaolomouc.cz\/wp-content\/gallery\/nesmer-2022-foto-peta-e-a-dave\/thumbs\/thumbs_PHOTO-2022-08-23-21-00-07-2.jpg\"\n                    width=\"240\"\n                    height=\"160\"\n                    style=\"max-width:100%;\"\n                \/>\n            <\/a>\n        <\/div>\n\t\t\t\t\t\t\t<\/div> \n\t\t\t\n\t\t\t\t<div id=\"ngg-image-137\" class=\"ngg-gallery-thumbnail-box ngg-11-columns\" >\n\t\t\t\t        <div class=\"ngg-gallery-thumbnail\">\n            <a href=\"https:\/\/old.atletikaolomouc.cz\/wp-content\/gallery\/nesmer-2022-foto-peta-e-a-dave\/PHOTO-2022-08-23-21-00-07-3.jpg\"\n               title=\"\"\n               data-src=\"https:\/\/old.atletikaolomouc.cz\/wp-content\/gallery\/nesmer-2022-foto-peta-e-a-dave\/PHOTO-2022-08-23-21-00-07-3.jpg\"\n               data-thumbnail=\"https:\/\/old.atletikaolomouc.cz\/wp-content\/gallery\/nesmer-2022-foto-peta-e-a-dave\/thumbs\/thumbs_PHOTO-2022-08-23-21-00-07-3.jpg\"\n               data-image-id=\"18076\"\n               data-title=\"PHOTO-2022-08-23-21-00-07-3\"\n               data-description=\"\"\n               data-image-slug=\"photo-2022-08-23-21-00-07-3\"\n               class=\"ngg-simplelightbox\" rel=\"b99381b2a1aa79ad3008aeccc747c659\">\n                <img\n                    title=\"PHOTO-2022-08-23-21-00-07-3\"\n                    alt=\"PHOTO-2022-08-23-21-00-07-3\"\n                    src=\"https:\/\/old.atletikaolomouc.cz\/wp-content\/gallery\/nesmer-2022-foto-peta-e-a-dave\/thumbs\/thumbs_PHOTO-2022-08-23-21-00-07-3.jpg\"\n                    width=\"240\"\n                    height=\"160\"\n                    style=\"max-width:100%;\"\n                \/>\n            <\/a>\n        <\/div>\n\t\t\t\t\t\t\t<\/div> \n\t\t\t\n\t\t\t\t<div id=\"ngg-image-138\" class=\"ngg-gallery-thumbnail-box ngg-11-columns\" >\n\t\t\t\t        <div class=\"ngg-gallery-thumbnail\">\n            <a href=\"https:\/\/old.atletikaolomouc.cz\/wp-content\/gallery\/nesmer-2022-foto-peta-e-a-dave\/PHOTO-2022-08-23-21-00-07.jpg\"\n               title=\"\"\n               data-src=\"https:\/\/old.atletikaolomouc.cz\/wp-content\/gallery\/nesmer-2022-foto-peta-e-a-dave\/PHOTO-2022-08-23-21-00-07.jpg\"\n               data-thumbnail=\"https:\/\/old.atletikaolomouc.cz\/wp-content\/gallery\/nesmer-2022-foto-peta-e-a-dave\/thumbs\/thumbs_PHOTO-2022-08-23-21-00-07.jpg\"\n               data-image-id=\"18077\"\n               data-title=\"PHOTO-2022-08-23-21-00-07\"\n               data-description=\"\"\n               data-image-slug=\"photo-2022-08-23-21-00-07-4\"\n               class=\"ngg-simplelightbox\" rel=\"b99381b2a1aa79ad3008aeccc747c659\">\n                <img\n                    title=\"PHOTO-2022-08-23-21-00-07\"\n                    alt=\"PHOTO-2022-08-23-21-00-07\"\n                    src=\"https:\/\/old.atletikaolomouc.cz\/wp-content\/gallery\/nesmer-2022-foto-peta-e-a-dave\/thumbs\/thumbs_PHOTO-2022-08-23-21-00-07.jpg\"\n                    width=\"240\"\n                    height=\"160\"\n                    style=\"max-width:100%;\"\n                \/>\n            <\/a>\n        <\/div>\n\t\t\t\t\t\t\t<\/div> \n\t\t\t\n\t\t\t\t<div id=\"ngg-image-139\" class=\"ngg-gallery-thumbnail-box ngg-11-columns\" >\n\t\t\t\t        <div class=\"ngg-gallery-thumbnail\">\n            <a href=\"https:\/\/old.atletikaolomouc.cz\/wp-content\/gallery\/nesmer-2022-foto-peta-e-a-dave\/PHOTO-2022-08-23-21-02-14-1.jpg\"\n               title=\"\"\n               data-src=\"https:\/\/old.atletikaolomouc.cz\/wp-content\/gallery\/nesmer-2022-foto-peta-e-a-dave\/PHOTO-2022-08-23-21-02-14-1.jpg\"\n               data-thumbnail=\"https:\/\/old.atletikaolomouc.cz\/wp-content\/gallery\/nesmer-2022-foto-peta-e-a-dave\/thumbs\/thumbs_PHOTO-2022-08-23-21-02-14-1.jpg\"\n               data-image-id=\"18079\"\n               data-title=\"PHOTO-2022-08-23-21-02-14-1\"\n               data-description=\"\"\n               data-image-slug=\"photo-2022-08-23-21-02-14-1\"\n               class=\"ngg-simplelightbox\" rel=\"b99381b2a1aa79ad3008aeccc747c659\">\n                <img\n                    title=\"PHOTO-2022-08-23-21-02-14-1\"\n                    alt=\"PHOTO-2022-08-23-21-02-14-1\"\n                    src=\"https:\/\/old.atletikaolomouc.cz\/wp-content\/gallery\/nesmer-2022-foto-peta-e-a-dave\/thumbs\/thumbs_PHOTO-2022-08-23-21-02-14-1.jpg\"\n                    width=\"240\"\n                    height=\"160\"\n                    style=\"max-width:100%;\"\n                \/>\n            <\/a>\n        <\/div>\n\t\t\t\t\t\t\t<\/div> \n\t\t\t\n\t\t\t\t<div id=\"ngg-image-140\" class=\"ngg-gallery-thumbnail-box ngg-11-columns\" >\n\t\t\t\t        <div class=\"ngg-gallery-thumbnail\">\n            <a href=\"https:\/\/old.atletikaolomouc.cz\/wp-content\/gallery\/nesmer-2022-foto-peta-e-a-dave\/PHOTO-2022-08-23-21-02-14.jpg\"\n               title=\"\"\n               data-src=\"https:\/\/old.atletikaolomouc.cz\/wp-content\/gallery\/nesmer-2022-foto-peta-e-a-dave\/PHOTO-2022-08-23-21-02-14.jpg\"\n               data-thumbnail=\"https:\/\/old.atletikaolomouc.cz\/wp-content\/gallery\/nesmer-2022-foto-peta-e-a-dave\/thumbs\/thumbs_PHOTO-2022-08-23-21-02-14.jpg\"\n               data-image-id=\"18080\"\n               data-title=\"PHOTO-2022-08-23-21-02-14\"\n               data-description=\"\"\n               data-image-slug=\"photo-2022-08-23-21-02-14-2\"\n               class=\"ngg-simplelightbox\" rel=\"b99381b2a1aa79ad3008aeccc747c659\">\n                <img\n                    title=\"PHOTO-2022-08-23-21-02-14\"\n                    alt=\"PHOTO-2022-08-23-21-02-14\"\n                    src=\"https:\/\/old.atletikaolomouc.cz\/wp-content\/gallery\/nesmer-2022-foto-peta-e-a-dave\/thumbs\/thumbs_PHOTO-2022-08-23-21-02-14.jpg\"\n                    width=\"240\"\n                    height=\"160\"\n                    style=\"max-width:100%;\"\n                \/>\n            <\/a>\n        <\/div>\n\t\t\t\t\t\t\t<\/div> \n\t\t\t\n\t\t\t\t<div id=\"ngg-image-141\" class=\"ngg-gallery-thumbnail-box ngg-11-columns\" >\n\t\t\t\t        <div class=\"ngg-gallery-thumbnail\">\n            <a href=\"https:\/\/old.atletikaolomouc.cz\/wp-content\/gallery\/nesmer-2022-foto-peta-e-a-dave\/PHOTO-2022-08-23-21-02-15-1.jpg\"\n               title=\"\"\n               data-src=\"https:\/\/old.atletikaolomouc.cz\/wp-content\/gallery\/nesmer-2022-foto-peta-e-a-dave\/PHOTO-2022-08-23-21-02-15-1.jpg\"\n               data-thumbnail=\"https:\/\/old.atletikaolomouc.cz\/wp-content\/gallery\/nesmer-2022-foto-peta-e-a-dave\/thumbs\/thumbs_PHOTO-2022-08-23-21-02-15-1.jpg\"\n               data-image-id=\"18082\"\n               data-title=\"PHOTO-2022-08-23-21-02-15-1\"\n               data-description=\"\"\n               data-image-slug=\"photo-2022-08-23-21-02-15-1\"\n               class=\"ngg-simplelightbox\" rel=\"b99381b2a1aa79ad3008aeccc747c659\">\n                <img\n                    title=\"PHOTO-2022-08-23-21-02-15-1\"\n                    alt=\"PHOTO-2022-08-23-21-02-15-1\"\n                    src=\"https:\/\/old.atletikaolomouc.cz\/wp-content\/gallery\/nesmer-2022-foto-peta-e-a-dave\/thumbs\/thumbs_PHOTO-2022-08-23-21-02-15-1.jpg\"\n                    width=\"240\"\n                    height=\"160\"\n                    style=\"max-width:100%;\"\n                \/>\n            <\/a>\n        <\/div>\n\t\t\t\t\t\t\t<\/div> \n\t\t\t\n\t\t\t\t<div id=\"ngg-image-142\" class=\"ngg-gallery-thumbnail-box ngg-11-columns\" >\n\t\t\t\t        <div class=\"ngg-gallery-thumbnail\">\n            <a href=\"https:\/\/old.atletikaolomouc.cz\/wp-content\/gallery\/nesmer-2022-foto-peta-e-a-dave\/PHOTO-2022-08-23-21-02-15-2.jpg\"\n               title=\"\"\n               data-src=\"https:\/\/old.atletikaolomouc.cz\/wp-content\/gallery\/nesmer-2022-foto-peta-e-a-dave\/PHOTO-2022-08-23-21-02-15-2.jpg\"\n               data-thumbnail=\"https:\/\/old.atletikaolomouc.cz\/wp-content\/gallery\/nesmer-2022-foto-peta-e-a-dave\/thumbs\/thumbs_PHOTO-2022-08-23-21-02-15-2.jpg\"\n               data-image-id=\"18084\"\n               data-title=\"PHOTO-2022-08-23-21-02-15-2\"\n               data-description=\"\"\n               data-image-slug=\"photo-2022-08-23-21-02-15-2\"\n               class=\"ngg-simplelightbox\" rel=\"b99381b2a1aa79ad3008aeccc747c659\">\n                <img\n                    title=\"PHOTO-2022-08-23-21-02-15-2\"\n                    alt=\"PHOTO-2022-08-23-21-02-15-2\"\n                    src=\"https:\/\/old.atletikaolomouc.cz\/wp-content\/gallery\/nesmer-2022-foto-peta-e-a-dave\/thumbs\/thumbs_PHOTO-2022-08-23-21-02-15-2.jpg\"\n                    width=\"240\"\n                    height=\"160\"\n                    style=\"max-width:100%;\"\n                \/>\n            <\/a>\n        <\/div>\n\t\t\t\t\t\t\t<\/div> \n\t\t\t\n\t\t\t\t<div id=\"ngg-image-143\" class=\"ngg-gallery-thumbnail-box ngg-11-columns\" >\n\t\t\t\t        <div class=\"ngg-gallery-thumbnail\">\n            <a href=\"https:\/\/old.atletikaolomouc.cz\/wp-content\/gallery\/nesmer-2022-foto-peta-e-a-dave\/PHOTO-2022-08-23-21-02-15-3.jpg\"\n               title=\"\"\n               data-src=\"https:\/\/old.atletikaolomouc.cz\/wp-content\/gallery\/nesmer-2022-foto-peta-e-a-dave\/PHOTO-2022-08-23-21-02-15-3.jpg\"\n               data-thumbnail=\"https:\/\/old.atletikaolomouc.cz\/wp-content\/gallery\/nesmer-2022-foto-peta-e-a-dave\/thumbs\/thumbs_PHOTO-2022-08-23-21-02-15-3.jpg\"\n               data-image-id=\"18085\"\n               data-title=\"PHOTO-2022-08-23-21-02-15-3\"\n               data-description=\"\"\n               data-image-slug=\"photo-2022-08-23-21-02-15-3\"\n               class=\"ngg-simplelightbox\" rel=\"b99381b2a1aa79ad3008aeccc747c659\">\n                <img\n                    title=\"PHOTO-2022-08-23-21-02-15-3\"\n                    alt=\"PHOTO-2022-08-23-21-02-15-3\"\n                    src=\"https:\/\/old.atletikaolomouc.cz\/wp-content\/gallery\/nesmer-2022-foto-peta-e-a-dave\/thumbs\/thumbs_PHOTO-2022-08-23-21-02-15-3.jpg\"\n                    width=\"240\"\n                    height=\"160\"\n                    style=\"max-width:100%;\"\n                \/>\n            <\/a>\n        <\/div>\n\t\t\t\t\t\t\t<\/div> \n\t\t\t\n\t\t\t\t<div id=\"ngg-image-144\" class=\"ngg-gallery-thumbnail-box ngg-11-columns\" >\n\t\t\t\t        <div class=\"ngg-gallery-thumbnail\">\n            <a href=\"https:\/\/old.atletikaolomouc.cz\/wp-content\/gallery\/nesmer-2022-foto-peta-e-a-dave\/PHOTO-2022-08-23-21-02-15.jpg\"\n               title=\"\"\n               data-src=\"https:\/\/old.atletikaolomouc.cz\/wp-content\/gallery\/nesmer-2022-foto-peta-e-a-dave\/PHOTO-2022-08-23-21-02-15.jpg\"\n               data-thumbnail=\"https:\/\/old.atletikaolomouc.cz\/wp-content\/gallery\/nesmer-2022-foto-peta-e-a-dave\/thumbs\/thumbs_PHOTO-2022-08-23-21-02-15.jpg\"\n               data-image-id=\"18086\"\n               data-title=\"PHOTO-2022-08-23-21-02-15\"\n               data-description=\"\"\n               data-image-slug=\"photo-2022-08-23-21-02-15-4\"\n               class=\"ngg-simplelightbox\" rel=\"b99381b2a1aa79ad3008aeccc747c659\">\n                <img\n                    title=\"PHOTO-2022-08-23-21-02-15\"\n                    alt=\"PHOTO-2022-08-23-21-02-15\"\n                    src=\"https:\/\/old.atletikaolomouc.cz\/wp-content\/gallery\/nesmer-2022-foto-peta-e-a-dave\/thumbs\/thumbs_PHOTO-2022-08-23-21-02-15.jpg\"\n                    width=\"240\"\n                    height=\"160\"\n                    style=\"max-width:100%;\"\n                \/>\n            <\/a>\n        <\/div>\n\t\t\t\t\t\t\t<\/div> \n\t\t\t\n\t\n\t<br style=\"clear: both\" \/>\n\n\t\n\t\t<!-- Pagination -->\n\t<div class='ngg-clear'><\/div>\t<\/div>\n\n","protected":false},"excerpt":{"rendered":"<p>Ve\u0161ker\u00e1 fotodokumentace z leto\u0161n\u00edho atletick\u00e9ho t\u00e1bora pro d\u011bti Nesm\u011b\u0159 2022.<\/p>\n","protected":false},"author":14,"featured_media":0,"comment_status":"closed","ping_status":"closed","sticky":false,"template":"","format":"standard","meta":{"ngg_post_thumbnail":0},"categories":[6,66,19],"tags":[],"_links":{"self":[{"href":"https:\/\/old.atletikaolomouc.cz\/index.php?rest_route=\/wp\/v2\/posts\/35120"}],"collection":[{"href":"https:\/\/old.atletikaolomouc.cz\/index.php?rest_route=\/wp\/v2\/posts"}],"about":[{"href":"https:\/\/old.atletikaolomouc.cz\/index.php?rest_route=\/wp\/v2\/types\/post"}],"author":[{"embeddable":true,"href":"https:\/\/old.atletikaolomouc.cz\/index.php?rest_route=\/wp\/v2\/users\/14"}],"replies":[{"embeddable":true,"href":"https:\/\/old.atletikaolomouc.cz\/index.php?rest_route=%2Fwp%2Fv2%2Fcomments&post=35120"}],"version-history":[{"count":5,"href":"https:\/\/old.atletikaolomouc.cz\/index.php?rest_route=\/wp\/v2\/posts\/35120\/revisions"}],"predecessor-version":[{"id":35404,"href":"https:\/\/old.atletikaolomouc.cz\/index.php?rest_route=\/wp\/v2\/posts\/35120\/revisions\/35404"}],"wp:attachment":[{"href":"https:\/\/old.atletikaolomouc.cz\/index.php?rest_route=%2Fwp%2Fv2%2Fmedia&parent=35120"}],"wp:term":[{"taxonomy":"category","embeddable":true,"href":"https:\/\/old.atletikaolomouc.cz\/index.php?rest_route=%2Fwp%2Fv2%2Fcategories&post=35120"},{"taxonomy":"post_tag","embeddable":true,"href":"https:\/\/old.atletikaolomouc.cz\/index.php?rest_route=%2Fwp%2Fv2%2Ftags&post=35120"}],"curies":[{"name":"wp","href":"https:\/\/api.w.org\/{rel}","templated":true}]}}