{"id":35586,"date":"2022-10-05T15:26:28","date_gmt":"2022-10-05T13:26:28","guid":{"rendered":"https:\/\/www.atletikaolomouc.cz\/?p=35586"},"modified":"2022-10-05T15:26:28","modified_gmt":"2022-10-05T13:26:28","slug":"cesky-pohar-praha-2-10-2022","status":"publish","type":"post","link":"https:\/\/old.atletikaolomouc.cz\/?p=35586","title":{"rendered":"\u010cesk\u00fd poh\u00e1r Praha 2.10.2022"},"content":{"rendered":"<p style=\"text-align: justify;\">Pra\u017esk\u00fd atletick\u00fd stadion FTVS hostil p\u0159edposledn\u00ed kolo \u010cesk\u00e9ho poh\u00e1ru voz\u00ed\u010dk\u00e1\u0159\u016f<!--more--><\/p>\n<p style=\"text-align: justify;\">V ned\u011bli 2.10.2022 se sjeli z\u00e1vodn\u00edci v Praze, kde zm\u011b\u0159ili sv\u00e9 s\u00edly na dal\u0161\u00edm kole \u010cesk\u00e9ho poh\u00e1ru.<br \/>\nZa olomouck\u00fd klub to byl Du\u0161an \u0160\u010dambura, Ad\u00e9la Sekyrov\u00e1, Eva Kacanu a Eva Kvapilov\u00e1.<br \/>\nDu\u0161an z\u00edskal dv\u011b st\u0159\u00edbrn\u00e9 medaile a to v hodu diskem a o\u0161t\u011bpem.<br \/>\nAd\u00e9la Sekyrov\u00e1 si vyh\u00e1zela bronzovou medaili v ku\u017eelce a \u010dtvrt\u00e1 skon\u010dila v hodu diskem.<br \/>\nEva Kacanu z\u00edskala zlatou medaili ve vrhu koul\u00ed. Eva Kvapilov\u00e1 byla v hodu ku\u017eelkou i diskem na \u010dtvrt\u00e9m m\u00edst\u011b.<\/p>\n<p style=\"text-align: justify;\">\nV\u00fdsledky naleznete <a href=\"https:\/\/www.atletikaolomouc.cz\/wp-content\/uploads\/2022\/10\/cp22pr.pdf\">zde<\/a>.<\/p>\n<div id=\"attachment_35587\" style=\"width: 447px\" class=\"wp-caption aligncenter\"><a href=\"https:\/\/www.atletikaolomouc.cz\/wp-content\/uploads\/2022\/10\/IMG_20221002_135700.jpg\"><img aria-describedby=\"caption-attachment-35587\" decoding=\"async\" loading=\"lazy\" class=\"wp-image-35587\" src=\"https:\/\/www.atletikaolomouc.cz\/wp-content\/uploads\/2022\/10\/IMG_20221002_135700-800x600.jpg\" alt=\"\" width=\"437\" height=\"328\" srcset=\"https:\/\/old.atletikaolomouc.cz\/wp-content\/uploads\/2022\/10\/IMG_20221002_135700-800x600.jpg 800w, https:\/\/old.atletikaolomouc.cz\/wp-content\/uploads\/2022\/10\/IMG_20221002_135700-300x225.jpg 300w, https:\/\/old.atletikaolomouc.cz\/wp-content\/uploads\/2022\/10\/IMG_20221002_135700-768x576.jpg 768w\" sizes=\"(max-width: 437px) 100vw, 437px\" \/><\/a><p id=\"caption-attachment-35587\" class=\"wp-caption-text\">\u010cesk\u00fd poh\u00e1r Praha 2.10.2022<\/p><\/div>\n<p style=\"text-align: justify;\">&nbsp;<\/p>\n","protected":false},"excerpt":{"rendered":"<p>Pra\u017esk\u00fd atletick\u00fd stadion FTVS hostil p\u0159edposledn\u00ed kolo \u010cesk\u00e9ho poh\u00e1ru voz\u00ed\u010dk\u00e1\u0159\u016f<\/p>\n","protected":false},"author":17,"featured_media":0,"comment_status":"closed","ping_status":"closed","sticky":false,"template":"","format":"standard","meta":{"ngg_post_thumbnail":0},"categories":[5,48],"tags":[],"_links":{"self":[{"href":"https:\/\/old.atletikaolomouc.cz\/index.php?rest_route=\/wp\/v2\/posts\/35586"}],"collection":[{"href":"https:\/\/old.atletikaolomouc.cz\/index.php?rest_route=\/wp\/v2\/posts"}],"about":[{"href":"https:\/\/old.atletikaolomouc.cz\/index.php?rest_route=\/wp\/v2\/types\/post"}],"author":[{"embeddable":true,"href":"https:\/\/old.atletikaolomouc.cz\/index.php?rest_route=\/wp\/v2\/users\/17"}],"replies":[{"embeddable":true,"href":"https:\/\/old.atletikaolomouc.cz\/index.php?rest_route=%2Fwp%2Fv2%2Fcomments&post=35586"}],"version-history":[{"count":1,"href":"https:\/\/old.atletikaolomouc.cz\/index.php?rest_route=\/wp\/v2\/posts\/35586\/revisions"}],"predecessor-version":[{"id":35596,"href":"https:\/\/old.atletikaolomouc.cz\/index.php?rest_route=\/wp\/v2\/posts\/35586\/revisions\/35596"}],"wp:attachment":[{"href":"https:\/\/old.atletikaolomouc.cz\/index.php?rest_route=%2Fwp%2Fv2%2Fmedia&parent=35586"}],"wp:term":[{"taxonomy":"category","embeddable":true,"href":"https:\/\/old.atletikaolomouc.cz\/index.php?rest_route=%2Fwp%2Fv2%2Fcategories&post=35586"},{"taxonomy":"post_tag","embeddable":true,"href":"https:\/\/old.atletikaolomouc.cz\/index.php?rest_route=%2Fwp%2Fv2%2Ftags&post=35586"}],"curies":[{"name":"wp","href":"https:\/\/api.w.org\/{rel}","templated":true}]}}