{"id":35608,"date":"2022-10-11T12:44:28","date_gmt":"2022-10-11T10:44:28","guid":{"rendered":"https:\/\/www.atletikaolomouc.cz\/?p=35608"},"modified":"2023-01-12T13:00:40","modified_gmt":"2023-01-12T12:00:40","slug":"cesky-pohar-olomouc-8-102022","status":"publish","type":"post","link":"https:\/\/old.atletikaolomouc.cz\/?p=35608","title":{"rendered":"\u010cesk\u00fd poh\u00e1r Olomouc 8.10.2022"},"content":{"rendered":"<div>&nbsp;<\/div>\n<div style=\"text-align: justify;\"><span style=\"font-family: arial, helvetica, sans-serif;\">Z\u00e1v\u011bre\u010dn\u00e9 kolo \u010cP Atletiky \u010cATHS 2022<\/span><\/div>\n<p><!--more--><\/p>\n<div style=\"text-align: justify;\"><span style=\"font-family: arial, helvetica, sans-serif;\">V sobotu 8.10. prob\u011bhlo z\u00e1v\u011bre\u010dn\u00e9 kolo \u010cesk\u00e9ho poh\u00e1ru atletiky \u010cATHS 2022. V hojn\u00e9m po\u010dtu p\u0159ijeli do Olomouce bojovat atletky a atleti o co nejlep\u0161\u00ed um\u00edst\u011bn\u00ed v celkov\u00e9m po\u0159ad\u00ed. V\u00e1\u017een\u00fdm hostem byl pan magistr Ivo Slavot\u00ednek 1. n\u00e1m\u011bstek hejtmana olomouck\u00e9ho kraje, kter\u00fd sportovkyn\u00edm a sportovc\u016fm rozd\u00e1val medaile.<\/span><\/div>\n<div>&nbsp;<\/div>\n<div style=\"text-align: justify;\"><span style=\"font-family: arial, helvetica, sans-serif;\">Dom\u00e1c\u00ed atleti vybojovali n\u00e1sleduj\u00edc\u00ed medaile:<\/span><\/div>\n<div style=\"text-align: justify;\"><span style=\"text-decoration: underline;\"><span style=\"font-family: arial, helvetica, sans-serif;\">\u017deny sed\u00edc\u00ed<\/span><\/span><\/div>\n<div style=\"text-align: justify;\"><span style=\"font-family: arial, helvetica, sans-serif;\"><strong>Eva Kacanu<\/strong>&nbsp;dvakr\u00e1t zlato v hodu o\u0161t\u011bpem a ve vrhu koul\u00ed<\/span><\/div>\n<div style=\"text-align: justify;\"><span style=\"font-family: arial, helvetica, sans-serif;\"><strong>Ad\u00e9la Sekyrov\u00e1<\/strong>&nbsp;st\u0159\u00edbro v hodu ku\u017eelkou<\/span><\/div>\n<div style=\"text-align: justify;\"><span style=\"font-family: arial, helvetica, sans-serif;\"><strong>Jana Hycov\u00e1<\/strong>&nbsp;bronz v hodu ku\u017eelkou<\/span><\/div>\n<p style=\"text-align: justify;\"><span style=\"font-family: arial, helvetica, sans-serif;\"><span style=\"text-decoration: underline;\">Mu\u017ei sed\u00edc\u00ed<\/span><br \/>\n<\/span><span style=\"font-family: arial, helvetica, sans-serif;\"><strong>Du\u0161an \u0160\u010dambura<\/strong> zlato v hodu o\u0161t\u011bpem a st\u0159\u00edbro v osobn\u00edm rekordu v hodu diskem<br \/>\n<\/span><span style=\"font-family: arial, helvetica, sans-serif;\"><strong>Michal Rotter<\/strong> st\u0159\u00edbro v hodu o\u0161t\u011bpem a bronz v hodu diskem<\/span><\/p>\n<p style=\"text-align: justify;\"><span style=\"font-family: arial, helvetica, sans-serif;\"><span style=\"text-decoration: underline;\">Mu\u017ei stoj\u00edc\u00ed<\/span><br \/>\n<\/span><span style=\"font-family: arial, helvetica, sans-serif;\"><strong>Jaroslav Str\u00e1nsk\u00fd<\/strong> 2x zlato ve vrhu koul\u00ed a hodu diskem.&nbsp;<\/span><\/p>\n<p><a href=\"https:\/\/old.atletikaolomouc.cz\/wp-content\/uploads\/2022\/10\/IMG_20221008_134857.jpg\"><img decoding=\"async\" loading=\"lazy\" class=\"aligncenter wp-image-35613\" src=\"https:\/\/www.atletikaolomouc.cz\/wp-content\/uploads\/2022\/10\/IMG_20221008_134857-800x600.jpg\" alt=\"\" width=\"350\" height=\"263\" srcset=\"https:\/\/old.atletikaolomouc.cz\/wp-content\/uploads\/2022\/10\/IMG_20221008_134857-800x600.jpg 800w, https:\/\/old.atletikaolomouc.cz\/wp-content\/uploads\/2022\/10\/IMG_20221008_134857-300x225.jpg 300w, https:\/\/old.atletikaolomouc.cz\/wp-content\/uploads\/2022\/10\/IMG_20221008_134857-768x576.jpg 768w\" sizes=\"(max-width: 350px) 100vw, 350px\" \/><\/a><\/p>\n<p style=\"text-align: justify;\"><span style=\"font-family: arial, helvetica, sans-serif;\">V celkov\u00e9m po\u0159ad\u00ed celoro\u010dn\u00ed sout\u011b\u017ee&nbsp; si mezi \u017eenami nejl\u00e9pe vedla Eva Kacanu, kter\u00e1&nbsp; vybojovala prvn\u00ed m\u00edsto a putovn\u00ed poh\u00e1r.<br \/>\n<\/span><span style=\"font-family: arial, helvetica, sans-serif;\">Ostatn\u00ed atletky se um\u00edstili n\u00e1sledovn\u011b: Ad\u00e9lka Sekyrov\u00e1 \u0161est\u00e9 m\u00edsto, Eva Kvapilov\u00e1 dev\u00e1t\u00e9 m\u00edsto a Jana Hycov\u00e1 \u0161estn\u00e1ct\u00e9 m\u00edsto.<br \/>\n<\/span><span style=\"font-family: arial, helvetica, sans-serif;\">Mezi mu\u017ei druh\u00e9 m\u00edsto vybojoval Du\u0161an \u0160\u010dambura, ostatn\u00ed atleti se um\u00edstili n\u00e1sledovn\u011b: Michal Rotter osm\u00e9 m\u00edsto, Luk\u00e1\u0161 Studen\u00fd patn\u00e1ct\u00e9 m\u00edsto, Filip Varto\u0148 sedmn\u00e1ct\u00e9 m\u00edsto.<\/span><\/p>\n<div><a href=\"https:\/\/old.atletikaolomouc.cz\/wp-content\/uploads\/2022\/10\/IMG_20221008_132111.jpg\"><img decoding=\"async\" loading=\"lazy\" class=\"aligncenter wp-image-35614\" src=\"https:\/\/www.atletikaolomouc.cz\/wp-content\/uploads\/2022\/10\/IMG_20221008_132111-800x600.jpg\" alt=\"\" width=\"414\" height=\"311\" srcset=\"https:\/\/old.atletikaolomouc.cz\/wp-content\/uploads\/2022\/10\/IMG_20221008_132111-800x600.jpg 800w, https:\/\/old.atletikaolomouc.cz\/wp-content\/uploads\/2022\/10\/IMG_20221008_132111-300x225.jpg 300w, https:\/\/old.atletikaolomouc.cz\/wp-content\/uploads\/2022\/10\/IMG_20221008_132111-768x576.jpg 768w\" sizes=\"(max-width: 414px) 100vw, 414px\" \/><\/a><\/div>\n<div style=\"text-align: justify;\"><span style=\"font-family: arial, helvetica, sans-serif;\">Tradi\u010dn\u011b prob\u011bh tak\u00e9 Juniorsk\u00fd poh\u00e1rek, kde v kategorii d\u00edvek stoj\u00edc\u00edch t\u0159et\u00ed m\u00edsto z\u00edskala Adriana Skalick\u00e1 AK Olomouc, druh\u00e9 m\u00edsto vybojovala Karol\u00edna Stratilov\u00e1 AK Olomouc a zv\u00edt\u011bzila Nat\u00e1lie Hlavinkov\u00e1 SSK V\u00edtkovice. Mezi sed\u00edc\u00edmi d\u00edvkami na druh\u00e9m m\u00edst\u011b skon\u010dila Nikola Sikorov\u00e1 AK Olomouc a zv\u00edt\u011bzila Ad\u00e9la Dur\u010d\u00e1kov\u00e1 AK Olomouc.<\/span><\/div>\n<div style=\"text-align: justify;\"><span style=\"font-family: arial, helvetica, sans-serif;\">Mezi stoj\u00edc\u00edmi chlapci t\u0159et\u00ed m\u00edsto obsadil J\u00e1chym R\u00fccker AK Olomouc, druh\u00e9 m\u00edsto obsadil Filip Horvath SK Koci\u00e1nka Brno a v\u00edt\u011bzem se stal Martin P\u0159ichystal Ak Olomouc. V kategorii sed\u00edc\u00edch na druh\u00e9m m\u00edst\u011b skon\u010dil nejmlad\u0161\u00ed atlet Mikul\u00e1\u0161 Rak AK Olomouc a v\u00edt\u011bzem se stal \u0160t\u011bp\u00e1n Kalo\u010d SSK V\u00edtkovice.<\/span><\/div>\n<div style=\"text-align: justify;\"><span style=\"font-family: arial, helvetica, sans-serif;\"><br \/>\nV\u00fdsledky kola <a href=\"https:\/\/www.atletikaolomouc.cz\/wp-content\/uploads\/2022\/11\/cp22ol5.pdf\">zde<\/a>.<br \/>\nV\u00fdsledky poh\u00e1rku <a href=\"https:\/\/www.atletikaolomouc.cz\/wp-content\/uploads\/2022\/11\/cp22ol6.pdf\">zde<\/a>.<\/span><\/div>\n<div style=\"text-align: justify;\"><span style=\"font-family: arial, helvetica, sans-serif;\">Celkov\u00e9 v\u00fdsledky \u010cesk\u00e9ho poh\u00e1ru 2022 <a href=\"https:\/\/www.atletikaolomouc.cz\/wp-content\/uploads\/2022\/10\/cp22all.pdf\">zde<\/a>.<\/span><\/div>\n<div>&nbsp;<\/div>\n<div style=\"text-align: justify;\"><span style=\"font-family: arial, helvetica, sans-serif;\">V\u0161em mal\u00fdm i velk\u00fdm atlet\u016fm pos\u00edl\u00e1me gratulace a mnoho sportovn\u00edch \u00fasp\u011bch\u016f.<\/span><\/div>\n<div class=\"yj6qo\" style=\"text-align: justify;\">&nbsp;<\/div>\n<div class=\"adL\" style=\"text-align: justify;\">&nbsp;<\/div>\n","protected":false},"excerpt":{"rendered":"<p>&nbsp; Z\u00e1v\u011bre\u010dn\u00e9 kolo \u010cP Atletiky \u010cATHS 2022<\/p>\n","protected":false},"author":17,"featured_media":0,"comment_status":"closed","ping_status":"closed","sticky":false,"template":"","format":"standard","meta":{"ngg_post_thumbnail":0},"categories":[5,48,6],"tags":[],"_links":{"self":[{"href":"https:\/\/old.atletikaolomouc.cz\/index.php?rest_route=\/wp\/v2\/posts\/35608"}],"collection":[{"href":"https:\/\/old.atletikaolomouc.cz\/index.php?rest_route=\/wp\/v2\/posts"}],"about":[{"href":"https:\/\/old.atletikaolomouc.cz\/index.php?rest_route=\/wp\/v2\/types\/post"}],"author":[{"embeddable":true,"href":"https:\/\/old.atletikaolomouc.cz\/index.php?rest_route=\/wp\/v2\/users\/17"}],"replies":[{"embeddable":true,"href":"https:\/\/old.atletikaolomouc.cz\/index.php?rest_route=%2Fwp%2Fv2%2Fcomments&post=35608"}],"version-history":[{"count":9,"href":"https:\/\/old.atletikaolomouc.cz\/index.php?rest_route=\/wp\/v2\/posts\/35608\/revisions"}],"predecessor-version":[{"id":36532,"href":"https:\/\/old.atletikaolomouc.cz\/index.php?rest_route=\/wp\/v2\/posts\/35608\/revisions\/36532"}],"wp:attachment":[{"href":"https:\/\/old.atletikaolomouc.cz\/index.php?rest_route=%2Fwp%2Fv2%2Fmedia&parent=35608"}],"wp:term":[{"taxonomy":"category","embeddable":true,"href":"https:\/\/old.atletikaolomouc.cz\/index.php?rest_route=%2Fwp%2Fv2%2Fcategories&post=35608"},{"taxonomy":"post_tag","embeddable":true,"href":"https:\/\/old.atletikaolomouc.cz\/index.php?rest_route=%2Fwp%2Fv2%2Ftags&post=35608"}],"curies":[{"name":"wp","href":"https:\/\/api.w.org\/{rel}","templated":true}]}}