{"id":3569,"date":"2013-02-26T14:25:11","date_gmt":"2013-02-26T13:25:11","guid":{"rendered":"http:\/\/www.atletikaolomouc.cz\/?p=3569"},"modified":"2013-02-26T14:25:11","modified_gmt":"2013-02-26T13:25:11","slug":"mistrovstvi-cr-zaku-a-zakyn-v-hale","status":"publish","type":"post","link":"https:\/\/old.atletikaolomouc.cz\/?p=3569","title":{"rendered":"Mistrovstv\u00ed \u010cR \u017e\u00e1k\u016f a \u017e\u00e1ky\u0148 v hale"},"content":{"rendered":"<p style=\"text-align: justify;\">O v\u00edkendu 2.-3. b\u0159ezna prob\u011bhne v atletick\u00e9 hale v Jablonci nad Nisou Mistrovstv\u00ed \u010cR star\u0161\u00edho \u017eactva. O medaile pojedou bojovat tak\u00e9 z\u00e1vodn\u00edci Atletick\u00e9ho klubu Olomouc.<\/p>\n<p style=\"text-align: justify;\"><!--more--><\/p>\n<p style=\"text-align: justify;\">Seznam p\u0159ihl\u00e1\u0161en\u00fdch z\u00e1vodn\u00edk\u016f <a href=\"http:\/\/www.atletikaolomouc.cz\/wp-content\/uploads\/2013\/02\/HM\u010cR-\u017eactva-p\u0159ihl\u00e1\u0161ka.pdf\" target=\"_blank\">zde<\/a>.<br \/><span style=\"color: #000000;\">Technick\u00fd deleg\u00e1t m\u016f\u017ee na z\u00e1klad\u011b velk\u00e9ho po\u010dtu p\u0159ihl\u00e1\u0161en\u00fdch z\u00e1vodn\u00edk\u016f prov\u00e9st \u0161krty.<\/span><\/p>\n<p style=\"text-align: justify;\">Odjezd na HM\u010cR \u017eactva je napl\u00e1nov\u00e1n na p\u00e1tek 1.3.2013 <strong>v 11:00 hodin<\/strong> z parkovi\u0161t\u011b AK Olomouc. Pojede se mikrobusem a ubytov\u00e1n\u00ed je zaji\u0161t\u011bno hned u atletick\u00e9 haly v hotelu Sport.<\/p>\n<p style=\"text-align: justify;\">Propozice <a href=\"http:\/\/www.atletika.cz\/propozice1\/propozice-mcr-zaku-a-zakyn-v-hale1\" target=\"_blank\">zde<\/a>.<\/p>\n","protected":false},"excerpt":{"rendered":"<p>O v\u00edkendu 2.-3. b\u0159ezna prob\u011bhne v atletick\u00e9 hale v Jablonci nad Nisou Mistrovstv\u00ed \u010cR star\u0161\u00edho \u017eactva. O medaile pojedou bojovat tak\u00e9 z\u00e1vodn\u00edci Atletick\u00e9ho klubu Olomouc.<\/p>\n","protected":false},"author":4,"featured_media":3571,"comment_status":"closed","ping_status":"closed","sticky":false,"template":"","format":"standard","meta":{"ngg_post_thumbnail":0},"categories":[6,37,15,16],"tags":[],"_links":{"self":[{"href":"https:\/\/old.atletikaolomouc.cz\/index.php?rest_route=\/wp\/v2\/posts\/3569"}],"collection":[{"href":"https:\/\/old.atletikaolomouc.cz\/index.php?rest_route=\/wp\/v2\/posts"}],"about":[{"href":"https:\/\/old.atletikaolomouc.cz\/index.php?rest_route=\/wp\/v2\/types\/post"}],"author":[{"embeddable":true,"href":"https:\/\/old.atletikaolomouc.cz\/index.php?rest_route=\/wp\/v2\/users\/4"}],"replies":[{"embeddable":true,"href":"https:\/\/old.atletikaolomouc.cz\/index.php?rest_route=%2Fwp%2Fv2%2Fcomments&post=3569"}],"version-history":[{"count":1,"href":"https:\/\/old.atletikaolomouc.cz\/index.php?rest_route=\/wp\/v2\/posts\/3569\/revisions"}],"predecessor-version":[{"id":3572,"href":"https:\/\/old.atletikaolomouc.cz\/index.php?rest_route=\/wp\/v2\/posts\/3569\/revisions\/3572"}],"wp:featuredmedia":[{"embeddable":true,"href":"https:\/\/old.atletikaolomouc.cz\/index.php?rest_route=\/wp\/v2\/media\/3571"}],"wp:attachment":[{"href":"https:\/\/old.atletikaolomouc.cz\/index.php?rest_route=%2Fwp%2Fv2%2Fmedia&parent=3569"}],"wp:term":[{"taxonomy":"category","embeddable":true,"href":"https:\/\/old.atletikaolomouc.cz\/index.php?rest_route=%2Fwp%2Fv2%2Fcategories&post=3569"},{"taxonomy":"post_tag","embeddable":true,"href":"https:\/\/old.atletikaolomouc.cz\/index.php?rest_route=%2Fwp%2Fv2%2Ftags&post=3569"}],"curies":[{"name":"wp","href":"https:\/\/api.w.org\/{rel}","templated":true}]}}