{"id":36140,"date":"2022-12-19T15:34:12","date_gmt":"2022-12-19T14:34:12","guid":{"rendered":"https:\/\/www.atletikaolomouc.cz\/?p=36140"},"modified":"2022-12-19T17:20:40","modified_gmt":"2022-12-19T16:20:40","slug":"halovy-rekord-cr-vanocni-vrhacskem-mitinku-v-olomouci","status":"publish","type":"post","link":"https:\/\/old.atletikaolomouc.cz\/?p=36140","title":{"rendered":"Halov\u00fd rekord \u010cR na V\u00e1no\u010dn\u00edm vrha\u010dsk\u00e9m m\u00edtinku v Olomouci"},"content":{"rendered":"<p>V sobotu 17. prosince se v olomouck\u00e9 atletick\u00e9 hale konal ji\u017e tradi\u010dn\u00ed V\u00e1no\u010dn\u00ed vrha\u010dsk\u00fd m\u00edtink.&nbsp;O nejv\u011bt\u0161\u00ed p\u0159ekvapen\u00ed m\u00edtinku se postarala v\u00edtkovick\u00e1 z\u00e1vodnice&nbsp;<a class=\"resultsEanLink\" title=\"Zobrazit v\u00fdsledky atleta v sez\u00f3n\u011b 2022\" href=\"https:\/\/online.atletika.cz\/vysledky-atleta\/2022\/10000012493\">Katrin Brzyszkowsk\u00e1<\/a>, kdy\u017e v\u00fdkonem 16,62 m p\u0159ekonala juniorsk\u00fd halov\u00fd rekord \u010cR.<!--more--><\/p>\n<p>Zat\u00edmco venku vl\u00e1dly mraziv\u00e9 prosincov\u00e9 teploty, tak olomouck\u00e1 atletick\u00e1 hala hostila u\u017e od r\u00e1na 22. ro\u010dn\u00edk V\u00e1no\u010dn\u00edho vrha\u010dsk\u00e9ho m\u00edtinku, jeho\u017e p\u0159edprogramem byl z\u00e1vod zdravotn\u011b posti\u017een\u00fdch atlet\u016f. V 13:00 pak zah\u00e1jila hlavn\u00ed program sout\u011b\u017e mlad\u0161\u00edch \u017e\u00e1k\u016f. V n\u00ed zv\u00edt\u011bzila mezi d\u00edvkami dom\u00e1c\u00ed&nbsp;<a class=\"resultsEanLink\" title=\"Zobrazit v\u00fdsledky atleta v sez\u00f3n\u011b 2022\" href=\"https:\/\/online.atletika.cz\/vysledky-atleta\/2022\/10000087478\">Aneta Eva Hockaday<\/a>&nbsp;v nov\u00e9m osob\u00e1ku 10,64 m. Druh\u00e1 byla tak\u00e9 olomouck\u00e1 vrha\u010dka&nbsp;<a href=\"https:\/\/online.atletika.cz\/vysledky-atleta\/2022\/10000106966\" target=\"_blank\" rel=\"noopener\">Zuzana Tich\u00e1<\/a> a t\u0159et\u00ed <a href=\"https:\/\/online.atletika.cz\/vysledky-atleta\/2022\/10000085229\" target=\"_blank\" rel=\"noopener\">Am\u00e1lie K\u0159ivsk\u00e1<\/a> z Brna. Sout\u011b\u017ee chlapc\u016f se z\u00fa\u010dastnil jedin\u00fd z\u00e1vodn\u00edk&nbsp;<a class=\"resultsEanLink\" title=\"Zobrazit v\u00fdsledky atleta v sez\u00f3n\u011b 2022\" href=\"https:\/\/online.atletika.cz\/vysledky-atleta\/2022\/10000145958\">Tobi\u00e1\u0161 V\u00edtek<\/a>&nbsp;z Brna a zapsal v\u00fdkon 8,02 m.<\/p>\n<p>Sout\u011b\u017ee star\u0161\u00edch \u017e\u00e1ky\u0148 a \u017e\u00e1k\u016f tak\u00e9 pat\u0159ily olomouck\u00fdm z\u00e1vodn\u00edk\u016fm. V t\u011bsn\u00e9m souboji \u017e\u00e1ky\u0148 vybojovala zlato&nbsp;<a class=\"resultsEanLink\" title=\"Zobrazit v\u00fdsledky atleta v sez\u00f3n\u011b 2022\" href=\"https:\/\/online.atletika.cz\/vysledky-atleta\/2022\/10000145628\">Magdal\u00e9na Slov\u00e1\u010dkov\u00e1<\/a>&nbsp;v\u00fdkonem 10,91 m p\u0159ed druhou <a href=\"https:\/\/online.atletika.cz\/vysledky-atleta\/2022\/10000146033\" target=\"_blank\" rel=\"noopener\">Kl\u00e1rou Zvone\u010dkovou<\/a>, kter\u00e1 zapsala nov\u00e9 osobn\u00ed maximum 10,82 m. Bronz z\u00edskala <a class=\"resultsEanLink\" title=\"Zobrazit v\u00fdsledky atleta v sez\u00f3n\u011b 2022\" href=\"https:\/\/online.atletika.cz\/vysledky-atleta\/2022\/10000151380\">Anna \u0160vubov\u00e1<\/a>&nbsp;za v\u00fdkon 8,51 m. Mezi \u017e\u00e1ky zv\u00edt\u011bzil na dom\u00e1c\u00ed p\u016fd\u011b&nbsp;<a class=\"resultsEanLink\" title=\"Zobrazit v\u00fdsledky atleta v sez\u00f3n\u011b 2022\" href=\"https:\/\/online.atletika.cz\/vysledky-atleta\/2022\/10000106544\">Vojt\u011bch Herinek<\/a>&nbsp;v\u00fdkonem 14,78 m. Druh\u00fd <a href=\"https:\/\/online.atletika.cz\/vysledky-atleta\/2022\/10000096911\" target=\"_blank\" rel=\"noopener\">Jakub Mikeska<\/a> z AK Zl\u00edn si vylep\u0161il osob\u00e1k na 11,97 m a t\u0159et\u00ed byl reprezentant stejn\u00e9ho klubu <a class=\"resultsEanLink\" title=\"Zobrazit v\u00fdsledky atleta v sez\u00f3n\u011b 2022\" href=\"https:\/\/online.atletika.cz\/vysledky-atleta\/2022\/10000079525\">Patrik \u017d\u00e1rsk\u00fd<\/a>&nbsp;tak\u00e9 v nov\u00e9m osobn\u00edm rekordu 11,48 m.<\/p>\n<div id=\"attachment_36231\" style=\"width: 2410px\" class=\"wp-caption alignleft\"><a href=\"https:\/\/www.atletikaolomouc.cz\/wp-content\/uploads\/2022\/12\/P10102171.jpg\"><img aria-describedby=\"caption-attachment-36231\" decoding=\"async\" loading=\"lazy\" class=\"wp-image-36231 size-full\" src=\"https:\/\/www.atletikaolomouc.cz\/wp-content\/uploads\/2022\/12\/P10102171.jpg\" alt=\"\" width=\"2400\" height=\"1600\" srcset=\"https:\/\/old.atletikaolomouc.cz\/wp-content\/uploads\/2022\/12\/P10102171.jpg 2400w, https:\/\/old.atletikaolomouc.cz\/wp-content\/uploads\/2022\/12\/P10102171-300x200.jpg 300w, https:\/\/old.atletikaolomouc.cz\/wp-content\/uploads\/2022\/12\/P10102171-768x512.jpg 768w, https:\/\/old.atletikaolomouc.cz\/wp-content\/uploads\/2022\/12\/P10102171-800x533.jpg 800w, https:\/\/old.atletikaolomouc.cz\/wp-content\/uploads\/2022\/12\/P10102171-385x258.jpg 385w\" sizes=\"(max-width: 2400px) 100vw, 2400px\" \/><\/a><p id=\"caption-attachment-36231\" class=\"wp-caption-text\">Vojt\u011bch Herinek<\/p><\/div>\n<p>Dorostenka <a href=\"Martina%20Mazurov\u00e1\" target=\"_blank\" rel=\"noopener\">Martina Mazurov\u00e1<\/a> bez okolk\u016f uk\u00e1zala dominanci ve sv\u00e9 kategorii, kdy\u017e v\u00fdkonem 16,14 m zv\u00edt\u011bzila a ostatn\u00ed z\u00e1vodnice p\u0159ekonala o v\u00edce ne\u017e \u0161est metr\u016f. Druh\u00e1 dorostenka&nbsp;<a class=\"resultsEanLink\" title=\"Zobrazit v\u00fdsledky atleta v sez\u00f3n\u011b 2022\" href=\"https:\/\/online.atletika.cz\/vysledky-atleta\/2022\/10000100056\">Kl\u00e1ra Mozgvov\u00e1<\/a>&nbsp;vrhla nejd\u00e1le na 9,78 m a t\u0159et\u00ed&nbsp;<a class=\"resultsEanLink\" title=\"Zobrazit v\u00fdsledky atleta v sez\u00f3n\u011b 2022\" href=\"https:\/\/online.atletika.cz\/vysledky-atleta\/2022\/10000022136\">Kate\u0159ina \u010cernock\u00e1<\/a>&nbsp;zaznamenala nov\u00fd osob\u00e1k v\u00fdkonem 9,67 m.<\/p>\n<div id=\"attachment_36288\" style=\"width: 2410px\" class=\"wp-caption alignleft\"><a href=\"https:\/\/www.atletikaolomouc.cz\/wp-content\/uploads\/2022\/12\/P10102251.jpg\"><img aria-describedby=\"caption-attachment-36288\" decoding=\"async\" loading=\"lazy\" class=\"wp-image-36288 size-full\" src=\"https:\/\/www.atletikaolomouc.cz\/wp-content\/uploads\/2022\/12\/P10102251.jpg\" alt=\"\" width=\"2400\" height=\"1600\" srcset=\"https:\/\/old.atletikaolomouc.cz\/wp-content\/uploads\/2022\/12\/P10102251.jpg 2400w, https:\/\/old.atletikaolomouc.cz\/wp-content\/uploads\/2022\/12\/P10102251-300x200.jpg 300w, https:\/\/old.atletikaolomouc.cz\/wp-content\/uploads\/2022\/12\/P10102251-768x512.jpg 768w, https:\/\/old.atletikaolomouc.cz\/wp-content\/uploads\/2022\/12\/P10102251-800x533.jpg 800w, https:\/\/old.atletikaolomouc.cz\/wp-content\/uploads\/2022\/12\/P10102251-385x258.jpg 385w\" sizes=\"(max-width: 2400px) 100vw, 2400px\" \/><\/a><p id=\"caption-attachment-36288\" class=\"wp-caption-text\">Martina Mazurov\u00e1<\/p><\/div>\n<p>V 15:00 u\u017e m\u011bli rozhod\u010d\u00ed nachystan\u00e9 v sektoru koule o hmotnosti p\u011bt a \u0161est kilogram\u016f a do kruhu nastoupili dorostenci a junio\u0159i. Dorosteneckou kategorii ovl\u00e1dl brn\u011bnsk\u00fd&nbsp;<a class=\"resultsEanLink\" title=\"Zobrazit v\u00fdsledky atleta v sez\u00f3n\u011b 2022\" href=\"https:\/\/online.atletika.cz\/vysledky-atleta\/2022\/10000018475\">Marek Hrub\u00fd<\/a>&nbsp;z Atletiky Slavkov u Brna v\u00fdkonem 16,70 m p\u0159ed druh\u00fdm&nbsp;<a class=\"resultsEanLink\" title=\"Zobrazit v\u00fdsledky atleta v sez\u00f3n\u011b 2022\" href=\"https:\/\/online.atletika.cz\/vysledky-atleta\/2022\/10000023425\">Fialou<\/a>&nbsp;ze stejn\u00e9ho klubu a t\u0159et\u00edm&nbsp;<a class=\"resultsEanLink\" title=\"Zobrazit v\u00fdsledky atleta v sez\u00f3n\u011b 2022\" href=\"https:\/\/online.atletika.cz\/vysledky-atleta\/2022\/10000022641\">Zbo\u0159ilem<\/a>&nbsp;ze Zl\u00edna. Juniorsk\u00fd z\u00e1vod pat\u0159il slovensk\u00e9mu koula\u0159i <a href=\"https:\/\/online.atletika.cz\/vysledky-atleta\/2022\/10000011936\" target=\"_blank\" rel=\"noopener\">Karlu \u0160ulovi<\/a>, kter\u00fd rozbur\u00e1cel celou halu a zv\u00edt\u011bzil v\u00fdkonem 18,72 m. Druh\u00fd skon\u010dil opavsk\u00fd&nbsp;<a class=\"resultsEanLink\" title=\"Zobrazit v\u00fdsledky atleta v sez\u00f3n\u011b 2022\" href=\"https:\/\/online.atletika.cz\/vysledky-atleta\/2022\/10000014654\">Martin Vajda<\/a>&nbsp;v\u00fdkonem 15,04 m a bronz obdr\u017eel za v\u00fdkon 14,33 m dom\u00e1c\u00ed <a class=\"resultsEanLink\" title=\"Zobrazit v\u00fdsledky atleta v sez\u00f3n\u011b 2022\" href=\"https:\/\/online.atletika.cz\/vysledky-atleta\/2022\/10000011939\">Daniel Matu\u0161\u00edk<\/a>.<\/p>\n<div id=\"attachment_36313\" style=\"width: 2410px\" class=\"wp-caption alignleft\"><a href=\"https:\/\/www.atletikaolomouc.cz\/wp-content\/uploads\/2022\/12\/P10102451.jpg\"><img aria-describedby=\"caption-attachment-36313\" decoding=\"async\" loading=\"lazy\" class=\"size-full wp-image-36313\" src=\"https:\/\/www.atletikaolomouc.cz\/wp-content\/uploads\/2022\/12\/P10102451.jpg\" alt=\"\" width=\"2400\" height=\"1600\" srcset=\"https:\/\/old.atletikaolomouc.cz\/wp-content\/uploads\/2022\/12\/P10102451.jpg 2400w, https:\/\/old.atletikaolomouc.cz\/wp-content\/uploads\/2022\/12\/P10102451-300x200.jpg 300w, https:\/\/old.atletikaolomouc.cz\/wp-content\/uploads\/2022\/12\/P10102451-768x512.jpg 768w, https:\/\/old.atletikaolomouc.cz\/wp-content\/uploads\/2022\/12\/P10102451-800x533.jpg 800w, https:\/\/old.atletikaolomouc.cz\/wp-content\/uploads\/2022\/12\/P10102451-385x258.jpg 385w\" sizes=\"(max-width: 2400px) 100vw, 2400px\" \/><\/a><p id=\"caption-attachment-36313\" class=\"wp-caption-text\">Nej\u00fasp\u011b\u0161n\u011bj\u0161\u00ed junio\u0159i na stupn\u00edch v\u00edt\u011bz\u016f<\/p><\/div>\n<p>V 16:00 pak za\u010dala sout\u011b\u017e juniorek a \u017een, kter\u00e9 vrhaly spole\u010dn\u011b \u010dty\u0159 kilov\u00fdm n\u00e1\u010din\u00edm. Mezi juniorkami se o&nbsp;nejv\u011bt\u0161\u00ed p\u0159ekvapen\u00ed m\u00edtinku postarala v\u00edtkovick\u00e1 z\u00e1vodnice&nbsp;<a class=\"resultsEanLink\" title=\"Zobrazit v\u00fdsledky atleta v sez\u00f3n\u011b 2022\" href=\"https:\/\/online.atletika.cz\/vysledky-atleta\/2022\/10000012493\">Katrin Brzyszkowsk\u00e1<\/a>, kdy\u017e v\u00fdkonem 16,62 m p\u0159ekonala hned v prvn\u00edm pokusu juniorsk\u00fd halov\u00fd rekord \u010cR. Na druh\u00fd cenn\u00fd kov z tohoto m\u00edtinku dos\u00e1hla <a href=\"Martina%20Mazurov\u00e1\" target=\"_blank\" rel=\"noopener\">Martina Mazurov\u00e1<\/a>, kter\u00e1 skon\u010dila v\u00fdkonem 13,50 m mezi juniorkami druh\u00e1 p\u0159ed dal\u0161\u00ed dom\u00e1c\u00ed z\u00e1vodnic\u00ed&nbsp;<a class=\"resultsEanLink\" title=\"Zobrazit v\u00fdsledky atleta v sez\u00f3n\u011b 2022\" href=\"https:\/\/online.atletika.cz\/vysledky-atleta\/2022\/10000014173\">Barborou H\u00e9\u017eovou.<\/a>&nbsp;V kategorii \u017een nastoupily pouze dv\u011b z\u00e1vodnice a ob\u011b z Atletick\u00e9ho klubu Olomouc. \u010cerstv\u00e1 \u010dlenka klubu&nbsp;<a class=\"resultsEanLink\" title=\"Zobrazit v\u00fdsledky atleta v sez\u00f3n\u011b 2022\" href=\"https:\/\/online.atletika.cz\/vysledky-atleta\/2022\/10000002128\">Blanka Tom\u00e1\u0161kov\u00e1&nbsp;<\/a>vrhla kouli do vzd\u00e1lenosti 13,88 m a <a class=\"resultsEanLink\" title=\"Zobrazit v\u00fdsledky atleta v sez\u00f3n\u011b 2022\" href=\"https:\/\/online.atletika.cz\/vysledky-atleta\/2022\/10000123466\">Lucie Ka\u0161parov\u00e1<\/a>&nbsp;zaznamenala nejdel\u0161\u00ed pokus v p\u00e1t\u00e9 s\u00e9rii&nbsp;10,32 m.<\/p>\n<div id=\"attachment_36346\" style=\"width: 2410px\" class=\"wp-caption alignleft\"><a href=\"https:\/\/www.atletikaolomouc.cz\/wp-content\/uploads\/2022\/12\/P10102281.jpg\"><img aria-describedby=\"caption-attachment-36346\" decoding=\"async\" loading=\"lazy\" class=\"wp-image-36346 size-full\" src=\"https:\/\/www.atletikaolomouc.cz\/wp-content\/uploads\/2022\/12\/P10102281.jpg\" alt=\"\" width=\"2400\" height=\"1600\" srcset=\"https:\/\/old.atletikaolomouc.cz\/wp-content\/uploads\/2022\/12\/P10102281.jpg 2400w, https:\/\/old.atletikaolomouc.cz\/wp-content\/uploads\/2022\/12\/P10102281-300x200.jpg 300w, https:\/\/old.atletikaolomouc.cz\/wp-content\/uploads\/2022\/12\/P10102281-768x512.jpg 768w, https:\/\/old.atletikaolomouc.cz\/wp-content\/uploads\/2022\/12\/P10102281-800x533.jpg 800w, https:\/\/old.atletikaolomouc.cz\/wp-content\/uploads\/2022\/12\/P10102281-385x258.jpg 385w\" sizes=\"(max-width: 2400px) 100vw, 2400px\" \/><\/a><p id=\"caption-attachment-36346\" class=\"wp-caption-text\">Katrin Brzyszkowsk\u00e1<\/p><\/div>\n<p><a href=\"https:\/\/online.atletika.cz\/vysledky-atleta\/2022\/10000011936\" target=\"_blank\" rel=\"noopener\">Karel \u0160ula&nbsp;<\/a>uzav\u0159el sv\u00e9 \u00fasp\u011b\u0161n\u00e9 p\u0159edstaven\u00ed na olomouck\u00e9m m\u00edtinku v\u00edt\u011bzstv\u00edm tak\u00e9 v mu\u017esk\u00e9 kategorii, kde mu na zlato sta\u010dilo poslat sedmi kilogramovou kouli do vzd\u00e1lenosti 17,17 m. Druh\u00fd skon\u010dil za v\u00fdkon 15,73 m&nbsp;<a class=\"resultsEanLink\" title=\"Zobrazit v\u00fdsledky atleta v sez\u00f3n\u011b 2022\" href=\"https:\/\/online.atletika.cz\/vysledky-atleta\/2022\/10000074696\">Petr Pla\u0161il<\/a>&nbsp;z TJ Sokol Hradec Kr\u00e1lov\u00e9 a t\u0159et\u00ed p\u0159\u00ed\u010dku obsadil v nov\u00e9m osob\u00e1ku 13,71 m tak\u00e9 hradeck\u00fd&nbsp;<a class=\"resultsEanLink\" title=\"Zobrazit v\u00fdsledky atleta v sez\u00f3n\u011b 2022\" href=\"https:\/\/online.atletika.cz\/vysledky-atleta\/2022\/10000004611\">Jakub Karl\u00edk<\/a>.<\/p>\n<p><a href=\"https:\/\/www.atletikaolomouc.cz\/?p=36366\" target=\"_blank\" rel=\"noopener\">Kompletn\u00ed fotogalerie zde<\/a><br \/>\n<a href=\"https:\/\/online.atletika.cz\/vysledky\/66192\/\" target=\"_blank\" rel=\"noopener\">Kompletn\u00ed v\u00fdsledky zde<\/a><\/p>\n","protected":false},"excerpt":{"rendered":"<p>V sobotu 17. prosince se v olomouck\u00e9 atletick\u00e9 hale konal ji\u017e tradi\u010dn\u00ed V\u00e1no\u010dn\u00ed vrha\u010dsk\u00fd m\u00edtink.&nbsp;O nejv\u011bt\u0161\u00ed p\u0159ekvapen\u00ed m\u00edtinku se postarala v\u00edtkovick\u00e1 z\u00e1vodnice&nbsp;Katrin Brzyszkowsk\u00e1, kdy\u017e v\u00fdkonem 16,62 m p\u0159ekonala juniorsk\u00fd halov\u00fd rekord \u010cR.<\/p>\n","protected":false},"author":14,"featured_media":36168,"comment_status":"closed","ping_status":"closed","sticky":false,"template":"","format":"standard","meta":{"ngg_post_thumbnail":0},"categories":[6,37],"tags":[],"_links":{"self":[{"href":"https:\/\/old.atletikaolomouc.cz\/index.php?rest_route=\/wp\/v2\/posts\/36140"}],"collection":[{"href":"https:\/\/old.atletikaolomouc.cz\/index.php?rest_route=\/wp\/v2\/posts"}],"about":[{"href":"https:\/\/old.atletikaolomouc.cz\/index.php?rest_route=\/wp\/v2\/types\/post"}],"author":[{"embeddable":true,"href":"https:\/\/old.atletikaolomouc.cz\/index.php?rest_route=\/wp\/v2\/users\/14"}],"replies":[{"embeddable":true,"href":"https:\/\/old.atletikaolomouc.cz\/index.php?rest_route=%2Fwp%2Fv2%2Fcomments&post=36140"}],"version-history":[{"count":6,"href":"https:\/\/old.atletikaolomouc.cz\/index.php?rest_route=\/wp\/v2\/posts\/36140\/revisions"}],"predecessor-version":[{"id":36371,"href":"https:\/\/old.atletikaolomouc.cz\/index.php?rest_route=\/wp\/v2\/posts\/36140\/revisions\/36371"}],"wp:featuredmedia":[{"embeddable":true,"href":"https:\/\/old.atletikaolomouc.cz\/index.php?rest_route=\/wp\/v2\/media\/36168"}],"wp:attachment":[{"href":"https:\/\/old.atletikaolomouc.cz\/index.php?rest_route=%2Fwp%2Fv2%2Fmedia&parent=36140"}],"wp:term":[{"taxonomy":"category","embeddable":true,"href":"https:\/\/old.atletikaolomouc.cz\/index.php?rest_route=%2Fwp%2Fv2%2Fcategories&post=36140"},{"taxonomy":"post_tag","embeddable":true,"href":"https:\/\/old.atletikaolomouc.cz\/index.php?rest_route=%2Fwp%2Fv2%2Ftags&post=36140"}],"curies":[{"name":"wp","href":"https:\/\/api.w.org\/{rel}","templated":true}]}}