{"id":3623,"date":"2013-03-05T10:01:39","date_gmt":"2013-03-05T09:01:39","guid":{"rendered":"http:\/\/www.atletikaolomouc.cz\/?p=3623"},"modified":"2013-03-05T10:01:39","modified_gmt":"2013-03-05T09:01:39","slug":"mcr-zactva-v-jablonci-2","status":"publish","type":"post","link":"https:\/\/old.atletikaolomouc.cz\/?p=3623","title":{"rendered":"M\u010cR \u017eactva v Jablonci"},"content":{"rendered":"<p style=\"text-align: justify;\">V jabloneck\u00e9 hale prob\u011bhlo o v\u00edkendu 2.-3. b\u0159ezna 2013 Mistrovstv\u00ed \u010cR \u017e\u00e1kovsk\u00fdch kategori\u00ed. Hned prvn\u00ed den n\u00e1m p\u0159inesl zlatou medaili. V ned\u011bli pak vypojovala \u0161tafeta star\u0161\u00edch \u017e\u00e1k\u016f st\u0159\u00edbro.<img decoding=\"async\" title=\"Cel\u00fd p\u0159\u00edsp\u011bvek...\" src=\"http:\/\/www.atletikaolomouc.cz\/wp-includes\/js\/tinymce\/plugins\/wordpress\/img\/trans.gif\" alt=\"\" \/><\/p>\n<p style=\"text-align: justify;\"><!--more--><\/p>\n<p style=\"text-align: justify;\">Prvn\u00ed den \u0161ampion\u00e1tu se do fin\u00e1le na 60 m probojoval <strong>Adam R\u00f6der<\/strong>. Ten se radoval z t\u011bsn\u00e9ho v\u00edt\u011bzstv\u00ed a \u010dasem 7.25 s jen o tis\u00edciny porazil Adama Fojcika z TJ J\u00e4kl Karvin\u00e1. O kone\u010dn\u00e9m po\u0159ad\u00ed dlouho rozhodovala c\u00edlov\u00e1 kamera. V rozb\u011bz\u00edch na 60 m se p\u0159edstavili je\u0161t\u011b dal\u0161\u00ed olomou\u010dt\u00ed z\u00e1vodn\u00edci. <strong>Petr \u010cesnek<\/strong> \u010dasem 7.76 s a <strong>Dominik Or\u00e1lek<\/strong> v\u00fdkonem 7.69 s v\u0161ak nepostoupili do mezib\u011bh\u016f. Petr \u010cesnek z\u00e1vodil je\u0161t\u011b v rozb\u011bz\u00edch na 60 m p\u0159ek\u00e1\u017eek. I kdy\u017e si vylep\u0161il sv\u00e9 osobn\u00ed maximum na 8.98 s, na postup do fin\u00e1le to nesta\u010dilo.<br \/>Ve skoku o ty\u010di \u0161el do z\u00e1vodu se \u010dtvrt\u00fdm nejlep\u0161\u00edm v\u00fdkonem sez\u00f3ny <strong>Filip Samuel<\/strong>. Nakonec v\u0161ak skokem vysok\u00fdm 3.20 cm obsadil jen celkov\u00e9 6. m\u00edsto. Filip m\u00e1 v ty\u010di ale velk\u00e9 rezervy a v\u011b\u0159\u00edme, \u017ee si v\u0161e vynahrad\u00ed na letn\u00edm M\u010cR.<br \/>V rozb\u011bz\u00edch na 800 m se sna\u017eila do fin\u00e1le probojovat <strong>Mark\u00e9ta Novotn\u00e1<\/strong>. \u010casem 2:33.95 min se j\u00ed to bohu\u017eel nepoda\u0159ilo.<\/p>\n<p style=\"text-align: justify;\">Ned\u011ble se pak nesla v duchu bramborov\u00fdch medail\u00ed. <strong>Mat\u011bj Plach\u00fd<\/strong> se ve vrhu koul\u00ed dlouho dr\u017eel na 3. m\u00edst\u011b. V p\u00e1t\u00fdch pokusech ho ale p\u0159ehodil Petr Toman z TJ Slavoj Star\u00e1 Boleslav. I kdy\u017e si Mat\u011bj \u0161est\u00fdm pokusem vylep\u0161il sv\u00e9 osobn\u00ed maximum na 12.75 m, nakonec to na medaili nesta\u010dilo a Mat\u011bj obsadil celkov\u00e9 4. m\u00edsto. <br \/>Ve skoku dalek\u00e9m \u017e\u00e1k\u016f se sna\u017eil vybojovat jednu z medail\u00ed <strong>Adam R\u00f6der<\/strong>. Ze \u0161esti pokus\u016f m\u011bl v\u0161ak m\u011b\u0159en\u00e9 pouze dva a nejdel\u0161\u00ed z nich 5.90 cm sta\u010dil jen na 4. m\u00edsto. Adam si pak cht\u011bl zlep\u0161it n\u00e1ladu ve fin\u00e1le na 150 m. Nakonec z toho bylo tak\u00e9 jen 4. m\u00edsto v\u00fdkonem 18.35 s.<br \/>Ve skoku vysok\u00e9m jsme m\u011bli hned t\u0159i z\u00e1vodn\u00edky. Nejlep\u0161\u00ed z nich <strong>Petr \u010cesnek<\/strong> obsadil v\u00fdkonem 173 cm 10. m\u00edsto (nutno podotknout, \u017ee 173 cm nask\u00e1kali z\u00e1vodn\u00edci od 4. po 10. m\u00edsto a o celkov\u00e9m um\u00edst\u011bn\u00ed rozhodoval po\u010det nezda\u0159en\u00fdch pokus\u016f). <strong>Filip Samuel<\/strong> se zastavil na v\u00fd\u0161ce 165 cm, co\u017e bylo celkov\u00e9 12. m\u00edsto. <strong>Samuel Emereoha<\/strong> sko\u010dil 160 cm a obsadil 15. m\u00edsto.<br \/>Celkovou n\u00e1ladu v olomouck\u00e9m t\u00e1bo\u0159e pak vylep\u0161ila \u0161tafeta \u017e\u00e1k\u016f na 3&#215;300 m. Ta si ve slo\u017een\u00ed <strong>Or\u00e1lek, Emereoha a R\u00f6der<\/strong> dob\u011bhla pro st\u0159\u00edbrnou medaili \u010dasem 2:00.50 min.<\/p>\n<p style=\"text-align: justify;\">Kompletn\u00ed v\u00fdsledky najdete <a href=\"http:\/\/online.atletika.cz\/vysledky.aspx?idk=16512\" target=\"_blank\">zde<\/a>.<br \/>Fotografie ze z\u00e1vodu <a title=\"Mistrovstv\u00ed \u010cR \u017eactva v hale \u2013 foto\" href=\"http:\/\/www.atletikaolomouc.cz\/?p=3619\">zde<\/a>.<\/p>\n<p style=\"text-align: justify;\"><strong>Um\u00edst\u011bn\u00ed na M\u010cR \u017eactva:<\/strong><\/p>\n<table border=\"0\">\n<tbody>\n<tr>\n<td><strong>1. m\u00edsto<\/strong><\/td>\n<td>Adam R\u00f6der<\/td>\n<td>60 m<\/td>\n<td>7.25 s<\/td>\n<\/tr>\n<tr>\n<td><strong>2. m\u00edsto<\/strong><\/td>\n<td>Or\u00e1lek, Emereoha, R\u00f6der<\/td>\n<td>3&#215;300 m<\/td>\n<td>2:00.50 min<\/td>\n<\/tr>\n<tr>\n<td>4. m\u00edsto<\/td>\n<td>Mat\u011bj Plach\u00fd<\/td>\n<td>koule<\/td>\n<td>12.75 m<\/td>\n<\/tr>\n<tr>\n<td>4. m\u00edsto<\/td>\n<td>Adam R\u00f6der<\/td>\n<td>d\u00e1lka<\/td>\n<td>590 cm<\/td>\n<\/tr>\n<tr>\n<td>4. m\u00edsto<\/td>\n<td>Adam R\u00f6der<\/td>\n<td>150 m<\/td>\n<td>18.35 s<\/td>\n<\/tr>\n<tr>\n<td>6. m\u00edsto<\/td>\n<td>Filip Samuel<\/td>\n<td>ty\u010d<\/td>\n<td>320 cm<\/td>\n<\/tr>\n<tr>\n<td>10. m\u00edsto<\/td>\n<td>Petr \u010cesnek<\/td>\n<td>v\u00fd\u0161ka<\/td>\n<td>173 cm<\/td>\n<\/tr>\n<tr>\n<td>12. m\u00edsto<\/td>\n<td>Filip Samuel<\/td>\n<td>v\u00fd\u0161ka<\/td>\n<td>165 cm<\/td>\n<\/tr>\n<tr>\n<td>15. m\u00edsto<\/td>\n<td>Samuel Emereoha<\/td>\n<td>v\u00fd\u0161ka<\/td>\n<td>160 cm<\/td>\n<\/tr>\n<tr>\n<td>rozb\u011bh<\/td>\n<td>Petr \u010cesnek<\/td>\n<td>60 m p\u0159.<\/td>\n<td>8.98 s<\/td>\n<\/tr>\n<tr>\n<td>rozb\u011bh<\/td>\n<td>Mark\u00e9ta Novotn\u00e1<\/td>\n<td>800 m<\/td>\n<td>2:33.95 min<\/td>\n<\/tr>\n<tr>\n<td>rozb\u011bh<\/td>\n<td>Dominik Or\u00e1lek<\/td>\n<td>60 m<\/td>\n<td>7.69 s<\/td>\n<\/tr>\n<tr>\n<td>rozb\u011bh<\/td>\n<td>Petr \u010cesnek<\/td>\n<td>60 m<\/td>\n<td>7.76 s<\/td>\n<\/tr>\n<\/tbody>\n<\/table>\n<p style=\"text-align: justify;\">\u00a0<\/p>\n","protected":false},"excerpt":{"rendered":"<p>V jabloneck\u00e9 hale prob\u011bhlo o v\u00edkendu 2.-3. b\u0159ezna 2013 Mistrovstv\u00ed \u010cR \u017e\u00e1kovsk\u00fdch kategori\u00ed. Hned prvn\u00ed den n\u00e1m p\u0159inesl zlatou medaili. V ned\u011bli pak vypojovala \u0161tafeta star\u0161\u00edch \u017e\u00e1k\u016f st\u0159\u00edbro.<\/p>\n","protected":false},"author":4,"featured_media":3624,"comment_status":"closed","ping_status":"closed","sticky":false,"template":"","format":"standard","meta":{"ngg_post_thumbnail":0},"categories":[6,37,15,16],"tags":[],"_links":{"self":[{"href":"https:\/\/old.atletikaolomouc.cz\/index.php?rest_route=\/wp\/v2\/posts\/3623"}],"collection":[{"href":"https:\/\/old.atletikaolomouc.cz\/index.php?rest_route=\/wp\/v2\/posts"}],"about":[{"href":"https:\/\/old.atletikaolomouc.cz\/index.php?rest_route=\/wp\/v2\/types\/post"}],"author":[{"embeddable":true,"href":"https:\/\/old.atletikaolomouc.cz\/index.php?rest_route=\/wp\/v2\/users\/4"}],"replies":[{"embeddable":true,"href":"https:\/\/old.atletikaolomouc.cz\/index.php?rest_route=%2Fwp%2Fv2%2Fcomments&post=3623"}],"version-history":[{"count":1,"href":"https:\/\/old.atletikaolomouc.cz\/index.php?rest_route=\/wp\/v2\/posts\/3623\/revisions"}],"predecessor-version":[{"id":3625,"href":"https:\/\/old.atletikaolomouc.cz\/index.php?rest_route=\/wp\/v2\/posts\/3623\/revisions\/3625"}],"wp:featuredmedia":[{"embeddable":true,"href":"https:\/\/old.atletikaolomouc.cz\/index.php?rest_route=\/wp\/v2\/media\/3624"}],"wp:attachment":[{"href":"https:\/\/old.atletikaolomouc.cz\/index.php?rest_route=%2Fwp%2Fv2%2Fmedia&parent=3623"}],"wp:term":[{"taxonomy":"category","embeddable":true,"href":"https:\/\/old.atletikaolomouc.cz\/index.php?rest_route=%2Fwp%2Fv2%2Fcategories&post=3623"},{"taxonomy":"post_tag","embeddable":true,"href":"https:\/\/old.atletikaolomouc.cz\/index.php?rest_route=%2Fwp%2Fv2%2Ftags&post=3623"}],"curies":[{"name":"wp","href":"https:\/\/api.w.org\/{rel}","templated":true}]}}