{"id":36447,"date":"2022-12-20T12:05:04","date_gmt":"2022-12-20T11:05:04","guid":{"rendered":"https:\/\/www.atletikaolomouc.cz\/?p=36447"},"modified":"2022-12-20T12:23:00","modified_gmt":"2022-12-20T11:23:00","slug":"pekelna-koule-ostrava","status":"publish","type":"post","link":"https:\/\/old.atletikaolomouc.cz\/?p=36447","title":{"rendered":"Pekeln\u00e1 koule &#8211; Ostrava"},"content":{"rendered":"<p>10.12 prob\u011bhl ve v\u00edtkovick\u00e9 hale z\u00e1vod handicapovan\u00fdch &#8211; Pekeln\u00e1 koule<!--more--><\/p>\n<p style=\"text-align: justify;\">Ostrava hostila p\u0159edv\u00e1no\u010dn\u00ed halov\u00fd z\u00e1vod pro vrha\u010de. Za n\u00e1\u0161 klub z\u00e1vodil Michal Rotter a Eva Kacanu. Ve vlo\u017een\u00e9m d\u011btsk\u00e9m z\u00e1vodu v j\u00edzd\u011b na 60m a hodu raketkou z\u00e1vodila Ad\u00e9lka Dur\u010d\u00e1kov\u00e1.<br \/>\nEva vrhla koul\u00ed 4,87m a skon\u010dila na t\u0159et\u00edm m\u00edst\u011b, Michal skon\u010dil na p\u00e1t\u00e9m m\u00edst\u011b a vrhnul 6,53m.<br \/>\nAd\u00e9lka v hodu raketkou skon\u010dila s v\u00fdkonem 4,58m z\u00edskala zlatou medaili, v j\u00edzd\u011b na 60m s \u010dasem 28,56 pov\u011bsila na krk druhou zlatou medaili.<\/p>\n<p><a href=\"https:\/\/www.atletikaolomouc.cz\/wp-content\/uploads\/2022\/12\/IMG-20221220-WA0004.jpg\"><img decoding=\"async\" loading=\"lazy\" class=\"alignnone wp-image-36448\" src=\"https:\/\/www.atletikaolomouc.cz\/wp-content\/uploads\/2022\/12\/IMG-20221220-WA0004-338x600.jpg\" alt=\"\" width=\"176\" height=\"312\" srcset=\"https:\/\/old.atletikaolomouc.cz\/wp-content\/uploads\/2022\/12\/IMG-20221220-WA0004-338x600.jpg 338w, https:\/\/old.atletikaolomouc.cz\/wp-content\/uploads\/2022\/12\/IMG-20221220-WA0004-169x300.jpg 169w, https:\/\/old.atletikaolomouc.cz\/wp-content\/uploads\/2022\/12\/IMG-20221220-WA0004-768x1365.jpg 768w, https:\/\/old.atletikaolomouc.cz\/wp-content\/uploads\/2022\/12\/IMG-20221220-WA0004.jpg 1125w\" sizes=\"(max-width: 176px) 100vw, 176px\" \/>&nbsp; &nbsp; &nbsp; &nbsp;<\/a><a href=\"https:\/\/www.atletikaolomouc.cz\/wp-content\/uploads\/2022\/12\/IMG-20221220-WA0005.jpg\"><img decoding=\"async\" loading=\"lazy\" class=\"alignnone wp-image-36449\" src=\"https:\/\/www.atletikaolomouc.cz\/wp-content\/uploads\/2022\/12\/IMG-20221220-WA0005-277x600.jpg\" alt=\"\" width=\"143\" height=\"310\" srcset=\"https:\/\/old.atletikaolomouc.cz\/wp-content\/uploads\/2022\/12\/IMG-20221220-WA0005-277x600.jpg 277w, https:\/\/old.atletikaolomouc.cz\/wp-content\/uploads\/2022\/12\/IMG-20221220-WA0005-138x300.jpg 138w, https:\/\/old.atletikaolomouc.cz\/wp-content\/uploads\/2022\/12\/IMG-20221220-WA0005-768x1664.jpg 768w, https:\/\/old.atletikaolomouc.cz\/wp-content\/uploads\/2022\/12\/IMG-20221220-WA0005.jpg 923w\" sizes=\"(max-width: 143px) 100vw, 143px\" \/>&nbsp; &nbsp; &nbsp; &nbsp;&nbsp;<\/a><a href=\"https:\/\/www.atletikaolomouc.cz\/wp-content\/uploads\/2022\/12\/D\u011aTI.jpg\"><img decoding=\"async\" loading=\"lazy\" class=\"alignnone wp-image-36450\" src=\"https:\/\/www.atletikaolomouc.cz\/wp-content\/uploads\/2022\/12\/D\u011aTI-450x600.jpg\" alt=\"\" width=\"231\" height=\"308\" srcset=\"https:\/\/old.atletikaolomouc.cz\/wp-content\/uploads\/2022\/12\/D\u011aTI-450x600.jpg 450w, https:\/\/old.atletikaolomouc.cz\/wp-content\/uploads\/2022\/12\/D\u011aTI-225x300.jpg 225w, https:\/\/old.atletikaolomouc.cz\/wp-content\/uploads\/2022\/12\/D\u011aTI-768x1024.jpg 768w\" sizes=\"(max-width: 231px) 100vw, 231px\" \/><\/a><\/p>\n<p>V\u00fdsledky k nahl\u00e9dnut\u00ed <a href=\"https:\/\/www.atletikaolomouc.cz\/wp-content\/uploads\/2022\/12\/V\u00fdsledky-pekeln\u00e1-koule-10.12.2022-.pdf\">zde<\/a>.<br \/>\nV\u0161em t\u0159em atlet\u016fm pat\u0159\u00ed gratulace.<\/p>\n","protected":false},"excerpt":{"rendered":"<p>10.12 prob\u011bhl ve v\u00edtkovick\u00e9 hale z\u00e1vod handicapovan\u00fdch &#8211; Pekeln\u00e1 koule<\/p>\n","protected":false},"author":17,"featured_media":0,"comment_status":"closed","ping_status":"closed","sticky":false,"template":"","format":"standard","meta":{"ngg_post_thumbnail":0},"categories":[48],"tags":[],"_links":{"self":[{"href":"https:\/\/old.atletikaolomouc.cz\/index.php?rest_route=\/wp\/v2\/posts\/36447"}],"collection":[{"href":"https:\/\/old.atletikaolomouc.cz\/index.php?rest_route=\/wp\/v2\/posts"}],"about":[{"href":"https:\/\/old.atletikaolomouc.cz\/index.php?rest_route=\/wp\/v2\/types\/post"}],"author":[{"embeddable":true,"href":"https:\/\/old.atletikaolomouc.cz\/index.php?rest_route=\/wp\/v2\/users\/17"}],"replies":[{"embeddable":true,"href":"https:\/\/old.atletikaolomouc.cz\/index.php?rest_route=%2Fwp%2Fv2%2Fcomments&post=36447"}],"version-history":[{"count":3,"href":"https:\/\/old.atletikaolomouc.cz\/index.php?rest_route=\/wp\/v2\/posts\/36447\/revisions"}],"predecessor-version":[{"id":36457,"href":"https:\/\/old.atletikaolomouc.cz\/index.php?rest_route=\/wp\/v2\/posts\/36447\/revisions\/36457"}],"wp:attachment":[{"href":"https:\/\/old.atletikaolomouc.cz\/index.php?rest_route=%2Fwp%2Fv2%2Fmedia&parent=36447"}],"wp:term":[{"taxonomy":"category","embeddable":true,"href":"https:\/\/old.atletikaolomouc.cz\/index.php?rest_route=%2Fwp%2Fv2%2Fcategories&post=36447"},{"taxonomy":"post_tag","embeddable":true,"href":"https:\/\/old.atletikaolomouc.cz\/index.php?rest_route=%2Fwp%2Fv2%2Ftags&post=36447"}],"curies":[{"name":"wp","href":"https:\/\/api.w.org\/{rel}","templated":true}]}}