{"id":36452,"date":"2022-12-20T12:32:52","date_gmt":"2022-12-20T11:32:52","guid":{"rendered":"https:\/\/www.atletikaolomouc.cz\/?p=36452"},"modified":"2022-12-21T14:46:24","modified_gmt":"2022-12-21T13:46:24","slug":"handi-vanocni-hala-2022","status":"publish","type":"post","link":"https:\/\/old.atletikaolomouc.cz\/?p=36452","title":{"rendered":"Handi V\u00e1no\u010dn\u00ed hala 2022"},"content":{"rendered":"<p>Olomouck\u00e1 V\u00e1no\u010dn\u00ed hala 17.12. 2022<!--more--><\/p>\n<p style=\"text-align: justify;\">Tuto sobotu prob\u011bhlo tradi\u010dn\u00ed setk\u00e1n\u00ed vrha\u010d\u016f v olomouck\u00e9 hale pod z\u00e1\u0161titou n\u00e1m\u011bstka hejtmana Olomouck\u00e9ho kraje pana Ivo Slavot\u00ednka, kter\u00fd z\u00e1vodn\u00edk\u016fm p\u0159ed\u00e1val ceny. Jako p\u0159edskokani chod\u00edc\u00edm vrha\u010d\u016fm byli handicapovan\u00ed ve vrhu koul\u00ed a ku\u017eelkou, d\u011bti z\u00e1vodily v hodu raketkou.<br \/>\n&nbsp;<a href=\"https:\/\/www.atletikaolomouc.cz\/wp-content\/uploads\/2022\/12\/DSC_0182.jpg\"><img decoding=\"async\" loading=\"lazy\" class=\"wp-image-36453 aligncenter\" src=\"https:\/\/www.atletikaolomouc.cz\/wp-content\/uploads\/2022\/12\/DSC_0182-800x600.jpg\" alt=\"\" width=\"345\" height=\"259\" srcset=\"https:\/\/old.atletikaolomouc.cz\/wp-content\/uploads\/2022\/12\/DSC_0182-800x600.jpg 800w, https:\/\/old.atletikaolomouc.cz\/wp-content\/uploads\/2022\/12\/DSC_0182-300x225.jpg 300w, https:\/\/old.atletikaolomouc.cz\/wp-content\/uploads\/2022\/12\/DSC_0182-768x576.jpg 768w\" sizes=\"(max-width: 345px) 100vw, 345px\" \/><\/a>V hodu ku\u017eelkou z\u00e1vodila Eva Kvapilov\u00e1 z\u00edskala bronzovou medaili, Ad\u00e9la Sekyrov\u00e1 vyhr\u00e1la svou kategorii.<br \/>\nVe vrhu koul\u00ed sout\u011b\u017eila Eva Kacanu z\u00edskala zlatou medaili, Luk\u00e1\u0161 Studen\u00fd byl st\u0159\u00edbrn\u00fd, Du\u0161an \u0160\u010dambura z\u00edskal zlato, Luk\u00e1\u0161 Kunc bral za sv\u016fj v\u00fdkon st\u0159\u00edbrnou medaili a Jaroslav Str\u00e1nsk\u00fd jako jedin\u00fd chod\u00edc\u00ed atlet za olomouck\u00fd klub z\u00edskal st\u0159\u00edbro.<br \/>\nV hodu raketkou v d\u011btsk\u00e9 kategorii z\u00e1vodili a z\u00edskali n\u00e1sleduj\u00edc\u00ed medailov\u00e9 um\u00edst\u011bn\u00ed:<br \/>\nNikola Sikorov\u00e1 st\u0159\u00edbro, Ad\u00e9la Dur\u010d\u00e1kov\u00e1 zlato, Karol\u00edna Stratilov\u00e1 st\u0159\u00edbrn\u00e1.<br \/>\nMiki Rak st\u0159\u00edbrn\u00fd a Martin P\u0159ichystal st\u0159\u00edbrn\u00fd.<\/p>\n<p>V\u00fdsledky <a href=\"https:\/\/www.atletikaolomouc.cz\/wp-content\/uploads\/2022\/12\/17.12.-2022-v\u00fdsledky-ZP.pdf\">dosp\u011bl\u00ed<\/a>, v\u00fdsledky <a href=\"https:\/\/www.atletikaolomouc.cz\/wp-content\/uploads\/2022\/12\/v\u00fdsledky-Junio\u0159i.pdf\">d\u011bti<\/a>.<br \/>\nV\u0161em pos\u00edl\u00e1me gratulace a p\u0159ejeme s\u00edlu do dal\u0161\u00edho roku k tr\u00e9nink\u016fm a z\u00e1vod\u016fm.<\/p>\n","protected":false},"excerpt":{"rendered":"<p>Olomouck\u00e1 V\u00e1no\u010dn\u00ed hala 17.12. 2022<\/p>\n","protected":false},"author":17,"featured_media":0,"comment_status":"closed","ping_status":"closed","sticky":false,"template":"","format":"standard","meta":{"ngg_post_thumbnail":0},"categories":[5,48],"tags":[],"_links":{"self":[{"href":"https:\/\/old.atletikaolomouc.cz\/index.php?rest_route=\/wp\/v2\/posts\/36452"}],"collection":[{"href":"https:\/\/old.atletikaolomouc.cz\/index.php?rest_route=\/wp\/v2\/posts"}],"about":[{"href":"https:\/\/old.atletikaolomouc.cz\/index.php?rest_route=\/wp\/v2\/types\/post"}],"author":[{"embeddable":true,"href":"https:\/\/old.atletikaolomouc.cz\/index.php?rest_route=\/wp\/v2\/users\/17"}],"replies":[{"embeddable":true,"href":"https:\/\/old.atletikaolomouc.cz\/index.php?rest_route=%2Fwp%2Fv2%2Fcomments&post=36452"}],"version-history":[{"count":5,"href":"https:\/\/old.atletikaolomouc.cz\/index.php?rest_route=\/wp\/v2\/posts\/36452\/revisions"}],"predecessor-version":[{"id":36463,"href":"https:\/\/old.atletikaolomouc.cz\/index.php?rest_route=\/wp\/v2\/posts\/36452\/revisions\/36463"}],"wp:attachment":[{"href":"https:\/\/old.atletikaolomouc.cz\/index.php?rest_route=%2Fwp%2Fv2%2Fmedia&parent=36452"}],"wp:term":[{"taxonomy":"category","embeddable":true,"href":"https:\/\/old.atletikaolomouc.cz\/index.php?rest_route=%2Fwp%2Fv2%2Fcategories&post=36452"},{"taxonomy":"post_tag","embeddable":true,"href":"https:\/\/old.atletikaolomouc.cz\/index.php?rest_route=%2Fwp%2Fv2%2Ftags&post=36452"}],"curies":[{"name":"wp","href":"https:\/\/api.w.org\/{rel}","templated":true}]}}