{"id":36475,"date":"2022-12-22T16:41:45","date_gmt":"2022-12-22T15:41:45","guid":{"rendered":"https:\/\/www.atletikaolomouc.cz\/?p=36475"},"modified":"2023-01-04T11:55:47","modified_gmt":"2023-01-04T10:55:47","slug":"vanocni-provoz-atleticke-haly-5","status":"publish","type":"post","link":"https:\/\/old.atletikaolomouc.cz\/?p=36475","title":{"rendered":"V\u00e1no\u010dn\u00ed provoz atletick\u00e9 haly"},"content":{"rendered":"<p style=\"text-align: justify;\">Otev\u00edrac\u00ed doba atletick\u00e9 haly a \u0161aten TJ Lokomotiva Olomouc bude b\u011bhem V\u00e1no\u010dn\u00edch sv\u00e1tk\u016f n\u00e1sleduj\u00edc\u00ed. Tr\u00e9nink mimo otev\u00edrac\u00ed dobu bude mo\u017en\u00fd pouze po dohod\u011b s osobn\u00edm tren\u00e9rem.<!--more--><\/p>\n<table style=\"height: 198px; width: 231px;\">\n<tbody>\n<tr style=\"height: 18px;\">\n<td style=\"height: 18px; width: 44.0781px;\">23.12.<\/td>\n<td style=\"height: 18px; width: 53.4062px;\">p\u00e1tek<\/td>\n<td style=\"height: 18px; width: 111.516px;\">07:00 &#8211; 15:00<\/td>\n<\/tr>\n<tr style=\"height: 18px;\">\n<td style=\"height: 18px; width: 44.0781px;\">24.12.<\/td>\n<td style=\"height: 18px; width: 53.4062px;\">sobota<\/td>\n<td style=\"height: 18px; width: 111.516px;\"><strong><span style=\"color: #ff0000;\">ZAV\u0158ENO<\/span><\/strong><\/td>\n<\/tr>\n<tr style=\"height: 18px;\">\n<td style=\"height: 18px; width: 44.0781px;\">25.12.<\/td>\n<td style=\"height: 18px; width: 53.4062px;\">ned\u011ble<\/td>\n<td style=\"height: 18px; width: 111.516px;\"><strong><span style=\"color: #ff0000;\">ZAV\u0158ENO<\/span><\/strong><\/td>\n<\/tr>\n<tr style=\"height: 18px;\">\n<td style=\"height: 18px; width: 44.0781px;\">26.12.<\/td>\n<td style=\"height: 18px; width: 53.4062px;\">pond\u011bl\u00ed<\/td>\n<td style=\"height: 18px; width: 111.516px;\"><strong><span style=\"color: #ff0000;\">ZAV\u0158ENO<\/span><\/strong><\/td>\n<\/tr>\n<tr style=\"height: 18px;\">\n<td style=\"height: 18px; width: 44.0781px;\">27.12.<\/td>\n<td style=\"height: 18px; width: 53.4062px;\">\u00fater\u00fd<\/td>\n<td style=\"height: 18px; width: 111.516px;\">08:00 &#8211; 14:00<\/td>\n<\/tr>\n<tr style=\"height: 18px;\">\n<td style=\"height: 18px; width: 44.0781px;\">28.12.<\/td>\n<td style=\"height: 18px; width: 53.4062px;\">st\u0159eda<\/td>\n<td style=\"height: 18px; width: 111.516px;\">08:00 &#8211; 14:00<\/td>\n<\/tr>\n<tr style=\"height: 18px;\">\n<td style=\"height: 18px; width: 44.0781px;\">29.12.<\/td>\n<td style=\"height: 18px; width: 53.4062px;\">\u010dtvrtek<\/td>\n<td style=\"height: 18px; width: 111.516px;\">08:00 &#8211; 14:00<\/td>\n<\/tr>\n<tr style=\"height: 18px;\">\n<td style=\"height: 18px; width: 44.0781px;\">30.12.<\/td>\n<td style=\"height: 18px; width: 53.4062px;\">p\u00e1tek<\/td>\n<td style=\"height: 18px; width: 111.516px;\">08:00 &#8211; 14:00<\/td>\n<\/tr>\n<tr style=\"height: 18px;\">\n<td style=\"height: 18px; width: 44.0781px;\">31.12.<\/td>\n<td style=\"height: 18px; width: 53.4062px;\">sobota<\/td>\n<td style=\"height: 18px; width: 111.516px;\"><strong><span style=\"color: #ff0000;\">ZAV\u0158ENO<\/span><\/strong><\/td>\n<\/tr>\n<tr style=\"height: 18px;\">\n<td style=\"height: 18px; width: 44.0781px;\">01.01.<\/td>\n<td style=\"height: 18px; width: 53.4062px;\">ned\u011ble<\/td>\n<td style=\"height: 18px; width: 111.516px;\"><strong><span style=\"color: #ff0000;\">ZAV\u0158ENO<\/span><\/strong><\/td>\n<\/tr>\n<tr style=\"height: 18px;\">\n<td style=\"height: 18px; width: 44.0781px;\">02.01.<\/td>\n<td style=\"height: 18px; width: 53.4062px;\">pond\u011bl\u00ed<\/td>\n<td style=\"height: 18px; width: 111.516px;\">07:00 &#8211; 18:00<\/td>\n<\/tr>\n<\/tbody>\n<\/table>\n<p>&nbsp;<\/p>\n","protected":false},"excerpt":{"rendered":"<p>Otev\u00edrac\u00ed doba atletick\u00e9 haly a \u0161aten TJ Lokomotiva Olomouc bude b\u011bhem V\u00e1no\u010dn\u00edch sv\u00e1tk\u016f n\u00e1sleduj\u00edc\u00ed. Tr\u00e9nink mimo otev\u00edrac\u00ed dobu bude mo\u017en\u00fd pouze po dohod\u011b s osobn\u00edm tren\u00e9rem.<\/p>\n","protected":false},"author":4,"featured_media":36482,"comment_status":"closed","ping_status":"closed","sticky":false,"template":"","format":"standard","meta":{"ngg_post_thumbnail":0},"categories":[5],"tags":[],"_links":{"self":[{"href":"https:\/\/old.atletikaolomouc.cz\/index.php?rest_route=\/wp\/v2\/posts\/36475"}],"collection":[{"href":"https:\/\/old.atletikaolomouc.cz\/index.php?rest_route=\/wp\/v2\/posts"}],"about":[{"href":"https:\/\/old.atletikaolomouc.cz\/index.php?rest_route=\/wp\/v2\/types\/post"}],"author":[{"embeddable":true,"href":"https:\/\/old.atletikaolomouc.cz\/index.php?rest_route=\/wp\/v2\/users\/4"}],"replies":[{"embeddable":true,"href":"https:\/\/old.atletikaolomouc.cz\/index.php?rest_route=%2Fwp%2Fv2%2Fcomments&post=36475"}],"version-history":[{"count":7,"href":"https:\/\/old.atletikaolomouc.cz\/index.php?rest_route=\/wp\/v2\/posts\/36475\/revisions"}],"predecessor-version":[{"id":36504,"href":"https:\/\/old.atletikaolomouc.cz\/index.php?rest_route=\/wp\/v2\/posts\/36475\/revisions\/36504"}],"wp:featuredmedia":[{"embeddable":true,"href":"https:\/\/old.atletikaolomouc.cz\/index.php?rest_route=\/wp\/v2\/media\/36482"}],"wp:attachment":[{"href":"https:\/\/old.atletikaolomouc.cz\/index.php?rest_route=%2Fwp%2Fv2%2Fmedia&parent=36475"}],"wp:term":[{"taxonomy":"category","embeddable":true,"href":"https:\/\/old.atletikaolomouc.cz\/index.php?rest_route=%2Fwp%2Fv2%2Fcategories&post=36475"},{"taxonomy":"post_tag","embeddable":true,"href":"https:\/\/old.atletikaolomouc.cz\/index.php?rest_route=%2Fwp%2Fv2%2Ftags&post=36475"}],"curies":[{"name":"wp","href":"https:\/\/api.w.org\/{rel}","templated":true}]}}