{"id":36508,"date":"2023-01-08T22:11:52","date_gmt":"2023-01-08T21:11:52","guid":{"rendered":"https:\/\/www.atletikaolomouc.cz\/?p=36508"},"modified":"2023-01-08T22:14:26","modified_gmt":"2023-01-08T21:14:26","slug":"osobni-rekordy-na-uvod-halove-sezony","status":"publish","type":"post","link":"https:\/\/old.atletikaolomouc.cz\/?p=36508","title":{"rendered":"Osobn\u00ed rekordy na \u00favod halov\u00e9 sez\u00f3ny"},"content":{"rendered":"<p class=\"-wm-p3\" style=\"text-align: justify;\"><span class=\"-wm-s2\">V sobotu 7. 1. 2023 se v Ostrav\u011b konaly Zahajovac\u00ed z\u00e1vody dorostu, junior\u016f a dosp\u011bl\u00fdch. Formu v rozj\u00ed\u017ed\u011bj\u00edc\u00ed se halov\u00e9 sez\u00f3n\u011b vyrazilo prov\u011b\u0159it v\u00edce ne\u017e dvacet atlet\u016f a atletek z na\u0161eho klubu.<\/span><\/p>\n<p><!--more--><\/p>\n<p class=\"-wm-p3\" style=\"text-align: justify;\"><span class=\"-wm-s2\">\u00dasp\u011b\u0161n\u011b do nov\u00e9 sez\u00f3ny vstoupily zejm\u00e9na sprinterky. V b\u011bhu na 60 metr\u016f padal jeden osobn\u00ed rekord za druh\u00fdm. Nejv\u00fdrazn\u011bj\u0161\u00edch v\u00fdkon\u016f dos\u00e1hly \u010derstv\u00e1 dorostenka <strong>Johanka \u0160af\u00e1\u0159ov\u00e1<\/strong> &#8211; 7,78s., juniorky <strong>Sofia Delprete<\/strong> &#8211; 7,78s. a <strong>Sabina Hor\u00e1kov\u00e1<\/strong> 7,93s. V\u00fdrazn\u00fd v\u00fdkonnostn\u00ed progress zaznamenala tak\u00e9 na\u0161e nov\u00e1 posila ze slovenska <strong>Nina H\u00faskov\u00e1<\/strong> &#8211; 7,81s. V\u00fdborn\u011b pak pokra\u010dovaly tak\u00e9 v z\u00e1vod\u011b na 150 metr\u016f. Johanka p\u0159idala halov\u00fd osob\u00e1k 18,63s., Sab\u010da a Nina shodn\u011b 18,95s. v osob\u00e1c\u00edch absolutn\u00edch.<\/span><\/p>\n<p class=\"-wm-p3\" style=\"text-align: justify;\"><span class=\"-wm-s2\">V\u00edceboja\u0159 <strong>Jakub Dost\u00e1lek<\/strong> se p\u0159edstavil na p\u0159ek\u00e1\u017ek\u00e1ch, ve skoku do d\u00e1lky a ve skoku o ty\u010di, kde p\u0159edvedl nejkvalitn\u011bj\u0161\u00ed v\u00fdkon a premi\u00e9rov\u011b p\u0159ekonal la\u0165ku ve v\u00fd\u0161ce 400 cm.<\/span><\/p>\n<p class=\"-wm-p3\" style=\"text-align: justify;\"><span class=\"-wm-s2\">Na nemistrovsk\u00fdch trat\u00edch 600 a 1000 metr\u016f se ve v\u00fdte\u010dn\u00e9 form\u011b p\u0159edstavili b\u011b\u017eci <strong>Kl\u00e1ra Fendrychov\u00e1, Kl\u00e1ra Machkov\u00e1, Nicola Mikulkov\u00e1, Tobi\u00e1\u0161 Toman, Felipe Flores, Petr Bachan a Jason Za Nzambi<\/strong>.<\/span><\/p>\n<p class=\"-wm-p3\" style=\"text-align: justify;\"><span class=\"-wm-s2\">Osobn\u00ed maxima si tak\u00e9 vylep\u0161ily v b\u011bhu na 3000 metr\u016f sestry <strong>Sk\u00e1celovy<\/strong>. Dorostenka Hanka zab\u011bhla 10:56,11 min. a mlad\u0161\u00ed ze sester je\u0161t\u011b \u017e\u00e1kyn\u011b Lucie b\u011b\u017eela 11:32,74 min.<\/span><\/p>\n<p class=\"-wm-p3\" style=\"text-align: justify;\"><span class=\"-wm-s2\">Po\u010detn\u00e9 zastoupen\u00ed jsme m\u011bli tak\u00e9 ve skoku do v\u00fd\u0161ky mu\u017esk\u00fdch kategori\u00ed. <strong>Ond\u0159ej Tesa\u0159<\/strong> p\u0159ekonal 195 cm, <strong>Luk\u00e1\u0161 Vajda<\/strong> 190 cm a junior <strong>Marek Dr\u00e1sal<\/strong> 175 cm.<\/span><\/p>\n<p class=\"-wm-p3\" style=\"text-align: justify;\"><span class=\"-wm-s2\">Gratulujeme k p\u0159edveden\u00fdm v\u00fdkon\u016fm, kter\u00e9 jsou pozitivn\u00edm p\u0159\u00edslibem do dal\u0161\u00edch z\u00e1vod\u016f halov\u00e9 sez\u00f3ny 2023.<\/span><\/p>\n<p class=\"-wm-p3\" style=\"text-align: justify;\"><span class=\"-wm-s2\">Kompletn\u00ed v\u00fdsledky z\u00e1vod\u016f naleznete zde:<\/span><\/p>\n<p class=\"-wm-p3\" style=\"text-align: justify;\"><span class=\"-wm-s2\"><a href=\"https:\/\/online.atletika.cz\/vysledky\/66313\" target=\"_blank\" rel=\"noopener\">https:\/\/online.atletika.cz\/vysledky\/66313<\/a><\/span><\/p>\n","protected":false},"excerpt":{"rendered":"<p>V sobotu 7. 1. 2023 se v Ostrav\u011b konaly Zahajovac\u00ed z\u00e1vody dorostu, junior\u016f a dosp\u011bl\u00fdch. Formu v rozj\u00ed\u017ed\u011bj\u00edc\u00ed se halov\u00e9 sez\u00f3n\u011b vyrazilo prov\u011b\u0159it v\u00edce ne\u017e dvacet atlet\u016f a atletek z na\u0161eho klubu.<\/p>\n","protected":false},"author":4,"featured_media":36513,"comment_status":"closed","ping_status":"closed","sticky":false,"template":"","format":"standard","meta":{"ngg_post_thumbnail":0},"categories":[6,37],"tags":[],"_links":{"self":[{"href":"https:\/\/old.atletikaolomouc.cz\/index.php?rest_route=\/wp\/v2\/posts\/36508"}],"collection":[{"href":"https:\/\/old.atletikaolomouc.cz\/index.php?rest_route=\/wp\/v2\/posts"}],"about":[{"href":"https:\/\/old.atletikaolomouc.cz\/index.php?rest_route=\/wp\/v2\/types\/post"}],"author":[{"embeddable":true,"href":"https:\/\/old.atletikaolomouc.cz\/index.php?rest_route=\/wp\/v2\/users\/4"}],"replies":[{"embeddable":true,"href":"https:\/\/old.atletikaolomouc.cz\/index.php?rest_route=%2Fwp%2Fv2%2Fcomments&post=36508"}],"version-history":[{"count":1,"href":"https:\/\/old.atletikaolomouc.cz\/index.php?rest_route=\/wp\/v2\/posts\/36508\/revisions"}],"predecessor-version":[{"id":36509,"href":"https:\/\/old.atletikaolomouc.cz\/index.php?rest_route=\/wp\/v2\/posts\/36508\/revisions\/36509"}],"wp:featuredmedia":[{"embeddable":true,"href":"https:\/\/old.atletikaolomouc.cz\/index.php?rest_route=\/wp\/v2\/media\/36513"}],"wp:attachment":[{"href":"https:\/\/old.atletikaolomouc.cz\/index.php?rest_route=%2Fwp%2Fv2%2Fmedia&parent=36508"}],"wp:term":[{"taxonomy":"category","embeddable":true,"href":"https:\/\/old.atletikaolomouc.cz\/index.php?rest_route=%2Fwp%2Fv2%2Fcategories&post=36508"},{"taxonomy":"post_tag","embeddable":true,"href":"https:\/\/old.atletikaolomouc.cz\/index.php?rest_route=%2Fwp%2Fv2%2Ftags&post=36508"}],"curies":[{"name":"wp","href":"https:\/\/api.w.org\/{rel}","templated":true}]}}