{"id":3684,"date":"2013-03-25T14:08:01","date_gmt":"2013-03-25T13:08:01","guid":{"rendered":"http:\/\/www.atletikaolomouc.cz\/?p=3684"},"modified":"2013-03-25T14:08:01","modified_gmt":"2013-03-25T13:08:01","slug":"havirovsky-ctyrboj","status":"publish","type":"post","link":"https:\/\/old.atletikaolomouc.cz\/?p=3684","title":{"rendered":"Hav\u00ed\u0159ovsk\u00fd \u010dty\u0159boj"},"content":{"rendered":"<p style=\"text-align: justify;\">Ve dnech 22. a 23. b\u0159ezna 2013 se v Hav\u00ed\u0159ov\u011b konal atletick\u00fd \u010dty\u0159boj dru\u017estev. \u017d\u00e1ci a \u017e\u00e1kyn\u011b AK Olomouc v celkov\u00e9m po\u0159ad\u00ed zv\u00edt\u011bzili a um\u00edstili se i v po\u0159ad\u00ed jednotlivc\u016f.<\/p>\n<p style=\"text-align: justify;\"><!--more--><\/p>\n<p style=\"text-align: justify;\">Sout\u011b\u017eilo se ve sprintu na 40 m, d\u00e1lce, kouli a v\u00fd\u0161ce. Nejl\u00e9pe se da\u0159ilo M\u00ed\u0161e Gieselov\u00e9, kter\u00e1 zv\u00edt\u011bzila v kategorii mlad\u0161\u00edch \u017e\u00e1ky\u0148 (1960 b.). Ve star\u0161\u00edch \u017e\u00e1c\u00edch vybojoval 2. m\u00edsto Adam R\u00f6der (2120 b.) a v mlad\u0161\u00edch \u017e\u00e1c\u00edch se na 3. m\u00edst\u011b um\u00edstil Jan Nastoupil (1818 b.)<\/p>\n<p style=\"text-align: justify;\">Celkov\u00e9 v\u00fdsledky <a href=\"http:\/\/www.atletikaolomouc.cz\/wp-content\/uploads\/2013\/03\/ha\u010d_2013.pdf\" target=\"_blank\">zde<\/a>.<br \/>Fotky <a title=\"HA\u010c 2013 \u2013 foto\" href=\"http:\/\/www.atletikaolomouc.cz\/?p=3680\">zde<\/a>.<\/p>\n","protected":false},"excerpt":{"rendered":"<p>Ve dnech 22. a 23. b\u0159ezna 2013 se v Hav\u00ed\u0159ov\u011b konal atletick\u00fd \u010dty\u0159boj dru\u017estev. \u017d\u00e1ci a \u017e\u00e1kyn\u011b AK Olomouc v celkov\u00e9m po\u0159ad\u00ed zv\u00edt\u011bzili a um\u00edstili se i v po\u0159ad\u00ed jednotlivc\u016f.<\/p>\n","protected":false},"author":4,"featured_media":3685,"comment_status":"closed","ping_status":"closed","sticky":false,"template":"","format":"standard","meta":{"ngg_post_thumbnail":0},"categories":[6,37,22],"tags":[],"_links":{"self":[{"href":"https:\/\/old.atletikaolomouc.cz\/index.php?rest_route=\/wp\/v2\/posts\/3684"}],"collection":[{"href":"https:\/\/old.atletikaolomouc.cz\/index.php?rest_route=\/wp\/v2\/posts"}],"about":[{"href":"https:\/\/old.atletikaolomouc.cz\/index.php?rest_route=\/wp\/v2\/types\/post"}],"author":[{"embeddable":true,"href":"https:\/\/old.atletikaolomouc.cz\/index.php?rest_route=\/wp\/v2\/users\/4"}],"replies":[{"embeddable":true,"href":"https:\/\/old.atletikaolomouc.cz\/index.php?rest_route=%2Fwp%2Fv2%2Fcomments&post=3684"}],"version-history":[{"count":1,"href":"https:\/\/old.atletikaolomouc.cz\/index.php?rest_route=\/wp\/v2\/posts\/3684\/revisions"}],"predecessor-version":[{"id":3687,"href":"https:\/\/old.atletikaolomouc.cz\/index.php?rest_route=\/wp\/v2\/posts\/3684\/revisions\/3687"}],"wp:featuredmedia":[{"embeddable":true,"href":"https:\/\/old.atletikaolomouc.cz\/index.php?rest_route=\/wp\/v2\/media\/3685"}],"wp:attachment":[{"href":"https:\/\/old.atletikaolomouc.cz\/index.php?rest_route=%2Fwp%2Fv2%2Fmedia&parent=3684"}],"wp:term":[{"taxonomy":"category","embeddable":true,"href":"https:\/\/old.atletikaolomouc.cz\/index.php?rest_route=%2Fwp%2Fv2%2Fcategories&post=3684"},{"taxonomy":"post_tag","embeddable":true,"href":"https:\/\/old.atletikaolomouc.cz\/index.php?rest_route=%2Fwp%2Fv2%2Ftags&post=3684"}],"curies":[{"name":"wp","href":"https:\/\/api.w.org\/{rel}","templated":true}]}}