{"id":3770,"date":"2013-04-09T10:56:20","date_gmt":"2013-04-09T08:56:20","guid":{"rendered":"http:\/\/www.atletikaolomouc.cz\/?p=3770"},"modified":"2013-04-09T10:56:37","modified_gmt":"2013-04-09T08:56:37","slug":"delegace-hr-2013","status":"publish","type":"post","link":"https:\/\/old.atletikaolomouc.cz\/?p=3770","title":{"rendered":"Delegace HR 2013"},"content":{"rendered":"<p style=\"text-align: justify;\">Byla zve\u0159ejn\u011bna delegace hlavn\u00edch rozhod\u010d\u00edch KASO dle term\u00ednovky pro rok 2013. Seznam delegovan\u00fdch HR si m\u016f\u017eete st\u00e1hnout <a href=\"http:\/\/www.atletikaolomouc.cz\/wp-content\/uploads\/2013\/04\/2013-Delegace-HR-dle-term\u00ednov\u00e9-listiny-2013.pdf\" target=\"_blank\">zde<\/a>. V sekci tiskopisy si d\u00e1le m\u016f\u017eete st\u00e1hnout zpr\u00e1vu HR.<\/p>\n","protected":false},"excerpt":{"rendered":"<p>Byla zve\u0159ejn\u011bna delegace hlavn\u00edch rozhod\u010d\u00edch KASO dle term\u00ednovky pro rok 2013. Seznam delegovan\u00fdch HR si m\u016f\u017eete st\u00e1hnout zde. V sekci tiskopisy si d\u00e1le m\u016f\u017eete st\u00e1hnout zpr\u00e1vu HR.<\/p>\n","protected":false},"author":4,"featured_media":0,"comment_status":"closed","ping_status":"closed","sticky":false,"template":"","format":"standard","meta":{"ngg_post_thumbnail":0},"categories":[5,44],"tags":[],"_links":{"self":[{"href":"https:\/\/old.atletikaolomouc.cz\/index.php?rest_route=\/wp\/v2\/posts\/3770"}],"collection":[{"href":"https:\/\/old.atletikaolomouc.cz\/index.php?rest_route=\/wp\/v2\/posts"}],"about":[{"href":"https:\/\/old.atletikaolomouc.cz\/index.php?rest_route=\/wp\/v2\/types\/post"}],"author":[{"embeddable":true,"href":"https:\/\/old.atletikaolomouc.cz\/index.php?rest_route=\/wp\/v2\/users\/4"}],"replies":[{"embeddable":true,"href":"https:\/\/old.atletikaolomouc.cz\/index.php?rest_route=%2Fwp%2Fv2%2Fcomments&post=3770"}],"version-history":[{"count":3,"href":"https:\/\/old.atletikaolomouc.cz\/index.php?rest_route=\/wp\/v2\/posts\/3770\/revisions"}],"predecessor-version":[{"id":3774,"href":"https:\/\/old.atletikaolomouc.cz\/index.php?rest_route=\/wp\/v2\/posts\/3770\/revisions\/3774"}],"wp:attachment":[{"href":"https:\/\/old.atletikaolomouc.cz\/index.php?rest_route=%2Fwp%2Fv2%2Fmedia&parent=3770"}],"wp:term":[{"taxonomy":"category","embeddable":true,"href":"https:\/\/old.atletikaolomouc.cz\/index.php?rest_route=%2Fwp%2Fv2%2Fcategories&post=3770"},{"taxonomy":"post_tag","embeddable":true,"href":"https:\/\/old.atletikaolomouc.cz\/index.php?rest_route=%2Fwp%2Fv2%2Ftags&post=3770"}],"curies":[{"name":"wp","href":"https:\/\/api.w.org\/{rel}","templated":true}]}}