{"id":4086,"date":"2013-05-30T13:08:19","date_gmt":"2013-05-30T11:08:19","guid":{"rendered":"http:\/\/www.atletikaolomouc.cz\/?p=4086"},"modified":"2013-06-03T19:15:24","modified_gmt":"2013-06-03T17:15:24","slug":"zpravodaj-druzstev-mladsiho-zactva","status":"publish","type":"post","link":"https:\/\/old.atletikaolomouc.cz\/?p=4086","title":{"rendered":"Zpravodaj dru\u017estev mlad\u0161\u00edho \u017eactva"},"content":{"rendered":"<p style=\"text-align: justify;\">15.5.2013 prob\u011bhlo 1. kolo dru\u017estev mlad\u0161\u00edho \u017eactva. Ob\u011b na\u0161e dru\u017estva zv\u00edt\u011bzila. Zpravodaj dru\u017estev mlad\u0161\u00edho \u017eactva si m\u016f\u017eete st\u00e1hnout <a href=\"http:\/\/www.atletikaolomouc.cz\/wp-content\/uploads\/2013\/05\/Zpravodaj-\u017eactva-\u010d.2-2013-2.pdf\" target=\"_blank\">zde<\/a>. Bodov\u00e1n\u00ed jednotlivc\u016f &#8211; <a href=\"http:\/\/www.atletikaolomouc.cz\/wp-content\/uploads\/2013\/05\/mlad\u0161\u00ed-\u017e\u00e1ci-1.kolo-2013-bodovac\u00ed-tabulka.pdf\" target=\"_blank\">mlad\u0161\u00ed \u017e\u00e1ci<\/a> &#8211; <a href=\"http:\/\/www.atletikaolomouc.cz\/wp-content\/uploads\/2013\/05\/mlad\u0161\u00ed-\u017e\u00e1kyn\u011b-1.kolo-2013-bodovac\u00ed-tabulka.pdf\" target=\"_blank\">mlad\u0161\u00ed \u017e\u00e1kyn\u011b<\/a><\/p>\n","protected":false},"excerpt":{"rendered":"<p>15.5.2013 prob\u011bhlo 1. kolo dru\u017estev mlad\u0161\u00edho \u017eactva. Ob\u011b na\u0161e dru\u017estva zv\u00edt\u011bzila. Zpravodaj dru\u017estev mlad\u0161\u00edho \u017eactva si m\u016f\u017eete st\u00e1hnout zde. Bodov\u00e1n\u00ed jednotlivc\u016f &#8211; mlad\u0161\u00ed \u017e\u00e1ci &#8211; mlad\u0161\u00ed \u017e\u00e1kyn\u011b<\/p>\n","protected":false},"author":4,"featured_media":0,"comment_status":"closed","ping_status":"closed","sticky":false,"template":"","format":"standard","meta":{"ngg_post_thumbnail":0},"categories":[5,17,18],"tags":[],"_links":{"self":[{"href":"https:\/\/old.atletikaolomouc.cz\/index.php?rest_route=\/wp\/v2\/posts\/4086"}],"collection":[{"href":"https:\/\/old.atletikaolomouc.cz\/index.php?rest_route=\/wp\/v2\/posts"}],"about":[{"href":"https:\/\/old.atletikaolomouc.cz\/index.php?rest_route=\/wp\/v2\/types\/post"}],"author":[{"embeddable":true,"href":"https:\/\/old.atletikaolomouc.cz\/index.php?rest_route=\/wp\/v2\/users\/4"}],"replies":[{"embeddable":true,"href":"https:\/\/old.atletikaolomouc.cz\/index.php?rest_route=%2Fwp%2Fv2%2Fcomments&post=4086"}],"version-history":[{"count":2,"href":"https:\/\/old.atletikaolomouc.cz\/index.php?rest_route=\/wp\/v2\/posts\/4086\/revisions"}],"predecessor-version":[{"id":4105,"href":"https:\/\/old.atletikaolomouc.cz\/index.php?rest_route=\/wp\/v2\/posts\/4086\/revisions\/4105"}],"wp:attachment":[{"href":"https:\/\/old.atletikaolomouc.cz\/index.php?rest_route=%2Fwp%2Fv2%2Fmedia&parent=4086"}],"wp:term":[{"taxonomy":"category","embeddable":true,"href":"https:\/\/old.atletikaolomouc.cz\/index.php?rest_route=%2Fwp%2Fv2%2Fcategories&post=4086"},{"taxonomy":"post_tag","embeddable":true,"href":"https:\/\/old.atletikaolomouc.cz\/index.php?rest_route=%2Fwp%2Fv2%2Ftags&post=4086"}],"curies":[{"name":"wp","href":"https:\/\/api.w.org\/{rel}","templated":true}]}}