{"id":4131,"date":"2013-06-07T16:02:38","date_gmt":"2013-06-07T14:02:38","guid":{"rendered":"http:\/\/www.atletikaolomouc.cz\/?p=4131"},"modified":"2013-06-07T16:02:38","modified_gmt":"2013-06-07T14:02:38","slug":"2-kolo-druzstev-zactva-2","status":"publish","type":"post","link":"https:\/\/old.atletikaolomouc.cz\/?p=4131","title":{"rendered":"2. kolo dru\u017estev \u017eactva"},"content":{"rendered":"<p style=\"text-align: justify;\">V \u00fater\u00fd 11.6.2013 prob\u011bhne v Hranic\u00edch 2. kolo dru\u017estev mlad\u0161\u00edho \u017eactva. Sraz z\u00e1vodn\u00edk\u016f je ve 13:00 hodin. Ve st\u0159edu 12.6.2013 se pak uskute\u010dn\u00ed 2. kolo dru\u017estev star\u0161\u00edho \u017eactva v Uhersk\u00e9m Hradi\u0161ti. Sraz je napl\u00e1novan\u00fd na 12:15 hodin.<\/p>\n<p style=\"text-align: justify;\"><!--more--><\/p>\n<p style=\"text-align: justify;\"><strong>Mlad\u0161\u00ed \u017eactvo:<\/strong><br \/>&#8211; Propozice na 2. kolo &#8211; <a href=\"http:\/\/www.atletika.cz\/propozice1\/propozice-2-kolo-krajskeho-preboru-druzs4\/\" target=\"_blank\">zde<\/a><br \/>&#8211; Zpravodaj mlad\u0161\u00edho \u017eactva \u010d. 2 &#8211; <a href=\"http:\/\/www.atletikaolomouc.cz\/wp-content\/uploads\/2013\/06\/Zpravodaj-mlad\u0161\u00edho-\u017eactva-\u010d.2-2013.pdf\" target=\"_blank\">zde<\/a><br \/>&#8211; Tabulka bodov\u00e1n\u00ed jednotlivc\u016f &#8211; mlad\u0161\u00ed \u017e\u00e1ci &#8211; <a href=\"http:\/\/www.atletikaolomouc.cz\/wp-content\/uploads\/2013\/06\/mlad\u0161\u00ed-\u017e\u00e1ci-1.kolo-2013-bodovac\u00ed-tabulka.pdf\" target=\"_blank\">zde<\/a><br \/>&#8211; Tabulka bodov\u00e1n\u00ed jednotlivc\u016f &#8211; mlad\u0161\u00ed \u017e\u00e1kyn\u011b &#8211; <a href=\"http:\/\/www.atletikaolomouc.cz\/wp-content\/uploads\/2013\/06\/mlad\u0161\u00ed-\u017e\u00e1kyn\u011b-1.kolo-2013-bodovac\u00ed-tabulka.pdf\" target=\"_blank\">zde<\/a><\/p>\n<p><strong>Star\u0161\u00ed \u017eactvo:<\/strong><br \/>&#8211; Propozice na 2. kolo &#8211; <a href=\"http:\/\/www.atletika.cz\/_sys_\/FileStorage\/download\/9\/8339\/uhhra_12_6_2013.doc\" target=\"_blank\">zde<\/a><br \/>&#8211; Zpravodaj star\u0161\u00edho \u017eactva \u010d. 2 &#8211; <a href=\"http:\/\/www.atletikaolomouc.cz\/wp-content\/uploads\/2013\/06\/Zpravodaj-st-\u017eactva-\u010d.2-2013.pdf\" target=\"_blank\">zde<\/a><br \/>&#8211; Startovka na 2. kolo star\u0161\u00edch \u017e\u00e1k\u016f &#8211; <a href=\"http:\/\/www.atletikaolomouc.cz\/wp-content\/uploads\/2013\/06\/starsi_zaci_2013-2.-kolo.pdf\" target=\"_blank\">zde<\/a><br \/>&#8211; Startovka na 2. kolo star\u0161\u00edch \u017e\u00e1ky\u0148 &#8211; <a href=\"http:\/\/www.atletikaolomouc.cz\/wp-content\/uploads\/2013\/06\/starsi_zakyn\u011b_2013-2.-kolo.pdf\" target=\"_blank\">zde<\/a><br \/>&#8211; Tabulka bodov\u00e1n\u00ed jednotlivc\u016f &#8211; star\u0161\u00ed \u017e\u00e1ci &#8211; <a href=\"http:\/\/www.atletikaolomouc.cz\/wp-content\/uploads\/2013\/06\/tabulka_bodovani_stkluci_2013.pdf\" target=\"_blank\">zde<\/a><br \/>&#8211; Tabulka bodov\u00e1n\u00ed jednotlivc\u016f &#8211; star\u0161\u00ed \u017e\u00e1kyn\u011b &#8211; <a href=\"http:\/\/www.atletikaolomouc.cz\/wp-content\/uploads\/2013\/06\/tabulka_bodovani_stholky_2013.pdf\" target=\"_blank\">zde<\/a><\/p>\n","protected":false},"excerpt":{"rendered":"<p>V \u00fater\u00fd 11.6.2013 prob\u011bhne v Hranic\u00edch 2. kolo dru\u017estev mlad\u0161\u00edho \u017eactva. Sraz z\u00e1vodn\u00edk\u016f je ve 13:00 hodin. Ve st\u0159edu 12.6.2013 se pak uskute\u010dn\u00ed 2. kolo dru\u017estev star\u0161\u00edho \u017eactva v Uhersk\u00e9m Hradi\u0161ti. Sraz je napl\u00e1novan\u00fd na 12:15 hodin.<\/p>\n","protected":false},"author":4,"featured_media":4140,"comment_status":"closed","ping_status":"closed","sticky":false,"template":"","format":"standard","meta":{"ngg_post_thumbnail":0},"categories":[6,37,17,18,15,16],"tags":[],"_links":{"self":[{"href":"https:\/\/old.atletikaolomouc.cz\/index.php?rest_route=\/wp\/v2\/posts\/4131"}],"collection":[{"href":"https:\/\/old.atletikaolomouc.cz\/index.php?rest_route=\/wp\/v2\/posts"}],"about":[{"href":"https:\/\/old.atletikaolomouc.cz\/index.php?rest_route=\/wp\/v2\/types\/post"}],"author":[{"embeddable":true,"href":"https:\/\/old.atletikaolomouc.cz\/index.php?rest_route=\/wp\/v2\/users\/4"}],"replies":[{"embeddable":true,"href":"https:\/\/old.atletikaolomouc.cz\/index.php?rest_route=%2Fwp%2Fv2%2Fcomments&post=4131"}],"version-history":[{"count":2,"href":"https:\/\/old.atletikaolomouc.cz\/index.php?rest_route=\/wp\/v2\/posts\/4131\/revisions"}],"predecessor-version":[{"id":4142,"href":"https:\/\/old.atletikaolomouc.cz\/index.php?rest_route=\/wp\/v2\/posts\/4131\/revisions\/4142"}],"wp:featuredmedia":[{"embeddable":true,"href":"https:\/\/old.atletikaolomouc.cz\/index.php?rest_route=\/wp\/v2\/media\/4140"}],"wp:attachment":[{"href":"https:\/\/old.atletikaolomouc.cz\/index.php?rest_route=%2Fwp%2Fv2%2Fmedia&parent=4131"}],"wp:term":[{"taxonomy":"category","embeddable":true,"href":"https:\/\/old.atletikaolomouc.cz\/index.php?rest_route=%2Fwp%2Fv2%2Fcategories&post=4131"},{"taxonomy":"post_tag","embeddable":true,"href":"https:\/\/old.atletikaolomouc.cz\/index.php?rest_route=%2Fwp%2Fv2%2Ftags&post=4131"}],"curies":[{"name":"wp","href":"https:\/\/api.w.org\/{rel}","templated":true}]}}