{"id":4238,"date":"2013-06-27T16:03:42","date_gmt":"2013-06-27T14:03:42","guid":{"rendered":"http:\/\/www.atletikaolomouc.cz\/?p=4238"},"modified":"2013-06-27T16:03:42","modified_gmt":"2013-06-27T14:03:42","slug":"lodm-2013-obrazem","status":"publish","type":"post","link":"https:\/\/old.atletikaolomouc.cz\/?p=4238","title":{"rendered":"LODM 2013 obrazem"},"content":{"rendered":"<p style=\"text-align: justify;\"><a href=\"http:\/\/www.atletikaolomouc.cz\/wp-content\/uploads\/2013\/06\/CIMG08111.jpg\"><img decoding=\"async\" loading=\"lazy\" class=\"alignleft  wp-image-4240\" title=\"CIMG0811\" src=\"http:\/\/www.atletikaolomouc.cz\/wp-content\/uploads\/2013\/06\/CIMG08111-300x159.jpg\" alt=\"\" width=\"180\" height=\"100\" \/><\/a>Atletick\u00e1 \u010d\u00e1st leto\u0161n\u00ed Olympi\u00e1dy d\u011bt\u00ed a ml\u00e1de\u017ee n\u00e1m skon\u010dila a zde je k dispozici n\u011bkolik fotek z t\u00e9to \u00fasp\u011b\u0161n\u00e9 akce.<!--more--><\/p>\n<p style=\"text-align: justify;\">[flagallery gid=17 name=Gallery]<\/p>\n<p>&nbsp;<\/p>\n<p style=\"text-align: justify;\">\u00a0<\/p>\n","protected":false},"excerpt":{"rendered":"<p>Atletick\u00e1 \u010d\u00e1st leto\u0161n\u00ed Olympi\u00e1dy d\u011bt\u00ed a ml\u00e1de\u017ee n\u00e1m skon\u010dila a zde je k dispozici n\u011bkolik fotek z t\u00e9to \u00fasp\u011b\u0161n\u00e9 akce.<\/p>\n","protected":false},"author":4,"featured_media":0,"comment_status":"closed","ping_status":"closed","sticky":false,"template":"","format":"gallery","meta":{"ngg_post_thumbnail":0},"categories":[5,43],"tags":[],"_links":{"self":[{"href":"https:\/\/old.atletikaolomouc.cz\/index.php?rest_route=\/wp\/v2\/posts\/4238"}],"collection":[{"href":"https:\/\/old.atletikaolomouc.cz\/index.php?rest_route=\/wp\/v2\/posts"}],"about":[{"href":"https:\/\/old.atletikaolomouc.cz\/index.php?rest_route=\/wp\/v2\/types\/post"}],"author":[{"embeddable":true,"href":"https:\/\/old.atletikaolomouc.cz\/index.php?rest_route=\/wp\/v2\/users\/4"}],"replies":[{"embeddable":true,"href":"https:\/\/old.atletikaolomouc.cz\/index.php?rest_route=%2Fwp%2Fv2%2Fcomments&post=4238"}],"version-history":[{"count":1,"href":"https:\/\/old.atletikaolomouc.cz\/index.php?rest_route=\/wp\/v2\/posts\/4238\/revisions"}],"predecessor-version":[{"id":4241,"href":"https:\/\/old.atletikaolomouc.cz\/index.php?rest_route=\/wp\/v2\/posts\/4238\/revisions\/4241"}],"wp:attachment":[{"href":"https:\/\/old.atletikaolomouc.cz\/index.php?rest_route=%2Fwp%2Fv2%2Fmedia&parent=4238"}],"wp:term":[{"taxonomy":"category","embeddable":true,"href":"https:\/\/old.atletikaolomouc.cz\/index.php?rest_route=%2Fwp%2Fv2%2Fcategories&post=4238"},{"taxonomy":"post_tag","embeddable":true,"href":"https:\/\/old.atletikaolomouc.cz\/index.php?rest_route=%2Fwp%2Fv2%2Ftags&post=4238"}],"curies":[{"name":"wp","href":"https:\/\/api.w.org\/{rel}","templated":true}]}}