{"id":4341,"date":"2013-08-21T09:52:16","date_gmt":"2013-08-21T07:52:16","guid":{"rendered":"http:\/\/www.atletikaolomouc.cz\/?p=4341"},"modified":"2013-08-21T16:17:21","modified_gmt":"2013-08-21T14:17:21","slug":"4-kolo-i-ligy","status":"publish","type":"post","link":"https:\/\/old.atletikaolomouc.cz\/?p=4341","title":{"rendered":"4. kolo I. ligy"},"content":{"rendered":"<p style=\"text-align: justify;\">V sobotu 24.8.2013 se v B\u0159eclavi uskute\u010dn\u00ed z\u00e1v\u011bre\u010dn\u00e9 kolo z\u00e1kladn\u00ed \u010d\u00e1sti I. ligy mu\u017e\u016f a \u017een. Jedn\u00e1 se o d\u016fle\u017eit\u00e9 z\u00e1vody pro na\u0161e ob\u011b dru\u017estva, jeliko\u017e se bude rozhodovat o postupuj\u00edc\u00edch do bar\u00e1\u017ee o extraligu. Tam m\u016f\u017ee postoupit pouze v\u00edt\u011bz z\u00e1kladn\u00ed \u010d\u00e1sti. Dru\u017estvo \u017een je po 3. kole na 1. m\u00edst\u011b a dru\u017estvo mu\u017e\u016f zat\u00edm na 2. m\u00edst\u011b. Odjezd autobusem je napl\u00e1novan\u00fd na 7:20 hodin z parkovi\u0161t\u011b AK Olomouc.<\/p>\n<p style=\"text-align: justify;\"><!--more--><\/p>\n<p style=\"text-align: justify;\">Zpravodaj dru\u017estva mu\u017e\u016f &#8211; <a href=\"http:\/\/www.atletikaolomouc.cz\/wp-content\/uploads\/2013\/08\/Zpravodaj-na-4-kolo-muzu-2013.pdf\" target=\"_blank\">zde<\/a><br \/>Bodov\u00e1n\u00ed jednotlivc\u016f mu\u017ei &#8211; <a href=\"http:\/\/www.atletikaolomouc.cz\/wp-content\/uploads\/2013\/08\/bodovani-jednotlivcu-muzi-A-2013.pdf\" target=\"_blank\">zde<\/a><br \/>Zpravodaj dru\u017estva \u017een &#8211; <a href=\"http:\/\/www.atletikaolomouc.cz\/wp-content\/uploads\/2013\/08\/zpravodaj-\u010d.4.pdf\" target=\"_blank\">zde<\/a><br \/>Propozice na 4. kolo I. ligy &#8211; <a href=\"http:\/\/www.atletika.cz\/propozice1\/propozice-4-kolo-i-ligy-muzu-a-zen-skupi3\/\" target=\"_blank\">zde<\/a><\/p>\n","protected":false},"excerpt":{"rendered":"<p>V sobotu 24.8.2013 se v B\u0159eclavi uskute\u010dn\u00ed z\u00e1v\u011bre\u010dn\u00e9 kolo z\u00e1kladn\u00ed \u010d\u00e1sti I. ligy mu\u017e\u016f a \u017een. Jedn\u00e1 se o d\u016fle\u017eit\u00e9 z\u00e1vody pro na\u0161e ob\u011b dru\u017estva, jeliko\u017e se bude rozhodovat o postupuj\u00edc\u00edch do bar\u00e1\u017ee o extraligu. Tam m\u016f\u017ee postoupit pouze v\u00edt\u011bz &hellip; <a href=\"https:\/\/old.atletikaolomouc.cz\/?p=4341\">Continue reading <span class=\"meta-nav\">&rarr;<\/span><\/a><\/p>\n","protected":false},"author":4,"featured_media":4344,"comment_status":"closed","ping_status":"closed","sticky":false,"template":"","format":"standard","meta":{"ngg_post_thumbnail":0},"categories":[6,37,8,10],"tags":[],"_links":{"self":[{"href":"https:\/\/old.atletikaolomouc.cz\/index.php?rest_route=\/wp\/v2\/posts\/4341"}],"collection":[{"href":"https:\/\/old.atletikaolomouc.cz\/index.php?rest_route=\/wp\/v2\/posts"}],"about":[{"href":"https:\/\/old.atletikaolomouc.cz\/index.php?rest_route=\/wp\/v2\/types\/post"}],"author":[{"embeddable":true,"href":"https:\/\/old.atletikaolomouc.cz\/index.php?rest_route=\/wp\/v2\/users\/4"}],"replies":[{"embeddable":true,"href":"https:\/\/old.atletikaolomouc.cz\/index.php?rest_route=%2Fwp%2Fv2%2Fcomments&post=4341"}],"version-history":[{"count":3,"href":"https:\/\/old.atletikaolomouc.cz\/index.php?rest_route=\/wp\/v2\/posts\/4341\/revisions"}],"predecessor-version":[{"id":4346,"href":"https:\/\/old.atletikaolomouc.cz\/index.php?rest_route=\/wp\/v2\/posts\/4341\/revisions\/4346"}],"wp:featuredmedia":[{"embeddable":true,"href":"https:\/\/old.atletikaolomouc.cz\/index.php?rest_route=\/wp\/v2\/media\/4344"}],"wp:attachment":[{"href":"https:\/\/old.atletikaolomouc.cz\/index.php?rest_route=%2Fwp%2Fv2%2Fmedia&parent=4341"}],"wp:term":[{"taxonomy":"category","embeddable":true,"href":"https:\/\/old.atletikaolomouc.cz\/index.php?rest_route=%2Fwp%2Fv2%2Fcategories&post=4341"},{"taxonomy":"post_tag","embeddable":true,"href":"https:\/\/old.atletikaolomouc.cz\/index.php?rest_route=%2Fwp%2Fv2%2Ftags&post=4341"}],"curies":[{"name":"wp","href":"https:\/\/api.w.org\/{rel}","templated":true}]}}