{"id":4382,"date":"2013-09-02T10:05:55","date_gmt":"2013-09-02T08:05:55","guid":{"rendered":"http:\/\/www.atletikaolomouc.cz\/?p=4382"},"modified":"2013-09-02T10:06:36","modified_gmt":"2013-09-02T08:06:36","slug":"3-kolo-druzstev-starsiho-zactva-3","status":"publish","type":"post","link":"https:\/\/old.atletikaolomouc.cz\/?p=4382","title":{"rendered":"3. kolo dru\u017estev star\u0161\u00edho \u017eactva"},"content":{"rendered":"<p style=\"text-align: justify;\">Ji\u017e tuto st\u0159edu 4. z\u00e1\u0159\u00ed 2013 prob\u011bhne v Olomouci 3. kolo dru\u017estev star\u0161\u00edho \u017eactva. Z\u00e1vod je sou\u010d\u00e1st\u00ed Krajsk\u00e9ho p\u0159eboru. Sraz v\u0161ech z\u00e1vodn\u00edk\u016f ve 14:00 hodin na tribun\u011b AK Olomouc. Dru\u017estvo star\u0161\u00edch \u017e\u00e1k\u016f je po dvou kolech na 1. m\u00edst\u011b a \u017e\u00e1kyn\u011b na 8. m\u00edst\u011b. V\u011b\u0159\u00edm, \u017ee se sejdeme v siln\u00e9 sestav\u011b, i kdy\u017e je z\u00e1vod hned na za\u010d\u00e1tku \u0161koln\u00edho roku. Nejd\u016fle\u017eit\u011bj\u0161\u00ed z\u00e1vody pro dru\u017estvo star\u0161\u00edch \u017e\u00e1k\u016f n\u00e1s \u010dekaj\u00ed v ned\u011bli 15. z\u00e1\u0159\u00ed v Uhersk\u00e9m Hradi\u0161ti, kde se bude rozhodovat o postupuj\u00edc\u00edch dru\u017estvech na Mistrovstv\u00ed \u010cR. Berte proto 3. kolo jako p\u0159\u00edpravn\u00fd z\u00e1vod na tento vrchol sez\u00f3ny.<\/p>\n<p style=\"text-align: justify;\"><!--more--><\/p>\n<p style=\"text-align: justify;\">Zpravodaj star\u0161\u00edho \u017eactva &#8211; <a href=\"http:\/\/www.atletikaolomouc.cz\/wp-content\/uploads\/2013\/09\/Zpravodaj-st-\u017eactva-\u010d.3-2013.pdf\" target=\"_blank\">zde<\/a><br \/>Propozice 3. kola KP dru\u017estev star\u0161\u00edho \u017eactva &#8211; <a href=\"http:\/\/www.atletikaolomouc.cz\/?p=4359\" target=\"_blank\">zde<\/a><br \/>P\u0159ehled start\u016f star\u0161\u00edch \u017e\u00e1k\u016f &#8211; <a href=\"http:\/\/www.atletikaolomouc.cz\/wp-content\/uploads\/2013\/09\/starsi_zaci_2013-3.-kolo.pdf\" target=\"_blank\">zde<\/a><br \/>P\u0159ehled start\u016f star\u0161\u00edch \u017e\u00e1ky\u0148 &#8211; <a href=\"http:\/\/www.atletikaolomouc.cz\/wp-content\/uploads\/2013\/09\/starsi_zakyn\u011b_2013-3.-kolo.pdf\" target=\"_blank\">zde<\/a><\/p>\n","protected":false},"excerpt":{"rendered":"<p>Ji\u017e tuto st\u0159edu 4. z\u00e1\u0159\u00ed 2013 prob\u011bhne v Olomouci 3. kolo dru\u017estev star\u0161\u00edho \u017eactva. Z\u00e1vod je sou\u010d\u00e1st\u00ed Krajsk\u00e9ho p\u0159eboru. Sraz v\u0161ech z\u00e1vodn\u00edk\u016f ve 14:00 hodin na tribun\u011b AK Olomouc. Dru\u017estvo star\u0161\u00edch \u017e\u00e1k\u016f je po dvou kolech na 1. m\u00edst\u011b a &hellip; <a href=\"https:\/\/old.atletikaolomouc.cz\/?p=4382\">Continue reading <span class=\"meta-nav\">&rarr;<\/span><\/a><\/p>\n","protected":false},"author":4,"featured_media":4386,"comment_status":"closed","ping_status":"closed","sticky":false,"template":"","format":"standard","meta":{"ngg_post_thumbnail":0},"categories":[6,37,15,16],"tags":[],"_links":{"self":[{"href":"https:\/\/old.atletikaolomouc.cz\/index.php?rest_route=\/wp\/v2\/posts\/4382"}],"collection":[{"href":"https:\/\/old.atletikaolomouc.cz\/index.php?rest_route=\/wp\/v2\/posts"}],"about":[{"href":"https:\/\/old.atletikaolomouc.cz\/index.php?rest_route=\/wp\/v2\/types\/post"}],"author":[{"embeddable":true,"href":"https:\/\/old.atletikaolomouc.cz\/index.php?rest_route=\/wp\/v2\/users\/4"}],"replies":[{"embeddable":true,"href":"https:\/\/old.atletikaolomouc.cz\/index.php?rest_route=%2Fwp%2Fv2%2Fcomments&post=4382"}],"version-history":[{"count":3,"href":"https:\/\/old.atletikaolomouc.cz\/index.php?rest_route=\/wp\/v2\/posts\/4382\/revisions"}],"predecessor-version":[{"id":4389,"href":"https:\/\/old.atletikaolomouc.cz\/index.php?rest_route=\/wp\/v2\/posts\/4382\/revisions\/4389"}],"wp:featuredmedia":[{"embeddable":true,"href":"https:\/\/old.atletikaolomouc.cz\/index.php?rest_route=\/wp\/v2\/media\/4386"}],"wp:attachment":[{"href":"https:\/\/old.atletikaolomouc.cz\/index.php?rest_route=%2Fwp%2Fv2%2Fmedia&parent=4382"}],"wp:term":[{"taxonomy":"category","embeddable":true,"href":"https:\/\/old.atletikaolomouc.cz\/index.php?rest_route=%2Fwp%2Fv2%2Fcategories&post=4382"},{"taxonomy":"post_tag","embeddable":true,"href":"https:\/\/old.atletikaolomouc.cz\/index.php?rest_route=%2Fwp%2Fv2%2Ftags&post=4382"}],"curies":[{"name":"wp","href":"https:\/\/api.w.org\/{rel}","templated":true}]}}