{"id":4443,"date":"2013-09-16T12:09:45","date_gmt":"2013-09-16T10:09:45","guid":{"rendered":"http:\/\/www.atletikaolomouc.cz\/?p=4443"},"modified":"2013-09-16T12:09:45","modified_gmt":"2013-09-16T10:09:45","slug":"3-kolo-souteze-druzstev-ml-zactva-a-kp-ml-zactva","status":"publish","type":"post","link":"https:\/\/old.atletikaolomouc.cz\/?p=4443","title":{"rendered":"3.KOLO SOUT\u011a\u017dE DRU\u017dSTEV ML.\u017dACTVA A KP ML. \u017dACTVA"},"content":{"rendered":"<p>V \u00fater\u00fd 17.z\u00e1\u0159\u00ed prob\u011bhne na stadionu Re\u00e1ln\u00e9ho gymn\u00e1zia v Prost\u011bjov\u011b 3. kolo sout\u011b\u017ee dru\u017estev a z\u00e1rove\u0148 Krajsk\u00fd p\u0159ebor jednotlivc\u016f mlad\u0161\u00edch \u017e\u00e1k\u016f a \u017e\u00e1ky\u0148. Sraz z\u00e1vodn\u00edk\u016f ve 13.00 na stadionu TJ Lokomotiva.<\/p>\n","protected":false},"excerpt":{"rendered":"<p>V \u00fater\u00fd 17.z\u00e1\u0159\u00ed prob\u011bhne na stadionu Re\u00e1ln\u00e9ho gymn\u00e1zia v Prost\u011bjov\u011b 3. kolo sout\u011b\u017ee dru\u017estev a z\u00e1rove\u0148 Krajsk\u00fd p\u0159ebor jednotlivc\u016f mlad\u0161\u00edch \u017e\u00e1k\u016f a \u017e\u00e1ky\u0148. Sraz z\u00e1vodn\u00edk\u016f ve 13.00 na stadionu TJ Lokomotiva.<\/p>\n","protected":false},"author":5,"featured_media":0,"comment_status":"closed","ping_status":"closed","sticky":false,"template":"","format":"standard","meta":{"ngg_post_thumbnail":0},"categories":[5,17,18],"tags":[],"_links":{"self":[{"href":"https:\/\/old.atletikaolomouc.cz\/index.php?rest_route=\/wp\/v2\/posts\/4443"}],"collection":[{"href":"https:\/\/old.atletikaolomouc.cz\/index.php?rest_route=\/wp\/v2\/posts"}],"about":[{"href":"https:\/\/old.atletikaolomouc.cz\/index.php?rest_route=\/wp\/v2\/types\/post"}],"author":[{"embeddable":true,"href":"https:\/\/old.atletikaolomouc.cz\/index.php?rest_route=\/wp\/v2\/users\/5"}],"replies":[{"embeddable":true,"href":"https:\/\/old.atletikaolomouc.cz\/index.php?rest_route=%2Fwp%2Fv2%2Fcomments&post=4443"}],"version-history":[{"count":1,"href":"https:\/\/old.atletikaolomouc.cz\/index.php?rest_route=\/wp\/v2\/posts\/4443\/revisions"}],"predecessor-version":[{"id":4444,"href":"https:\/\/old.atletikaolomouc.cz\/index.php?rest_route=\/wp\/v2\/posts\/4443\/revisions\/4444"}],"wp:attachment":[{"href":"https:\/\/old.atletikaolomouc.cz\/index.php?rest_route=%2Fwp%2Fv2%2Fmedia&parent=4443"}],"wp:term":[{"taxonomy":"category","embeddable":true,"href":"https:\/\/old.atletikaolomouc.cz\/index.php?rest_route=%2Fwp%2Fv2%2Fcategories&post=4443"},{"taxonomy":"post_tag","embeddable":true,"href":"https:\/\/old.atletikaolomouc.cz\/index.php?rest_route=%2Fwp%2Fv2%2Ftags&post=4443"}],"curies":[{"name":"wp","href":"https:\/\/api.w.org\/{rel}","templated":true}]}}