{"id":4446,"date":"2013-09-18T13:44:21","date_gmt":"2013-09-18T11:44:21","guid":{"rendered":"http:\/\/www.atletikaolomouc.cz\/?p=4446"},"modified":"2013-09-18T13:44:21","modified_gmt":"2013-09-18T11:44:21","slug":"mistrovstvi-cr-starsiho-zactva-2","status":"publish","type":"post","link":"https:\/\/old.atletikaolomouc.cz\/?p=4446","title":{"rendered":"Mistrovstv\u00ed \u010cR star\u0161\u00edho \u017eactva"},"content":{"rendered":"<p style=\"text-align: justify;\">O v\u00edkendu 21.-22.9.2013 prob\u011bhne v Praze na Sl\u00e1vii Mistrovstv\u00ed \u010cR star\u0161\u00edho \u017eactva na dr\u00e1ze. Olomouck\u00e1 v\u00fdprava pojede v p\u00e1tek 20.9.2013 vlakem z hlavn\u00edho n\u00e1dra\u017e\u00ed ve 13:02 hodin. Sraz v\u0161ech z\u00e1vodn\u00edk\u016f bude v p\u00e1tek na n\u00e1dra\u017e\u00ed <strong>ve 12:45 hodin<\/strong>. P\u0159ejeme hodn\u011b \u00fasp\u011bch\u016f&#8230;<\/p>\n<p style=\"text-align: justify;\"><!--more--><\/p>\n<p style=\"text-align: justify;\"><a href=\"http:\/\/www.atletikaolomouc.cz\/wp-content\/uploads\/2013\/09\/M\u010cR-\u017eactva-Praha-2013-web.pdf\" target=\"_blank\">Seznam p\u0159ihl\u00e1\u0161en\u00fdch z\u00e1vodn\u00edk\u016f<\/a><br \/><a href=\"http:\/\/www.atletika.cz\/zaostreno-na\/mcr-zactva-2013\/\" target=\"_blank\">Propozice M\u010cR \u017eactva<\/a><\/p>\n","protected":false},"excerpt":{"rendered":"<p>O v\u00edkendu 21.-22.9.2013 prob\u011bhne v Praze na Sl\u00e1vii Mistrovstv\u00ed \u010cR star\u0161\u00edho \u017eactva na dr\u00e1ze. Olomouck\u00e1 v\u00fdprava pojede v p\u00e1tek 20.9.2013 vlakem z hlavn\u00edho n\u00e1dra\u017e\u00ed ve 13:02 hodin. Sraz v\u0161ech z\u00e1vodn\u00edk\u016f bude v p\u00e1tek na n\u00e1dra\u017e\u00ed ve 12:45 hodin. P\u0159ejeme hodn\u011b &hellip; <a href=\"https:\/\/old.atletikaolomouc.cz\/?p=4446\">Continue reading <span class=\"meta-nav\">&rarr;<\/span><\/a><\/p>\n","protected":false},"author":4,"featured_media":4462,"comment_status":"closed","ping_status":"closed","sticky":false,"template":"","format":"standard","meta":{"ngg_post_thumbnail":0},"categories":[6,37,15,16],"tags":[],"_links":{"self":[{"href":"https:\/\/old.atletikaolomouc.cz\/index.php?rest_route=\/wp\/v2\/posts\/4446"}],"collection":[{"href":"https:\/\/old.atletikaolomouc.cz\/index.php?rest_route=\/wp\/v2\/posts"}],"about":[{"href":"https:\/\/old.atletikaolomouc.cz\/index.php?rest_route=\/wp\/v2\/types\/post"}],"author":[{"embeddable":true,"href":"https:\/\/old.atletikaolomouc.cz\/index.php?rest_route=\/wp\/v2\/users\/4"}],"replies":[{"embeddable":true,"href":"https:\/\/old.atletikaolomouc.cz\/index.php?rest_route=%2Fwp%2Fv2%2Fcomments&post=4446"}],"version-history":[{"count":2,"href":"https:\/\/old.atletikaolomouc.cz\/index.php?rest_route=\/wp\/v2\/posts\/4446\/revisions"}],"predecessor-version":[{"id":4464,"href":"https:\/\/old.atletikaolomouc.cz\/index.php?rest_route=\/wp\/v2\/posts\/4446\/revisions\/4464"}],"wp:featuredmedia":[{"embeddable":true,"href":"https:\/\/old.atletikaolomouc.cz\/index.php?rest_route=\/wp\/v2\/media\/4462"}],"wp:attachment":[{"href":"https:\/\/old.atletikaolomouc.cz\/index.php?rest_route=%2Fwp%2Fv2%2Fmedia&parent=4446"}],"wp:term":[{"taxonomy":"category","embeddable":true,"href":"https:\/\/old.atletikaolomouc.cz\/index.php?rest_route=%2Fwp%2Fv2%2Fcategories&post=4446"},{"taxonomy":"post_tag","embeddable":true,"href":"https:\/\/old.atletikaolomouc.cz\/index.php?rest_route=%2Fwp%2Fv2%2Ftags&post=4446"}],"curies":[{"name":"wp","href":"https:\/\/api.w.org\/{rel}","templated":true}]}}