{"id":4479,"date":"2013-09-23T18:08:48","date_gmt":"2013-09-23T16:08:48","guid":{"rendered":"http:\/\/www.atletikaolomouc.cz\/?p=4479"},"modified":"2021-01-25T13:49:40","modified_gmt":"2021-01-25T12:49:40","slug":"mcr-zactva-praha-slavia-2013-foto","status":"publish","type":"post","link":"https:\/\/old.atletikaolomouc.cz\/?p=4479","title":{"rendered":"M\u010cR \u017eactva &#8211; Praha Slavia 2013 &#8211; foto"},"content":{"rendered":"<p><a href=\"http:\/\/www.atletikaolomouc.cz\/wp-content\/uploads\/2013\/09\/MCR_zactva_Praha_2013_2.jpg\"><img decoding=\"async\" loading=\"lazy\" class=\"alignleft wp-image-4480\" title=\"MCR_zactva_Praha_2013_2\" src=\"http:\/\/www.atletikaolomouc.cz\/wp-content\/uploads\/2013\/09\/MCR_zactva_Praha_2013_2-300x197.jpg\" alt=\"\" width=\"180\" height=\"118\" srcset=\"https:\/\/old.atletikaolomouc.cz\/wp-content\/uploads\/2013\/09\/MCR_zactva_Praha_2013_2-300x197.jpg 300w, https:\/\/old.atletikaolomouc.cz\/wp-content\/uploads\/2013\/09\/MCR_zactva_Praha_2013_2-800x525.jpg 800w, https:\/\/old.atletikaolomouc.cz\/wp-content\/uploads\/2013\/09\/MCR_zactva_Praha_2013_2-325x215.jpg 325w\" sizes=\"(max-width: 180px) 100vw, 180px\" \/><\/a>O v\u00edkendu 21.-22.9.2013 se v Praze na Edenu konalo Mistrovstv\u00ed \u010cR star\u0161\u00edho \u017eactva. Zde je p\u00e1r fotek.<!--more--><\/p>\n<!-- default-view.php -->\n<div\n\tclass=\"ngg-galleryoverview default-view \"\n\tid=\"ngg-gallery-c4bf45ccaf1e4df022c24ac48ffed0e6-1\">\n\n\t\t<!-- Thumbnails -->\n\t\t\t\t<div id=\"ngg-image-0\" class=\"ngg-gallery-thumbnail-box \" >\n\t\t\t\t        <div class=\"ngg-gallery-thumbnail\">\n            <a href=\"https:\/\/old.atletikaolomouc.cz\/wp-content\/gallery\/mcr-zactva-2013\/img002.jpg\"\n               title=\"\"\n               data-src=\"https:\/\/old.atletikaolomouc.cz\/wp-content\/gallery\/mcr-zactva-2013\/img002.jpg\"\n               data-thumbnail=\"https:\/\/old.atletikaolomouc.cz\/wp-content\/gallery\/mcr-zactva-2013\/thumbs\/thumbs_img002.jpg\"\n               data-image-id=\"10791\"\n               data-title=\"img002\"\n               data-description=\"\"\n               data-image-slug=\"img002-2\"\n               class=\"ngg-simplelightbox\" rel=\"c4bf45ccaf1e4df022c24ac48ffed0e6\">\n                <img\n                    title=\"img002\"\n                    alt=\"img002\"\n                    src=\"https:\/\/old.atletikaolomouc.cz\/wp-content\/gallery\/mcr-zactva-2013\/thumbs\/thumbs_img002.jpg\"\n                    width=\"240\"\n                    height=\"160\"\n                    style=\"max-width:100%;\"\n                \/>\n            <\/a>\n        <\/div>\n\t\t\t\t\t\t\t<\/div> \n\t\t\t\n\t\t\t\t<div id=\"ngg-image-1\" class=\"ngg-gallery-thumbnail-box \" >\n\t\t\t\t        <div class=\"ngg-gallery-thumbnail\">\n            <a href=\"https:\/\/old.atletikaolomouc.cz\/wp-content\/gallery\/mcr-zactva-2013\/img003.jpg\"\n               title=\"\"\n               data-src=\"https:\/\/old.atletikaolomouc.cz\/wp-content\/gallery\/mcr-zactva-2013\/img003.jpg\"\n               data-thumbnail=\"https:\/\/old.atletikaolomouc.cz\/wp-content\/gallery\/mcr-zactva-2013\/thumbs\/thumbs_img003.jpg\"\n               data-image-id=\"10793\"\n               data-title=\"img003\"\n               data-description=\"\"\n               data-image-slug=\"img003-2\"\n               class=\"ngg-simplelightbox\" rel=\"c4bf45ccaf1e4df022c24ac48ffed0e6\">\n                <img\n                    title=\"img003\"\n                    alt=\"img003\"\n                    src=\"https:\/\/old.atletikaolomouc.cz\/wp-content\/gallery\/mcr-zactva-2013\/thumbs\/thumbs_img003.jpg\"\n                    width=\"240\"\n                    height=\"160\"\n                    style=\"max-width:100%;\"\n                \/>\n            <\/a>\n        <\/div>\n\t\t\t\t\t\t\t<\/div> \n\t\t\t\n\t\t\t\t<div id=\"ngg-image-2\" class=\"ngg-gallery-thumbnail-box \" >\n\t\t\t\t        <div class=\"ngg-gallery-thumbnail\">\n            <a href=\"https:\/\/old.atletikaolomouc.cz\/wp-content\/gallery\/mcr-zactva-2013\/img004.jpg\"\n               title=\"\"\n               data-src=\"https:\/\/old.atletikaolomouc.cz\/wp-content\/gallery\/mcr-zactva-2013\/img004.jpg\"\n               data-thumbnail=\"https:\/\/old.atletikaolomouc.cz\/wp-content\/gallery\/mcr-zactva-2013\/thumbs\/thumbs_img004.jpg\"\n               data-image-id=\"10795\"\n               data-title=\"img004\"\n               data-description=\"\"\n               data-image-slug=\"img004-2\"\n               class=\"ngg-simplelightbox\" rel=\"c4bf45ccaf1e4df022c24ac48ffed0e6\">\n                <img\n                    title=\"img004\"\n                    alt=\"img004\"\n                    src=\"https:\/\/old.atletikaolomouc.cz\/wp-content\/gallery\/mcr-zactva-2013\/thumbs\/thumbs_img004.jpg\"\n                    width=\"240\"\n                    height=\"160\"\n                    style=\"max-width:100%;\"\n                \/>\n            <\/a>\n        <\/div>\n\t\t\t\t\t\t\t<\/div> \n\t\t\t\n\t\t\t\t<div id=\"ngg-image-3\" class=\"ngg-gallery-thumbnail-box \" >\n\t\t\t\t        <div class=\"ngg-gallery-thumbnail\">\n            <a href=\"https:\/\/old.atletikaolomouc.cz\/wp-content\/gallery\/mcr-zactva-2013\/img005.jpg\"\n               title=\"\"\n               data-src=\"https:\/\/old.atletikaolomouc.cz\/wp-content\/gallery\/mcr-zactva-2013\/img005.jpg\"\n               data-thumbnail=\"https:\/\/old.atletikaolomouc.cz\/wp-content\/gallery\/mcr-zactva-2013\/thumbs\/thumbs_img005.jpg\"\n               data-image-id=\"10796\"\n               data-title=\"img005\"\n               data-description=\"\"\n               data-image-slug=\"img005-2\"\n               class=\"ngg-simplelightbox\" rel=\"c4bf45ccaf1e4df022c24ac48ffed0e6\">\n                <img\n                    title=\"img005\"\n                    alt=\"img005\"\n                    src=\"https:\/\/old.atletikaolomouc.cz\/wp-content\/gallery\/mcr-zactva-2013\/thumbs\/thumbs_img005.jpg\"\n                    width=\"240\"\n                    height=\"160\"\n                    style=\"max-width:100%;\"\n                \/>\n            <\/a>\n        <\/div>\n\t\t\t\t\t\t\t<\/div> \n\t\t\t\n\t\t\t\t<div id=\"ngg-image-4\" class=\"ngg-gallery-thumbnail-box \" >\n\t\t\t\t        <div class=\"ngg-gallery-thumbnail\">\n            <a href=\"https:\/\/old.atletikaolomouc.cz\/wp-content\/gallery\/mcr-zactva-2013\/img006.jpg\"\n               title=\"\"\n               data-src=\"https:\/\/old.atletikaolomouc.cz\/wp-content\/gallery\/mcr-zactva-2013\/img006.jpg\"\n               data-thumbnail=\"https:\/\/old.atletikaolomouc.cz\/wp-content\/gallery\/mcr-zactva-2013\/thumbs\/thumbs_img006.jpg\"\n               data-image-id=\"10798\"\n               data-title=\"img006\"\n               data-description=\"\"\n               data-image-slug=\"img006-2\"\n               class=\"ngg-simplelightbox\" rel=\"c4bf45ccaf1e4df022c24ac48ffed0e6\">\n                <img\n                    title=\"img006\"\n                    alt=\"img006\"\n                    src=\"https:\/\/old.atletikaolomouc.cz\/wp-content\/gallery\/mcr-zactva-2013\/thumbs\/thumbs_img006.jpg\"\n                    width=\"240\"\n                    height=\"160\"\n                    style=\"max-width:100%;\"\n                \/>\n            <\/a>\n        <\/div>\n\t\t\t\t\t\t\t<\/div> \n\t\t\t\n\t\t\t\t<div id=\"ngg-image-5\" class=\"ngg-gallery-thumbnail-box \" >\n\t\t\t\t        <div class=\"ngg-gallery-thumbnail\">\n            <a href=\"https:\/\/old.atletikaolomouc.cz\/wp-content\/gallery\/mcr-zactva-2013\/img007.jpg\"\n               title=\"\"\n               data-src=\"https:\/\/old.atletikaolomouc.cz\/wp-content\/gallery\/mcr-zactva-2013\/img007.jpg\"\n               data-thumbnail=\"https:\/\/old.atletikaolomouc.cz\/wp-content\/gallery\/mcr-zactva-2013\/thumbs\/thumbs_img007.jpg\"\n               data-image-id=\"10800\"\n               data-title=\"img007\"\n               data-description=\"\"\n               data-image-slug=\"img007-2\"\n               class=\"ngg-simplelightbox\" rel=\"c4bf45ccaf1e4df022c24ac48ffed0e6\">\n                <img\n                    title=\"img007\"\n                    alt=\"img007\"\n                    src=\"https:\/\/old.atletikaolomouc.cz\/wp-content\/gallery\/mcr-zactva-2013\/thumbs\/thumbs_img007.jpg\"\n                    width=\"240\"\n                    height=\"160\"\n                    style=\"max-width:100%;\"\n                \/>\n            <\/a>\n        <\/div>\n\t\t\t\t\t\t\t<\/div> \n\t\t\t\n\t\t\t\t<div id=\"ngg-image-6\" class=\"ngg-gallery-thumbnail-box \" >\n\t\t\t\t        <div class=\"ngg-gallery-thumbnail\">\n            <a href=\"https:\/\/old.atletikaolomouc.cz\/wp-content\/gallery\/mcr-zactva-2013\/img008.jpg\"\n               title=\"\"\n               data-src=\"https:\/\/old.atletikaolomouc.cz\/wp-content\/gallery\/mcr-zactva-2013\/img008.jpg\"\n               data-thumbnail=\"https:\/\/old.atletikaolomouc.cz\/wp-content\/gallery\/mcr-zactva-2013\/thumbs\/thumbs_img008.jpg\"\n               data-image-id=\"10802\"\n               data-title=\"img008\"\n               data-description=\"\"\n               data-image-slug=\"img008-2\"\n               class=\"ngg-simplelightbox\" rel=\"c4bf45ccaf1e4df022c24ac48ffed0e6\">\n                <img\n                    title=\"img008\"\n                    alt=\"img008\"\n                    src=\"https:\/\/old.atletikaolomouc.cz\/wp-content\/gallery\/mcr-zactva-2013\/thumbs\/thumbs_img008.jpg\"\n                    width=\"240\"\n                    height=\"160\"\n                    style=\"max-width:100%;\"\n                \/>\n            <\/a>\n        <\/div>\n\t\t\t\t\t\t\t<\/div> \n\t\t\t\n\t\t\t\t<div id=\"ngg-image-7\" class=\"ngg-gallery-thumbnail-box \" >\n\t\t\t\t        <div class=\"ngg-gallery-thumbnail\">\n            <a href=\"https:\/\/old.atletikaolomouc.cz\/wp-content\/gallery\/mcr-zactva-2013\/img009.jpg\"\n               title=\"\"\n               data-src=\"https:\/\/old.atletikaolomouc.cz\/wp-content\/gallery\/mcr-zactva-2013\/img009.jpg\"\n               data-thumbnail=\"https:\/\/old.atletikaolomouc.cz\/wp-content\/gallery\/mcr-zactva-2013\/thumbs\/thumbs_img009.jpg\"\n               data-image-id=\"10805\"\n               data-title=\"img009\"\n               data-description=\"\"\n               data-image-slug=\"img009-2\"\n               class=\"ngg-simplelightbox\" rel=\"c4bf45ccaf1e4df022c24ac48ffed0e6\">\n                <img\n                    title=\"img009\"\n                    alt=\"img009\"\n                    src=\"https:\/\/old.atletikaolomouc.cz\/wp-content\/gallery\/mcr-zactva-2013\/thumbs\/thumbs_img009.jpg\"\n                    width=\"240\"\n                    height=\"160\"\n                    style=\"max-width:100%;\"\n                \/>\n            <\/a>\n        <\/div>\n\t\t\t\t\t\t\t<\/div> \n\t\t\t\n\t\t\t\t<div id=\"ngg-image-8\" class=\"ngg-gallery-thumbnail-box \" >\n\t\t\t\t        <div class=\"ngg-gallery-thumbnail\">\n            <a href=\"https:\/\/old.atletikaolomouc.cz\/wp-content\/gallery\/mcr-zactva-2013\/P1070974.JPG\"\n               title=\"\"\n               data-src=\"https:\/\/old.atletikaolomouc.cz\/wp-content\/gallery\/mcr-zactva-2013\/P1070974.JPG\"\n               data-thumbnail=\"https:\/\/old.atletikaolomouc.cz\/wp-content\/gallery\/mcr-zactva-2013\/thumbs\/thumbs_P1070974.JPG\"\n               data-image-id=\"10809\"\n               data-title=\"P1070974\"\n               data-description=\"\"\n               data-image-slug=\"p1070974\"\n               class=\"ngg-simplelightbox\" rel=\"c4bf45ccaf1e4df022c24ac48ffed0e6\">\n                <img\n                    title=\"P1070974\"\n                    alt=\"P1070974\"\n                    src=\"https:\/\/old.atletikaolomouc.cz\/wp-content\/gallery\/mcr-zactva-2013\/thumbs\/thumbs_P1070974.JPG\"\n                    width=\"240\"\n                    height=\"160\"\n                    style=\"max-width:100%;\"\n                \/>\n            <\/a>\n        <\/div>\n\t\t\t\t\t\t\t<\/div> \n\t\t\t\n\t\t\t\t<div id=\"ngg-image-9\" class=\"ngg-gallery-thumbnail-box \" >\n\t\t\t\t        <div class=\"ngg-gallery-thumbnail\">\n            <a href=\"https:\/\/old.atletikaolomouc.cz\/wp-content\/gallery\/mcr-zactva-2013\/P1070978.JPG\"\n               title=\"\"\n               data-src=\"https:\/\/old.atletikaolomouc.cz\/wp-content\/gallery\/mcr-zactva-2013\/P1070978.JPG\"\n               data-thumbnail=\"https:\/\/old.atletikaolomouc.cz\/wp-content\/gallery\/mcr-zactva-2013\/thumbs\/thumbs_P1070978.JPG\"\n               data-image-id=\"10815\"\n               data-title=\"P1070978\"\n               data-description=\"\"\n               data-image-slug=\"p1070978\"\n               class=\"ngg-simplelightbox\" rel=\"c4bf45ccaf1e4df022c24ac48ffed0e6\">\n                <img\n                    title=\"P1070978\"\n                    alt=\"P1070978\"\n                    src=\"https:\/\/old.atletikaolomouc.cz\/wp-content\/gallery\/mcr-zactva-2013\/thumbs\/thumbs_P1070978.JPG\"\n                    width=\"240\"\n                    height=\"160\"\n                    style=\"max-width:100%;\"\n                \/>\n            <\/a>\n        <\/div>\n\t\t\t\t\t\t\t<\/div> \n\t\t\t\n\t\t\t\t<div id=\"ngg-image-10\" class=\"ngg-gallery-thumbnail-box \" >\n\t\t\t\t        <div class=\"ngg-gallery-thumbnail\">\n            <a href=\"https:\/\/old.atletikaolomouc.cz\/wp-content\/gallery\/mcr-zactva-2013\/P1070979.JPG\"\n               title=\"\"\n               data-src=\"https:\/\/old.atletikaolomouc.cz\/wp-content\/gallery\/mcr-zactva-2013\/P1070979.JPG\"\n               data-thumbnail=\"https:\/\/old.atletikaolomouc.cz\/wp-content\/gallery\/mcr-zactva-2013\/thumbs\/thumbs_P1070979.JPG\"\n               data-image-id=\"10820\"\n               data-title=\"P1070979\"\n               data-description=\"\"\n               data-image-slug=\"p1070979\"\n               class=\"ngg-simplelightbox\" rel=\"c4bf45ccaf1e4df022c24ac48ffed0e6\">\n                <img\n                    title=\"P1070979\"\n                    alt=\"P1070979\"\n                    src=\"https:\/\/old.atletikaolomouc.cz\/wp-content\/gallery\/mcr-zactva-2013\/thumbs\/thumbs_P1070979.JPG\"\n                    width=\"240\"\n                    height=\"160\"\n                    style=\"max-width:100%;\"\n                \/>\n            <\/a>\n        <\/div>\n\t\t\t\t\t\t\t<\/div> \n\t\t\t\n\t\t\t\t<div id=\"ngg-image-11\" class=\"ngg-gallery-thumbnail-box \" >\n\t\t\t\t        <div class=\"ngg-gallery-thumbnail\">\n            <a href=\"https:\/\/old.atletikaolomouc.cz\/wp-content\/gallery\/mcr-zactva-2013\/P1070980.JPG\"\n               title=\"\"\n               data-src=\"https:\/\/old.atletikaolomouc.cz\/wp-content\/gallery\/mcr-zactva-2013\/P1070980.JPG\"\n               data-thumbnail=\"https:\/\/old.atletikaolomouc.cz\/wp-content\/gallery\/mcr-zactva-2013\/thumbs\/thumbs_P1070980.JPG\"\n               data-image-id=\"10827\"\n               data-title=\"P1070980\"\n               data-description=\"\"\n               data-image-slug=\"p1070980\"\n               class=\"ngg-simplelightbox\" rel=\"c4bf45ccaf1e4df022c24ac48ffed0e6\">\n                <img\n                    title=\"P1070980\"\n                    alt=\"P1070980\"\n                    src=\"https:\/\/old.atletikaolomouc.cz\/wp-content\/gallery\/mcr-zactva-2013\/thumbs\/thumbs_P1070980.JPG\"\n                    width=\"240\"\n                    height=\"160\"\n                    style=\"max-width:100%;\"\n                \/>\n            <\/a>\n        <\/div>\n\t\t\t\t\t\t\t<\/div> \n\t\t\t\n\t\t\t\t<div id=\"ngg-image-12\" class=\"ngg-gallery-thumbnail-box \" >\n\t\t\t\t        <div class=\"ngg-gallery-thumbnail\">\n            <a href=\"https:\/\/old.atletikaolomouc.cz\/wp-content\/gallery\/mcr-zactva-2013\/P1070981.JPG\"\n               title=\"\"\n               data-src=\"https:\/\/old.atletikaolomouc.cz\/wp-content\/gallery\/mcr-zactva-2013\/P1070981.JPG\"\n               data-thumbnail=\"https:\/\/old.atletikaolomouc.cz\/wp-content\/gallery\/mcr-zactva-2013\/thumbs\/thumbs_P1070981.JPG\"\n               data-image-id=\"10833\"\n               data-title=\"P1070981\"\n               data-description=\"\"\n               data-image-slug=\"p1070981\"\n               class=\"ngg-simplelightbox\" rel=\"c4bf45ccaf1e4df022c24ac48ffed0e6\">\n                <img\n                    title=\"P1070981\"\n                    alt=\"P1070981\"\n                    src=\"https:\/\/old.atletikaolomouc.cz\/wp-content\/gallery\/mcr-zactva-2013\/thumbs\/thumbs_P1070981.JPG\"\n                    width=\"240\"\n                    height=\"160\"\n                    style=\"max-width:100%;\"\n                \/>\n            <\/a>\n        <\/div>\n\t\t\t\t\t\t\t<\/div> \n\t\t\t\n\t\t\t\t<div id=\"ngg-image-13\" class=\"ngg-gallery-thumbnail-box \" >\n\t\t\t\t        <div class=\"ngg-gallery-thumbnail\">\n            <a href=\"https:\/\/old.atletikaolomouc.cz\/wp-content\/gallery\/mcr-zactva-2013\/P1070985.JPG\"\n               title=\"\"\n               data-src=\"https:\/\/old.atletikaolomouc.cz\/wp-content\/gallery\/mcr-zactva-2013\/P1070985.JPG\"\n               data-thumbnail=\"https:\/\/old.atletikaolomouc.cz\/wp-content\/gallery\/mcr-zactva-2013\/thumbs\/thumbs_P1070985.JPG\"\n               data-image-id=\"10837\"\n               data-title=\"P1070985\"\n               data-description=\"\"\n               data-image-slug=\"p1070985\"\n               class=\"ngg-simplelightbox\" rel=\"c4bf45ccaf1e4df022c24ac48ffed0e6\">\n                <img\n                    title=\"P1070985\"\n                    alt=\"P1070985\"\n                    src=\"https:\/\/old.atletikaolomouc.cz\/wp-content\/gallery\/mcr-zactva-2013\/thumbs\/thumbs_P1070985.JPG\"\n                    width=\"240\"\n                    height=\"160\"\n                    style=\"max-width:100%;\"\n                \/>\n            <\/a>\n        <\/div>\n\t\t\t\t\t\t\t<\/div> \n\t\t\t\n\t\t\t\t<div id=\"ngg-image-14\" class=\"ngg-gallery-thumbnail-box \" >\n\t\t\t\t        <div class=\"ngg-gallery-thumbnail\">\n            <a href=\"https:\/\/old.atletikaolomouc.cz\/wp-content\/gallery\/mcr-zactva-2013\/P1070989.JPG\"\n               title=\"\"\n               data-src=\"https:\/\/old.atletikaolomouc.cz\/wp-content\/gallery\/mcr-zactva-2013\/P1070989.JPG\"\n               data-thumbnail=\"https:\/\/old.atletikaolomouc.cz\/wp-content\/gallery\/mcr-zactva-2013\/thumbs\/thumbs_P1070989.JPG\"\n               data-image-id=\"10845\"\n               data-title=\"P1070989\"\n               data-description=\"\"\n               data-image-slug=\"p1070989\"\n               class=\"ngg-simplelightbox\" rel=\"c4bf45ccaf1e4df022c24ac48ffed0e6\">\n                <img\n                    title=\"P1070989\"\n                    alt=\"P1070989\"\n                    src=\"https:\/\/old.atletikaolomouc.cz\/wp-content\/gallery\/mcr-zactva-2013\/thumbs\/thumbs_P1070989.JPG\"\n                    width=\"240\"\n                    height=\"160\"\n                    style=\"max-width:100%;\"\n                \/>\n            <\/a>\n        <\/div>\n\t\t\t\t\t\t\t<\/div> \n\t\t\t\n\t\t\t\t<div id=\"ngg-image-15\" class=\"ngg-gallery-thumbnail-box \" >\n\t\t\t\t        <div class=\"ngg-gallery-thumbnail\">\n            <a href=\"https:\/\/old.atletikaolomouc.cz\/wp-content\/gallery\/mcr-zactva-2013\/P1070992.JPG\"\n               title=\"\"\n               data-src=\"https:\/\/old.atletikaolomouc.cz\/wp-content\/gallery\/mcr-zactva-2013\/P1070992.JPG\"\n               data-thumbnail=\"https:\/\/old.atletikaolomouc.cz\/wp-content\/gallery\/mcr-zactva-2013\/thumbs\/thumbs_P1070992.JPG\"\n               data-image-id=\"10850\"\n               data-title=\"P1070992\"\n               data-description=\"\"\n               data-image-slug=\"p1070992\"\n               class=\"ngg-simplelightbox\" rel=\"c4bf45ccaf1e4df022c24ac48ffed0e6\">\n                <img\n                    title=\"P1070992\"\n                    alt=\"P1070992\"\n                    src=\"https:\/\/old.atletikaolomouc.cz\/wp-content\/gallery\/mcr-zactva-2013\/thumbs\/thumbs_P1070992.JPG\"\n                    width=\"240\"\n                    height=\"160\"\n                    style=\"max-width:100%;\"\n                \/>\n            <\/a>\n        <\/div>\n\t\t\t\t\t\t\t<\/div> \n\t\t\t\n\t\t\t\t<div id=\"ngg-image-16\" class=\"ngg-gallery-thumbnail-box \" >\n\t\t\t\t        <div class=\"ngg-gallery-thumbnail\">\n            <a href=\"https:\/\/old.atletikaolomouc.cz\/wp-content\/gallery\/mcr-zactva-2013\/P1070993.JPG\"\n               title=\"\"\n               data-src=\"https:\/\/old.atletikaolomouc.cz\/wp-content\/gallery\/mcr-zactva-2013\/P1070993.JPG\"\n               data-thumbnail=\"https:\/\/old.atletikaolomouc.cz\/wp-content\/gallery\/mcr-zactva-2013\/thumbs\/thumbs_P1070993.JPG\"\n               data-image-id=\"10855\"\n               data-title=\"P1070993\"\n               data-description=\"\"\n               data-image-slug=\"p1070993\"\n               class=\"ngg-simplelightbox\" rel=\"c4bf45ccaf1e4df022c24ac48ffed0e6\">\n                <img\n                    title=\"P1070993\"\n                    alt=\"P1070993\"\n                    src=\"https:\/\/old.atletikaolomouc.cz\/wp-content\/gallery\/mcr-zactva-2013\/thumbs\/thumbs_P1070993.JPG\"\n                    width=\"240\"\n                    height=\"160\"\n                    style=\"max-width:100%;\"\n                \/>\n            <\/a>\n        <\/div>\n\t\t\t\t\t\t\t<\/div> \n\t\t\t\n\t\t\t\t<div id=\"ngg-image-17\" class=\"ngg-gallery-thumbnail-box \" >\n\t\t\t\t        <div class=\"ngg-gallery-thumbnail\">\n            <a href=\"https:\/\/old.atletikaolomouc.cz\/wp-content\/gallery\/mcr-zactva-2013\/P1070998.JPG\"\n               title=\"\"\n               data-src=\"https:\/\/old.atletikaolomouc.cz\/wp-content\/gallery\/mcr-zactva-2013\/P1070998.JPG\"\n               data-thumbnail=\"https:\/\/old.atletikaolomouc.cz\/wp-content\/gallery\/mcr-zactva-2013\/thumbs\/thumbs_P1070998.JPG\"\n               data-image-id=\"10859\"\n               data-title=\"P1070998\"\n               data-description=\"\"\n               data-image-slug=\"p1070998\"\n               class=\"ngg-simplelightbox\" rel=\"c4bf45ccaf1e4df022c24ac48ffed0e6\">\n                <img\n                    title=\"P1070998\"\n                    alt=\"P1070998\"\n                    src=\"https:\/\/old.atletikaolomouc.cz\/wp-content\/gallery\/mcr-zactva-2013\/thumbs\/thumbs_P1070998.JPG\"\n                    width=\"240\"\n                    height=\"160\"\n                    style=\"max-width:100%;\"\n                \/>\n            <\/a>\n        <\/div>\n\t\t\t\t\t\t\t<\/div> \n\t\t\t\n\t\t\t\t<div id=\"ngg-image-18\" class=\"ngg-gallery-thumbnail-box \" >\n\t\t\t\t        <div class=\"ngg-gallery-thumbnail\">\n            <a href=\"https:\/\/old.atletikaolomouc.cz\/wp-content\/gallery\/mcr-zactva-2013\/P1080001.JPG\"\n               title=\"\"\n               data-src=\"https:\/\/old.atletikaolomouc.cz\/wp-content\/gallery\/mcr-zactva-2013\/P1080001.JPG\"\n               data-thumbnail=\"https:\/\/old.atletikaolomouc.cz\/wp-content\/gallery\/mcr-zactva-2013\/thumbs\/thumbs_P1080001.JPG\"\n               data-image-id=\"10865\"\n               data-title=\"P1080001\"\n               data-description=\"\"\n               data-image-slug=\"p1080001\"\n               class=\"ngg-simplelightbox\" rel=\"c4bf45ccaf1e4df022c24ac48ffed0e6\">\n                <img\n                    title=\"P1080001\"\n                    alt=\"P1080001\"\n                    src=\"https:\/\/old.atletikaolomouc.cz\/wp-content\/gallery\/mcr-zactva-2013\/thumbs\/thumbs_P1080001.JPG\"\n                    width=\"240\"\n                    height=\"160\"\n                    style=\"max-width:100%;\"\n                \/>\n            <\/a>\n        <\/div>\n\t\t\t\t\t\t\t<\/div> \n\t\t\t\n\t\t\t\t<div id=\"ngg-image-19\" class=\"ngg-gallery-thumbnail-box \" >\n\t\t\t\t        <div class=\"ngg-gallery-thumbnail\">\n            <a href=\"https:\/\/old.atletikaolomouc.cz\/wp-content\/gallery\/mcr-zactva-2013\/P1080004.JPG\"\n               title=\"\"\n               data-src=\"https:\/\/old.atletikaolomouc.cz\/wp-content\/gallery\/mcr-zactva-2013\/P1080004.JPG\"\n               data-thumbnail=\"https:\/\/old.atletikaolomouc.cz\/wp-content\/gallery\/mcr-zactva-2013\/thumbs\/thumbs_P1080004.JPG\"\n               data-image-id=\"10872\"\n               data-title=\"P1080004\"\n               data-description=\"\"\n               data-image-slug=\"p1080004\"\n               class=\"ngg-simplelightbox\" rel=\"c4bf45ccaf1e4df022c24ac48ffed0e6\">\n                <img\n                    title=\"P1080004\"\n                    alt=\"P1080004\"\n                    src=\"https:\/\/old.atletikaolomouc.cz\/wp-content\/gallery\/mcr-zactva-2013\/thumbs\/thumbs_P1080004.JPG\"\n                    width=\"240\"\n                    height=\"160\"\n                    style=\"max-width:100%;\"\n                \/>\n            <\/a>\n        <\/div>\n\t\t\t\t\t\t\t<\/div> \n\t\t\t\n\t\t\t\t<div id=\"ngg-image-20\" class=\"ngg-gallery-thumbnail-box \" >\n\t\t\t\t        <div class=\"ngg-gallery-thumbnail\">\n            <a href=\"https:\/\/old.atletikaolomouc.cz\/wp-content\/gallery\/mcr-zactva-2013\/P1080006.JPG\"\n               title=\"\"\n               data-src=\"https:\/\/old.atletikaolomouc.cz\/wp-content\/gallery\/mcr-zactva-2013\/P1080006.JPG\"\n               data-thumbnail=\"https:\/\/old.atletikaolomouc.cz\/wp-content\/gallery\/mcr-zactva-2013\/thumbs\/thumbs_P1080006.JPG\"\n               data-image-id=\"10881\"\n               data-title=\"P1080006\"\n               data-description=\"\"\n               data-image-slug=\"p1080006\"\n               class=\"ngg-simplelightbox\" rel=\"c4bf45ccaf1e4df022c24ac48ffed0e6\">\n                <img\n                    title=\"P1080006\"\n                    alt=\"P1080006\"\n                    src=\"https:\/\/old.atletikaolomouc.cz\/wp-content\/gallery\/mcr-zactva-2013\/thumbs\/thumbs_P1080006.JPG\"\n                    width=\"240\"\n                    height=\"160\"\n                    style=\"max-width:100%;\"\n                \/>\n            <\/a>\n        <\/div>\n\t\t\t\t\t\t\t<\/div> \n\t\t\t\n\t\t\t\t<div id=\"ngg-image-21\" class=\"ngg-gallery-thumbnail-box \" >\n\t\t\t\t        <div class=\"ngg-gallery-thumbnail\">\n            <a href=\"https:\/\/old.atletikaolomouc.cz\/wp-content\/gallery\/mcr-zactva-2013\/P1080009.JPG\"\n               title=\"\"\n               data-src=\"https:\/\/old.atletikaolomouc.cz\/wp-content\/gallery\/mcr-zactva-2013\/P1080009.JPG\"\n               data-thumbnail=\"https:\/\/old.atletikaolomouc.cz\/wp-content\/gallery\/mcr-zactva-2013\/thumbs\/thumbs_P1080009.JPG\"\n               data-image-id=\"10889\"\n               data-title=\"P1080009\"\n               data-description=\"\"\n               data-image-slug=\"p1080009\"\n               class=\"ngg-simplelightbox\" rel=\"c4bf45ccaf1e4df022c24ac48ffed0e6\">\n                <img\n                    title=\"P1080009\"\n                    alt=\"P1080009\"\n                    src=\"https:\/\/old.atletikaolomouc.cz\/wp-content\/gallery\/mcr-zactva-2013\/thumbs\/thumbs_P1080009.JPG\"\n                    width=\"240\"\n                    height=\"160\"\n                    style=\"max-width:100%;\"\n                \/>\n            <\/a>\n        <\/div>\n\t\t\t\t\t\t\t<\/div> \n\t\t\t\n\t\t\t\t<div id=\"ngg-image-22\" class=\"ngg-gallery-thumbnail-box \" >\n\t\t\t\t        <div class=\"ngg-gallery-thumbnail\">\n            <a href=\"https:\/\/old.atletikaolomouc.cz\/wp-content\/gallery\/mcr-zactva-2013\/P1080010.JPG\"\n               title=\"\"\n               data-src=\"https:\/\/old.atletikaolomouc.cz\/wp-content\/gallery\/mcr-zactva-2013\/P1080010.JPG\"\n               data-thumbnail=\"https:\/\/old.atletikaolomouc.cz\/wp-content\/gallery\/mcr-zactva-2013\/thumbs\/thumbs_P1080010.JPG\"\n               data-image-id=\"10898\"\n               data-title=\"P1080010\"\n               data-description=\"\"\n               data-image-slug=\"p1080010\"\n               class=\"ngg-simplelightbox\" rel=\"c4bf45ccaf1e4df022c24ac48ffed0e6\">\n                <img\n                    title=\"P1080010\"\n                    alt=\"P1080010\"\n                    src=\"https:\/\/old.atletikaolomouc.cz\/wp-content\/gallery\/mcr-zactva-2013\/thumbs\/thumbs_P1080010.JPG\"\n                    width=\"240\"\n                    height=\"160\"\n                    style=\"max-width:100%;\"\n                \/>\n            <\/a>\n        <\/div>\n\t\t\t\t\t\t\t<\/div> \n\t\t\t\n\t\t\t\t<div id=\"ngg-image-23\" class=\"ngg-gallery-thumbnail-box \" >\n\t\t\t\t        <div class=\"ngg-gallery-thumbnail\">\n            <a href=\"https:\/\/old.atletikaolomouc.cz\/wp-content\/gallery\/mcr-zactva-2013\/P1080011.JPG\"\n               title=\"\"\n               data-src=\"https:\/\/old.atletikaolomouc.cz\/wp-content\/gallery\/mcr-zactva-2013\/P1080011.JPG\"\n               data-thumbnail=\"https:\/\/old.atletikaolomouc.cz\/wp-content\/gallery\/mcr-zactva-2013\/thumbs\/thumbs_P1080011.JPG\"\n               data-image-id=\"10908\"\n               data-title=\"P1080011\"\n               data-description=\"\"\n               data-image-slug=\"p1080011\"\n               class=\"ngg-simplelightbox\" rel=\"c4bf45ccaf1e4df022c24ac48ffed0e6\">\n                <img\n                    title=\"P1080011\"\n                    alt=\"P1080011\"\n                    src=\"https:\/\/old.atletikaolomouc.cz\/wp-content\/gallery\/mcr-zactva-2013\/thumbs\/thumbs_P1080011.JPG\"\n                    width=\"240\"\n                    height=\"160\"\n                    style=\"max-width:100%;\"\n                \/>\n            <\/a>\n        <\/div>\n\t\t\t\t\t\t\t<\/div> \n\t\t\t\n\t\n\t<br style=\"clear: both\" \/>\n\n\t\n\t\t<!-- Pagination -->\n\t<div class='ngg-navigation'><span class='current'>1<\/span>\n<a class='page-numbers' data-pageid='2' href='https:\/\/old.atletikaolomouc.cz\/index.php\/nggallery\/page\/2?p=4479'>2<\/a>\n<a class='page-numbers' data-pageid='3' href='https:\/\/old.atletikaolomouc.cz\/index.php\/nggallery\/page\/3?p=4479'>3<\/a>\n<a class='prev' href='https:\/\/old.atletikaolomouc.cz\/index.php\/nggallery\/page\/2?p=4479' data-pageid=2>&#9658;<\/a><\/div>\t<\/div>\n\n","protected":false},"excerpt":{"rendered":"<p>O v\u00edkendu 21.-22.9.2013 se v Praze na Edenu konalo Mistrovstv\u00ed \u010cR star\u0161\u00edho \u017eactva. Zde je p\u00e1r fotek.<\/p>\n","protected":false},"author":4,"featured_media":0,"comment_status":"closed","ping_status":"closed","sticky":false,"template":"","format":"gallery","meta":{"ngg_post_thumbnail":0},"categories":[43],"tags":[],"_links":{"self":[{"href":"https:\/\/old.atletikaolomouc.cz\/index.php?rest_route=\/wp\/v2\/posts\/4479"}],"collection":[{"href":"https:\/\/old.atletikaolomouc.cz\/index.php?rest_route=\/wp\/v2\/posts"}],"about":[{"href":"https:\/\/old.atletikaolomouc.cz\/index.php?rest_route=\/wp\/v2\/types\/post"}],"author":[{"embeddable":true,"href":"https:\/\/old.atletikaolomouc.cz\/index.php?rest_route=\/wp\/v2\/users\/4"}],"replies":[{"embeddable":true,"href":"https:\/\/old.atletikaolomouc.cz\/index.php?rest_route=%2Fwp%2Fv2%2Fcomments&post=4479"}],"version-history":[{"count":3,"href":"https:\/\/old.atletikaolomouc.cz\/index.php?rest_route=\/wp\/v2\/posts\/4479\/revisions"}],"predecessor-version":[{"id":25770,"href":"https:\/\/old.atletikaolomouc.cz\/index.php?rest_route=\/wp\/v2\/posts\/4479\/revisions\/25770"}],"wp:attachment":[{"href":"https:\/\/old.atletikaolomouc.cz\/index.php?rest_route=%2Fwp%2Fv2%2Fmedia&parent=4479"}],"wp:term":[{"taxonomy":"category","embeddable":true,"href":"https:\/\/old.atletikaolomouc.cz\/index.php?rest_route=%2Fwp%2Fv2%2Fcategories&post=4479"},{"taxonomy":"post_tag","embeddable":true,"href":"https:\/\/old.atletikaolomouc.cz\/index.php?rest_route=%2Fwp%2Fv2%2Ftags&post=4479"}],"curies":[{"name":"wp","href":"https:\/\/api.w.org\/{rel}","templated":true}]}}