{"id":4488,"date":"2013-09-26T14:57:50","date_gmt":"2013-09-26T12:57:50","guid":{"rendered":"http:\/\/www.atletikaolomouc.cz\/?p=4488"},"modified":"2013-09-26T14:57:50","modified_gmt":"2013-09-26T12:57:50","slug":"finale-mcr-druzstev-mladeze","status":"publish","type":"post","link":"https:\/\/old.atletikaolomouc.cz\/?p=4488","title":{"rendered":"Fin\u00e1le M\u010cR dru\u017estev ml\u00e1de\u017ee"},"content":{"rendered":"<p style=\"text-align: justify;\">V sobotu 28.9.2013 prob\u011bhne na dvou stadionech Mistrovstv\u00ed \u010cR dru\u017estev. V Praze na Sl\u00e1vii se utkaj\u00ed o cenn\u00e9 kovy junio\u0159i a juniorky, v B\u0159eclavi pak dorostenci a dorostenky. Na obou z\u00e1vodech budeme m\u00edt sv\u00e9 z\u00e1stupce&#8230;<\/p>\n<p><!--more--><\/p>\n<p style=\"text-align: justify;\"><strong>Dru\u017estvo junior\u016f:<\/strong><br \/>Dru\u017estvo junior\u016f pod veden\u00edm Libora Kalase se netaj\u00ed touhou po nejcenn\u011bj\u0161\u00ed zlat\u00e9 medaili. Siln\u00e1 z\u00e1kladna olomouck\u00e9ho dru\u017estva byla je\u0161t\u011b pos\u00edlena nahostovan\u00fdmi z\u00e1vodn\u00edky, kte\u0159\u00ed ve sv\u00e9 kategorii tvo\u0159\u00ed \u0161pi\u010dku \u010desk\u00e9 atletiky. I kdy\u017e se omluvil jeden z nejl\u00e9pe boduj\u00edc\u00edch z\u00e1vodn\u00edk\u016f Zden\u011bk Strom\u0161\u00edk, st\u00e1le je dru\u017estvo dost siln\u00e9 na to, aby si z Prahy p\u0159ivezlo zlato. Odjezd do Prahy je napl\u00e1novan\u00fd autobusem z parkovi\u0161t\u011b AK Olomouc v <strong>p\u00e1tek 27.9.2013 v 10:45 hodin<\/strong>. Budeme dr\u017eet palce.<\/p>\n<p><a href=\"http:\/\/www.atletikaolomouc.cz\/wp-content\/uploads\/2013\/09\/fin\u00e1le_zpravodaj_junio\u0159i_2013.pdf\" target=\"_blank\">Zpravodaj junior\u016f<\/a><br \/><a href=\"http:\/\/www.atletikaolomouc.cz\/wp-content\/uploads\/2013\/09\/fin\u00e1le_zpravodaj_junio\u0159i_2013_soupiska.pdf\" target=\"_blank\">Soupiska dru\u017estva<\/a><br \/><a href=\"http:\/\/www.atletika.cz\/propozice1\/propozice-mistrovstvi-cr-druzstev-junior1\" target=\"_blank\">Propozice<\/a><\/p>\n<p style=\"text-align: justify;\"><strong>Dru\u017estvo dorostenc\u016f:<\/strong><br \/>Dru\u017estvo dorostenc\u016f zaznamenalo \u00fasp\u011bch u\u017e jen t\u00edm, \u017ee postoupilo do fin\u00e1le M\u010cR. Pod veden\u00edm Tatj\u00e1ny Jerou\u0161kov\u00e9 pojedou kluci autobusem z parkovi\u0161t\u011b AK Olomouc v sobotu 28.9.2013 v 7:30 hodin.<\/p>\n<p style=\"text-align: justify;\"><a href=\"http:\/\/www.atletika.cz\/propozice1\/propozice-mistrovstvi-cr-druzstev-dorost1\" target=\"_blank\">Propozice<\/a><\/p>\n","protected":false},"excerpt":{"rendered":"<p>V sobotu 28.9.2013 prob\u011bhne na dvou stadionech Mistrovstv\u00ed \u010cR dru\u017estev. V Praze na Sl\u00e1vii se utkaj\u00ed o cenn\u00e9 kovy junio\u0159i a juniorky, v B\u0159eclavi pak dorostenci a dorostenky. Na obou z\u00e1vodech budeme m\u00edt sv\u00e9 z\u00e1stupce&#8230;<\/p>\n","protected":false},"author":4,"featured_media":4492,"comment_status":"closed","ping_status":"closed","sticky":false,"template":"","format":"standard","meta":{"ngg_post_thumbnail":0},"categories":[6,13,37,11],"tags":[],"_links":{"self":[{"href":"https:\/\/old.atletikaolomouc.cz\/index.php?rest_route=\/wp\/v2\/posts\/4488"}],"collection":[{"href":"https:\/\/old.atletikaolomouc.cz\/index.php?rest_route=\/wp\/v2\/posts"}],"about":[{"href":"https:\/\/old.atletikaolomouc.cz\/index.php?rest_route=\/wp\/v2\/types\/post"}],"author":[{"embeddable":true,"href":"https:\/\/old.atletikaolomouc.cz\/index.php?rest_route=\/wp\/v2\/users\/4"}],"replies":[{"embeddable":true,"href":"https:\/\/old.atletikaolomouc.cz\/index.php?rest_route=%2Fwp%2Fv2%2Fcomments&post=4488"}],"version-history":[{"count":1,"href":"https:\/\/old.atletikaolomouc.cz\/index.php?rest_route=\/wp\/v2\/posts\/4488\/revisions"}],"predecessor-version":[{"id":4493,"href":"https:\/\/old.atletikaolomouc.cz\/index.php?rest_route=\/wp\/v2\/posts\/4488\/revisions\/4493"}],"wp:featuredmedia":[{"embeddable":true,"href":"https:\/\/old.atletikaolomouc.cz\/index.php?rest_route=\/wp\/v2\/media\/4492"}],"wp:attachment":[{"href":"https:\/\/old.atletikaolomouc.cz\/index.php?rest_route=%2Fwp%2Fv2%2Fmedia&parent=4488"}],"wp:term":[{"taxonomy":"category","embeddable":true,"href":"https:\/\/old.atletikaolomouc.cz\/index.php?rest_route=%2Fwp%2Fv2%2Fcategories&post=4488"},{"taxonomy":"post_tag","embeddable":true,"href":"https:\/\/old.atletikaolomouc.cz\/index.php?rest_route=%2Fwp%2Fv2%2Ftags&post=4488"}],"curies":[{"name":"wp","href":"https:\/\/api.w.org\/{rel}","templated":true}]}}