{"id":4511,"date":"2013-10-01T10:25:12","date_gmt":"2013-10-01T08:25:12","guid":{"rendered":"http:\/\/www.atletikaolomouc.cz\/?p=4511"},"modified":"2013-11-12T13:56:16","modified_gmt":"2013-11-12T12:56:16","slug":"mcr-druzstev-starsich-zaku","status":"publish","type":"post","link":"https:\/\/old.atletikaolomouc.cz\/?p=4511","title":{"rendered":"M\u010cR dru\u017estev star\u0161\u00edch \u017e\u00e1k\u016f"},"content":{"rendered":"<p style=\"text-align: justify;\">Od za\u010d\u00e1tku sez\u00f3ny se dru\u017estvo netajilo ambicemi z\u00edskat jednu z\u00a0medail\u00ed na fin\u00e1le M\u010cR. Samotn\u00fd fin\u00e1lov\u00fd z\u00e1vod byl velmi dramatick\u00fd a bojovalo se a\u017e do posledn\u00edch \u0161tafet. Nakonec z\u00a0toho bylo celkov\u00e9 4. m\u00edsto o pouh\u00e9 3 body od 3. m\u00edsta a 4,5 bodu od 2. m\u00edsta.<\/p>\n<p style=\"text-align: justify;\"><!--more--><\/p>\n<p style=\"text-align: justify;\">V\u00a0n\u011bkter\u00fdch disciplin\u00e1ch jsme body ztr\u00e1cely, jinde naopak z\u00edskali. Plusov\u00e9 body jsme sb\u00edrali z\u00e1sluhou Jakuba Motla a Mat\u011bje Plach\u00e9ho na kladivu. Tak\u00e9 vytrvalci nasb\u00edrali v\u00edce bod\u016f, ne\u017e se \u010dekalo. Marek Machalick\u00fd zv\u00edt\u011bzil v\u00a0b\u011bhu na 1500 m a body p\u0159idal tak\u00e9 Tom\u00e1\u0161 Kryl. Vojta Podjukl byl druh\u00fd na 3000 m a Jakub Smetana dob\u011bhl na 6. m\u00edst\u011b. Na 800m jsme z\u00e1sluhou Tade\u00e1\u0161e Coufala a Martina Kone\u010dn\u00e9ho z\u00edskali 5. a 6. m\u00edsto a na 1500 m p\u0159ek\u00e1\u017eek zabodoval Sam Emereoha. Ve skoku dalek\u00e9m potvrdil v\u00edt\u011bzstv\u00edm skv\u011blou formu Dominik Or\u00e1lek. Ve sprintech skv\u011ble bodoval Adam R\u00f6der na 60 a 300 m, bohu\u017eel na 150 m d\u00edky svalov\u00e9mu zran\u011bn\u00ed nedob\u011bhl. Filip Samuel z\u00edskal 6 bod\u016f v\u00a0ty\u010di a to co ztratil ve v\u00fd\u0161ce vybojoval na 200 m p\u0159. Skv\u011bl\u00e9 byly z\u00e1v\u011bre\u010dn\u00e9 \u0161tafety. \u0160tafeta na 4&#215;60 m ve slo\u017een\u00ed \u010cesnek, Emereoha, Kone\u010dn\u00fd, Nastoupil zv\u00edt\u011bzila a d\u00e1vala tak je\u0161t\u011b mo\u017enost dostat se na medailov\u00e9 um\u00edst\u011bn\u00ed. \u0160tafeta na 4&#215;300 m (Machalick\u00fd, Kone\u010dn\u00fd, Coufal, Emereoha) se sice sna\u017eila co to \u0161lo, ale p\u0159ekonat soupe\u0159e z\u00a0SSK V\u00edtkovice se nepoda\u0159ilo. V\u0161em \u010dlen\u016fm dru\u017estva bych cht\u011bl pod\u011bkovat za snahu a bojovnost, se kterou do Kladna na M\u010cR odjeli. Dlouho jsem neza\u017eil takto vypjat\u00fd z\u00e1vod a t\u00fdmovou n\u00e1ladu, kter\u00e1 po cel\u00fd den na Kladn\u011b panovala. V\u011b\u0159\u00edm, \u017ee p\u0159\u00ed\u0161t\u00ed rok v\u00a0dorostech si to kluci vynahrad\u00ed. Mezi nejl\u00e9pe boduj\u00edc\u00ed \u010dleny dru\u017estva pat\u0159ili Adam R\u00f6der (106,75 b.), Dominik Or\u00e1lek (102,75 b.), Filip Samuel (78,25 b.) a Jakub Motl (77 b.).<\/p>\n<p style=\"text-align: justify;\">V\u00fdsledky M\u010cR dru\u017estev &#8211; <a href=\"http:\/\/online.atletika.cz\/vysledky.aspx?idk=16976\" target=\"_blank\">zde<\/a><br \/>Tabulka bodov\u00e1n\u00ed jednotlivc\u016f &#8211; <a href=\"http:\/\/www.atletikaolomouc.cz\/wp-content\/uploads\/2013\/10\/tabulka_bodovani_stkluci_2013_1.pdf\" target=\"_blank\">zde<\/a><\/p>\n","protected":false},"excerpt":{"rendered":"<p>Od za\u010d\u00e1tku sez\u00f3ny se dru\u017estvo netajilo ambicemi z\u00edskat jednu z\u00a0medail\u00ed na fin\u00e1le M\u010cR. Samotn\u00fd fin\u00e1lov\u00fd z\u00e1vod byl velmi dramatick\u00fd a bojovalo se a\u017e do posledn\u00edch \u0161tafet. Nakonec z\u00a0toho bylo celkov\u00e9 4. m\u00edsto o pouh\u00e9 3 body od 3. m\u00edsta a &hellip; <a href=\"https:\/\/old.atletikaolomouc.cz\/?p=4511\">Continue reading <span class=\"meta-nav\">&rarr;<\/span><\/a><\/p>\n","protected":false},"author":4,"featured_media":4555,"comment_status":"closed","ping_status":"closed","sticky":false,"template":"","format":"standard","meta":{"ngg_post_thumbnail":0},"categories":[6,37,15],"tags":[],"_links":{"self":[{"href":"https:\/\/old.atletikaolomouc.cz\/index.php?rest_route=\/wp\/v2\/posts\/4511"}],"collection":[{"href":"https:\/\/old.atletikaolomouc.cz\/index.php?rest_route=\/wp\/v2\/posts"}],"about":[{"href":"https:\/\/old.atletikaolomouc.cz\/index.php?rest_route=\/wp\/v2\/types\/post"}],"author":[{"embeddable":true,"href":"https:\/\/old.atletikaolomouc.cz\/index.php?rest_route=\/wp\/v2\/users\/4"}],"replies":[{"embeddable":true,"href":"https:\/\/old.atletikaolomouc.cz\/index.php?rest_route=%2Fwp%2Fv2%2Fcomments&post=4511"}],"version-history":[{"count":3,"href":"https:\/\/old.atletikaolomouc.cz\/index.php?rest_route=\/wp\/v2\/posts\/4511\/revisions"}],"predecessor-version":[{"id":4552,"href":"https:\/\/old.atletikaolomouc.cz\/index.php?rest_route=\/wp\/v2\/posts\/4511\/revisions\/4552"}],"wp:featuredmedia":[{"embeddable":true,"href":"https:\/\/old.atletikaolomouc.cz\/index.php?rest_route=\/wp\/v2\/media\/4555"}],"wp:attachment":[{"href":"https:\/\/old.atletikaolomouc.cz\/index.php?rest_route=%2Fwp%2Fv2%2Fmedia&parent=4511"}],"wp:term":[{"taxonomy":"category","embeddable":true,"href":"https:\/\/old.atletikaolomouc.cz\/index.php?rest_route=%2Fwp%2Fv2%2Fcategories&post=4511"},{"taxonomy":"post_tag","embeddable":true,"href":"https:\/\/old.atletikaolomouc.cz\/index.php?rest_route=%2Fwp%2Fv2%2Ftags&post=4511"}],"curies":[{"name":"wp","href":"https:\/\/api.w.org\/{rel}","templated":true}]}}