{"id":4563,"date":"2013-11-18T11:15:33","date_gmt":"2013-11-18T10:15:33","guid":{"rendered":"http:\/\/www.atletikaolomouc.cz\/?p=4563"},"modified":"2021-01-25T14:00:50","modified_gmt":"2021-01-25T13:00:50","slug":"atlet-roku-2013-oslavy-80-let-ak-olomouc-foto","status":"publish","type":"post","link":"https:\/\/old.atletikaolomouc.cz\/?p=4563","title":{"rendered":"Atlet roku 2013 &#8211; oslavy 80 let AK Olomouc &#8211; FOTO"},"content":{"rendered":"<p style=\"text-align: justify;\"><a href=\"http:\/\/www.atletikaolomouc.cz\/wp-content\/uploads\/2013\/11\/DSC_1687-80-let-2013.jpg\"><img decoding=\"async\" loading=\"lazy\" class=\"alignleft wp-image-4566\" title=\"DSC_1687 80 let 2013\" src=\"http:\/\/www.atletikaolomouc.cz\/wp-content\/uploads\/2013\/11\/DSC_1687-80-let-2013-300x185.jpg\" alt=\"\" width=\"180\" height=\"120\" srcset=\"https:\/\/old.atletikaolomouc.cz\/wp-content\/uploads\/2013\/11\/DSC_1687-80-let-2013-385x258.jpg 385w, https:\/\/old.atletikaolomouc.cz\/wp-content\/uploads\/2013\/11\/DSC_1687-80-let-2013-325x215.jpg 325w\" sizes=\"(max-width: 180px) 100vw, 180px\" \/><\/a>V p\u00e1tek 15.11.2013 prob\u011bhlo vyhl\u00e1\u0161en\u00ed Atleta roku AK Olomouc a setk\u00e1n\u00ed u p\u0159\u00edle\u017eitosti oslav v\u00fdro\u010d\u00ed 80 let Atletick\u00e9ho klubu Olomouc. Zde je p\u00e1r fotek z t\u00e9to akce&#8230;<\/p>\n<p><!--more--><\/p>\n<!-- default-view.php -->\n<div\n\tclass=\"ngg-galleryoverview default-view \"\n\tid=\"ngg-gallery-95cbb9612611cd3c1cd959338a65525e-1\">\n\n\t\t<!-- Thumbnails -->\n\t\t\t\t<div id=\"ngg-image-0\" class=\"ngg-gallery-thumbnail-box \" >\n\t\t\t\t        <div class=\"ngg-gallery-thumbnail\">\n            <a href=\"https:\/\/old.atletikaolomouc.cz\/wp-content\/gallery\/atlet-roku-2013\/DSC_1583-80-let-2013.jpg\"\n               title=\"\"\n               data-src=\"https:\/\/old.atletikaolomouc.cz\/wp-content\/gallery\/atlet-roku-2013\/DSC_1583-80-let-2013.jpg\"\n               data-thumbnail=\"https:\/\/old.atletikaolomouc.cz\/wp-content\/gallery\/atlet-roku-2013\/thumbs\/thumbs_DSC_1583-80-let-2013.jpg\"\n               data-image-id=\"10867\"\n               data-title=\"DSC_1583-80-let-2013\"\n               data-description=\"\"\n               data-image-slug=\"dsc_1583-80-let-2013\"\n               class=\"ngg-simplelightbox\" rel=\"95cbb9612611cd3c1cd959338a65525e\">\n                <img\n                    title=\"DSC_1583-80-let-2013\"\n                    alt=\"DSC_1583-80-let-2013\"\n                    src=\"https:\/\/old.atletikaolomouc.cz\/wp-content\/gallery\/atlet-roku-2013\/thumbs\/thumbs_DSC_1583-80-let-2013.jpg\"\n                    width=\"240\"\n                    height=\"160\"\n                    style=\"max-width:100%;\"\n                \/>\n            <\/a>\n        <\/div>\n\t\t\t\t\t\t\t<\/div> \n\t\t\t\n\t\t\t\t<div id=\"ngg-image-1\" class=\"ngg-gallery-thumbnail-box \" >\n\t\t\t\t        <div class=\"ngg-gallery-thumbnail\">\n            <a href=\"https:\/\/old.atletikaolomouc.cz\/wp-content\/gallery\/atlet-roku-2013\/DSC_1584-80-let-2013.jpg\"\n               title=\"\"\n               data-src=\"https:\/\/old.atletikaolomouc.cz\/wp-content\/gallery\/atlet-roku-2013\/DSC_1584-80-let-2013.jpg\"\n               data-thumbnail=\"https:\/\/old.atletikaolomouc.cz\/wp-content\/gallery\/atlet-roku-2013\/thumbs\/thumbs_DSC_1584-80-let-2013.jpg\"\n               data-image-id=\"10868\"\n               data-title=\"DSC_1584-80-let-2013\"\n               data-description=\"\"\n               data-image-slug=\"dsc_1584-80-let-2013\"\n               class=\"ngg-simplelightbox\" rel=\"95cbb9612611cd3c1cd959338a65525e\">\n                <img\n                    title=\"DSC_1584-80-let-2013\"\n                    alt=\"DSC_1584-80-let-2013\"\n                    src=\"https:\/\/old.atletikaolomouc.cz\/wp-content\/gallery\/atlet-roku-2013\/thumbs\/thumbs_DSC_1584-80-let-2013.jpg\"\n                    width=\"240\"\n                    height=\"160\"\n                    style=\"max-width:100%;\"\n                \/>\n            <\/a>\n        <\/div>\n\t\t\t\t\t\t\t<\/div> \n\t\t\t\n\t\t\t\t<div id=\"ngg-image-2\" class=\"ngg-gallery-thumbnail-box \" >\n\t\t\t\t        <div class=\"ngg-gallery-thumbnail\">\n            <a href=\"https:\/\/old.atletikaolomouc.cz\/wp-content\/gallery\/atlet-roku-2013\/DSC_1585-80-let-2013.jpg\"\n               title=\"\"\n               data-src=\"https:\/\/old.atletikaolomouc.cz\/wp-content\/gallery\/atlet-roku-2013\/DSC_1585-80-let-2013.jpg\"\n               data-thumbnail=\"https:\/\/old.atletikaolomouc.cz\/wp-content\/gallery\/atlet-roku-2013\/thumbs\/thumbs_DSC_1585-80-let-2013.jpg\"\n               data-image-id=\"10870\"\n               data-title=\"DSC_1585-80-let-2013\"\n               data-description=\"\"\n               data-image-slug=\"dsc_1585-80-let-2013\"\n               class=\"ngg-simplelightbox\" rel=\"95cbb9612611cd3c1cd959338a65525e\">\n                <img\n                    title=\"DSC_1585-80-let-2013\"\n                    alt=\"DSC_1585-80-let-2013\"\n                    src=\"https:\/\/old.atletikaolomouc.cz\/wp-content\/gallery\/atlet-roku-2013\/thumbs\/thumbs_DSC_1585-80-let-2013.jpg\"\n                    width=\"240\"\n                    height=\"160\"\n                    style=\"max-width:100%;\"\n                \/>\n            <\/a>\n        <\/div>\n\t\t\t\t\t\t\t<\/div> \n\t\t\t\n\t\t\t\t<div id=\"ngg-image-3\" class=\"ngg-gallery-thumbnail-box \" >\n\t\t\t\t        <div class=\"ngg-gallery-thumbnail\">\n            <a href=\"https:\/\/old.atletikaolomouc.cz\/wp-content\/gallery\/atlet-roku-2013\/DSC_1586-80-let-2015.jpg\"\n               title=\"\"\n               data-src=\"https:\/\/old.atletikaolomouc.cz\/wp-content\/gallery\/atlet-roku-2013\/DSC_1586-80-let-2015.jpg\"\n               data-thumbnail=\"https:\/\/old.atletikaolomouc.cz\/wp-content\/gallery\/atlet-roku-2013\/thumbs\/thumbs_DSC_1586-80-let-2015.jpg\"\n               data-image-id=\"10873\"\n               data-title=\"DSC_1586-80-let-2015\"\n               data-description=\"\"\n               data-image-slug=\"dsc_1586-80-let-2015\"\n               class=\"ngg-simplelightbox\" rel=\"95cbb9612611cd3c1cd959338a65525e\">\n                <img\n                    title=\"DSC_1586-80-let-2015\"\n                    alt=\"DSC_1586-80-let-2015\"\n                    src=\"https:\/\/old.atletikaolomouc.cz\/wp-content\/gallery\/atlet-roku-2013\/thumbs\/thumbs_DSC_1586-80-let-2015.jpg\"\n                    width=\"240\"\n                    height=\"160\"\n                    style=\"max-width:100%;\"\n                \/>\n            <\/a>\n        <\/div>\n\t\t\t\t\t\t\t<\/div> \n\t\t\t\n\t\t\t\t<div id=\"ngg-image-4\" class=\"ngg-gallery-thumbnail-box \" >\n\t\t\t\t        <div class=\"ngg-gallery-thumbnail\">\n            <a href=\"https:\/\/old.atletikaolomouc.cz\/wp-content\/gallery\/atlet-roku-2013\/DSC_1587-80-let-2013.jpg\"\n               title=\"\"\n               data-src=\"https:\/\/old.atletikaolomouc.cz\/wp-content\/gallery\/atlet-roku-2013\/DSC_1587-80-let-2013.jpg\"\n               data-thumbnail=\"https:\/\/old.atletikaolomouc.cz\/wp-content\/gallery\/atlet-roku-2013\/thumbs\/thumbs_DSC_1587-80-let-2013.jpg\"\n               data-image-id=\"10875\"\n               data-title=\"DSC_1587-80-let-2013\"\n               data-description=\"\"\n               data-image-slug=\"dsc_1587-80-let-2013\"\n               class=\"ngg-simplelightbox\" rel=\"95cbb9612611cd3c1cd959338a65525e\">\n                <img\n                    title=\"DSC_1587-80-let-2013\"\n                    alt=\"DSC_1587-80-let-2013\"\n                    src=\"https:\/\/old.atletikaolomouc.cz\/wp-content\/gallery\/atlet-roku-2013\/thumbs\/thumbs_DSC_1587-80-let-2013.jpg\"\n                    width=\"240\"\n                    height=\"160\"\n                    style=\"max-width:100%;\"\n                \/>\n            <\/a>\n        <\/div>\n\t\t\t\t\t\t\t<\/div> \n\t\t\t\n\t\t\t\t<div id=\"ngg-image-5\" class=\"ngg-gallery-thumbnail-box \" >\n\t\t\t\t        <div class=\"ngg-gallery-thumbnail\">\n            <a href=\"https:\/\/old.atletikaolomouc.cz\/wp-content\/gallery\/atlet-roku-2013\/DSC_1588-80-let-2013.jpg\"\n               title=\"\"\n               data-src=\"https:\/\/old.atletikaolomouc.cz\/wp-content\/gallery\/atlet-roku-2013\/DSC_1588-80-let-2013.jpg\"\n               data-thumbnail=\"https:\/\/old.atletikaolomouc.cz\/wp-content\/gallery\/atlet-roku-2013\/thumbs\/thumbs_DSC_1588-80-let-2013.jpg\"\n               data-image-id=\"10877\"\n               data-title=\"DSC_1588-80-let-2013\"\n               data-description=\"\"\n               data-image-slug=\"dsc_1588-80-let-2013\"\n               class=\"ngg-simplelightbox\" rel=\"95cbb9612611cd3c1cd959338a65525e\">\n                <img\n                    title=\"DSC_1588-80-let-2013\"\n                    alt=\"DSC_1588-80-let-2013\"\n                    src=\"https:\/\/old.atletikaolomouc.cz\/wp-content\/gallery\/atlet-roku-2013\/thumbs\/thumbs_DSC_1588-80-let-2013.jpg\"\n                    width=\"240\"\n                    height=\"160\"\n                    style=\"max-width:100%;\"\n                \/>\n            <\/a>\n        <\/div>\n\t\t\t\t\t\t\t<\/div> \n\t\t\t\n\t\t\t\t<div id=\"ngg-image-6\" class=\"ngg-gallery-thumbnail-box \" >\n\t\t\t\t        <div class=\"ngg-gallery-thumbnail\">\n            <a href=\"https:\/\/old.atletikaolomouc.cz\/wp-content\/gallery\/atlet-roku-2013\/DSC_1589-80-let-2013.jpg\"\n               title=\"\"\n               data-src=\"https:\/\/old.atletikaolomouc.cz\/wp-content\/gallery\/atlet-roku-2013\/DSC_1589-80-let-2013.jpg\"\n               data-thumbnail=\"https:\/\/old.atletikaolomouc.cz\/wp-content\/gallery\/atlet-roku-2013\/thumbs\/thumbs_DSC_1589-80-let-2013.jpg\"\n               data-image-id=\"10879\"\n               data-title=\"DSC_1589-80-let-2013\"\n               data-description=\"\"\n               data-image-slug=\"dsc_1589-80-let-2013\"\n               class=\"ngg-simplelightbox\" rel=\"95cbb9612611cd3c1cd959338a65525e\">\n                <img\n                    title=\"DSC_1589-80-let-2013\"\n                    alt=\"DSC_1589-80-let-2013\"\n                    src=\"https:\/\/old.atletikaolomouc.cz\/wp-content\/gallery\/atlet-roku-2013\/thumbs\/thumbs_DSC_1589-80-let-2013.jpg\"\n                    width=\"240\"\n                    height=\"160\"\n                    style=\"max-width:100%;\"\n                \/>\n            <\/a>\n        <\/div>\n\t\t\t\t\t\t\t<\/div> \n\t\t\t\n\t\t\t\t<div id=\"ngg-image-7\" class=\"ngg-gallery-thumbnail-box \" >\n\t\t\t\t        <div class=\"ngg-gallery-thumbnail\">\n            <a href=\"https:\/\/old.atletikaolomouc.cz\/wp-content\/gallery\/atlet-roku-2013\/DSC_1590-80-let-2013.jpg\"\n               title=\"\"\n               data-src=\"https:\/\/old.atletikaolomouc.cz\/wp-content\/gallery\/atlet-roku-2013\/DSC_1590-80-let-2013.jpg\"\n               data-thumbnail=\"https:\/\/old.atletikaolomouc.cz\/wp-content\/gallery\/atlet-roku-2013\/thumbs\/thumbs_DSC_1590-80-let-2013.jpg\"\n               data-image-id=\"10882\"\n               data-title=\"DSC_1590-80-let-2013\"\n               data-description=\"\"\n               data-image-slug=\"dsc_1590-80-let-2013\"\n               class=\"ngg-simplelightbox\" rel=\"95cbb9612611cd3c1cd959338a65525e\">\n                <img\n                    title=\"DSC_1590-80-let-2013\"\n                    alt=\"DSC_1590-80-let-2013\"\n                    src=\"https:\/\/old.atletikaolomouc.cz\/wp-content\/gallery\/atlet-roku-2013\/thumbs\/thumbs_DSC_1590-80-let-2013.jpg\"\n                    width=\"240\"\n                    height=\"160\"\n                    style=\"max-width:100%;\"\n                \/>\n            <\/a>\n        <\/div>\n\t\t\t\t\t\t\t<\/div> \n\t\t\t\n\t\t\t\t<div id=\"ngg-image-8\" class=\"ngg-gallery-thumbnail-box \" >\n\t\t\t\t        <div class=\"ngg-gallery-thumbnail\">\n            <a href=\"https:\/\/old.atletikaolomouc.cz\/wp-content\/gallery\/atlet-roku-2013\/DSC_1591-80-let-2013.jpg\"\n               title=\"\"\n               data-src=\"https:\/\/old.atletikaolomouc.cz\/wp-content\/gallery\/atlet-roku-2013\/DSC_1591-80-let-2013.jpg\"\n               data-thumbnail=\"https:\/\/old.atletikaolomouc.cz\/wp-content\/gallery\/atlet-roku-2013\/thumbs\/thumbs_DSC_1591-80-let-2013.jpg\"\n               data-image-id=\"10884\"\n               data-title=\"DSC_1591-80-let-2013\"\n               data-description=\"\"\n               data-image-slug=\"dsc_1591-80-let-2013\"\n               class=\"ngg-simplelightbox\" rel=\"95cbb9612611cd3c1cd959338a65525e\">\n                <img\n                    title=\"DSC_1591-80-let-2013\"\n                    alt=\"DSC_1591-80-let-2013\"\n                    src=\"https:\/\/old.atletikaolomouc.cz\/wp-content\/gallery\/atlet-roku-2013\/thumbs\/thumbs_DSC_1591-80-let-2013.jpg\"\n                    width=\"240\"\n                    height=\"160\"\n                    style=\"max-width:100%;\"\n                \/>\n            <\/a>\n        <\/div>\n\t\t\t\t\t\t\t<\/div> \n\t\t\t\n\t\t\t\t<div id=\"ngg-image-9\" class=\"ngg-gallery-thumbnail-box \" >\n\t\t\t\t        <div class=\"ngg-gallery-thumbnail\">\n            <a href=\"https:\/\/old.atletikaolomouc.cz\/wp-content\/gallery\/atlet-roku-2013\/DSC_1592-80-let-2013.jpg\"\n               title=\"\"\n               data-src=\"https:\/\/old.atletikaolomouc.cz\/wp-content\/gallery\/atlet-roku-2013\/DSC_1592-80-let-2013.jpg\"\n               data-thumbnail=\"https:\/\/old.atletikaolomouc.cz\/wp-content\/gallery\/atlet-roku-2013\/thumbs\/thumbs_DSC_1592-80-let-2013.jpg\"\n               data-image-id=\"10885\"\n               data-title=\"DSC_1592-80-let-2013\"\n               data-description=\"\"\n               data-image-slug=\"dsc_1592-80-let-2013\"\n               class=\"ngg-simplelightbox\" rel=\"95cbb9612611cd3c1cd959338a65525e\">\n                <img\n                    title=\"DSC_1592-80-let-2013\"\n                    alt=\"DSC_1592-80-let-2013\"\n                    src=\"https:\/\/old.atletikaolomouc.cz\/wp-content\/gallery\/atlet-roku-2013\/thumbs\/thumbs_DSC_1592-80-let-2013.jpg\"\n                    width=\"240\"\n                    height=\"160\"\n                    style=\"max-width:100%;\"\n                \/>\n            <\/a>\n        <\/div>\n\t\t\t\t\t\t\t<\/div> \n\t\t\t\n\t\t\t\t<div id=\"ngg-image-10\" class=\"ngg-gallery-thumbnail-box \" >\n\t\t\t\t        <div class=\"ngg-gallery-thumbnail\">\n            <a href=\"https:\/\/old.atletikaolomouc.cz\/wp-content\/gallery\/atlet-roku-2013\/DSC_1593-80-let-2013.jpg\"\n               title=\"\"\n               data-src=\"https:\/\/old.atletikaolomouc.cz\/wp-content\/gallery\/atlet-roku-2013\/DSC_1593-80-let-2013.jpg\"\n               data-thumbnail=\"https:\/\/old.atletikaolomouc.cz\/wp-content\/gallery\/atlet-roku-2013\/thumbs\/thumbs_DSC_1593-80-let-2013.jpg\"\n               data-image-id=\"10887\"\n               data-title=\"DSC_1593-80-let-2013\"\n               data-description=\"\"\n               data-image-slug=\"dsc_1593-80-let-2013\"\n               class=\"ngg-simplelightbox\" rel=\"95cbb9612611cd3c1cd959338a65525e\">\n                <img\n                    title=\"DSC_1593-80-let-2013\"\n                    alt=\"DSC_1593-80-let-2013\"\n                    src=\"https:\/\/old.atletikaolomouc.cz\/wp-content\/gallery\/atlet-roku-2013\/thumbs\/thumbs_DSC_1593-80-let-2013.jpg\"\n                    width=\"240\"\n                    height=\"160\"\n                    style=\"max-width:100%;\"\n                \/>\n            <\/a>\n        <\/div>\n\t\t\t\t\t\t\t<\/div> \n\t\t\t\n\t\t\t\t<div id=\"ngg-image-11\" class=\"ngg-gallery-thumbnail-box \" >\n\t\t\t\t        <div class=\"ngg-gallery-thumbnail\">\n            <a href=\"https:\/\/old.atletikaolomouc.cz\/wp-content\/gallery\/atlet-roku-2013\/DSC_1594-80-let-2013.jpg\"\n               title=\"\"\n               data-src=\"https:\/\/old.atletikaolomouc.cz\/wp-content\/gallery\/atlet-roku-2013\/DSC_1594-80-let-2013.jpg\"\n               data-thumbnail=\"https:\/\/old.atletikaolomouc.cz\/wp-content\/gallery\/atlet-roku-2013\/thumbs\/thumbs_DSC_1594-80-let-2013.jpg\"\n               data-image-id=\"10891\"\n               data-title=\"DSC_1594-80-let-2013\"\n               data-description=\"\"\n               data-image-slug=\"dsc_1594-80-let-2013\"\n               class=\"ngg-simplelightbox\" rel=\"95cbb9612611cd3c1cd959338a65525e\">\n                <img\n                    title=\"DSC_1594-80-let-2013\"\n                    alt=\"DSC_1594-80-let-2013\"\n                    src=\"https:\/\/old.atletikaolomouc.cz\/wp-content\/gallery\/atlet-roku-2013\/thumbs\/thumbs_DSC_1594-80-let-2013.jpg\"\n                    width=\"240\"\n                    height=\"160\"\n                    style=\"max-width:100%;\"\n                \/>\n            <\/a>\n        <\/div>\n\t\t\t\t\t\t\t<\/div> \n\t\t\t\n\t\t\t\t<div id=\"ngg-image-12\" class=\"ngg-gallery-thumbnail-box \" >\n\t\t\t\t        <div class=\"ngg-gallery-thumbnail\">\n            <a href=\"https:\/\/old.atletikaolomouc.cz\/wp-content\/gallery\/atlet-roku-2013\/DSC_1595-80-let-2013.jpg\"\n               title=\"\"\n               data-src=\"https:\/\/old.atletikaolomouc.cz\/wp-content\/gallery\/atlet-roku-2013\/DSC_1595-80-let-2013.jpg\"\n               data-thumbnail=\"https:\/\/old.atletikaolomouc.cz\/wp-content\/gallery\/atlet-roku-2013\/thumbs\/thumbs_DSC_1595-80-let-2013.jpg\"\n               data-image-id=\"10892\"\n               data-title=\"DSC_1595-80-let-2013\"\n               data-description=\"\"\n               data-image-slug=\"dsc_1595-80-let-2013\"\n               class=\"ngg-simplelightbox\" rel=\"95cbb9612611cd3c1cd959338a65525e\">\n                <img\n                    title=\"DSC_1595-80-let-2013\"\n                    alt=\"DSC_1595-80-let-2013\"\n                    src=\"https:\/\/old.atletikaolomouc.cz\/wp-content\/gallery\/atlet-roku-2013\/thumbs\/thumbs_DSC_1595-80-let-2013.jpg\"\n                    width=\"240\"\n                    height=\"160\"\n                    style=\"max-width:100%;\"\n                \/>\n            <\/a>\n        <\/div>\n\t\t\t\t\t\t\t<\/div> \n\t\t\t\n\t\t\t\t<div id=\"ngg-image-13\" class=\"ngg-gallery-thumbnail-box \" >\n\t\t\t\t        <div class=\"ngg-gallery-thumbnail\">\n            <a href=\"https:\/\/old.atletikaolomouc.cz\/wp-content\/gallery\/atlet-roku-2013\/DSC_1596-80-let-2013.jpg\"\n               title=\"\"\n               data-src=\"https:\/\/old.atletikaolomouc.cz\/wp-content\/gallery\/atlet-roku-2013\/DSC_1596-80-let-2013.jpg\"\n               data-thumbnail=\"https:\/\/old.atletikaolomouc.cz\/wp-content\/gallery\/atlet-roku-2013\/thumbs\/thumbs_DSC_1596-80-let-2013.jpg\"\n               data-image-id=\"10894\"\n               data-title=\"DSC_1596-80-let-2013\"\n               data-description=\"\"\n               data-image-slug=\"dsc_1596-80-let-2013\"\n               class=\"ngg-simplelightbox\" rel=\"95cbb9612611cd3c1cd959338a65525e\">\n                <img\n                    title=\"DSC_1596-80-let-2013\"\n                    alt=\"DSC_1596-80-let-2013\"\n                    src=\"https:\/\/old.atletikaolomouc.cz\/wp-content\/gallery\/atlet-roku-2013\/thumbs\/thumbs_DSC_1596-80-let-2013.jpg\"\n                    width=\"240\"\n                    height=\"160\"\n                    style=\"max-width:100%;\"\n                \/>\n            <\/a>\n        <\/div>\n\t\t\t\t\t\t\t<\/div> \n\t\t\t\n\t\t\t\t<div id=\"ngg-image-14\" class=\"ngg-gallery-thumbnail-box \" >\n\t\t\t\t        <div class=\"ngg-gallery-thumbnail\">\n            <a href=\"https:\/\/old.atletikaolomouc.cz\/wp-content\/gallery\/atlet-roku-2013\/DSC_1597-80-let-2013.jpg\"\n               title=\"\"\n               data-src=\"https:\/\/old.atletikaolomouc.cz\/wp-content\/gallery\/atlet-roku-2013\/DSC_1597-80-let-2013.jpg\"\n               data-thumbnail=\"https:\/\/old.atletikaolomouc.cz\/wp-content\/gallery\/atlet-roku-2013\/thumbs\/thumbs_DSC_1597-80-let-2013.jpg\"\n               data-image-id=\"10896\"\n               data-title=\"DSC_1597-80-let-2013\"\n               data-description=\"\"\n               data-image-slug=\"dsc_1597-80-let-2013\"\n               class=\"ngg-simplelightbox\" rel=\"95cbb9612611cd3c1cd959338a65525e\">\n                <img\n                    title=\"DSC_1597-80-let-2013\"\n                    alt=\"DSC_1597-80-let-2013\"\n                    src=\"https:\/\/old.atletikaolomouc.cz\/wp-content\/gallery\/atlet-roku-2013\/thumbs\/thumbs_DSC_1597-80-let-2013.jpg\"\n                    width=\"240\"\n                    height=\"160\"\n                    style=\"max-width:100%;\"\n                \/>\n            <\/a>\n        <\/div>\n\t\t\t\t\t\t\t<\/div> \n\t\t\t\n\t\t\t\t<div id=\"ngg-image-15\" class=\"ngg-gallery-thumbnail-box \" >\n\t\t\t\t        <div class=\"ngg-gallery-thumbnail\">\n            <a href=\"https:\/\/old.atletikaolomouc.cz\/wp-content\/gallery\/atlet-roku-2013\/DSC_1598-80-let-2013.jpg\"\n               title=\"\"\n               data-src=\"https:\/\/old.atletikaolomouc.cz\/wp-content\/gallery\/atlet-roku-2013\/DSC_1598-80-let-2013.jpg\"\n               data-thumbnail=\"https:\/\/old.atletikaolomouc.cz\/wp-content\/gallery\/atlet-roku-2013\/thumbs\/thumbs_DSC_1598-80-let-2013.jpg\"\n               data-image-id=\"10899\"\n               data-title=\"DSC_1598-80-let-2013\"\n               data-description=\"\"\n               data-image-slug=\"dsc_1598-80-let-2013\"\n               class=\"ngg-simplelightbox\" rel=\"95cbb9612611cd3c1cd959338a65525e\">\n                <img\n                    title=\"DSC_1598-80-let-2013\"\n                    alt=\"DSC_1598-80-let-2013\"\n                    src=\"https:\/\/old.atletikaolomouc.cz\/wp-content\/gallery\/atlet-roku-2013\/thumbs\/thumbs_DSC_1598-80-let-2013.jpg\"\n                    width=\"240\"\n                    height=\"160\"\n                    style=\"max-width:100%;\"\n                \/>\n            <\/a>\n        <\/div>\n\t\t\t\t\t\t\t<\/div> \n\t\t\t\n\t\t\t\t<div id=\"ngg-image-16\" class=\"ngg-gallery-thumbnail-box \" >\n\t\t\t\t        <div class=\"ngg-gallery-thumbnail\">\n            <a href=\"https:\/\/old.atletikaolomouc.cz\/wp-content\/gallery\/atlet-roku-2013\/DSC_1599-80-let-2013.jpg\"\n               title=\"\"\n               data-src=\"https:\/\/old.atletikaolomouc.cz\/wp-content\/gallery\/atlet-roku-2013\/DSC_1599-80-let-2013.jpg\"\n               data-thumbnail=\"https:\/\/old.atletikaolomouc.cz\/wp-content\/gallery\/atlet-roku-2013\/thumbs\/thumbs_DSC_1599-80-let-2013.jpg\"\n               data-image-id=\"10901\"\n               data-title=\"DSC_1599-80-let-2013\"\n               data-description=\"\"\n               data-image-slug=\"dsc_1599-80-let-2013\"\n               class=\"ngg-simplelightbox\" rel=\"95cbb9612611cd3c1cd959338a65525e\">\n                <img\n                    title=\"DSC_1599-80-let-2013\"\n                    alt=\"DSC_1599-80-let-2013\"\n                    src=\"https:\/\/old.atletikaolomouc.cz\/wp-content\/gallery\/atlet-roku-2013\/thumbs\/thumbs_DSC_1599-80-let-2013.jpg\"\n                    width=\"240\"\n                    height=\"160\"\n                    style=\"max-width:100%;\"\n                \/>\n            <\/a>\n        <\/div>\n\t\t\t\t\t\t\t<\/div> \n\t\t\t\n\t\t\t\t<div id=\"ngg-image-17\" class=\"ngg-gallery-thumbnail-box \" >\n\t\t\t\t        <div class=\"ngg-gallery-thumbnail\">\n            <a href=\"https:\/\/old.atletikaolomouc.cz\/wp-content\/gallery\/atlet-roku-2013\/DSC_1600-80-let-2013.jpg\"\n               title=\"\"\n               data-src=\"https:\/\/old.atletikaolomouc.cz\/wp-content\/gallery\/atlet-roku-2013\/DSC_1600-80-let-2013.jpg\"\n               data-thumbnail=\"https:\/\/old.atletikaolomouc.cz\/wp-content\/gallery\/atlet-roku-2013\/thumbs\/thumbs_DSC_1600-80-let-2013.jpg\"\n               data-image-id=\"10903\"\n               data-title=\"DSC_1600-80-let-2013\"\n               data-description=\"\"\n               data-image-slug=\"dsc_1600-80-let-2013\"\n               class=\"ngg-simplelightbox\" rel=\"95cbb9612611cd3c1cd959338a65525e\">\n                <img\n                    title=\"DSC_1600-80-let-2013\"\n                    alt=\"DSC_1600-80-let-2013\"\n                    src=\"https:\/\/old.atletikaolomouc.cz\/wp-content\/gallery\/atlet-roku-2013\/thumbs\/thumbs_DSC_1600-80-let-2013.jpg\"\n                    width=\"240\"\n                    height=\"160\"\n                    style=\"max-width:100%;\"\n                \/>\n            <\/a>\n        <\/div>\n\t\t\t\t\t\t\t<\/div> \n\t\t\t\n\t\t\t\t<div id=\"ngg-image-18\" class=\"ngg-gallery-thumbnail-box \" >\n\t\t\t\t        <div class=\"ngg-gallery-thumbnail\">\n            <a href=\"https:\/\/old.atletikaolomouc.cz\/wp-content\/gallery\/atlet-roku-2013\/DSC_1601-80-let-2013.jpg\"\n               title=\"\"\n               data-src=\"https:\/\/old.atletikaolomouc.cz\/wp-content\/gallery\/atlet-roku-2013\/DSC_1601-80-let-2013.jpg\"\n               data-thumbnail=\"https:\/\/old.atletikaolomouc.cz\/wp-content\/gallery\/atlet-roku-2013\/thumbs\/thumbs_DSC_1601-80-let-2013.jpg\"\n               data-image-id=\"10906\"\n               data-title=\"DSC_1601-80-let-2013\"\n               data-description=\"\"\n               data-image-slug=\"dsc_1601-80-let-2013\"\n               class=\"ngg-simplelightbox\" rel=\"95cbb9612611cd3c1cd959338a65525e\">\n                <img\n                    title=\"DSC_1601-80-let-2013\"\n                    alt=\"DSC_1601-80-let-2013\"\n                    src=\"https:\/\/old.atletikaolomouc.cz\/wp-content\/gallery\/atlet-roku-2013\/thumbs\/thumbs_DSC_1601-80-let-2013.jpg\"\n                    width=\"240\"\n                    height=\"160\"\n                    style=\"max-width:100%;\"\n                \/>\n            <\/a>\n        <\/div>\n\t\t\t\t\t\t\t<\/div> \n\t\t\t\n\t\t\t\t<div id=\"ngg-image-19\" class=\"ngg-gallery-thumbnail-box \" >\n\t\t\t\t        <div class=\"ngg-gallery-thumbnail\">\n            <a href=\"https:\/\/old.atletikaolomouc.cz\/wp-content\/gallery\/atlet-roku-2013\/DSC_1602-80-let-2013.jpg\"\n               title=\"\"\n               data-src=\"https:\/\/old.atletikaolomouc.cz\/wp-content\/gallery\/atlet-roku-2013\/DSC_1602-80-let-2013.jpg\"\n               data-thumbnail=\"https:\/\/old.atletikaolomouc.cz\/wp-content\/gallery\/atlet-roku-2013\/thumbs\/thumbs_DSC_1602-80-let-2013.jpg\"\n               data-image-id=\"10907\"\n               data-title=\"DSC_1602-80-let-2013\"\n               data-description=\"\"\n               data-image-slug=\"dsc_1602-80-let-2013\"\n               class=\"ngg-simplelightbox\" rel=\"95cbb9612611cd3c1cd959338a65525e\">\n                <img\n                    title=\"DSC_1602-80-let-2013\"\n                    alt=\"DSC_1602-80-let-2013\"\n                    src=\"https:\/\/old.atletikaolomouc.cz\/wp-content\/gallery\/atlet-roku-2013\/thumbs\/thumbs_DSC_1602-80-let-2013.jpg\"\n                    width=\"240\"\n                    height=\"160\"\n                    style=\"max-width:100%;\"\n                \/>\n            <\/a>\n        <\/div>\n\t\t\t\t\t\t\t<\/div> \n\t\t\t\n\t\t\t\t<div id=\"ngg-image-20\" class=\"ngg-gallery-thumbnail-box \" >\n\t\t\t\t        <div class=\"ngg-gallery-thumbnail\">\n            <a href=\"https:\/\/old.atletikaolomouc.cz\/wp-content\/gallery\/atlet-roku-2013\/DSC_1603-80-let-2013.jpg\"\n               title=\"\"\n               data-src=\"https:\/\/old.atletikaolomouc.cz\/wp-content\/gallery\/atlet-roku-2013\/DSC_1603-80-let-2013.jpg\"\n               data-thumbnail=\"https:\/\/old.atletikaolomouc.cz\/wp-content\/gallery\/atlet-roku-2013\/thumbs\/thumbs_DSC_1603-80-let-2013.jpg\"\n               data-image-id=\"10910\"\n               data-title=\"DSC_1603-80-let-2013\"\n               data-description=\"\"\n               data-image-slug=\"dsc_1603-80-let-2013\"\n               class=\"ngg-simplelightbox\" rel=\"95cbb9612611cd3c1cd959338a65525e\">\n                <img\n                    title=\"DSC_1603-80-let-2013\"\n                    alt=\"DSC_1603-80-let-2013\"\n                    src=\"https:\/\/old.atletikaolomouc.cz\/wp-content\/gallery\/atlet-roku-2013\/thumbs\/thumbs_DSC_1603-80-let-2013.jpg\"\n                    width=\"240\"\n                    height=\"160\"\n                    style=\"max-width:100%;\"\n                \/>\n            <\/a>\n        <\/div>\n\t\t\t\t\t\t\t<\/div> \n\t\t\t\n\t\t\t\t<div id=\"ngg-image-21\" class=\"ngg-gallery-thumbnail-box \" >\n\t\t\t\t        <div class=\"ngg-gallery-thumbnail\">\n            <a href=\"https:\/\/old.atletikaolomouc.cz\/wp-content\/gallery\/atlet-roku-2013\/DSC_1604-80-let-2013.jpg\"\n               title=\"\"\n               data-src=\"https:\/\/old.atletikaolomouc.cz\/wp-content\/gallery\/atlet-roku-2013\/DSC_1604-80-let-2013.jpg\"\n               data-thumbnail=\"https:\/\/old.atletikaolomouc.cz\/wp-content\/gallery\/atlet-roku-2013\/thumbs\/thumbs_DSC_1604-80-let-2013.jpg\"\n               data-image-id=\"10912\"\n               data-title=\"DSC_1604-80-let-2013\"\n               data-description=\"\"\n               data-image-slug=\"dsc_1604-80-let-2013\"\n               class=\"ngg-simplelightbox\" rel=\"95cbb9612611cd3c1cd959338a65525e\">\n                <img\n                    title=\"DSC_1604-80-let-2013\"\n                    alt=\"DSC_1604-80-let-2013\"\n                    src=\"https:\/\/old.atletikaolomouc.cz\/wp-content\/gallery\/atlet-roku-2013\/thumbs\/thumbs_DSC_1604-80-let-2013.jpg\"\n                    width=\"240\"\n                    height=\"160\"\n                    style=\"max-width:100%;\"\n                \/>\n            <\/a>\n        <\/div>\n\t\t\t\t\t\t\t<\/div> \n\t\t\t\n\t\t\t\t<div id=\"ngg-image-22\" class=\"ngg-gallery-thumbnail-box \" >\n\t\t\t\t        <div class=\"ngg-gallery-thumbnail\">\n            <a href=\"https:\/\/old.atletikaolomouc.cz\/wp-content\/gallery\/atlet-roku-2013\/DSC_1606-80-let-2013.jpg\"\n               title=\"\"\n               data-src=\"https:\/\/old.atletikaolomouc.cz\/wp-content\/gallery\/atlet-roku-2013\/DSC_1606-80-let-2013.jpg\"\n               data-thumbnail=\"https:\/\/old.atletikaolomouc.cz\/wp-content\/gallery\/atlet-roku-2013\/thumbs\/thumbs_DSC_1606-80-let-2013.jpg\"\n               data-image-id=\"10914\"\n               data-title=\"DSC_1606-80-let-2013\"\n               data-description=\"\"\n               data-image-slug=\"dsc_1606-80-let-2013\"\n               class=\"ngg-simplelightbox\" rel=\"95cbb9612611cd3c1cd959338a65525e\">\n                <img\n                    title=\"DSC_1606-80-let-2013\"\n                    alt=\"DSC_1606-80-let-2013\"\n                    src=\"https:\/\/old.atletikaolomouc.cz\/wp-content\/gallery\/atlet-roku-2013\/thumbs\/thumbs_DSC_1606-80-let-2013.jpg\"\n                    width=\"240\"\n                    height=\"160\"\n                    style=\"max-width:100%;\"\n                \/>\n            <\/a>\n        <\/div>\n\t\t\t\t\t\t\t<\/div> \n\t\t\t\n\t\t\t\t<div id=\"ngg-image-23\" class=\"ngg-gallery-thumbnail-box \" >\n\t\t\t\t        <div class=\"ngg-gallery-thumbnail\">\n            <a href=\"https:\/\/old.atletikaolomouc.cz\/wp-content\/gallery\/atlet-roku-2013\/DSC_1608-80-let-2013.jpg\"\n               title=\"\"\n               data-src=\"https:\/\/old.atletikaolomouc.cz\/wp-content\/gallery\/atlet-roku-2013\/DSC_1608-80-let-2013.jpg\"\n               data-thumbnail=\"https:\/\/old.atletikaolomouc.cz\/wp-content\/gallery\/atlet-roku-2013\/thumbs\/thumbs_DSC_1608-80-let-2013.jpg\"\n               data-image-id=\"10916\"\n               data-title=\"DSC_1608-80-let-2013\"\n               data-description=\"\"\n               data-image-slug=\"dsc_1608-80-let-2013\"\n               class=\"ngg-simplelightbox\" rel=\"95cbb9612611cd3c1cd959338a65525e\">\n                <img\n                    title=\"DSC_1608-80-let-2013\"\n                    alt=\"DSC_1608-80-let-2013\"\n                    src=\"https:\/\/old.atletikaolomouc.cz\/wp-content\/gallery\/atlet-roku-2013\/thumbs\/thumbs_DSC_1608-80-let-2013.jpg\"\n                    width=\"240\"\n                    height=\"160\"\n                    style=\"max-width:100%;\"\n                \/>\n            <\/a>\n        <\/div>\n\t\t\t\t\t\t\t<\/div> \n\t\t\t\n\t\n\t<br style=\"clear: both\" \/>\n\n\t\n\t\t<!-- Pagination -->\n\t<div class='ngg-navigation'><span class='current'>1<\/span>\n<a class='page-numbers' data-pageid='2' href='https:\/\/old.atletikaolomouc.cz\/index.php\/nggallery\/page\/2?p=4563'>2<\/a>\n<span class='ellipsis'>...<\/span>\n<a class='page-numbers' data-pageid='5' href='https:\/\/old.atletikaolomouc.cz\/index.php\/nggallery\/page\/5?p=4563'>5<\/a>\n<a class='prev' href='https:\/\/old.atletikaolomouc.cz\/index.php\/nggallery\/page\/2?p=4563' data-pageid=2>&#9658;<\/a><\/div>\t<\/div>\n\n","protected":false},"excerpt":{"rendered":"<p>V p\u00e1tek 15.11.2013 prob\u011bhlo vyhl\u00e1\u0161en\u00ed Atleta roku AK Olomouc a setk\u00e1n\u00ed u p\u0159\u00edle\u017eitosti oslav v\u00fdro\u010d\u00ed 80 let Atletick\u00e9ho klubu Olomouc. Zde je p\u00e1r fotek z t\u00e9to akce&#8230;<\/p>\n","protected":false},"author":4,"featured_media":0,"comment_status":"closed","ping_status":"closed","sticky":false,"template":"","format":"gallery","meta":{"ngg_post_thumbnail":0},"categories":[5,43],"tags":[],"_links":{"self":[{"href":"https:\/\/old.atletikaolomouc.cz\/index.php?rest_route=\/wp\/v2\/posts\/4563"}],"collection":[{"href":"https:\/\/old.atletikaolomouc.cz\/index.php?rest_route=\/wp\/v2\/posts"}],"about":[{"href":"https:\/\/old.atletikaolomouc.cz\/index.php?rest_route=\/wp\/v2\/types\/post"}],"author":[{"embeddable":true,"href":"https:\/\/old.atletikaolomouc.cz\/index.php?rest_route=\/wp\/v2\/users\/4"}],"replies":[{"embeddable":true,"href":"https:\/\/old.atletikaolomouc.cz\/index.php?rest_route=%2Fwp%2Fv2%2Fcomments&post=4563"}],"version-history":[{"count":3,"href":"https:\/\/old.atletikaolomouc.cz\/index.php?rest_route=\/wp\/v2\/posts\/4563\/revisions"}],"predecessor-version":[{"id":25942,"href":"https:\/\/old.atletikaolomouc.cz\/index.php?rest_route=\/wp\/v2\/posts\/4563\/revisions\/25942"}],"wp:attachment":[{"href":"https:\/\/old.atletikaolomouc.cz\/index.php?rest_route=%2Fwp%2Fv2%2Fmedia&parent=4563"}],"wp:term":[{"taxonomy":"category","embeddable":true,"href":"https:\/\/old.atletikaolomouc.cz\/index.php?rest_route=%2Fwp%2Fv2%2Fcategories&post=4563"},{"taxonomy":"post_tag","embeddable":true,"href":"https:\/\/old.atletikaolomouc.cz\/index.php?rest_route=%2Fwp%2Fv2%2Ftags&post=4563"}],"curies":[{"name":"wp","href":"https:\/\/api.w.org\/{rel}","templated":true}]}}