{"id":4809,"date":"2014-03-05T10:11:24","date_gmt":"2014-03-05T09:11:24","guid":{"rendered":"http:\/\/www.atletikaolomouc.cz\/?p=4809"},"modified":"2021-01-25T10:29:54","modified_gmt":"2021-01-25T09:29:54","slug":"halove-mistrovstvi-cr-zactva-2014-foto","status":"publish","type":"post","link":"https:\/\/old.atletikaolomouc.cz\/?p=4809","title":{"rendered":"Halov\u00e9 Mistrovstv\u00ed \u010cR \u017eactva 2014 &#8211; foto"},"content":{"rendered":"<p style=\"text-align: justify;\"><a href=\"http:\/\/www.atletikaolomouc.cz\/wp-content\/uploads\/2014\/03\/hala-jablonec-m-cr-zaci-062.jpg\"><img decoding=\"async\" loading=\"lazy\" class=\"alignleft wp-image-4810 size-thumbnail\" title=\"hala-jablonec-m-cr-zaci-062\" src=\"https:\/\/www.atletikaolomouc.cz\/wp-content\/uploads\/2014\/03\/hala-jablonec-m-cr-zaci-062-150x150.jpg\" alt=\"\" width=\"150\" height=\"150\"><\/a>V term\u00ednu 1.-2. b\u0159ezna 2014 se uskute\u010dnilo halov\u00e9 Mistrovstv\u00ed \u010cR star\u0161\u00edho \u017eactva v Jablonci nad Nisou. Zde je p\u00e1r fotek. (foto: Ji\u0159\u00ed Kottas, Zden\u011bk Rakowki, David Uhl\u00ed\u0159)<\/p>\n<p><!--more--><\/p>\n<!-- default-view.php -->\n<div\n\tclass=\"ngg-galleryoverview default-view \"\n\tid=\"ngg-gallery-96663f0ff1f00c758d32a35e49435599-1\">\n\n\t\t<!-- Thumbnails -->\n\t\t\t\t<div id=\"ngg-image-0\" class=\"ngg-gallery-thumbnail-box \" >\n\t\t\t\t        <div class=\"ngg-gallery-thumbnail\">\n            <a href=\"https:\/\/old.atletikaolomouc.cz\/wp-content\/gallery\/mcr-zactva-hala-2014\/P1080826.JPG\"\n               title=\"\"\n               data-src=\"https:\/\/old.atletikaolomouc.cz\/wp-content\/gallery\/mcr-zactva-hala-2014\/P1080826.JPG\"\n               data-thumbnail=\"https:\/\/old.atletikaolomouc.cz\/wp-content\/gallery\/mcr-zactva-hala-2014\/thumbs\/thumbs_P1080826.JPG\"\n               data-image-id=\"9396\"\n               data-title=\"P1080826\"\n               data-description=\"\"\n               data-image-slug=\"p1080826\"\n               class=\"ngg-simplelightbox\" rel=\"96663f0ff1f00c758d32a35e49435599\">\n                <img\n                    title=\"P1080826\"\n                    alt=\"P1080826\"\n                    src=\"https:\/\/old.atletikaolomouc.cz\/wp-content\/gallery\/mcr-zactva-hala-2014\/thumbs\/thumbs_P1080826.JPG\"\n                    width=\"240\"\n                    height=\"160\"\n                    style=\"max-width:100%;\"\n                \/>\n            <\/a>\n        <\/div>\n\t\t\t\t\t\t\t<\/div> \n\t\t\t\n\t\t\t\t<div id=\"ngg-image-1\" class=\"ngg-gallery-thumbnail-box \" >\n\t\t\t\t        <div class=\"ngg-gallery-thumbnail\">\n            <a href=\"https:\/\/old.atletikaolomouc.cz\/wp-content\/gallery\/mcr-zactva-hala-2014\/P1080829.JPG\"\n               title=\"\"\n               data-src=\"https:\/\/old.atletikaolomouc.cz\/wp-content\/gallery\/mcr-zactva-hala-2014\/P1080829.JPG\"\n               data-thumbnail=\"https:\/\/old.atletikaolomouc.cz\/wp-content\/gallery\/mcr-zactva-hala-2014\/thumbs\/thumbs_P1080829.JPG\"\n               data-image-id=\"9397\"\n               data-title=\"P1080829\"\n               data-description=\"\"\n               data-image-slug=\"p1080829\"\n               class=\"ngg-simplelightbox\" rel=\"96663f0ff1f00c758d32a35e49435599\">\n                <img\n                    title=\"P1080829\"\n                    alt=\"P1080829\"\n                    src=\"https:\/\/old.atletikaolomouc.cz\/wp-content\/gallery\/mcr-zactva-hala-2014\/thumbs\/thumbs_P1080829.JPG\"\n                    width=\"240\"\n                    height=\"160\"\n                    style=\"max-width:100%;\"\n                \/>\n            <\/a>\n        <\/div>\n\t\t\t\t\t\t\t<\/div> \n\t\t\t\n\t\t\t\t<div id=\"ngg-image-2\" class=\"ngg-gallery-thumbnail-box \" >\n\t\t\t\t        <div class=\"ngg-gallery-thumbnail\">\n            <a href=\"https:\/\/old.atletikaolomouc.cz\/wp-content\/gallery\/mcr-zactva-hala-2014\/P1080831.JPG\"\n               title=\"\"\n               data-src=\"https:\/\/old.atletikaolomouc.cz\/wp-content\/gallery\/mcr-zactva-hala-2014\/P1080831.JPG\"\n               data-thumbnail=\"https:\/\/old.atletikaolomouc.cz\/wp-content\/gallery\/mcr-zactva-hala-2014\/thumbs\/thumbs_P1080831.JPG\"\n               data-image-id=\"9398\"\n               data-title=\"P1080831\"\n               data-description=\"\"\n               data-image-slug=\"p1080831\"\n               class=\"ngg-simplelightbox\" rel=\"96663f0ff1f00c758d32a35e49435599\">\n                <img\n                    title=\"P1080831\"\n                    alt=\"P1080831\"\n                    src=\"https:\/\/old.atletikaolomouc.cz\/wp-content\/gallery\/mcr-zactva-hala-2014\/thumbs\/thumbs_P1080831.JPG\"\n                    width=\"240\"\n                    height=\"160\"\n                    style=\"max-width:100%;\"\n                \/>\n            <\/a>\n        <\/div>\n\t\t\t\t\t\t\t<\/div> \n\t\t\t\n\t\t\t\t<div id=\"ngg-image-3\" class=\"ngg-gallery-thumbnail-box \" >\n\t\t\t\t        <div class=\"ngg-gallery-thumbnail\">\n            <a href=\"https:\/\/old.atletikaolomouc.cz\/wp-content\/gallery\/mcr-zactva-hala-2014\/P1080832.JPG\"\n               title=\"\"\n               data-src=\"https:\/\/old.atletikaolomouc.cz\/wp-content\/gallery\/mcr-zactva-hala-2014\/P1080832.JPG\"\n               data-thumbnail=\"https:\/\/old.atletikaolomouc.cz\/wp-content\/gallery\/mcr-zactva-hala-2014\/thumbs\/thumbs_P1080832.JPG\"\n               data-image-id=\"9399\"\n               data-title=\"P1080832\"\n               data-description=\"\"\n               data-image-slug=\"p1080832\"\n               class=\"ngg-simplelightbox\" rel=\"96663f0ff1f00c758d32a35e49435599\">\n                <img\n                    title=\"P1080832\"\n                    alt=\"P1080832\"\n                    src=\"https:\/\/old.atletikaolomouc.cz\/wp-content\/gallery\/mcr-zactva-hala-2014\/thumbs\/thumbs_P1080832.JPG\"\n                    width=\"240\"\n                    height=\"160\"\n                    style=\"max-width:100%;\"\n                \/>\n            <\/a>\n        <\/div>\n\t\t\t\t\t\t\t<\/div> \n\t\t\t\n\t\t\t\t<div id=\"ngg-image-4\" class=\"ngg-gallery-thumbnail-box \" >\n\t\t\t\t        <div class=\"ngg-gallery-thumbnail\">\n            <a href=\"https:\/\/old.atletikaolomouc.cz\/wp-content\/gallery\/mcr-zactva-hala-2014\/P1080834.JPG\"\n               title=\"\"\n               data-src=\"https:\/\/old.atletikaolomouc.cz\/wp-content\/gallery\/mcr-zactva-hala-2014\/P1080834.JPG\"\n               data-thumbnail=\"https:\/\/old.atletikaolomouc.cz\/wp-content\/gallery\/mcr-zactva-hala-2014\/thumbs\/thumbs_P1080834.JPG\"\n               data-image-id=\"9400\"\n               data-title=\"P1080834\"\n               data-description=\"\"\n               data-image-slug=\"p1080834\"\n               class=\"ngg-simplelightbox\" rel=\"96663f0ff1f00c758d32a35e49435599\">\n                <img\n                    title=\"P1080834\"\n                    alt=\"P1080834\"\n                    src=\"https:\/\/old.atletikaolomouc.cz\/wp-content\/gallery\/mcr-zactva-hala-2014\/thumbs\/thumbs_P1080834.JPG\"\n                    width=\"240\"\n                    height=\"160\"\n                    style=\"max-width:100%;\"\n                \/>\n            <\/a>\n        <\/div>\n\t\t\t\t\t\t\t<\/div> \n\t\t\t\n\t\t\t\t<div id=\"ngg-image-5\" class=\"ngg-gallery-thumbnail-box \" >\n\t\t\t\t        <div class=\"ngg-gallery-thumbnail\">\n            <a href=\"https:\/\/old.atletikaolomouc.cz\/wp-content\/gallery\/mcr-zactva-hala-2014\/P1080837.JPG\"\n               title=\"\"\n               data-src=\"https:\/\/old.atletikaolomouc.cz\/wp-content\/gallery\/mcr-zactva-hala-2014\/P1080837.JPG\"\n               data-thumbnail=\"https:\/\/old.atletikaolomouc.cz\/wp-content\/gallery\/mcr-zactva-hala-2014\/thumbs\/thumbs_P1080837.JPG\"\n               data-image-id=\"9401\"\n               data-title=\"P1080837\"\n               data-description=\"\"\n               data-image-slug=\"p1080837\"\n               class=\"ngg-simplelightbox\" rel=\"96663f0ff1f00c758d32a35e49435599\">\n                <img\n                    title=\"P1080837\"\n                    alt=\"P1080837\"\n                    src=\"https:\/\/old.atletikaolomouc.cz\/wp-content\/gallery\/mcr-zactva-hala-2014\/thumbs\/thumbs_P1080837.JPG\"\n                    width=\"240\"\n                    height=\"160\"\n                    style=\"max-width:100%;\"\n                \/>\n            <\/a>\n        <\/div>\n\t\t\t\t\t\t\t<\/div> \n\t\t\t\n\t\t\t\t<div id=\"ngg-image-6\" class=\"ngg-gallery-thumbnail-box \" >\n\t\t\t\t        <div class=\"ngg-gallery-thumbnail\">\n            <a href=\"https:\/\/old.atletikaolomouc.cz\/wp-content\/gallery\/mcr-zactva-hala-2014\/P1080840.JPG\"\n               title=\"\"\n               data-src=\"https:\/\/old.atletikaolomouc.cz\/wp-content\/gallery\/mcr-zactva-hala-2014\/P1080840.JPG\"\n               data-thumbnail=\"https:\/\/old.atletikaolomouc.cz\/wp-content\/gallery\/mcr-zactva-hala-2014\/thumbs\/thumbs_P1080840.JPG\"\n               data-image-id=\"9402\"\n               data-title=\"P1080840\"\n               data-description=\"\"\n               data-image-slug=\"p1080840\"\n               class=\"ngg-simplelightbox\" rel=\"96663f0ff1f00c758d32a35e49435599\">\n                <img\n                    title=\"P1080840\"\n                    alt=\"P1080840\"\n                    src=\"https:\/\/old.atletikaolomouc.cz\/wp-content\/gallery\/mcr-zactva-hala-2014\/thumbs\/thumbs_P1080840.JPG\"\n                    width=\"240\"\n                    height=\"160\"\n                    style=\"max-width:100%;\"\n                \/>\n            <\/a>\n        <\/div>\n\t\t\t\t\t\t\t<\/div> \n\t\t\t\n\t\t\t\t<div id=\"ngg-image-7\" class=\"ngg-gallery-thumbnail-box \" >\n\t\t\t\t        <div class=\"ngg-gallery-thumbnail\">\n            <a href=\"https:\/\/old.atletikaolomouc.cz\/wp-content\/gallery\/mcr-zactva-hala-2014\/P1080841.JPG\"\n               title=\"\"\n               data-src=\"https:\/\/old.atletikaolomouc.cz\/wp-content\/gallery\/mcr-zactva-hala-2014\/P1080841.JPG\"\n               data-thumbnail=\"https:\/\/old.atletikaolomouc.cz\/wp-content\/gallery\/mcr-zactva-hala-2014\/thumbs\/thumbs_P1080841.JPG\"\n               data-image-id=\"9403\"\n               data-title=\"P1080841\"\n               data-description=\"\"\n               data-image-slug=\"p1080841\"\n               class=\"ngg-simplelightbox\" rel=\"96663f0ff1f00c758d32a35e49435599\">\n                <img\n                    title=\"P1080841\"\n                    alt=\"P1080841\"\n                    src=\"https:\/\/old.atletikaolomouc.cz\/wp-content\/gallery\/mcr-zactva-hala-2014\/thumbs\/thumbs_P1080841.JPG\"\n                    width=\"240\"\n                    height=\"160\"\n                    style=\"max-width:100%;\"\n                \/>\n            <\/a>\n        <\/div>\n\t\t\t\t\t\t\t<\/div> \n\t\t\t\n\t\t\t\t<div id=\"ngg-image-8\" class=\"ngg-gallery-thumbnail-box \" >\n\t\t\t\t        <div class=\"ngg-gallery-thumbnail\">\n            <a href=\"https:\/\/old.atletikaolomouc.cz\/wp-content\/gallery\/mcr-zactva-hala-2014\/P1080843.JPG\"\n               title=\"\"\n               data-src=\"https:\/\/old.atletikaolomouc.cz\/wp-content\/gallery\/mcr-zactva-hala-2014\/P1080843.JPG\"\n               data-thumbnail=\"https:\/\/old.atletikaolomouc.cz\/wp-content\/gallery\/mcr-zactva-hala-2014\/thumbs\/thumbs_P1080843.JPG\"\n               data-image-id=\"9404\"\n               data-title=\"P1080843\"\n               data-description=\"\"\n               data-image-slug=\"p1080843\"\n               class=\"ngg-simplelightbox\" rel=\"96663f0ff1f00c758d32a35e49435599\">\n                <img\n                    title=\"P1080843\"\n                    alt=\"P1080843\"\n                    src=\"https:\/\/old.atletikaolomouc.cz\/wp-content\/gallery\/mcr-zactva-hala-2014\/thumbs\/thumbs_P1080843.JPG\"\n                    width=\"240\"\n                    height=\"160\"\n                    style=\"max-width:100%;\"\n                \/>\n            <\/a>\n        <\/div>\n\t\t\t\t\t\t\t<\/div> \n\t\t\t\n\t\t\t\t<div id=\"ngg-image-9\" class=\"ngg-gallery-thumbnail-box \" >\n\t\t\t\t        <div class=\"ngg-gallery-thumbnail\">\n            <a href=\"https:\/\/old.atletikaolomouc.cz\/wp-content\/gallery\/mcr-zactva-hala-2014\/P1080844.JPG\"\n               title=\"\"\n               data-src=\"https:\/\/old.atletikaolomouc.cz\/wp-content\/gallery\/mcr-zactva-hala-2014\/P1080844.JPG\"\n               data-thumbnail=\"https:\/\/old.atletikaolomouc.cz\/wp-content\/gallery\/mcr-zactva-hala-2014\/thumbs\/thumbs_P1080844.JPG\"\n               data-image-id=\"9405\"\n               data-title=\"P1080844\"\n               data-description=\"\"\n               data-image-slug=\"p1080844\"\n               class=\"ngg-simplelightbox\" rel=\"96663f0ff1f00c758d32a35e49435599\">\n                <img\n                    title=\"P1080844\"\n                    alt=\"P1080844\"\n                    src=\"https:\/\/old.atletikaolomouc.cz\/wp-content\/gallery\/mcr-zactva-hala-2014\/thumbs\/thumbs_P1080844.JPG\"\n                    width=\"240\"\n                    height=\"160\"\n                    style=\"max-width:100%;\"\n                \/>\n            <\/a>\n        <\/div>\n\t\t\t\t\t\t\t<\/div> \n\t\t\t\n\t\t\t\t<div id=\"ngg-image-10\" class=\"ngg-gallery-thumbnail-box \" >\n\t\t\t\t        <div class=\"ngg-gallery-thumbnail\">\n            <a href=\"https:\/\/old.atletikaolomouc.cz\/wp-content\/gallery\/mcr-zactva-hala-2014\/P1080845.JPG\"\n               title=\"\"\n               data-src=\"https:\/\/old.atletikaolomouc.cz\/wp-content\/gallery\/mcr-zactva-hala-2014\/P1080845.JPG\"\n               data-thumbnail=\"https:\/\/old.atletikaolomouc.cz\/wp-content\/gallery\/mcr-zactva-hala-2014\/thumbs\/thumbs_P1080845.JPG\"\n               data-image-id=\"9406\"\n               data-title=\"P1080845\"\n               data-description=\"\"\n               data-image-slug=\"p1080845\"\n               class=\"ngg-simplelightbox\" rel=\"96663f0ff1f00c758d32a35e49435599\">\n                <img\n                    title=\"P1080845\"\n                    alt=\"P1080845\"\n                    src=\"https:\/\/old.atletikaolomouc.cz\/wp-content\/gallery\/mcr-zactva-hala-2014\/thumbs\/thumbs_P1080845.JPG\"\n                    width=\"240\"\n                    height=\"160\"\n                    style=\"max-width:100%;\"\n                \/>\n            <\/a>\n        <\/div>\n\t\t\t\t\t\t\t<\/div> \n\t\t\t\n\t\t\t\t<div id=\"ngg-image-11\" class=\"ngg-gallery-thumbnail-box \" >\n\t\t\t\t        <div class=\"ngg-gallery-thumbnail\">\n            <a href=\"https:\/\/old.atletikaolomouc.cz\/wp-content\/gallery\/mcr-zactva-hala-2014\/P1080847.JPG\"\n               title=\"\"\n               data-src=\"https:\/\/old.atletikaolomouc.cz\/wp-content\/gallery\/mcr-zactva-hala-2014\/P1080847.JPG\"\n               data-thumbnail=\"https:\/\/old.atletikaolomouc.cz\/wp-content\/gallery\/mcr-zactva-hala-2014\/thumbs\/thumbs_P1080847.JPG\"\n               data-image-id=\"9407\"\n               data-title=\"P1080847\"\n               data-description=\"\"\n               data-image-slug=\"p1080847\"\n               class=\"ngg-simplelightbox\" rel=\"96663f0ff1f00c758d32a35e49435599\">\n                <img\n                    title=\"P1080847\"\n                    alt=\"P1080847\"\n                    src=\"https:\/\/old.atletikaolomouc.cz\/wp-content\/gallery\/mcr-zactva-hala-2014\/thumbs\/thumbs_P1080847.JPG\"\n                    width=\"240\"\n                    height=\"160\"\n                    style=\"max-width:100%;\"\n                \/>\n            <\/a>\n        <\/div>\n\t\t\t\t\t\t\t<\/div> \n\t\t\t\n\t\t\t\t<div id=\"ngg-image-12\" class=\"ngg-gallery-thumbnail-box \" >\n\t\t\t\t        <div class=\"ngg-gallery-thumbnail\">\n            <a href=\"https:\/\/old.atletikaolomouc.cz\/wp-content\/gallery\/mcr-zactva-hala-2014\/P1080849.JPG\"\n               title=\"\"\n               data-src=\"https:\/\/old.atletikaolomouc.cz\/wp-content\/gallery\/mcr-zactva-hala-2014\/P1080849.JPG\"\n               data-thumbnail=\"https:\/\/old.atletikaolomouc.cz\/wp-content\/gallery\/mcr-zactva-hala-2014\/thumbs\/thumbs_P1080849.JPG\"\n               data-image-id=\"9408\"\n               data-title=\"P1080849\"\n               data-description=\"\"\n               data-image-slug=\"p1080849\"\n               class=\"ngg-simplelightbox\" rel=\"96663f0ff1f00c758d32a35e49435599\">\n                <img\n                    title=\"P1080849\"\n                    alt=\"P1080849\"\n                    src=\"https:\/\/old.atletikaolomouc.cz\/wp-content\/gallery\/mcr-zactva-hala-2014\/thumbs\/thumbs_P1080849.JPG\"\n                    width=\"240\"\n                    height=\"160\"\n                    style=\"max-width:100%;\"\n                \/>\n            <\/a>\n        <\/div>\n\t\t\t\t\t\t\t<\/div> \n\t\t\t\n\t\t\t\t<div id=\"ngg-image-13\" class=\"ngg-gallery-thumbnail-box \" >\n\t\t\t\t        <div class=\"ngg-gallery-thumbnail\">\n            <a href=\"https:\/\/old.atletikaolomouc.cz\/wp-content\/gallery\/mcr-zactva-hala-2014\/P1080850.JPG\"\n               title=\"\"\n               data-src=\"https:\/\/old.atletikaolomouc.cz\/wp-content\/gallery\/mcr-zactva-hala-2014\/P1080850.JPG\"\n               data-thumbnail=\"https:\/\/old.atletikaolomouc.cz\/wp-content\/gallery\/mcr-zactva-hala-2014\/thumbs\/thumbs_P1080850.JPG\"\n               data-image-id=\"9409\"\n               data-title=\"P1080850\"\n               data-description=\"\"\n               data-image-slug=\"p1080850\"\n               class=\"ngg-simplelightbox\" rel=\"96663f0ff1f00c758d32a35e49435599\">\n                <img\n                    title=\"P1080850\"\n                    alt=\"P1080850\"\n                    src=\"https:\/\/old.atletikaolomouc.cz\/wp-content\/gallery\/mcr-zactva-hala-2014\/thumbs\/thumbs_P1080850.JPG\"\n                    width=\"240\"\n                    height=\"160\"\n                    style=\"max-width:100%;\"\n                \/>\n            <\/a>\n        <\/div>\n\t\t\t\t\t\t\t<\/div> \n\t\t\t\n\t\t\t\t<div id=\"ngg-image-14\" class=\"ngg-gallery-thumbnail-box \" >\n\t\t\t\t        <div class=\"ngg-gallery-thumbnail\">\n            <a href=\"https:\/\/old.atletikaolomouc.cz\/wp-content\/gallery\/mcr-zactva-hala-2014\/P1080851.JPG\"\n               title=\"\"\n               data-src=\"https:\/\/old.atletikaolomouc.cz\/wp-content\/gallery\/mcr-zactva-hala-2014\/P1080851.JPG\"\n               data-thumbnail=\"https:\/\/old.atletikaolomouc.cz\/wp-content\/gallery\/mcr-zactva-hala-2014\/thumbs\/thumbs_P1080851.JPG\"\n               data-image-id=\"9410\"\n               data-title=\"P1080851\"\n               data-description=\"\"\n               data-image-slug=\"p1080851\"\n               class=\"ngg-simplelightbox\" rel=\"96663f0ff1f00c758d32a35e49435599\">\n                <img\n                    title=\"P1080851\"\n                    alt=\"P1080851\"\n                    src=\"https:\/\/old.atletikaolomouc.cz\/wp-content\/gallery\/mcr-zactva-hala-2014\/thumbs\/thumbs_P1080851.JPG\"\n                    width=\"240\"\n                    height=\"160\"\n                    style=\"max-width:100%;\"\n                \/>\n            <\/a>\n        <\/div>\n\t\t\t\t\t\t\t<\/div> \n\t\t\t\n\t\t\t\t<div id=\"ngg-image-15\" class=\"ngg-gallery-thumbnail-box \" >\n\t\t\t\t        <div class=\"ngg-gallery-thumbnail\">\n            <a href=\"https:\/\/old.atletikaolomouc.cz\/wp-content\/gallery\/mcr-zactva-hala-2014\/P1080809.JPG\"\n               title=\"\"\n               data-src=\"https:\/\/old.atletikaolomouc.cz\/wp-content\/gallery\/mcr-zactva-hala-2014\/P1080809.JPG\"\n               data-thumbnail=\"https:\/\/old.atletikaolomouc.cz\/wp-content\/gallery\/mcr-zactva-hala-2014\/thumbs\/thumbs_P1080809.JPG\"\n               data-image-id=\"9411\"\n               data-title=\"P1080809\"\n               data-description=\"\"\n               data-image-slug=\"p1080809\"\n               class=\"ngg-simplelightbox\" rel=\"96663f0ff1f00c758d32a35e49435599\">\n                <img\n                    title=\"P1080809\"\n                    alt=\"P1080809\"\n                    src=\"https:\/\/old.atletikaolomouc.cz\/wp-content\/gallery\/mcr-zactva-hala-2014\/thumbs\/thumbs_P1080809.JPG\"\n                    width=\"240\"\n                    height=\"160\"\n                    style=\"max-width:100%;\"\n                \/>\n            <\/a>\n        <\/div>\n\t\t\t\t\t\t\t<\/div> \n\t\t\t\n\t\t\t\t<div id=\"ngg-image-16\" class=\"ngg-gallery-thumbnail-box \" >\n\t\t\t\t        <div class=\"ngg-gallery-thumbnail\">\n            <a href=\"https:\/\/old.atletikaolomouc.cz\/wp-content\/gallery\/mcr-zactva-hala-2014\/P1080810.JPG\"\n               title=\"\"\n               data-src=\"https:\/\/old.atletikaolomouc.cz\/wp-content\/gallery\/mcr-zactva-hala-2014\/P1080810.JPG\"\n               data-thumbnail=\"https:\/\/old.atletikaolomouc.cz\/wp-content\/gallery\/mcr-zactva-hala-2014\/thumbs\/thumbs_P1080810.JPG\"\n               data-image-id=\"9412\"\n               data-title=\"P1080810\"\n               data-description=\"\"\n               data-image-slug=\"p1080810\"\n               class=\"ngg-simplelightbox\" rel=\"96663f0ff1f00c758d32a35e49435599\">\n                <img\n                    title=\"P1080810\"\n                    alt=\"P1080810\"\n                    src=\"https:\/\/old.atletikaolomouc.cz\/wp-content\/gallery\/mcr-zactva-hala-2014\/thumbs\/thumbs_P1080810.JPG\"\n                    width=\"240\"\n                    height=\"160\"\n                    style=\"max-width:100%;\"\n                \/>\n            <\/a>\n        <\/div>\n\t\t\t\t\t\t\t<\/div> \n\t\t\t\n\t\t\t\t<div id=\"ngg-image-17\" class=\"ngg-gallery-thumbnail-box \" >\n\t\t\t\t        <div class=\"ngg-gallery-thumbnail\">\n            <a href=\"https:\/\/old.atletikaolomouc.cz\/wp-content\/gallery\/mcr-zactva-hala-2014\/P1080812.JPG\"\n               title=\"\"\n               data-src=\"https:\/\/old.atletikaolomouc.cz\/wp-content\/gallery\/mcr-zactva-hala-2014\/P1080812.JPG\"\n               data-thumbnail=\"https:\/\/old.atletikaolomouc.cz\/wp-content\/gallery\/mcr-zactva-hala-2014\/thumbs\/thumbs_P1080812.JPG\"\n               data-image-id=\"9413\"\n               data-title=\"P1080812\"\n               data-description=\"\"\n               data-image-slug=\"p1080812\"\n               class=\"ngg-simplelightbox\" rel=\"96663f0ff1f00c758d32a35e49435599\">\n                <img\n                    title=\"P1080812\"\n                    alt=\"P1080812\"\n                    src=\"https:\/\/old.atletikaolomouc.cz\/wp-content\/gallery\/mcr-zactva-hala-2014\/thumbs\/thumbs_P1080812.JPG\"\n                    width=\"240\"\n                    height=\"160\"\n                    style=\"max-width:100%;\"\n                \/>\n            <\/a>\n        <\/div>\n\t\t\t\t\t\t\t<\/div> \n\t\t\t\n\t\t\t\t<div id=\"ngg-image-18\" class=\"ngg-gallery-thumbnail-box \" >\n\t\t\t\t        <div class=\"ngg-gallery-thumbnail\">\n            <a href=\"https:\/\/old.atletikaolomouc.cz\/wp-content\/gallery\/mcr-zactva-hala-2014\/P1080813.JPG\"\n               title=\"\"\n               data-src=\"https:\/\/old.atletikaolomouc.cz\/wp-content\/gallery\/mcr-zactva-hala-2014\/P1080813.JPG\"\n               data-thumbnail=\"https:\/\/old.atletikaolomouc.cz\/wp-content\/gallery\/mcr-zactva-hala-2014\/thumbs\/thumbs_P1080813.JPG\"\n               data-image-id=\"9414\"\n               data-title=\"P1080813\"\n               data-description=\"\"\n               data-image-slug=\"p1080813\"\n               class=\"ngg-simplelightbox\" rel=\"96663f0ff1f00c758d32a35e49435599\">\n                <img\n                    title=\"P1080813\"\n                    alt=\"P1080813\"\n                    src=\"https:\/\/old.atletikaolomouc.cz\/wp-content\/gallery\/mcr-zactva-hala-2014\/thumbs\/thumbs_P1080813.JPG\"\n                    width=\"240\"\n                    height=\"160\"\n                    style=\"max-width:100%;\"\n                \/>\n            <\/a>\n        <\/div>\n\t\t\t\t\t\t\t<\/div> \n\t\t\t\n\t\t\t\t<div id=\"ngg-image-19\" class=\"ngg-gallery-thumbnail-box \" >\n\t\t\t\t        <div class=\"ngg-gallery-thumbnail\">\n            <a href=\"https:\/\/old.atletikaolomouc.cz\/wp-content\/gallery\/mcr-zactva-hala-2014\/P1080816.JPG\"\n               title=\"\"\n               data-src=\"https:\/\/old.atletikaolomouc.cz\/wp-content\/gallery\/mcr-zactva-hala-2014\/P1080816.JPG\"\n               data-thumbnail=\"https:\/\/old.atletikaolomouc.cz\/wp-content\/gallery\/mcr-zactva-hala-2014\/thumbs\/thumbs_P1080816.JPG\"\n               data-image-id=\"9415\"\n               data-title=\"P1080816\"\n               data-description=\"\"\n               data-image-slug=\"p1080816\"\n               class=\"ngg-simplelightbox\" rel=\"96663f0ff1f00c758d32a35e49435599\">\n                <img\n                    title=\"P1080816\"\n                    alt=\"P1080816\"\n                    src=\"https:\/\/old.atletikaolomouc.cz\/wp-content\/gallery\/mcr-zactva-hala-2014\/thumbs\/thumbs_P1080816.JPG\"\n                    width=\"240\"\n                    height=\"160\"\n                    style=\"max-width:100%;\"\n                \/>\n            <\/a>\n        <\/div>\n\t\t\t\t\t\t\t<\/div> \n\t\t\t\n\t\t\t\t<div id=\"ngg-image-20\" class=\"ngg-gallery-thumbnail-box \" >\n\t\t\t\t        <div class=\"ngg-gallery-thumbnail\">\n            <a href=\"https:\/\/old.atletikaolomouc.cz\/wp-content\/gallery\/mcr-zactva-hala-2014\/P1080817.JPG\"\n               title=\"\"\n               data-src=\"https:\/\/old.atletikaolomouc.cz\/wp-content\/gallery\/mcr-zactva-hala-2014\/P1080817.JPG\"\n               data-thumbnail=\"https:\/\/old.atletikaolomouc.cz\/wp-content\/gallery\/mcr-zactva-hala-2014\/thumbs\/thumbs_P1080817.JPG\"\n               data-image-id=\"9416\"\n               data-title=\"P1080817\"\n               data-description=\"\"\n               data-image-slug=\"p1080817\"\n               class=\"ngg-simplelightbox\" rel=\"96663f0ff1f00c758d32a35e49435599\">\n                <img\n                    title=\"P1080817\"\n                    alt=\"P1080817\"\n                    src=\"https:\/\/old.atletikaolomouc.cz\/wp-content\/gallery\/mcr-zactva-hala-2014\/thumbs\/thumbs_P1080817.JPG\"\n                    width=\"240\"\n                    height=\"160\"\n                    style=\"max-width:100%;\"\n                \/>\n            <\/a>\n        <\/div>\n\t\t\t\t\t\t\t<\/div> \n\t\t\t\n\t\t\t\t<div id=\"ngg-image-21\" class=\"ngg-gallery-thumbnail-box \" >\n\t\t\t\t        <div class=\"ngg-gallery-thumbnail\">\n            <a href=\"https:\/\/old.atletikaolomouc.cz\/wp-content\/gallery\/mcr-zactva-hala-2014\/P1080819.JPG\"\n               title=\"\"\n               data-src=\"https:\/\/old.atletikaolomouc.cz\/wp-content\/gallery\/mcr-zactva-hala-2014\/P1080819.JPG\"\n               data-thumbnail=\"https:\/\/old.atletikaolomouc.cz\/wp-content\/gallery\/mcr-zactva-hala-2014\/thumbs\/thumbs_P1080819.JPG\"\n               data-image-id=\"9417\"\n               data-title=\"P1080819\"\n               data-description=\"\"\n               data-image-slug=\"p1080819\"\n               class=\"ngg-simplelightbox\" rel=\"96663f0ff1f00c758d32a35e49435599\">\n                <img\n                    title=\"P1080819\"\n                    alt=\"P1080819\"\n                    src=\"https:\/\/old.atletikaolomouc.cz\/wp-content\/gallery\/mcr-zactva-hala-2014\/thumbs\/thumbs_P1080819.JPG\"\n                    width=\"240\"\n                    height=\"160\"\n                    style=\"max-width:100%;\"\n                \/>\n            <\/a>\n        <\/div>\n\t\t\t\t\t\t\t<\/div> \n\t\t\t\n\t\t\t\t<div id=\"ngg-image-22\" class=\"ngg-gallery-thumbnail-box \" >\n\t\t\t\t        <div class=\"ngg-gallery-thumbnail\">\n            <a href=\"https:\/\/old.atletikaolomouc.cz\/wp-content\/gallery\/mcr-zactva-hala-2014\/P1080822.JPG\"\n               title=\"\"\n               data-src=\"https:\/\/old.atletikaolomouc.cz\/wp-content\/gallery\/mcr-zactva-hala-2014\/P1080822.JPG\"\n               data-thumbnail=\"https:\/\/old.atletikaolomouc.cz\/wp-content\/gallery\/mcr-zactva-hala-2014\/thumbs\/thumbs_P1080822.JPG\"\n               data-image-id=\"9418\"\n               data-title=\"P1080822\"\n               data-description=\"\"\n               data-image-slug=\"p1080822\"\n               class=\"ngg-simplelightbox\" rel=\"96663f0ff1f00c758d32a35e49435599\">\n                <img\n                    title=\"P1080822\"\n                    alt=\"P1080822\"\n                    src=\"https:\/\/old.atletikaolomouc.cz\/wp-content\/gallery\/mcr-zactva-hala-2014\/thumbs\/thumbs_P1080822.JPG\"\n                    width=\"240\"\n                    height=\"160\"\n                    style=\"max-width:100%;\"\n                \/>\n            <\/a>\n        <\/div>\n\t\t\t\t\t\t\t<\/div> \n\t\t\t\n\t\t\t\t<div id=\"ngg-image-23\" class=\"ngg-gallery-thumbnail-box \" >\n\t\t\t\t        <div class=\"ngg-gallery-thumbnail\">\n            <a href=\"https:\/\/old.atletikaolomouc.cz\/wp-content\/gallery\/mcr-zactva-hala-2014\/P1080824.JPG\"\n               title=\"\"\n               data-src=\"https:\/\/old.atletikaolomouc.cz\/wp-content\/gallery\/mcr-zactva-hala-2014\/P1080824.JPG\"\n               data-thumbnail=\"https:\/\/old.atletikaolomouc.cz\/wp-content\/gallery\/mcr-zactva-hala-2014\/thumbs\/thumbs_P1080824.JPG\"\n               data-image-id=\"9419\"\n               data-title=\"P1080824\"\n               data-description=\"\"\n               data-image-slug=\"p1080824\"\n               class=\"ngg-simplelightbox\" rel=\"96663f0ff1f00c758d32a35e49435599\">\n                <img\n                    title=\"P1080824\"\n                    alt=\"P1080824\"\n                    src=\"https:\/\/old.atletikaolomouc.cz\/wp-content\/gallery\/mcr-zactva-hala-2014\/thumbs\/thumbs_P1080824.JPG\"\n                    width=\"240\"\n                    height=\"160\"\n                    style=\"max-width:100%;\"\n                \/>\n            <\/a>\n        <\/div>\n\t\t\t\t\t\t\t<\/div> \n\t\t\t\n\t\n\t<br style=\"clear: both\" \/>\n\n\t\n\t\t<!-- Pagination -->\n\t<div class='ngg-clear'><\/div>\t<\/div>\n\n","protected":false},"excerpt":{"rendered":"<p>V term\u00ednu 1.-2. b\u0159ezna 2014 se uskute\u010dnilo halov\u00e9 Mistrovstv\u00ed \u010cR star\u0161\u00edho \u017eactva v Jablonci nad Nisou. Zde je p\u00e1r fotek. (foto: Ji\u0159\u00ed Kottas, Zden\u011bk Rakowki, David Uhl\u00ed\u0159)<\/p>\n","protected":false},"author":4,"featured_media":0,"comment_status":"closed","ping_status":"closed","sticky":false,"template":"","format":"gallery","meta":{"ngg_post_thumbnail":0},"categories":[45],"tags":[],"_links":{"self":[{"href":"https:\/\/old.atletikaolomouc.cz\/index.php?rest_route=\/wp\/v2\/posts\/4809"}],"collection":[{"href":"https:\/\/old.atletikaolomouc.cz\/index.php?rest_route=\/wp\/v2\/posts"}],"about":[{"href":"https:\/\/old.atletikaolomouc.cz\/index.php?rest_route=\/wp\/v2\/types\/post"}],"author":[{"embeddable":true,"href":"https:\/\/old.atletikaolomouc.cz\/index.php?rest_route=\/wp\/v2\/users\/4"}],"replies":[{"embeddable":true,"href":"https:\/\/old.atletikaolomouc.cz\/index.php?rest_route=%2Fwp%2Fv2%2Fcomments&post=4809"}],"version-history":[{"count":4,"href":"https:\/\/old.atletikaolomouc.cz\/index.php?rest_route=\/wp\/v2\/posts\/4809\/revisions"}],"predecessor-version":[{"id":24169,"href":"https:\/\/old.atletikaolomouc.cz\/index.php?rest_route=\/wp\/v2\/posts\/4809\/revisions\/24169"}],"wp:attachment":[{"href":"https:\/\/old.atletikaolomouc.cz\/index.php?rest_route=%2Fwp%2Fv2%2Fmedia&parent=4809"}],"wp:term":[{"taxonomy":"category","embeddable":true,"href":"https:\/\/old.atletikaolomouc.cz\/index.php?rest_route=%2Fwp%2Fv2%2Fcategories&post=4809"},{"taxonomy":"post_tag","embeddable":true,"href":"https:\/\/old.atletikaolomouc.cz\/index.php?rest_route=%2Fwp%2Fv2%2Ftags&post=4809"}],"curies":[{"name":"wp","href":"https:\/\/api.w.org\/{rel}","templated":true}]}}