{"id":4948,"date":"2014-05-15T12:29:47","date_gmt":"2014-05-15T10:29:47","guid":{"rendered":"http:\/\/www.atletikaolomouc.cz\/?p=4948"},"modified":"2014-05-15T12:29:47","modified_gmt":"2014-05-15T10:29:47","slug":"1-kolo-ii-ligy-muzu-b","status":"publish","type":"post","link":"https:\/\/old.atletikaolomouc.cz\/?p=4948","title":{"rendered":"1. kolo II. ligy mu\u017e\u016f B"},"content":{"rendered":"<p style=\"text-align: justify;\">V sobotu 17.5.2014 se v Hranic\u00edch kon\u00e1 1. kolo II. ligy mu\u017e\u016f a \u017een. Olomouck\u00e9 &#8222;B\u00e9\u010dko&#8220; mu\u017e\u016f bude odj\u00ed\u017ed\u011bt pod veden\u00edm vedouc\u00edho dru\u017estva Jana Brtn\u00edka v 8:15 hodin z parkovi\u0161t\u011b TJ Lokomotiva Olomouc. Pros\u00edm v\u0161echny \u010dleny dru\u017estva, kte\u0159\u00ed se je\u0161t\u011b nep\u0159ihl\u00e1sili, aby tak neprodlen\u011b u\u010dinili na email <a href=\"mailto:JanBrtnik@email.cz\" target=\"_blank\">JanBrtnik@email.cz<\/a> nebo <a href=\"mailto:daviduhl@post.cz\" target=\"_blank\">daviduhl@post.cz<\/a>.<\/p>\n<p style=\"text-align: justify;\"><!--more--><\/p>\n<p style=\"text-align: justify;\"><a href=\"http:\/\/www.atletikaolomouc.cz\/wp-content\/uploads\/2014\/05\/Zpravodaj-II.ligy-\u010d.1-2014.pdf\" target=\"_blank\">Zpravodaj dru\u017estva mu\u017e\u016f B<\/a><br \/><a href=\"http:\/\/www.atletikaolomouc.cz\/wp-content\/uploads\/2014\/05\/Startovka-II.-ligy-mu\u017ei-B-1.-kolo-2014.pdf\" target=\"_blank\">P\u0159ehled start\u016f dru\u017estva mu\u017e\u016f B<\/a><br \/><a href=\"http:\/\/www.atletika.cz\/_sys_\/FileStorage\/download\/10\/9292\/hranice-17_5-2014.doc\" target=\"_blank\">Propozice 1. kola II. ligy mu\u017e\u016f a \u017een<\/a><\/p>\n","protected":false},"excerpt":{"rendered":"<p>V sobotu 17.5.2014 se v Hranic\u00edch kon\u00e1 1. kolo II. ligy mu\u017e\u016f a \u017een. Olomouck\u00e9 &#8222;B\u00e9\u010dko&#8220; mu\u017e\u016f bude odj\u00ed\u017ed\u011bt pod veden\u00edm vedouc\u00edho dru\u017estva Jana Brtn\u00edka v 8:15 hodin z parkovi\u0161t\u011b TJ Lokomotiva Olomouc. Pros\u00edm v\u0161echny \u010dleny dru\u017estva, kte\u0159\u00ed se je\u0161t\u011b &hellip; <a href=\"https:\/\/old.atletikaolomouc.cz\/?p=4948\">Continue reading <span class=\"meta-nav\">&rarr;<\/span><\/a><\/p>\n","protected":false},"author":4,"featured_media":4951,"comment_status":"closed","ping_status":"closed","sticky":false,"template":"","format":"standard","meta":{"ngg_post_thumbnail":0},"categories":[6,37,9],"tags":[],"_links":{"self":[{"href":"https:\/\/old.atletikaolomouc.cz\/index.php?rest_route=\/wp\/v2\/posts\/4948"}],"collection":[{"href":"https:\/\/old.atletikaolomouc.cz\/index.php?rest_route=\/wp\/v2\/posts"}],"about":[{"href":"https:\/\/old.atletikaolomouc.cz\/index.php?rest_route=\/wp\/v2\/types\/post"}],"author":[{"embeddable":true,"href":"https:\/\/old.atletikaolomouc.cz\/index.php?rest_route=\/wp\/v2\/users\/4"}],"replies":[{"embeddable":true,"href":"https:\/\/old.atletikaolomouc.cz\/index.php?rest_route=%2Fwp%2Fv2%2Fcomments&post=4948"}],"version-history":[{"count":1,"href":"https:\/\/old.atletikaolomouc.cz\/index.php?rest_route=\/wp\/v2\/posts\/4948\/revisions"}],"predecessor-version":[{"id":4952,"href":"https:\/\/old.atletikaolomouc.cz\/index.php?rest_route=\/wp\/v2\/posts\/4948\/revisions\/4952"}],"wp:featuredmedia":[{"embeddable":true,"href":"https:\/\/old.atletikaolomouc.cz\/index.php?rest_route=\/wp\/v2\/media\/4951"}],"wp:attachment":[{"href":"https:\/\/old.atletikaolomouc.cz\/index.php?rest_route=%2Fwp%2Fv2%2Fmedia&parent=4948"}],"wp:term":[{"taxonomy":"category","embeddable":true,"href":"https:\/\/old.atletikaolomouc.cz\/index.php?rest_route=%2Fwp%2Fv2%2Fcategories&post=4948"},{"taxonomy":"post_tag","embeddable":true,"href":"https:\/\/old.atletikaolomouc.cz\/index.php?rest_route=%2Fwp%2Fv2%2Ftags&post=4948"}],"curies":[{"name":"wp","href":"https:\/\/api.w.org\/{rel}","templated":true}]}}